{"id":8119,"date":"2023-11-16T07:04:47","date_gmt":"2023-11-16T11:34:47","guid":{"rendered":"https:\/\/esviafm.com\/?p=8119"},"modified":"2023-11-16T07:04:47","modified_gmt":"2023-11-16T11:34:47","slug":"despues-de-4-anos-paraguay-restablece-relaciones-diplomaticas-y-consulares-con-venezuela","status":"publish","type":"post","link":"https:\/\/esviafm.com\/index.php\/despues-de-4-anos-paraguay-restablece-relaciones-diplomaticas-y-consulares-con-venezuela\/","title":{"rendered":"Despu\u00e9s de 4 a\u00f1os Paraguay restablece relaciones diplom\u00e1ticas y consulares con Venezuela"},"content":{"rendered":"<div class=\"prose prose-lg mx-auto mb-5 max-w-screen-md\">\n<p data-type=\"text\">Venezuela y Paraguay acordaron restablecer relaciones diplom\u00e1ticas y consulares despu\u00e9s de una ruptura de cuatro a\u00f1os, cuando el gobierno del expresidente Mario Abdo Ben\u00edtez cuestion\u00f3 la reelecci\u00f3n de Nicol\u00e1s Maduro, anunci\u00f3 hace pocas horas la Canciller\u00eda venezolana.\u00a0<b>A su vez, el Ministerio de Exteriores de Venezuela envi\u00f3 un comunicado a trav\u00e9s de sus redes sociales.<\/b><\/p>\n<\/div>\n<div class=\"prose prose-lg mx-auto mb-5 max-w-screen-md\">\n<p data-type=\"text\">\u201cLuego de conversaciones entre los presidentes Nicol\u00e1s Maduro y Santiago Pe\u00f1a, ambos mandatarios han decidido restablecer las relaciones diplom\u00e1ticas y consulares entre ambas naciones,<b>\u00a0as\u00ed como la acreditaci\u00f3n de embajadores de manera rec\u00edproca en los pr\u00f3ximos d\u00edas\u201d<\/b>, dijo en un comunicado la Canciller\u00eda venezolana.<\/p>\n<div class=\"prose prose-lg mx-auto mb-5 max-w-screen-md\">\n<p data-type=\"text\">\u201cAl respecto, ambas partes se han comprometido en reiniciar relaciones bilaterales con total respeto a los principios fundamentales de igualdad de derechos, la autodeterminaci\u00f3n de los pueblos, la no injerencia en los asuntos internos de otros Estados y la solidaridad;<b>\u00a0<\/b><a href=\"https:\/\/www.semana.com\/mundo\/articulo\/le-lanzan-advertencia-a-nicolas-maduro-si-va-a-argentina-seria-detenido\/202331\/\" target=\"_blank\" rel=\"noopener\"><b>basados tambi\u00e9n en los principios de la integraci\u00f3n y unidad latinoamericana\u201d, dice el texto emitido por el Ministerio de Relaciones Exteriores.<\/b><\/a><\/p>\n<\/div>\n<div class=\"-mx-5 mb-5 lg:mx-0\" data-type=\"image\"><picture><source srcset=\"https:\/\/www.semana.com\/resizer\/O4DrCmoLVahfG26sn38otSWgQm8=\/fit-in\/480x0\/smart\/filters:format(jpg):quality(80)\/cloudfront-us-east-1.images.arcpublishing.com\/semana\/L5SHCV4UEBFABGVXVP5AOAOTNY.jpeg\" media=\"(max-width: 480px)\" \/><source srcset=\"https:\/\/www.semana.com\/resizer\/pG6lcHb5StPzMnJrxYJcg7w6K7s=\/fit-in\/768x0\/smart\/filters:format(jpg):quality(80)\/cloudfront-us-east-1.images.arcpublishing.com\/semana\/L5SHCV4UEBFABGVXVP5AOAOTNY.jpeg\" media=\"(max-width: 768px)\" \/><\/picture><\/div>\n<div data-type=\"image\">\n<div class=\"prose prose-lg mx-auto mb-5 max-w-screen-md\">\n<p data-type=\"text\">Y finaliza diciendo: \u201cEn esta nueva etapa de renovado relacionamiento, ambos gobiernos manifiestan su inter\u00e9s de avanzar\u00a0<b>en la buena convivencia que nos permita consolidar las buenas relaciones entre los Estados y preservar la natural amistad y solidaridad entre nuestros pueblos\u201d.<\/b><\/p>\n<\/div>\n<div class=\"prose prose-lg mx-auto mb-5 max-w-screen-md\">\n<p data-type=\"text\">La llegada de Santiago Pe\u00f1a a la Presidencia de Paraguay en agosto marc\u00f3 un punto de inflexi\u00f3n en las relaciones bilaterales, de tal manera que \u201cen los pr\u00f3ximos d\u00edas\u201d los dos pa\u00edses nombrar\u00e1n a sus respectivos embajadores. El acuerdo deriva de \u201cconversaciones\u201d entre Pe\u00f1a y Maduro, seg\u00fan un comunicado com\u00fan.<\/p>\n<div class=\"prose prose-lg mx-auto mb-5 max-w-screen-md\">\n<p data-type=\"text\">En 2019, tras la posesi\u00f3n de Nicol\u00e1s Maduro como presidente de Venezuela sin respaldo total de la regi\u00f3n, Mario Abdo Ben\u00edtez,\u00a0<b>presidente de Paraguay en ese momento, decidi\u00f3 terminar cualquier v\u00ednculo diplom\u00e1tico con Venezuela y retirar a todo el personal de su embajada.<\/b><\/p>\n<\/div>\n<div class=\"prose prose-lg mx-auto mb-5 max-w-screen-md\">\n<p data-type=\"text\">En su momento, el secretario de Estado de Estados Unidos, Mike Pompeo, trat\u00f3 la crisis de Venezuela en una corta visita a Paraguay, pa\u00eds\u00a0<b>al que no hab\u00eda viajado un funcionario de su rango en el \u00faltimo medio siglo.<\/b><\/p>\n<p data-type=\"text\"><img decoding=\"async\" src=\"https:\/\/www.semana.com\/resizer\/dhEXqrPX1ZOHJVKGkuQ2NJmBDgM=\/fit-in\/1280x0\/smart\/filters:format(jpg):quality(80)\/cloudfront-us-east-1.images.arcpublishing.com\/semana\/AGWTAILHPFAVRBRG5XFDF3CSAE.jpg\" alt=\"Mike Pompeo, ex Secretario de Estado de Estados Unidos\" \/><\/p>\n<\/div>\n<div class=\"prose prose-lg mx-auto mb-5 max-w-screen-md\">\n<p data-type=\"text\">\u201cComo miembro del grupo de Lima, Paraguay es l\u00edder en la defensa de la democracia y de\u00a0<b>llamar a Maduro como es, un tirano que ha arruinado a su pa\u00eds.<\/b>\u00a0Ha causado la ruina a su gente\u201d, a\u00f1adi\u00f3 el jefe de la diplomacia estadounidense.<\/p>\n<\/div>\n<div class=\"prose prose-lg mx-auto mb-5 max-w-screen-md\">\n<h3 data-type=\"header\"><b>Rompimiento de relaciones en 2019<\/b><\/h3>\n<\/div>\n<div class=\"prose prose-lg mx-auto mb-5 max-w-screen-md\">\n<p data-type=\"text\">Paraguay reafirm\u00f3 su condena a la ruptura del orden constitucional en Venezuela; adem\u00e1s, el gobierno de Abdo respald\u00f3 a la Asamblea Nacional y\u00a0<b>dio un plazo para que todo el personal diplom\u00e1tico de Venezuela en Paraguay se retire del territorio.<\/b><\/p>\n<\/div>\n<div class=\"prose prose-lg mx-auto mb-5 max-w-screen-md\">\n<p data-type=\"text\">El pa\u00eds reconoci\u00f3 que Paraguay ha abogado sostenida y permanentemente en todas las instancias multilaterales de las que forma parte, por una salida pac\u00edfica y democr\u00e1tica a la crisis pol\u00edtica, econ\u00f3mica, social y humanitaria en Venezuela. Aunque la Canciller\u00eda asegur\u00f3 que su pa\u00eds se ha sumado a los esfuerzos para lograr un di\u00e1logo efectivo entre el gobierno de Maduro y los diferentes sectores que conforman la oposici\u00f3n, reconoci\u00f3 que todos esos esfuerzos no han tenido buenos resultados.\u00a0<b>\u201cTras unas elecciones ileg\u00edtimas y fraudulentas, Nicol\u00e1s Maduro ha vuelto a asumir la Presidencia\u201d,<\/b>\u00a0asegur\u00f3.<\/p>\n<p data-type=\"text\">En ese momento, el Gobierno de Paraguay decidi\u00f3 suspender el Acuerdo para la Supresi\u00f3n de Visas de Pasaportes Diplom\u00e1ticos sin afectar en un principio a ciudadanos venezolanos, sino a funcionarios del gobierno de Nicol\u00e1s Maduro.<\/p>\n<p data-type=\"text\"><strong>Fuente : Semana.com<\/strong><\/p>\n<\/div>\n<\/div>\n<\/div>\n<\/div>\n<div class=\"pvc_clear\"><\/div>\n<p id=\"pvc_stats_8119\" class=\"pvc_stats all  \" data-element-id=\"8119\" style=\"\"><i class=\"pvc-stats-icon large\" aria-hidden=\"true\"><svg xmlns=\"http:\/\/www.w3.org\/2000\/svg\" version=\"1.0\" viewBox=\"0 0 502 315\" preserveAspectRatio=\"xMidYMid meet\"><g transform=\"translate(0,332) scale(0.1,-0.1)\" fill=\"\" stroke=\"none\"><path d=\"M2394 3279 l-29 -30 -3 -207 c-2 -182 0 -211 15 -242 39 -76 157 -76 196 0 15 31 17 60 15 243 l-3 209 -33 29 c-26 23 -41 29 -80 29 -41 0 -53 -5 -78 -31z\"\/><path d=\"M3085 3251 c-45 -19 -58 -50 -96 -229 -47 -217 -49 -260 -13 -295 52 -53 146 -42 177 20 16 31 87 366 87 410 0 70 -86 122 -155 94z\"\/><path d=\"M1751 3234 c-13 -9 -29 -31 -37 -50 -12 -29 -10 -49 21 -204 19 -94 39 -189 45 -210 14 -50 54 -80 110 -80 34 0 48 6 76 34 21 21 34 44 34 59 0 14 -18 113 -40 219 -37 178 -43 195 -70 221 -36 32 -101 37 -139 11z\"\/><path d=\"M1163 3073 c-36 -7 -73 -59 -73 -102 0 -56 133 -378 171 -413 34 -32 83 -37 129 -13 70 36 67 87 -16 290 -86 209 -89 214 -129 231 -35 14 -42 15 -82 7z\"\/><path d=\"M3689 3066 c-15 -9 -33 -30 -42 -48 -48 -103 -147 -355 -147 -375 0 -98 131 -148 192 -74 13 15 57 108 97 206 80 196 84 226 37 273 -30 30 -99 39 -137 18z\"\/><path d=\"M583 2784 c-38 -19 -67 -74 -58 -113 9 -42 211 -354 242 -373 16 -10 45 -18 66 -18 51 0 107 52 107 100 0 39 -1 41 -124 234 -80 126 -108 162 -133 173 -41 17 -61 16 -100 -3z\"\/><path d=\"M4250 2784 c-14 -9 -74 -91 -133 -183 -95 -150 -107 -173 -107 -213 0 -55 33 -94 87 -104 67 -13 90 8 211 198 130 202 137 225 78 284 -27 27 -42 34 -72 34 -22 0 -50 -8 -64 -16z\"\/><path d=\"M2275 2693 c-553 -48 -1095 -270 -1585 -649 -135 -104 -459 -423 -483 -476 -23 -49 -22 -139 2 -186 73 -142 361 -457 571 -626 285 -228 642 -407 990 -497 242 -63 336 -73 660 -74 310 0 370 5 595 52 535 111 1045 392 1455 803 122 121 250 273 275 326 19 41 19 137 0 174 -41 79 -309 363 -465 492 -447 370 -946 591 -1479 653 -113 14 -422 18 -536 8z m395 -428 c171 -34 330 -124 456 -258 112 -119 167 -219 211 -378 27 -96 24 -300 -5 -401 -72 -255 -236 -447 -474 -557 -132 -62 -201 -76 -368 -76 -167 0 -236 14 -368 76 -213 98 -373 271 -451 485 -162 444 86 934 547 1084 153 49 292 57 452 25z m909 -232 c222 -123 408 -262 593 -441 76 -74 138 -139 138 -144 0 -16 -233 -242 -330 -319 -155 -123 -309 -223 -461 -299 l-81 -41 32 46 c18 26 49 83 70 128 143 306 141 649 -6 957 -25 52 -61 116 -79 142 l-34 47 45 -20 c26 -10 76 -36 113 -56z m-2057 25 c-40 -58 -105 -190 -130 -263 -110 -324 -59 -707 132 -981 25 -35 42 -64 37 -64 -19 0 -241 119 -326 174 -188 122 -406 314 -532 468 l-58 71 108 103 c185 178 428 349 672 473 66 33 121 60 123 61 2 0 -10 -19 -26 -42z\"\/><path d=\"M2375 1950 c-198 -44 -350 -190 -395 -379 -18 -76 -8 -221 19 -290 114 -284 457 -406 731 -260 98 52 188 154 231 260 27 69 37 214 19 290 -38 163 -166 304 -326 360 -67 23 -215 33 -279 19z\"\/><\/g><\/svg><\/i> <img decoding=\"async\" width=\"16\" height=\"16\" alt=\"Loading\" src=\"https:\/\/esviafm.com\/wp-content\/plugins\/page-views-count\/ajax-loader-2x.gif\" border=0 \/><\/p>\n<div class=\"pvc_clear\"><\/div>\n","protected":false},"excerpt":{"rendered":"<p>Venezuela y Paraguay acordaron restablecer relaciones diplom\u00e1ticas y consulares despu\u00e9s de una ruptura de cuatro a\u00f1os, cuando el gobierno del expresidente Mario Abdo Ben\u00edtez cuestion\u00f3 la reelecci\u00f3n de Nicol\u00e1s Maduro, anunci\u00f3 hace pocas horas la Canciller\u00eda venezolana.\u00a0A su vez, el Ministerio de Exteriores de Venezuela envi\u00f3 un comunicado a trav\u00e9s de sus redes sociales. \u201cLuego [&hellip;]<\/p>\n<div class=\"pvc_clear\"><\/div>\n<p id=\"pvc_stats_8119\" class=\"pvc_stats all  \" data-element-id=\"8119\" style=\"\"><i class=\"pvc-stats-icon large\" aria-hidden=\"true\"><svg xmlns=\"http:\/\/www.w3.org\/2000\/svg\" version=\"1.0\" viewBox=\"0 0 502 315\" preserveAspectRatio=\"xMidYMid meet\"><g transform=\"translate(0,332) scale(0.1,-0.1)\" fill=\"\" stroke=\"none\"><path d=\"M2394 3279 l-29 -30 -3 -207 c-2 -182 0 -211 15 -242 39 -76 157 -76 196 0 15 31 17 60 15 243 l-3 209 -33 29 c-26 23 -41 29 -80 29 -41 0 -53 -5 -78 -31z\"\/><path d=\"M3085 3251 c-45 -19 -58 -50 -96 -229 -47 -217 -49 -260 -13 -295 52 -53 146 -42 177 20 16 31 87 366 87 410 0 70 -86 122 -155 94z\"\/><path d=\"M1751 3234 c-13 -9 -29 -31 -37 -50 -12 -29 -10 -49 21 -204 19 -94 39 -189 45 -210 14 -50 54 -80 110 -80 34 0 48 6 76 34 21 21 34 44 34 59 0 14 -18 113 -40 219 -37 178 -43 195 -70 221 -36 32 -101 37 -139 11z\"\/><path d=\"M1163 3073 c-36 -7 -73 -59 -73 -102 0 -56 133 -378 171 -413 34 -32 83 -37 129 -13 70 36 67 87 -16 290 -86 209 -89 214 -129 231 -35 14 -42 15 -82 7z\"\/><path d=\"M3689 3066 c-15 -9 -33 -30 -42 -48 -48 -103 -147 -355 -147 -375 0 -98 131 -148 192 -74 13 15 57 108 97 206 80 196 84 226 37 273 -30 30 -99 39 -137 18z\"\/><path d=\"M583 2784 c-38 -19 -67 -74 -58 -113 9 -42 211 -354 242 -373 16 -10 45 -18 66 -18 51 0 107 52 107 100 0 39 -1 41 -124 234 -80 126 -108 162 -133 173 -41 17 -61 16 -100 -3z\"\/><path d=\"M4250 2784 c-14 -9 -74 -91 -133 -183 -95 -150 -107 -173 -107 -213 0 -55 33 -94 87 -104 67 -13 90 8 211 198 130 202 137 225 78 284 -27 27 -42 34 -72 34 -22 0 -50 -8 -64 -16z\"\/><path d=\"M2275 2693 c-553 -48 -1095 -270 -1585 -649 -135 -104 -459 -423 -483 -476 -23 -49 -22 -139 2 -186 73 -142 361 -457 571 -626 285 -228 642 -407 990 -497 242 -63 336 -73 660 -74 310 0 370 5 595 52 535 111 1045 392 1455 803 122 121 250 273 275 326 19 41 19 137 0 174 -41 79 -309 363 -465 492 -447 370 -946 591 -1479 653 -113 14 -422 18 -536 8z m395 -428 c171 -34 330 -124 456 -258 112 -119 167 -219 211 -378 27 -96 24 -300 -5 -401 -72 -255 -236 -447 -474 -557 -132 -62 -201 -76 -368 -76 -167 0 -236 14 -368 76 -213 98 -373 271 -451 485 -162 444 86 934 547 1084 153 49 292 57 452 25z m909 -232 c222 -123 408 -262 593 -441 76 -74 138 -139 138 -144 0 -16 -233 -242 -330 -319 -155 -123 -309 -223 -461 -299 l-81 -41 32 46 c18 26 49 83 70 128 143 306 141 649 -6 957 -25 52 -61 116 -79 142 l-34 47 45 -20 c26 -10 76 -36 113 -56z m-2057 25 c-40 -58 -105 -190 -130 -263 -110 -324 -59 -707 132 -981 25 -35 42 -64 37 -64 -19 0 -241 119 -326 174 -188 122 -406 314 -532 468 l-58 71 108 103 c185 178 428 349 672 473 66 33 121 60 123 61 2 0 -10 -19 -26 -42z\"\/><path d=\"M2375 1950 c-198 -44 -350 -190 -395 -379 -18 -76 -8 -221 19 -290 114 -284 457 -406 731 -260 98 52 188 154 231 260 27 69 37 214 19 290 -38 163 -166 304 -326 360 -67 23 -215 33 -279 19z\"\/><\/g><\/svg><\/i> <img decoding=\"async\" width=\"16\" height=\"16\" alt=\"Loading\" src=\"https:\/\/esviafm.com\/wp-content\/plugins\/page-views-count\/ajax-loader-2x.gif\" border=0 \/><\/p>\n<div class=\"pvc_clear\"><\/div>\n","protected":false},"author":2,"featured_media":0,"comment_status":"open","ping_status":"open","sticky":false,"template":"","format":"standard","meta":{"_et_pb_use_builder":"","_et_pb_old_content":"","_et_gb_content_width":"","footnotes":""},"categories":[17],"tags":[],"class_list":["post-8119","post","type-post","status-publish","format-standard","hentry","category-internacionales"],"_links":{"self":[{"href":"https:\/\/esviafm.com\/index.php\/wp-json\/wp\/v2\/posts\/8119","targetHints":{"allow":["GET"]}}],"collection":[{"href":"https:\/\/esviafm.com\/index.php\/wp-json\/wp\/v2\/posts"}],"about":[{"href":"https:\/\/esviafm.com\/index.php\/wp-json\/wp\/v2\/types\/post"}],"author":[{"embeddable":true,"href":"https:\/\/esviafm.com\/index.php\/wp-json\/wp\/v2\/users\/2"}],"replies":[{"embeddable":true,"href":"https:\/\/esviafm.com\/index.php\/wp-json\/wp\/v2\/comments?post=8119"}],"version-history":[{"count":1,"href":"https:\/\/esviafm.com\/index.php\/wp-json\/wp\/v2\/posts\/8119\/revisions"}],"predecessor-version":[{"id":8121,"href":"https:\/\/esviafm.com\/index.php\/wp-json\/wp\/v2\/posts\/8119\/revisions\/8121"}],"wp:attachment":[{"href":"https:\/\/esviafm.com\/index.php\/wp-json\/wp\/v2\/media?parent=8119"}],"wp:term":[{"taxonomy":"category","embeddable":true,"href":"https:\/\/esviafm.com\/index.php\/wp-json\/wp\/v2\/categories?post=8119"},{"taxonomy":"post_tag","embeddable":true,"href":"https:\/\/esviafm.com\/index.php\/wp-json\/wp\/v2\/tags?post=8119"}],"curies":[{"name":"wp","href":"https:\/\/api.w.org\/{rel}","templated":true}]}}