{"id":7938,"date":"2023-11-14T07:15:18","date_gmt":"2023-11-14T11:45:18","guid":{"rendered":"https:\/\/esviafm.com\/?p=7938"},"modified":"2023-11-14T07:15:18","modified_gmt":"2023-11-14T11:45:18","slug":"argentina-massa-se-impuso-en-el-debate-manejo-los-tiempos-a-milei-y-nunca-estuvo-amenazado","status":"publish","type":"post","link":"https:\/\/esviafm.com\/index.php\/argentina-massa-se-impuso-en-el-debate-manejo-los-tiempos-a-milei-y-nunca-estuvo-amenazado\/","title":{"rendered":"Argentina: Massa se impuso en el debate, manej\u00f3 los tiempos a Milei y nunca estuvo amenazado"},"content":{"rendered":"<p><b>Sergio Massa\u00a0<\/b>se impuso en el \u00faltimo debate antes del balotaje, una instancia que para algunos analistas era cr\u00edtica por la paridad que revelan las encuestas. El candidato peronista siempre mantuvo el control de los tiempos y logr\u00f3 descolocar a<b>\u00a0Javier Milei<\/b>\u00a0en cada uno de los segmentos del debate.<\/p>\n<p>Milei lleg\u00f3 a esta instancia clave poco preparado y todo indica que su mayor preocupaci\u00f3n fue evitar perder los estribos, pero ni eso logr\u00f3.\u00a0<b>Apenas comenz\u00f3 el debate Massa lo arrincon\u00f3\u00a0<\/b>con una bater\u00eda de preguntas \u00abpor s\u00ed o por no\u00bb sobre sus propuestas y el libertario termin\u00f3 perdiendo la paciencia.<\/p>\n<div><\/div>\n<p>En los debates anteriores se hab\u00eda ido conforme con el empate, pero en esta ocasi\u00f3n lo que se vio fue una muy importante p\u00e9rdida de iniciativa de Milei, que termin\u00f3 el duelo apocado y casi dejando correr el reloj.<\/p>\n<div>El ministro de Econom\u00eda sacudi\u00f3 al libertario desde el primer bloque, en el que le enumer\u00f3 las declaraciones que hizo durante la campa\u00f1a y le pidi\u00f3 que las confirmara por s\u00ed o por no, una muletilla que r\u00e1pidamente se convirti\u00f3 en trending topic en las redes. Con esa estrategia, lo hizo perder todo su tiempo defendi\u00e9ndose y dej\u00f3 a su rival da\u00f1ado para todo el resto del evento celebrado en la Facultad de Derecho de la UBA.<\/div>\n<div><\/div>\n<p><b>\u00abMiren los v\u00eddeos enteros y no lo que los brasileros le editan\u00bb,<\/b>\u00a0dijo Milei en relaci\u00f3n al equipo enviado por Lula a la campa\u00f1a de Massa, anticipado por LPO en exclusiva. Fue un involuntario homenaje al equipo que lidera Edinho Silva, que arrancando de atr\u00e1s logr\u00f3 pelearle a los libertarios un espacio que manejaban con soltura, como las redes.<\/p>\n<p><b>Massa busc\u00f3 todo el tiempo exponer las contradicciones de Milei con el PRO<\/b>, que quedaron en evidencia con el faltazo de esa fuerza al debate, anticipado por este medio. Lo hizo cuando le pidi\u00f3 tres veces que conteste si manten\u00eda la dolarizaci\u00f3n y la eliminaci\u00f3n del Banco Central. \u00abYa lo plante\u00f3 Patricia Bullrich en el otro debate\u00bb, dijo Massa al referirse a la dolarizaci\u00f3n de Zimbabwe y al \u00fanico pa\u00eds donde no hay Banco Central, que es en Micronesia.<\/p>\n<div>Luego de eludir varias veces el tema,\u00a0<b>Milei finalmente acept\u00f3 que mantiene la dolarizaci\u00f3n y la eliminaci\u00f3n del Banco Central<\/b>\u00a0y dej\u00f3 trascender su malestar con Macri al afirmar que la ca\u00edda de poder adquisitivo comenz\u00f3 en su gobierno.<\/div>\n<div><\/div>\n<p>Con su tanda de preguntas, que incluy\u00f3 de manera reiterada para que se pronunciara sobre la eliminaci\u00f3n de los subsidios, Massa logr\u00f3 ponerse en control del primer bloque del debate y al principio sac\u00f3 de las casillas a Milei, que luego logr\u00f3 serenarse.<\/p>\n<div>En el segundo bloque, de relaci\u00f3n con Argentina con el mundo, Massa defendi\u00f3 el v\u00ednculo con Brasil y China que rechaza Milei. El libertario desminti\u00f3 que vaya a romper relaciones con esos dos pa\u00edses, pero dijo que lo va a limitar a dejar que trascurran los acuerdos \u00abentre privados\u00bb. Massa le record\u00f3 una y otra vez que son los estados los que firman los acuerdos comerciales y fijan pol\u00edticas sanitarias y arancelarias.<\/div>\n<div><\/div>\n<div>\n<div>Cuando se toc\u00f3 el tema de Malvinas, Massa le hizo admitir a Milei su admiraci\u00f3n por Margaret Thatcher. Fue uno de los momentos m\u00e1s tensos, que Massa aprovech\u00f3 para revelar que lo hab\u00eda acompa\u00f1ado al debate el general Mart\u00edn Balza, h\u00e9roe de la guerra de Malvinas.<\/p>\n<p>El libertario se neg\u00f3 a ratificar si apoyaba la autodeterminaci\u00f3n de los kelpers como dijo Massa que hab\u00eda afirmado en el pasado y explic\u00f3 que su admiraci\u00f3n por Thatcher se limita a su modelo econ\u00f3mico y su pelea contra el comunismo junto a Ronald Reagan, para luego compararla con la admiraci\u00f3n que siente por Mbapp\u00e9. Fue una muestra de la encerrona que sufri\u00f3 Milei, que para elogiar a una enemiga de generaciones enteras de argentinos la compar\u00f3 con un villano para las generaciones subsiguientes. \u00abThatcher es mi enemiga y es enemiga de la Argentina\u00bb, zanj\u00f3 Massa.<\/p><\/div>\n<div><\/div>\n<p>Pero la parte en la que logr\u00f3 desestabilizar con mayor impacto a su rival, ocurri\u00f3 cuando Massa revel\u00f3 que el Banco Central rechaz\u00f3 mantener a Milei como parte de su staff cuando el economista iniciaba su carrera, insinuando que no pas\u00f3 el examen psicot\u00e9cnico. \u00abYo te propuse que nos hagamos los dos el psicot\u00e9cnico y vos nos quisiste\u00bb, le dijo. Esa chicana y otras menciones a la necesidad de un presidente con \u00abcar\u00e1cter\u00bb, fueron parte de la campa\u00f1a Conan que lanz\u00f3 en la \u00faltima semana y que le suger\u00edan sus colaboradores, como adelant\u00f3 LPO.<\/p>\n<p>Adem\u00e1s, el candidato peronista volvi\u00f3 a meter el dedo en la llaga cuando mencion\u00f3 al Papa Francisco, que hab\u00eda sido atacado por Milei en la campa\u00f1a. El libertario debi\u00f3 decir que le pedir\u00eda disculpas otra vez y que lo invitar\u00eda al Sumo Pont\u00edfice a la Argentina a una \u00abvisita de Estado\u00bb.<\/p>\n<p>\u00abLos que te abandonaron en el sal\u00f3n hoy, te llevaron al discurso de la chicana barata\u00bb, dijo el ministro en relaci\u00f3n a la ausencia de dirigentes del PRO, anticipada por LPO. En el macrismo creen que Milei fue poco preparado y se conformaron con que \u00abno dio miedo\u00bb, como dijo la asesora en discursos de Macri, Mora Jozami. Una muestra de las bajas expectativas que ten\u00edan.<\/p>\n<p><b>Una evidencia de esa falta de preparaci\u00f3n se vio en el bloque de seguridad,\u00a0<\/b>cuando Milei dijo que \u00abeste desastre ya hab\u00eda ocurrido en Nueva York en los 70 y fue resuelto por Rudolph Giuliani\u00bb. \u00abEl libro que cuenta lo que hice en Tigre est\u00e1 prologado por Giuliani\u00bb, le retruc\u00f3 Massa, que cultiva una relaci\u00f3n de d\u00e9cadas con el ex alcalde neoyorquino y ex funcionario de Donald Trump.<\/p>\n<div>En la segunda parte del debate,\u00a0<b>Milei no se sac\u00f3 como en los primeros bloques,\u00a0<\/b>pero no logr\u00f3 asestar ning\u00fan golpe de efecto contra Massa, que se mostr\u00f3 m\u00e1s propositivo en el segundo tramo.<\/div>\n<div><\/div>\n<p>Las \u00fanicas estocadas que pudo clavar Milei fueron gags de tono humor\u00edstico, como cuando compar\u00f3 a Massa con Pinocho. Tambi\u00e9n recibi\u00f3 el benepl\u00e1cito de su p\u00fablico cuando le record\u00f3 que curs\u00f3 en la Universidad de Belgrano, mientras su rival estaba defendiendo la universidad p\u00fablica.<\/p>\n<p>Milei intent\u00f3 varias veces colar el mote de \u00abventajita\u00bb que Macri le supo adosar a Massa, y el tigrense lo chicane\u00f3 en m\u00e1s de una oportunidad con su supuesta sumisi\u00f3n al ex presidente. \u00abEsto no es entre Macri y Cristina, Javier, esto es entre vos y yo\u00bb, dijo para intentar desactivar la estrategia de polarizaci\u00f3n entre \u00abel cambio\u00bb y el kirchnerismo que Milei aplica desde que cerr\u00f3 el acuerdo con el fundador del PRO.<\/p>\n<div>\u00abHubo muchos golpes, Javier banc\u00f3 parado\u00bb, dijeron a LPO en el entorno del libertario y aseguraron que se vio a un \u00abJavier calmo explicando su visi\u00f3n frente a un mentiroso\u00bb. En el massismo, por el contrario, se mostraron euf\u00f3ricos con el desempe\u00f1o del ministro. \u00abNaci\u00f3 para un d\u00eda como este\u00bb, dijeron a este medio.<\/div>\n<div><\/div>\n<div><strong>Con informaci\u00f3n de La Pol\u00edtica Online.<\/strong><\/div>\n<\/div>\n<div><\/div>\n<div class=\"pvc_clear\"><\/div>\n<p id=\"pvc_stats_7938\" class=\"pvc_stats all  \" data-element-id=\"7938\" style=\"\"><i class=\"pvc-stats-icon large\" aria-hidden=\"true\"><svg xmlns=\"http:\/\/www.w3.org\/2000\/svg\" version=\"1.0\" viewBox=\"0 0 502 315\" preserveAspectRatio=\"xMidYMid meet\"><g transform=\"translate(0,332) scale(0.1,-0.1)\" fill=\"\" stroke=\"none\"><path d=\"M2394 3279 l-29 -30 -3 -207 c-2 -182 0 -211 15 -242 39 -76 157 -76 196 0 15 31 17 60 15 243 l-3 209 -33 29 c-26 23 -41 29 -80 29 -41 0 -53 -5 -78 -31z\"\/><path d=\"M3085 3251 c-45 -19 -58 -50 -96 -229 -47 -217 -49 -260 -13 -295 52 -53 146 -42 177 20 16 31 87 366 87 410 0 70 -86 122 -155 94z\"\/><path d=\"M1751 3234 c-13 -9 -29 -31 -37 -50 -12 -29 -10 -49 21 -204 19 -94 39 -189 45 -210 14 -50 54 -80 110 -80 34 0 48 6 76 34 21 21 34 44 34 59 0 14 -18 113 -40 219 -37 178 -43 195 -70 221 -36 32 -101 37 -139 11z\"\/><path d=\"M1163 3073 c-36 -7 -73 -59 -73 -102 0 -56 133 -378 171 -413 34 -32 83 -37 129 -13 70 36 67 87 -16 290 -86 209 -89 214 -129 231 -35 14 -42 15 -82 7z\"\/><path d=\"M3689 3066 c-15 -9 -33 -30 -42 -48 -48 -103 -147 -355 -147 -375 0 -98 131 -148 192 -74 13 15 57 108 97 206 80 196 84 226 37 273 -30 30 -99 39 -137 18z\"\/><path d=\"M583 2784 c-38 -19 -67 -74 -58 -113 9 -42 211 -354 242 -373 16 -10 45 -18 66 -18 51 0 107 52 107 100 0 39 -1 41 -124 234 -80 126 -108 162 -133 173 -41 17 -61 16 -100 -3z\"\/><path d=\"M4250 2784 c-14 -9 -74 -91 -133 -183 -95 -150 -107 -173 -107 -213 0 -55 33 -94 87 -104 67 -13 90 8 211 198 130 202 137 225 78 284 -27 27 -42 34 -72 34 -22 0 -50 -8 -64 -16z\"\/><path d=\"M2275 2693 c-553 -48 -1095 -270 -1585 -649 -135 -104 -459 -423 -483 -476 -23 -49 -22 -139 2 -186 73 -142 361 -457 571 -626 285 -228 642 -407 990 -497 242 -63 336 -73 660 -74 310 0 370 5 595 52 535 111 1045 392 1455 803 122 121 250 273 275 326 19 41 19 137 0 174 -41 79 -309 363 -465 492 -447 370 -946 591 -1479 653 -113 14 -422 18 -536 8z m395 -428 c171 -34 330 -124 456 -258 112 -119 167 -219 211 -378 27 -96 24 -300 -5 -401 -72 -255 -236 -447 -474 -557 -132 -62 -201 -76 -368 -76 -167 0 -236 14 -368 76 -213 98 -373 271 -451 485 -162 444 86 934 547 1084 153 49 292 57 452 25z m909 -232 c222 -123 408 -262 593 -441 76 -74 138 -139 138 -144 0 -16 -233 -242 -330 -319 -155 -123 -309 -223 -461 -299 l-81 -41 32 46 c18 26 49 83 70 128 143 306 141 649 -6 957 -25 52 -61 116 -79 142 l-34 47 45 -20 c26 -10 76 -36 113 -56z m-2057 25 c-40 -58 -105 -190 -130 -263 -110 -324 -59 -707 132 -981 25 -35 42 -64 37 -64 -19 0 -241 119 -326 174 -188 122 -406 314 -532 468 l-58 71 108 103 c185 178 428 349 672 473 66 33 121 60 123 61 2 0 -10 -19 -26 -42z\"\/><path d=\"M2375 1950 c-198 -44 -350 -190 -395 -379 -18 -76 -8 -221 19 -290 114 -284 457 -406 731 -260 98 52 188 154 231 260 27 69 37 214 19 290 -38 163 -166 304 -326 360 -67 23 -215 33 -279 19z\"\/><\/g><\/svg><\/i> <img decoding=\"async\" width=\"16\" height=\"16\" alt=\"Loading\" src=\"https:\/\/esviafm.com\/wp-content\/plugins\/page-views-count\/ajax-loader-2x.gif\" border=0 \/><\/p>\n<div class=\"pvc_clear\"><\/div>\n","protected":false},"excerpt":{"rendered":"<p>Sergio Massa\u00a0se impuso en el \u00faltimo debate antes del balotaje, una instancia que para algunos analistas era cr\u00edtica por la paridad que revelan las encuestas. El candidato peronista siempre mantuvo el control de los tiempos y logr\u00f3 descolocar a\u00a0Javier Milei\u00a0en cada uno de los segmentos del debate. Milei lleg\u00f3 a esta instancia clave poco preparado [&hellip;]<\/p>\n<div class=\"pvc_clear\"><\/div>\n<p id=\"pvc_stats_7938\" class=\"pvc_stats all  \" data-element-id=\"7938\" style=\"\"><i class=\"pvc-stats-icon large\" aria-hidden=\"true\"><svg xmlns=\"http:\/\/www.w3.org\/2000\/svg\" version=\"1.0\" viewBox=\"0 0 502 315\" preserveAspectRatio=\"xMidYMid meet\"><g transform=\"translate(0,332) scale(0.1,-0.1)\" fill=\"\" stroke=\"none\"><path d=\"M2394 3279 l-29 -30 -3 -207 c-2 -182 0 -211 15 -242 39 -76 157 -76 196 0 15 31 17 60 15 243 l-3 209 -33 29 c-26 23 -41 29 -80 29 -41 0 -53 -5 -78 -31z\"\/><path d=\"M3085 3251 c-45 -19 -58 -50 -96 -229 -47 -217 -49 -260 -13 -295 52 -53 146 -42 177 20 16 31 87 366 87 410 0 70 -86 122 -155 94z\"\/><path d=\"M1751 3234 c-13 -9 -29 -31 -37 -50 -12 -29 -10 -49 21 -204 19 -94 39 -189 45 -210 14 -50 54 -80 110 -80 34 0 48 6 76 34 21 21 34 44 34 59 0 14 -18 113 -40 219 -37 178 -43 195 -70 221 -36 32 -101 37 -139 11z\"\/><path d=\"M1163 3073 c-36 -7 -73 -59 -73 -102 0 -56 133 -378 171 -413 34 -32 83 -37 129 -13 70 36 67 87 -16 290 -86 209 -89 214 -129 231 -35 14 -42 15 -82 7z\"\/><path d=\"M3689 3066 c-15 -9 -33 -30 -42 -48 -48 -103 -147 -355 -147 -375 0 -98 131 -148 192 -74 13 15 57 108 97 206 80 196 84 226 37 273 -30 30 -99 39 -137 18z\"\/><path d=\"M583 2784 c-38 -19 -67 -74 -58 -113 9 -42 211 -354 242 -373 16 -10 45 -18 66 -18 51 0 107 52 107 100 0 39 -1 41 -124 234 -80 126 -108 162 -133 173 -41 17 -61 16 -100 -3z\"\/><path d=\"M4250 2784 c-14 -9 -74 -91 -133 -183 -95 -150 -107 -173 -107 -213 0 -55 33 -94 87 -104 67 -13 90 8 211 198 130 202 137 225 78 284 -27 27 -42 34 -72 34 -22 0 -50 -8 -64 -16z\"\/><path d=\"M2275 2693 c-553 -48 -1095 -270 -1585 -649 -135 -104 -459 -423 -483 -476 -23 -49 -22 -139 2 -186 73 -142 361 -457 571 -626 285 -228 642 -407 990 -497 242 -63 336 -73 660 -74 310 0 370 5 595 52 535 111 1045 392 1455 803 122 121 250 273 275 326 19 41 19 137 0 174 -41 79 -309 363 -465 492 -447 370 -946 591 -1479 653 -113 14 -422 18 -536 8z m395 -428 c171 -34 330 -124 456 -258 112 -119 167 -219 211 -378 27 -96 24 -300 -5 -401 -72 -255 -236 -447 -474 -557 -132 -62 -201 -76 -368 -76 -167 0 -236 14 -368 76 -213 98 -373 271 -451 485 -162 444 86 934 547 1084 153 49 292 57 452 25z m909 -232 c222 -123 408 -262 593 -441 76 -74 138 -139 138 -144 0 -16 -233 -242 -330 -319 -155 -123 -309 -223 -461 -299 l-81 -41 32 46 c18 26 49 83 70 128 143 306 141 649 -6 957 -25 52 -61 116 -79 142 l-34 47 45 -20 c26 -10 76 -36 113 -56z m-2057 25 c-40 -58 -105 -190 -130 -263 -110 -324 -59 -707 132 -981 25 -35 42 -64 37 -64 -19 0 -241 119 -326 174 -188 122 -406 314 -532 468 l-58 71 108 103 c185 178 428 349 672 473 66 33 121 60 123 61 2 0 -10 -19 -26 -42z\"\/><path d=\"M2375 1950 c-198 -44 -350 -190 -395 -379 -18 -76 -8 -221 19 -290 114 -284 457 -406 731 -260 98 52 188 154 231 260 27 69 37 214 19 290 -38 163 -166 304 -326 360 -67 23 -215 33 -279 19z\"\/><\/g><\/svg><\/i> <img decoding=\"async\" width=\"16\" height=\"16\" alt=\"Loading\" src=\"https:\/\/esviafm.com\/wp-content\/plugins\/page-views-count\/ajax-loader-2x.gif\" border=0 \/><\/p>\n<div class=\"pvc_clear\"><\/div>\n","protected":false},"author":2,"featured_media":0,"comment_status":"open","ping_status":"open","sticky":false,"template":"","format":"standard","meta":{"_et_pb_use_builder":"","_et_pb_old_content":"","_et_gb_content_width":"","footnotes":""},"categories":[17],"tags":[],"class_list":["post-7938","post","type-post","status-publish","format-standard","hentry","category-internacionales"],"_links":{"self":[{"href":"https:\/\/esviafm.com\/index.php\/wp-json\/wp\/v2\/posts\/7938","targetHints":{"allow":["GET"]}}],"collection":[{"href":"https:\/\/esviafm.com\/index.php\/wp-json\/wp\/v2\/posts"}],"about":[{"href":"https:\/\/esviafm.com\/index.php\/wp-json\/wp\/v2\/types\/post"}],"author":[{"embeddable":true,"href":"https:\/\/esviafm.com\/index.php\/wp-json\/wp\/v2\/users\/2"}],"replies":[{"embeddable":true,"href":"https:\/\/esviafm.com\/index.php\/wp-json\/wp\/v2\/comments?post=7938"}],"version-history":[{"count":1,"href":"https:\/\/esviafm.com\/index.php\/wp-json\/wp\/v2\/posts\/7938\/revisions"}],"predecessor-version":[{"id":7940,"href":"https:\/\/esviafm.com\/index.php\/wp-json\/wp\/v2\/posts\/7938\/revisions\/7940"}],"wp:attachment":[{"href":"https:\/\/esviafm.com\/index.php\/wp-json\/wp\/v2\/media?parent=7938"}],"wp:term":[{"taxonomy":"category","embeddable":true,"href":"https:\/\/esviafm.com\/index.php\/wp-json\/wp\/v2\/categories?post=7938"},{"taxonomy":"post_tag","embeddable":true,"href":"https:\/\/esviafm.com\/index.php\/wp-json\/wp\/v2\/tags?post=7938"}],"curies":[{"name":"wp","href":"https:\/\/api.w.org\/{rel}","templated":true}]}}