{"id":7935,"date":"2023-11-14T07:12:57","date_gmt":"2023-11-14T11:42:57","guid":{"rendered":"https:\/\/esviafm.com\/?p=7935"},"modified":"2023-11-14T07:12:57","modified_gmt":"2023-11-14T11:42:57","slug":"petro-busca-ampliar-los-horizontes-de-colombia-con-el-posible-ingreso-del-pais-a-la-apec","status":"publish","type":"post","link":"https:\/\/esviafm.com\/index.php\/petro-busca-ampliar-los-horizontes-de-colombia-con-el-posible-ingreso-del-pais-a-la-apec\/","title":{"rendered":"Petro busca ampliar los horizontes de Colombia con el posible ingreso del pa\u00eds a la APEC"},"content":{"rendered":"<p>Colombia asistir\u00e1 esta semana a la cumbre del Foro de Cooperaci\u00f3n Econ\u00f3mica Asia-Pac\u00edfico (APEC), que se celebrar\u00e1 en San Francisco (EE.UU.), con la aspiraci\u00f3n de ser miembro de pleno derecho de ese mecanismo al que busca acceder desde hace casi 30 a\u00f1os para ampliar sus horizontes comerciales.<\/p>\n<p>\u00abCreo que el presidente Gustavo Petro va en sinton\u00eda de ampliar m\u00e1s las redes diplom\u00e1ticas de Colombia y establecer nuevos lazos comerciales en una zona que sin duda alguna es el presente y va a ser m\u00e1s fuerte en el futuro\u00bb, dijo a EFE este lunes el analista Manuel Alejandro Rayran, profesor de la Universidad Externado de Colombia.<\/p>\n<p>Petro participar\u00e1 los pr\u00f3ximos jueves y viernes en la cumbre de San Francisco (EE.UU.), que tiene como anfitri\u00f3n al presidente estadounidense, Joe Biden, seg\u00fan confirm\u00f3 el domingo el mandatario colombiano en un mensaje en su cuenta de X (antiguo Twitter).<\/p>\n<p>\u00abAhora nos reuniremos con EE.UU., China y otros pa\u00edses de Am\u00e9rica y Asia en California para inscribir a Colombia en las econom\u00edas del Pac\u00edfico, la regi\u00f3n econ\u00f3mica m\u00e1s importante del mundo\u00bb, escribi\u00f3 el presidente.<\/p>\n<p>Al respecto, Rayran a\u00f1adi\u00f3 que si se concreta la admisi\u00f3n de Colombia como miembro pleno de la APEC, el pa\u00eds no solo tendr\u00e1 m\u00e1s acceso a mercados din\u00e1micos y poco explorados como los de la regi\u00f3n del Asia-Pac\u00edfio, sino tambi\u00e9n m\u00e1s proyecci\u00f3n internacional.<\/p>\n<p>\u00abEs un elemento muy positivo, un movimiento muy pragm\u00e1tico que proyecta la pol\u00edtica exterior colombiana hacia otras regiones que no han sido tan exploradas\u00bb, agreg\u00f3 el experto sobre el ingreso de Colombia a la APEC.<\/p>\n<p>Una espera de 28 a\u00f1os<\/p>\n<p>Colombia comenz\u00f3 en 1995 las gestiones para ser parte de la APEC pero la moratoria institucional para la entrada de nuevos miembros vigente entonces y la decisi\u00f3n posterior de los 21 miembros de no ampliar el Foro han dificultado la entrada del pa\u00eds, algo que Petro espera concretar en la cumbre de San Francisco.<\/p>\n<p>La naci\u00f3n suramericana tiene costas sobre el oc\u00e9ano Pac\u00edfico y un importante comercio con los pa\u00edses de la regi\u00f3n Asia-Pac\u00edfico, principalmente con China, que en 2010 se convirti\u00f3 en el segundo socio comercial del pa\u00eds, despu\u00e9s de Estados Unidos, as\u00ed como con Jap\u00f3n y Corea del Sur.<\/p>\n<p>Colombia tiene adem\u00e1s un creciente inter\u00e9s en China, pa\u00eds que Petro visit\u00f3 en la \u00faltima semana de octubre, cuando se reuni\u00f3 con su hom\u00f3logo Xi Jinping, con quien elev\u00f3 la relaci\u00f3n bilateral a la categor\u00eda de \u00abasociaci\u00f3n estrat\u00e9gica\u00bb.<\/p>\n<p>De concretarse su ingreso, Colombia se sumar\u00e1 a M\u00e9xico, Chile y Per\u00fa como los \u00fanicos pa\u00edses latinoamericanos miembros de la APEC y con los cuales es adem\u00e1s socio en la Alianza del Pac\u00edfico.<\/p>\n<p>Al referirse a la proyecci\u00f3n internacional que puede alcanzar Colombia si accede a la APEC, Rayran destac\u00f3 que el presidente Petro puede llevar tambi\u00e9n a ese foro \u00abuna agenda que va en sinton\u00eda con el cambio clim\u00e1tico\u00bb, que es una de sus preocupaciones, como lo ha expresado en la Asamblea General de la ONU y otros foros.<\/p>\n<p>Acercamientos a la APEC<\/p>\n<p>Seg\u00fan la canciller\u00eda, pese a que no es miembro de la APEC, Colombia participa institucionalmente en ese Foro a trav\u00e9s de dos mecanismos.<\/p>\n<p>Una de esas participaciones es como invitado en cinco grupos de trabajo relacionados con Turismo, Servicios, Expertos en Inversi\u00f3n, Mypimes y Subcomit\u00e9 de Procedimientos Aduaneros. La otra es como parte de la delegaci\u00f3n del Consejo de Cooperaci\u00f3n Econ\u00f3mica del Pac\u00edfico, con el estatus de observador.<\/p>\n<p>La cumbre de la APEC, foro que abarca el 60 % del PIB global y la mitad del comercio internacional, se celebra esta semana en San Francisco (California) con reuniones de ministros de Finanzas, seguidos por otros dos d\u00edas de intercambios entre titulares de Exteriores y la cita presidencial, en la cual participar\u00e1 Petro, ser\u00e1 el jueves y viernes.<\/p>\n<p><strong>Fuente : EFE\u00a0<\/strong><\/p>\n<div class=\"pvc_clear\"><\/div>\n<p id=\"pvc_stats_7935\" class=\"pvc_stats all  \" data-element-id=\"7935\" style=\"\"><i class=\"pvc-stats-icon large\" aria-hidden=\"true\"><svg xmlns=\"http:\/\/www.w3.org\/2000\/svg\" version=\"1.0\" viewBox=\"0 0 502 315\" preserveAspectRatio=\"xMidYMid meet\"><g transform=\"translate(0,332) scale(0.1,-0.1)\" fill=\"\" stroke=\"none\"><path d=\"M2394 3279 l-29 -30 -3 -207 c-2 -182 0 -211 15 -242 39 -76 157 -76 196 0 15 31 17 60 15 243 l-3 209 -33 29 c-26 23 -41 29 -80 29 -41 0 -53 -5 -78 -31z\"\/><path d=\"M3085 3251 c-45 -19 -58 -50 -96 -229 -47 -217 -49 -260 -13 -295 52 -53 146 -42 177 20 16 31 87 366 87 410 0 70 -86 122 -155 94z\"\/><path d=\"M1751 3234 c-13 -9 -29 -31 -37 -50 -12 -29 -10 -49 21 -204 19 -94 39 -189 45 -210 14 -50 54 -80 110 -80 34 0 48 6 76 34 21 21 34 44 34 59 0 14 -18 113 -40 219 -37 178 -43 195 -70 221 -36 32 -101 37 -139 11z\"\/><path d=\"M1163 3073 c-36 -7 -73 -59 -73 -102 0 -56 133 -378 171 -413 34 -32 83 -37 129 -13 70 36 67 87 -16 290 -86 209 -89 214 -129 231 -35 14 -42 15 -82 7z\"\/><path d=\"M3689 3066 c-15 -9 -33 -30 -42 -48 -48 -103 -147 -355 -147 -375 0 -98 131 -148 192 -74 13 15 57 108 97 206 80 196 84 226 37 273 -30 30 -99 39 -137 18z\"\/><path d=\"M583 2784 c-38 -19 -67 -74 -58 -113 9 -42 211 -354 242 -373 16 -10 45 -18 66 -18 51 0 107 52 107 100 0 39 -1 41 -124 234 -80 126 -108 162 -133 173 -41 17 -61 16 -100 -3z\"\/><path d=\"M4250 2784 c-14 -9 -74 -91 -133 -183 -95 -150 -107 -173 -107 -213 0 -55 33 -94 87 -104 67 -13 90 8 211 198 130 202 137 225 78 284 -27 27 -42 34 -72 34 -22 0 -50 -8 -64 -16z\"\/><path d=\"M2275 2693 c-553 -48 -1095 -270 -1585 -649 -135 -104 -459 -423 -483 -476 -23 -49 -22 -139 2 -186 73 -142 361 -457 571 -626 285 -228 642 -407 990 -497 242 -63 336 -73 660 -74 310 0 370 5 595 52 535 111 1045 392 1455 803 122 121 250 273 275 326 19 41 19 137 0 174 -41 79 -309 363 -465 492 -447 370 -946 591 -1479 653 -113 14 -422 18 -536 8z m395 -428 c171 -34 330 -124 456 -258 112 -119 167 -219 211 -378 27 -96 24 -300 -5 -401 -72 -255 -236 -447 -474 -557 -132 -62 -201 -76 -368 -76 -167 0 -236 14 -368 76 -213 98 -373 271 -451 485 -162 444 86 934 547 1084 153 49 292 57 452 25z m909 -232 c222 -123 408 -262 593 -441 76 -74 138 -139 138 -144 0 -16 -233 -242 -330 -319 -155 -123 -309 -223 -461 -299 l-81 -41 32 46 c18 26 49 83 70 128 143 306 141 649 -6 957 -25 52 -61 116 -79 142 l-34 47 45 -20 c26 -10 76 -36 113 -56z m-2057 25 c-40 -58 -105 -190 -130 -263 -110 -324 -59 -707 132 -981 25 -35 42 -64 37 -64 -19 0 -241 119 -326 174 -188 122 -406 314 -532 468 l-58 71 108 103 c185 178 428 349 672 473 66 33 121 60 123 61 2 0 -10 -19 -26 -42z\"\/><path d=\"M2375 1950 c-198 -44 -350 -190 -395 -379 -18 -76 -8 -221 19 -290 114 -284 457 -406 731 -260 98 52 188 154 231 260 27 69 37 214 19 290 -38 163 -166 304 -326 360 -67 23 -215 33 -279 19z\"\/><\/g><\/svg><\/i> <img decoding=\"async\" width=\"16\" height=\"16\" alt=\"Loading\" src=\"https:\/\/esviafm.com\/wp-content\/plugins\/page-views-count\/ajax-loader-2x.gif\" border=0 \/><\/p>\n<div class=\"pvc_clear\"><\/div>\n","protected":false},"excerpt":{"rendered":"<p>Colombia asistir\u00e1 esta semana a la cumbre del Foro de Cooperaci\u00f3n Econ\u00f3mica Asia-Pac\u00edfico (APEC), que se celebrar\u00e1 en San Francisco (EE.UU.), con la aspiraci\u00f3n de ser miembro de pleno derecho de ese mecanismo al que busca acceder desde hace casi 30 a\u00f1os para ampliar sus horizontes comerciales. \u00abCreo que el presidente Gustavo Petro va en [&hellip;]<\/p>\n<div class=\"pvc_clear\"><\/div>\n<p id=\"pvc_stats_7935\" class=\"pvc_stats all  \" data-element-id=\"7935\" style=\"\"><i class=\"pvc-stats-icon large\" aria-hidden=\"true\"><svg xmlns=\"http:\/\/www.w3.org\/2000\/svg\" version=\"1.0\" viewBox=\"0 0 502 315\" preserveAspectRatio=\"xMidYMid meet\"><g transform=\"translate(0,332) scale(0.1,-0.1)\" fill=\"\" stroke=\"none\"><path d=\"M2394 3279 l-29 -30 -3 -207 c-2 -182 0 -211 15 -242 39 -76 157 -76 196 0 15 31 17 60 15 243 l-3 209 -33 29 c-26 23 -41 29 -80 29 -41 0 -53 -5 -78 -31z\"\/><path d=\"M3085 3251 c-45 -19 -58 -50 -96 -229 -47 -217 -49 -260 -13 -295 52 -53 146 -42 177 20 16 31 87 366 87 410 0 70 -86 122 -155 94z\"\/><path d=\"M1751 3234 c-13 -9 -29 -31 -37 -50 -12 -29 -10 -49 21 -204 19 -94 39 -189 45 -210 14 -50 54 -80 110 -80 34 0 48 6 76 34 21 21 34 44 34 59 0 14 -18 113 -40 219 -37 178 -43 195 -70 221 -36 32 -101 37 -139 11z\"\/><path d=\"M1163 3073 c-36 -7 -73 -59 -73 -102 0 -56 133 -378 171 -413 34 -32 83 -37 129 -13 70 36 67 87 -16 290 -86 209 -89 214 -129 231 -35 14 -42 15 -82 7z\"\/><path d=\"M3689 3066 c-15 -9 -33 -30 -42 -48 -48 -103 -147 -355 -147 -375 0 -98 131 -148 192 -74 13 15 57 108 97 206 80 196 84 226 37 273 -30 30 -99 39 -137 18z\"\/><path d=\"M583 2784 c-38 -19 -67 -74 -58 -113 9 -42 211 -354 242 -373 16 -10 45 -18 66 -18 51 0 107 52 107 100 0 39 -1 41 -124 234 -80 126 -108 162 -133 173 -41 17 -61 16 -100 -3z\"\/><path d=\"M4250 2784 c-14 -9 -74 -91 -133 -183 -95 -150 -107 -173 -107 -213 0 -55 33 -94 87 -104 67 -13 90 8 211 198 130 202 137 225 78 284 -27 27 -42 34 -72 34 -22 0 -50 -8 -64 -16z\"\/><path d=\"M2275 2693 c-553 -48 -1095 -270 -1585 -649 -135 -104 -459 -423 -483 -476 -23 -49 -22 -139 2 -186 73 -142 361 -457 571 -626 285 -228 642 -407 990 -497 242 -63 336 -73 660 -74 310 0 370 5 595 52 535 111 1045 392 1455 803 122 121 250 273 275 326 19 41 19 137 0 174 -41 79 -309 363 -465 492 -447 370 -946 591 -1479 653 -113 14 -422 18 -536 8z m395 -428 c171 -34 330 -124 456 -258 112 -119 167 -219 211 -378 27 -96 24 -300 -5 -401 -72 -255 -236 -447 -474 -557 -132 -62 -201 -76 -368 -76 -167 0 -236 14 -368 76 -213 98 -373 271 -451 485 -162 444 86 934 547 1084 153 49 292 57 452 25z m909 -232 c222 -123 408 -262 593 -441 76 -74 138 -139 138 -144 0 -16 -233 -242 -330 -319 -155 -123 -309 -223 -461 -299 l-81 -41 32 46 c18 26 49 83 70 128 143 306 141 649 -6 957 -25 52 -61 116 -79 142 l-34 47 45 -20 c26 -10 76 -36 113 -56z m-2057 25 c-40 -58 -105 -190 -130 -263 -110 -324 -59 -707 132 -981 25 -35 42 -64 37 -64 -19 0 -241 119 -326 174 -188 122 -406 314 -532 468 l-58 71 108 103 c185 178 428 349 672 473 66 33 121 60 123 61 2 0 -10 -19 -26 -42z\"\/><path d=\"M2375 1950 c-198 -44 -350 -190 -395 -379 -18 -76 -8 -221 19 -290 114 -284 457 -406 731 -260 98 52 188 154 231 260 27 69 37 214 19 290 -38 163 -166 304 -326 360 -67 23 -215 33 -279 19z\"\/><\/g><\/svg><\/i> <img decoding=\"async\" width=\"16\" height=\"16\" alt=\"Loading\" src=\"https:\/\/esviafm.com\/wp-content\/plugins\/page-views-count\/ajax-loader-2x.gif\" border=0 \/><\/p>\n<div class=\"pvc_clear\"><\/div>\n","protected":false},"author":2,"featured_media":0,"comment_status":"open","ping_status":"open","sticky":false,"template":"","format":"standard","meta":{"_et_pb_use_builder":"","_et_pb_old_content":"","_et_gb_content_width":"","footnotes":""},"categories":[17],"tags":[],"class_list":["post-7935","post","type-post","status-publish","format-standard","hentry","category-internacionales"],"_links":{"self":[{"href":"https:\/\/esviafm.com\/index.php\/wp-json\/wp\/v2\/posts\/7935","targetHints":{"allow":["GET"]}}],"collection":[{"href":"https:\/\/esviafm.com\/index.php\/wp-json\/wp\/v2\/posts"}],"about":[{"href":"https:\/\/esviafm.com\/index.php\/wp-json\/wp\/v2\/types\/post"}],"author":[{"embeddable":true,"href":"https:\/\/esviafm.com\/index.php\/wp-json\/wp\/v2\/users\/2"}],"replies":[{"embeddable":true,"href":"https:\/\/esviafm.com\/index.php\/wp-json\/wp\/v2\/comments?post=7935"}],"version-history":[{"count":1,"href":"https:\/\/esviafm.com\/index.php\/wp-json\/wp\/v2\/posts\/7935\/revisions"}],"predecessor-version":[{"id":7937,"href":"https:\/\/esviafm.com\/index.php\/wp-json\/wp\/v2\/posts\/7935\/revisions\/7937"}],"wp:attachment":[{"href":"https:\/\/esviafm.com\/index.php\/wp-json\/wp\/v2\/media?parent=7935"}],"wp:term":[{"taxonomy":"category","embeddable":true,"href":"https:\/\/esviafm.com\/index.php\/wp-json\/wp\/v2\/categories?post=7935"},{"taxonomy":"post_tag","embeddable":true,"href":"https:\/\/esviafm.com\/index.php\/wp-json\/wp\/v2\/tags?post=7935"}],"curies":[{"name":"wp","href":"https:\/\/api.w.org\/{rel}","templated":true}]}}