{"id":7931,"date":"2023-11-14T07:09:15","date_gmt":"2023-11-14T11:39:15","guid":{"rendered":"https:\/\/esviafm.com\/?p=7931"},"modified":"2023-11-14T07:09:15","modified_gmt":"2023-11-14T11:39:15","slug":"colombia-pedira-ante-la-onu-que-palestina-sea-reconocida-como-un-estado-pleno","status":"publish","type":"post","link":"https:\/\/esviafm.com\/index.php\/colombia-pedira-ante-la-onu-que-palestina-sea-reconocida-como-un-estado-pleno\/","title":{"rendered":"Colombia pedir\u00e1 ante la ONU que Palestina sea reconocida como un Estado pleno"},"content":{"rendered":"<p>El presidente de Colombia, Gustavo Petro, dijo este 13 de noviembre que presentar\u00e1 una propuesta ante las Naciones Unidas para que Palestina sea reconocida como un Estado pleno.<\/p>\n<div>\nEl mandatario latinoamericano a\u00f1adi\u00f3 que\u00a0<b>su Gobierno no comprar\u00e1 armas a los pa\u00edses que en la ONU votaron en contra\u00a0<\/b>o se abstuvieron de pronunciarse por un cese al fuego en la Franja de Gaza.<\/div>\n<div><\/div>\n<div>\n<div>\u00abColombia no comprar\u00e1 armas a pa\u00edses productores que hayan votado en contra o abstenci\u00f3n en la proposici\u00f3n que ordenaba cese al fuego en Gaza en Naciones Unidas\u00bb, afirm\u00f3 Petro.<\/p>\n<div>\n<b>El presidente colombiano critic\u00f3 el actuar de Israel tras el bombardeo a un hospital en la zona de Gaza<\/b>, y pidi\u00f3 a los pa\u00edses progresistas y democr\u00e1ticos acabar lo que llam\u00f3 \u00abuna carnicer\u00eda\u00bb.<\/div>\n<div><\/div>\n<\/div>\n<blockquote>\n<div>\n<div>\u00abLos pa\u00edses democr\u00e1ticos y progresistas deben luchar por preservar el derecho internacional humanitario para impedir que la barbarie se expanda en el mundo (\u2026) la carnicer\u00eda desatada por Netanyahu en el hospital Al Shifa, en Gaza\u00bb, pidi\u00f3.<\/div>\n<\/div>\n<\/blockquote>\n<div>\n<div>\n<b>Las relaciones entre Bogot\u00e1 y Tel Aviv han experimentado tensiones significativas<\/b>\u00a0desde el inicio del conflicto en Gaza, el pasado 7 de octubre.<br \/>\nEl 31 de octubre marc\u00f3 el \u00faltimo episodio de desencuentro entre ambas naciones, culminando en la decisi\u00f3n del presidente de convocar a consultas en Bogot\u00e1 a la embajadora en Israel, Margarita Manjarrez Herrera.<\/div>\n<div>\nIsrael ya hab\u00eda detenido la exportaci\u00f3n de seguridad a Colombia, como represalia a las declaraciones del presidente Petro sobre el bombardeo de la zona de Gaza y otros enclaves palestinos.<\/div>\n<div><\/div>\n<div>El pasado 7 de octubre, el movimiento palestino Ham\u00e1s lanz\u00f3 miles de misiles desde la Franja de Gaza en un ataque sin precedentes y realiz\u00f3 una incursi\u00f3n armada en las zonas fronterizas del sur de Israel, por lo que el primer ministro del Estado jud\u00edo, Benjam\u00edn Netanyahu, declar\u00f3 que el pa\u00eds \u00abest\u00e1 en guerra\u00bb.<\/div>\n<div>\nEn respuesta, el Ej\u00e9rcito israel\u00ed moviliz\u00f3 a 360.000 reservistas y procedi\u00f3 a una campa\u00f1a de intensos bombardeos a\u00e9reos sobre la Franja; a finales de octubre, las tropas israel\u00edes entraron en Gaza para destruir la infraestructura de Ham\u00e1s y recuperar a m\u00e1s de 200 rehenes.<\/div>\n<div>\nDesde el 9 de octubre, Israel mantiene el enclave palestino sin provisiones b\u00e1sicas y emplaza a cientos de miles de civiles a desplazarse hacia el sur, adonde la ayuda humanitaria internacional llega a cuentagotas a trav\u00e9s del paso de Rafah, en la frontera con Egipto.<br \/>\nGustavo Petro y Joe Biden en la Oficina Oval (archivo) &#8211; Sputnik Mundo, 1920, 04.11.2023<br \/>\nAm\u00e9rica Latina<\/p>\n<p>Numerosos pa\u00edses llamaron a Israel y a Ham\u00e1s a establecer un alto al fuego; tambi\u00e9n se multiplican las voces a favor de una soluci\u00f3n de dos Estados como \u00fanica v\u00eda posible para lograr una paz duradera en la regi\u00f3n.<\/p><\/div>\n<div>\nLas hostilidades han causado hasta la fecha unos 1.200 muertos y cerca de 5.500 heridos en Israel y m\u00e1s de 11.200 muertos, incluidos m\u00e1s de 4.600 menores de edad, y m\u00e1s de 28.000 heridos en la Franja de Gaza, seg\u00fan datos oficiales.<\/div>\n<\/div>\n<div><\/div>\n<div><strong>Fuente:\u00a0Sputnik<\/strong><\/div>\n<div><\/div>\n<\/div>\n<div class=\"pvc_clear\"><\/div>\n<p id=\"pvc_stats_7931\" class=\"pvc_stats all  \" data-element-id=\"7931\" style=\"\"><i class=\"pvc-stats-icon large\" aria-hidden=\"true\"><svg xmlns=\"http:\/\/www.w3.org\/2000\/svg\" version=\"1.0\" viewBox=\"0 0 502 315\" preserveAspectRatio=\"xMidYMid meet\"><g transform=\"translate(0,332) scale(0.1,-0.1)\" fill=\"\" stroke=\"none\"><path d=\"M2394 3279 l-29 -30 -3 -207 c-2 -182 0 -211 15 -242 39 -76 157 -76 196 0 15 31 17 60 15 243 l-3 209 -33 29 c-26 23 -41 29 -80 29 -41 0 -53 -5 -78 -31z\"\/><path d=\"M3085 3251 c-45 -19 -58 -50 -96 -229 -47 -217 -49 -260 -13 -295 52 -53 146 -42 177 20 16 31 87 366 87 410 0 70 -86 122 -155 94z\"\/><path d=\"M1751 3234 c-13 -9 -29 -31 -37 -50 -12 -29 -10 -49 21 -204 19 -94 39 -189 45 -210 14 -50 54 -80 110 -80 34 0 48 6 76 34 21 21 34 44 34 59 0 14 -18 113 -40 219 -37 178 -43 195 -70 221 -36 32 -101 37 -139 11z\"\/><path d=\"M1163 3073 c-36 -7 -73 -59 -73 -102 0 -56 133 -378 171 -413 34 -32 83 -37 129 -13 70 36 67 87 -16 290 -86 209 -89 214 -129 231 -35 14 -42 15 -82 7z\"\/><path d=\"M3689 3066 c-15 -9 -33 -30 -42 -48 -48 -103 -147 -355 -147 -375 0 -98 131 -148 192 -74 13 15 57 108 97 206 80 196 84 226 37 273 -30 30 -99 39 -137 18z\"\/><path d=\"M583 2784 c-38 -19 -67 -74 -58 -113 9 -42 211 -354 242 -373 16 -10 45 -18 66 -18 51 0 107 52 107 100 0 39 -1 41 -124 234 -80 126 -108 162 -133 173 -41 17 -61 16 -100 -3z\"\/><path d=\"M4250 2784 c-14 -9 -74 -91 -133 -183 -95 -150 -107 -173 -107 -213 0 -55 33 -94 87 -104 67 -13 90 8 211 198 130 202 137 225 78 284 -27 27 -42 34 -72 34 -22 0 -50 -8 -64 -16z\"\/><path d=\"M2275 2693 c-553 -48 -1095 -270 -1585 -649 -135 -104 -459 -423 -483 -476 -23 -49 -22 -139 2 -186 73 -142 361 -457 571 -626 285 -228 642 -407 990 -497 242 -63 336 -73 660 -74 310 0 370 5 595 52 535 111 1045 392 1455 803 122 121 250 273 275 326 19 41 19 137 0 174 -41 79 -309 363 -465 492 -447 370 -946 591 -1479 653 -113 14 -422 18 -536 8z m395 -428 c171 -34 330 -124 456 -258 112 -119 167 -219 211 -378 27 -96 24 -300 -5 -401 -72 -255 -236 -447 -474 -557 -132 -62 -201 -76 -368 -76 -167 0 -236 14 -368 76 -213 98 -373 271 -451 485 -162 444 86 934 547 1084 153 49 292 57 452 25z m909 -232 c222 -123 408 -262 593 -441 76 -74 138 -139 138 -144 0 -16 -233 -242 -330 -319 -155 -123 -309 -223 -461 -299 l-81 -41 32 46 c18 26 49 83 70 128 143 306 141 649 -6 957 -25 52 -61 116 -79 142 l-34 47 45 -20 c26 -10 76 -36 113 -56z m-2057 25 c-40 -58 -105 -190 -130 -263 -110 -324 -59 -707 132 -981 25 -35 42 -64 37 -64 -19 0 -241 119 -326 174 -188 122 -406 314 -532 468 l-58 71 108 103 c185 178 428 349 672 473 66 33 121 60 123 61 2 0 -10 -19 -26 -42z\"\/><path d=\"M2375 1950 c-198 -44 -350 -190 -395 -379 -18 -76 -8 -221 19 -290 114 -284 457 -406 731 -260 98 52 188 154 231 260 27 69 37 214 19 290 -38 163 -166 304 -326 360 -67 23 -215 33 -279 19z\"\/><\/g><\/svg><\/i> <img decoding=\"async\" width=\"16\" height=\"16\" alt=\"Loading\" src=\"https:\/\/esviafm.com\/wp-content\/plugins\/page-views-count\/ajax-loader-2x.gif\" border=0 \/><\/p>\n<div class=\"pvc_clear\"><\/div>\n","protected":false},"excerpt":{"rendered":"<p>El presidente de Colombia, Gustavo Petro, dijo este 13 de noviembre que presentar\u00e1 una propuesta ante las Naciones Unidas para que Palestina sea reconocida como un Estado pleno. El mandatario latinoamericano a\u00f1adi\u00f3 que\u00a0su Gobierno no comprar\u00e1 armas a los pa\u00edses que en la ONU votaron en contra\u00a0o se abstuvieron de pronunciarse por un cese al [&hellip;]<\/p>\n<div class=\"pvc_clear\"><\/div>\n<p id=\"pvc_stats_7931\" class=\"pvc_stats all  \" data-element-id=\"7931\" style=\"\"><i class=\"pvc-stats-icon large\" aria-hidden=\"true\"><svg xmlns=\"http:\/\/www.w3.org\/2000\/svg\" version=\"1.0\" viewBox=\"0 0 502 315\" preserveAspectRatio=\"xMidYMid meet\"><g transform=\"translate(0,332) scale(0.1,-0.1)\" fill=\"\" stroke=\"none\"><path d=\"M2394 3279 l-29 -30 -3 -207 c-2 -182 0 -211 15 -242 39 -76 157 -76 196 0 15 31 17 60 15 243 l-3 209 -33 29 c-26 23 -41 29 -80 29 -41 0 -53 -5 -78 -31z\"\/><path d=\"M3085 3251 c-45 -19 -58 -50 -96 -229 -47 -217 -49 -260 -13 -295 52 -53 146 -42 177 20 16 31 87 366 87 410 0 70 -86 122 -155 94z\"\/><path d=\"M1751 3234 c-13 -9 -29 -31 -37 -50 -12 -29 -10 -49 21 -204 19 -94 39 -189 45 -210 14 -50 54 -80 110 -80 34 0 48 6 76 34 21 21 34 44 34 59 0 14 -18 113 -40 219 -37 178 -43 195 -70 221 -36 32 -101 37 -139 11z\"\/><path d=\"M1163 3073 c-36 -7 -73 -59 -73 -102 0 -56 133 -378 171 -413 34 -32 83 -37 129 -13 70 36 67 87 -16 290 -86 209 -89 214 -129 231 -35 14 -42 15 -82 7z\"\/><path d=\"M3689 3066 c-15 -9 -33 -30 -42 -48 -48 -103 -147 -355 -147 -375 0 -98 131 -148 192 -74 13 15 57 108 97 206 80 196 84 226 37 273 -30 30 -99 39 -137 18z\"\/><path d=\"M583 2784 c-38 -19 -67 -74 -58 -113 9 -42 211 -354 242 -373 16 -10 45 -18 66 -18 51 0 107 52 107 100 0 39 -1 41 -124 234 -80 126 -108 162 -133 173 -41 17 -61 16 -100 -3z\"\/><path d=\"M4250 2784 c-14 -9 -74 -91 -133 -183 -95 -150 -107 -173 -107 -213 0 -55 33 -94 87 -104 67 -13 90 8 211 198 130 202 137 225 78 284 -27 27 -42 34 -72 34 -22 0 -50 -8 -64 -16z\"\/><path d=\"M2275 2693 c-553 -48 -1095 -270 -1585 -649 -135 -104 -459 -423 -483 -476 -23 -49 -22 -139 2 -186 73 -142 361 -457 571 -626 285 -228 642 -407 990 -497 242 -63 336 -73 660 -74 310 0 370 5 595 52 535 111 1045 392 1455 803 122 121 250 273 275 326 19 41 19 137 0 174 -41 79 -309 363 -465 492 -447 370 -946 591 -1479 653 -113 14 -422 18 -536 8z m395 -428 c171 -34 330 -124 456 -258 112 -119 167 -219 211 -378 27 -96 24 -300 -5 -401 -72 -255 -236 -447 -474 -557 -132 -62 -201 -76 -368 -76 -167 0 -236 14 -368 76 -213 98 -373 271 -451 485 -162 444 86 934 547 1084 153 49 292 57 452 25z m909 -232 c222 -123 408 -262 593 -441 76 -74 138 -139 138 -144 0 -16 -233 -242 -330 -319 -155 -123 -309 -223 -461 -299 l-81 -41 32 46 c18 26 49 83 70 128 143 306 141 649 -6 957 -25 52 -61 116 -79 142 l-34 47 45 -20 c26 -10 76 -36 113 -56z m-2057 25 c-40 -58 -105 -190 -130 -263 -110 -324 -59 -707 132 -981 25 -35 42 -64 37 -64 -19 0 -241 119 -326 174 -188 122 -406 314 -532 468 l-58 71 108 103 c185 178 428 349 672 473 66 33 121 60 123 61 2 0 -10 -19 -26 -42z\"\/><path d=\"M2375 1950 c-198 -44 -350 -190 -395 -379 -18 -76 -8 -221 19 -290 114 -284 457 -406 731 -260 98 52 188 154 231 260 27 69 37 214 19 290 -38 163 -166 304 -326 360 -67 23 -215 33 -279 19z\"\/><\/g><\/svg><\/i> <img decoding=\"async\" width=\"16\" height=\"16\" alt=\"Loading\" src=\"https:\/\/esviafm.com\/wp-content\/plugins\/page-views-count\/ajax-loader-2x.gif\" border=0 \/><\/p>\n<div class=\"pvc_clear\"><\/div>\n","protected":false},"author":2,"featured_media":0,"comment_status":"open","ping_status":"open","sticky":false,"template":"","format":"standard","meta":{"_et_pb_use_builder":"","_et_pb_old_content":"","_et_gb_content_width":"","footnotes":""},"categories":[17],"tags":[],"class_list":["post-7931","post","type-post","status-publish","format-standard","hentry","category-internacionales"],"_links":{"self":[{"href":"https:\/\/esviafm.com\/index.php\/wp-json\/wp\/v2\/posts\/7931","targetHints":{"allow":["GET"]}}],"collection":[{"href":"https:\/\/esviafm.com\/index.php\/wp-json\/wp\/v2\/posts"}],"about":[{"href":"https:\/\/esviafm.com\/index.php\/wp-json\/wp\/v2\/types\/post"}],"author":[{"embeddable":true,"href":"https:\/\/esviafm.com\/index.php\/wp-json\/wp\/v2\/users\/2"}],"replies":[{"embeddable":true,"href":"https:\/\/esviafm.com\/index.php\/wp-json\/wp\/v2\/comments?post=7931"}],"version-history":[{"count":2,"href":"https:\/\/esviafm.com\/index.php\/wp-json\/wp\/v2\/posts\/7931\/revisions"}],"predecessor-version":[{"id":7934,"href":"https:\/\/esviafm.com\/index.php\/wp-json\/wp\/v2\/posts\/7931\/revisions\/7934"}],"wp:attachment":[{"href":"https:\/\/esviafm.com\/index.php\/wp-json\/wp\/v2\/media?parent=7931"}],"wp:term":[{"taxonomy":"category","embeddable":true,"href":"https:\/\/esviafm.com\/index.php\/wp-json\/wp\/v2\/categories?post=7931"},{"taxonomy":"post_tag","embeddable":true,"href":"https:\/\/esviafm.com\/index.php\/wp-json\/wp\/v2\/tags?post=7931"}],"curies":[{"name":"wp","href":"https:\/\/api.w.org\/{rel}","templated":true}]}}