{"id":7643,"date":"2023-11-09T07:27:14","date_gmt":"2023-11-09T11:57:14","guid":{"rendered":"https:\/\/esviafm.com\/?p=7643"},"modified":"2023-11-09T07:27:14","modified_gmt":"2023-11-09T11:57:14","slug":"yeferson-soteldo-podria-ser-baja-en-la-vinotinto-por-lesion","status":"publish","type":"post","link":"https:\/\/esviafm.com\/index.php\/yeferson-soteldo-podria-ser-baja-en-la-vinotinto-por-lesion\/","title":{"rendered":"Yeferson Soteldo podr\u00eda ser baja en la Vinotinto por lesi\u00f3n"},"content":{"rendered":"<p>Yeferson Soteldo estar\u00e1 alejado de las canchas por dos semanas por una lesi\u00f3n. El delantero de 26 a\u00f1os de edad fue diagnosticado con un\u00a0<strong>edema en el muslo izquierdo<\/strong>, inform\u00f3\u00a0<em><a href=\"https:\/\/ge.globo.com\/sp\/santos-e-regiao\/futebol\/times\/santos\/noticia\/2023\/11\/07\/soteldo-tem-lesao-diagnosticada-e-vira-desfalque-no-santos.ghtml\" target=\"_blank\" rel=\"noopener\">Globo<\/a><\/em>. El medio brasile\u00f1o especific\u00f3 que dada la situaci\u00f3n, Soteldo no podr\u00e1 jugar con el Santos en el partido de este jueves frente al Goi\u00e1s.<\/p>\n<p>La situaci\u00f3n encendi\u00f3 la alarma de los fan\u00e1ticos de la\u00a0<a href=\"https:\/\/www.elnacional.com\/deportes\/quienes-son-los-convocados-para-la-doble-fecha-de-la-vinotinto\/\" target=\"_blank\" rel=\"noopener\">Vinotinto<\/a>\u00a0en las redes sociales: Soteldo es uno de los\u00a0<strong>convocados<\/strong>\u00a0por Fernando Bocha Batista para enfrentar la doble fecha de las Eliminatorias del Mundial 2026.<\/p>\n<p>Dado el tiempo que estar\u00e1 de baja, el atacante venezolano no podr\u00e1 jugar el partido de la Vinotinto el pr\u00f3ximo 16 de noviembre\u00a0<strong>contra Ecuador<\/strong>\u00a0en el Estadio Monumental de Matur\u00edn. Sin embargo, si podr\u00eda estar disponible para enfrentar a Per\u00fa el 21 de noviembre en el Estadio Nacional de Lima, dependiendo de c\u00f3mo avance su recuperaci\u00f3n.<\/p>\n<p>Antes de que se le diagnosticara la lesi\u00f3n, Soteldo dio muestras de agotamiento f\u00edsico que casi lo aleja de las canchas en los \u00faltimos\u00a0<strong>dos partidos del Santos<\/strong>. A pesar de su desgaste, el entrenador del equipo, Marcelo Fernandes, lo seleccion\u00f3 para jugar dada la importancia de los partidos.<\/p>\n<p>Venezuela tendr\u00e1 que hacerle frente a Ecuador sin una de sus piezas fundamentales despu\u00e9s de iniciar de forma exitosa la ronda de eliminatorias. Por lo momentos, la selecci\u00f3n acumula<strong>\u00a07 puntos<\/strong>\u00a0tras vencer a Chile y empatar contra Brasil.<\/p>\n<p dir=\"ltr\" lang=\"es\">\u00abYeferson Soteldo\u00bb es tendencia porque informan que sufri\u00f3 un edema en el muslo izquierdo, pero de momento, se desconoce la gravedad de la lesi\u00f3n.<\/p>\n<p>Es posible que se pierda la fecha fifa<\/p>\n<p><strong>Fuente : El Nacional\u00a0<\/strong><\/p>\n<div class=\"pvc_clear\"><\/div>\n<p id=\"pvc_stats_7643\" class=\"pvc_stats all  \" data-element-id=\"7643\" style=\"\"><i class=\"pvc-stats-icon large\" aria-hidden=\"true\"><svg xmlns=\"http:\/\/www.w3.org\/2000\/svg\" version=\"1.0\" viewBox=\"0 0 502 315\" preserveAspectRatio=\"xMidYMid meet\"><g transform=\"translate(0,332) scale(0.1,-0.1)\" fill=\"\" stroke=\"none\"><path d=\"M2394 3279 l-29 -30 -3 -207 c-2 -182 0 -211 15 -242 39 -76 157 -76 196 0 15 31 17 60 15 243 l-3 209 -33 29 c-26 23 -41 29 -80 29 -41 0 -53 -5 -78 -31z\"\/><path d=\"M3085 3251 c-45 -19 -58 -50 -96 -229 -47 -217 -49 -260 -13 -295 52 -53 146 -42 177 20 16 31 87 366 87 410 0 70 -86 122 -155 94z\"\/><path d=\"M1751 3234 c-13 -9 -29 -31 -37 -50 -12 -29 -10 -49 21 -204 19 -94 39 -189 45 -210 14 -50 54 -80 110 -80 34 0 48 6 76 34 21 21 34 44 34 59 0 14 -18 113 -40 219 -37 178 -43 195 -70 221 -36 32 -101 37 -139 11z\"\/><path d=\"M1163 3073 c-36 -7 -73 -59 -73 -102 0 -56 133 -378 171 -413 34 -32 83 -37 129 -13 70 36 67 87 -16 290 -86 209 -89 214 -129 231 -35 14 -42 15 -82 7z\"\/><path d=\"M3689 3066 c-15 -9 -33 -30 -42 -48 -48 -103 -147 -355 -147 -375 0 -98 131 -148 192 -74 13 15 57 108 97 206 80 196 84 226 37 273 -30 30 -99 39 -137 18z\"\/><path d=\"M583 2784 c-38 -19 -67 -74 -58 -113 9 -42 211 -354 242 -373 16 -10 45 -18 66 -18 51 0 107 52 107 100 0 39 -1 41 -124 234 -80 126 -108 162 -133 173 -41 17 -61 16 -100 -3z\"\/><path d=\"M4250 2784 c-14 -9 -74 -91 -133 -183 -95 -150 -107 -173 -107 -213 0 -55 33 -94 87 -104 67 -13 90 8 211 198 130 202 137 225 78 284 -27 27 -42 34 -72 34 -22 0 -50 -8 -64 -16z\"\/><path d=\"M2275 2693 c-553 -48 -1095 -270 -1585 -649 -135 -104 -459 -423 -483 -476 -23 -49 -22 -139 2 -186 73 -142 361 -457 571 -626 285 -228 642 -407 990 -497 242 -63 336 -73 660 -74 310 0 370 5 595 52 535 111 1045 392 1455 803 122 121 250 273 275 326 19 41 19 137 0 174 -41 79 -309 363 -465 492 -447 370 -946 591 -1479 653 -113 14 -422 18 -536 8z m395 -428 c171 -34 330 -124 456 -258 112 -119 167 -219 211 -378 27 -96 24 -300 -5 -401 -72 -255 -236 -447 -474 -557 -132 -62 -201 -76 -368 -76 -167 0 -236 14 -368 76 -213 98 -373 271 -451 485 -162 444 86 934 547 1084 153 49 292 57 452 25z m909 -232 c222 -123 408 -262 593 -441 76 -74 138 -139 138 -144 0 -16 -233 -242 -330 -319 -155 -123 -309 -223 -461 -299 l-81 -41 32 46 c18 26 49 83 70 128 143 306 141 649 -6 957 -25 52 -61 116 -79 142 l-34 47 45 -20 c26 -10 76 -36 113 -56z m-2057 25 c-40 -58 -105 -190 -130 -263 -110 -324 -59 -707 132 -981 25 -35 42 -64 37 -64 -19 0 -241 119 -326 174 -188 122 -406 314 -532 468 l-58 71 108 103 c185 178 428 349 672 473 66 33 121 60 123 61 2 0 -10 -19 -26 -42z\"\/><path d=\"M2375 1950 c-198 -44 -350 -190 -395 -379 -18 -76 -8 -221 19 -290 114 -284 457 -406 731 -260 98 52 188 154 231 260 27 69 37 214 19 290 -38 163 -166 304 -326 360 -67 23 -215 33 -279 19z\"\/><\/g><\/svg><\/i> <img decoding=\"async\" width=\"16\" height=\"16\" alt=\"Loading\" src=\"https:\/\/esviafm.com\/wp-content\/plugins\/page-views-count\/ajax-loader-2x.gif\" border=0 \/><\/p>\n<div class=\"pvc_clear\"><\/div>\n","protected":false},"excerpt":{"rendered":"<p>Yeferson Soteldo estar\u00e1 alejado de las canchas por dos semanas por una lesi\u00f3n. El delantero de 26 a\u00f1os de edad fue diagnosticado con un\u00a0edema en el muslo izquierdo, inform\u00f3\u00a0Globo. El medio brasile\u00f1o especific\u00f3 que dada la situaci\u00f3n, Soteldo no podr\u00e1 jugar con el Santos en el partido de este jueves frente al Goi\u00e1s. La situaci\u00f3n [&hellip;]<\/p>\n<div class=\"pvc_clear\"><\/div>\n<p id=\"pvc_stats_7643\" class=\"pvc_stats all  \" data-element-id=\"7643\" style=\"\"><i class=\"pvc-stats-icon large\" aria-hidden=\"true\"><svg xmlns=\"http:\/\/www.w3.org\/2000\/svg\" version=\"1.0\" viewBox=\"0 0 502 315\" preserveAspectRatio=\"xMidYMid meet\"><g transform=\"translate(0,332) scale(0.1,-0.1)\" fill=\"\" stroke=\"none\"><path d=\"M2394 3279 l-29 -30 -3 -207 c-2 -182 0 -211 15 -242 39 -76 157 -76 196 0 15 31 17 60 15 243 l-3 209 -33 29 c-26 23 -41 29 -80 29 -41 0 -53 -5 -78 -31z\"\/><path d=\"M3085 3251 c-45 -19 -58 -50 -96 -229 -47 -217 -49 -260 -13 -295 52 -53 146 -42 177 20 16 31 87 366 87 410 0 70 -86 122 -155 94z\"\/><path d=\"M1751 3234 c-13 -9 -29 -31 -37 -50 -12 -29 -10 -49 21 -204 19 -94 39 -189 45 -210 14 -50 54 -80 110 -80 34 0 48 6 76 34 21 21 34 44 34 59 0 14 -18 113 -40 219 -37 178 -43 195 -70 221 -36 32 -101 37 -139 11z\"\/><path d=\"M1163 3073 c-36 -7 -73 -59 -73 -102 0 -56 133 -378 171 -413 34 -32 83 -37 129 -13 70 36 67 87 -16 290 -86 209 -89 214 -129 231 -35 14 -42 15 -82 7z\"\/><path d=\"M3689 3066 c-15 -9 -33 -30 -42 -48 -48 -103 -147 -355 -147 -375 0 -98 131 -148 192 -74 13 15 57 108 97 206 80 196 84 226 37 273 -30 30 -99 39 -137 18z\"\/><path d=\"M583 2784 c-38 -19 -67 -74 -58 -113 9 -42 211 -354 242 -373 16 -10 45 -18 66 -18 51 0 107 52 107 100 0 39 -1 41 -124 234 -80 126 -108 162 -133 173 -41 17 -61 16 -100 -3z\"\/><path d=\"M4250 2784 c-14 -9 -74 -91 -133 -183 -95 -150 -107 -173 -107 -213 0 -55 33 -94 87 -104 67 -13 90 8 211 198 130 202 137 225 78 284 -27 27 -42 34 -72 34 -22 0 -50 -8 -64 -16z\"\/><path d=\"M2275 2693 c-553 -48 -1095 -270 -1585 -649 -135 -104 -459 -423 -483 -476 -23 -49 -22 -139 2 -186 73 -142 361 -457 571 -626 285 -228 642 -407 990 -497 242 -63 336 -73 660 -74 310 0 370 5 595 52 535 111 1045 392 1455 803 122 121 250 273 275 326 19 41 19 137 0 174 -41 79 -309 363 -465 492 -447 370 -946 591 -1479 653 -113 14 -422 18 -536 8z m395 -428 c171 -34 330 -124 456 -258 112 -119 167 -219 211 -378 27 -96 24 -300 -5 -401 -72 -255 -236 -447 -474 -557 -132 -62 -201 -76 -368 -76 -167 0 -236 14 -368 76 -213 98 -373 271 -451 485 -162 444 86 934 547 1084 153 49 292 57 452 25z m909 -232 c222 -123 408 -262 593 -441 76 -74 138 -139 138 -144 0 -16 -233 -242 -330 -319 -155 -123 -309 -223 -461 -299 l-81 -41 32 46 c18 26 49 83 70 128 143 306 141 649 -6 957 -25 52 -61 116 -79 142 l-34 47 45 -20 c26 -10 76 -36 113 -56z m-2057 25 c-40 -58 -105 -190 -130 -263 -110 -324 -59 -707 132 -981 25 -35 42 -64 37 -64 -19 0 -241 119 -326 174 -188 122 -406 314 -532 468 l-58 71 108 103 c185 178 428 349 672 473 66 33 121 60 123 61 2 0 -10 -19 -26 -42z\"\/><path d=\"M2375 1950 c-198 -44 -350 -190 -395 -379 -18 -76 -8 -221 19 -290 114 -284 457 -406 731 -260 98 52 188 154 231 260 27 69 37 214 19 290 -38 163 -166 304 -326 360 -67 23 -215 33 -279 19z\"\/><\/g><\/svg><\/i> <img decoding=\"async\" width=\"16\" height=\"16\" alt=\"Loading\" src=\"https:\/\/esviafm.com\/wp-content\/plugins\/page-views-count\/ajax-loader-2x.gif\" border=0 \/><\/p>\n<div class=\"pvc_clear\"><\/div>\n","protected":false},"author":2,"featured_media":0,"comment_status":"open","ping_status":"open","sticky":false,"template":"","format":"standard","meta":{"_et_pb_use_builder":"","_et_pb_old_content":"","_et_gb_content_width":"","footnotes":""},"categories":[13],"tags":[],"class_list":["post-7643","post","type-post","status-publish","format-standard","hentry","category-deportes"],"_links":{"self":[{"href":"https:\/\/esviafm.com\/index.php\/wp-json\/wp\/v2\/posts\/7643","targetHints":{"allow":["GET"]}}],"collection":[{"href":"https:\/\/esviafm.com\/index.php\/wp-json\/wp\/v2\/posts"}],"about":[{"href":"https:\/\/esviafm.com\/index.php\/wp-json\/wp\/v2\/types\/post"}],"author":[{"embeddable":true,"href":"https:\/\/esviafm.com\/index.php\/wp-json\/wp\/v2\/users\/2"}],"replies":[{"embeddable":true,"href":"https:\/\/esviafm.com\/index.php\/wp-json\/wp\/v2\/comments?post=7643"}],"version-history":[{"count":1,"href":"https:\/\/esviafm.com\/index.php\/wp-json\/wp\/v2\/posts\/7643\/revisions"}],"predecessor-version":[{"id":7645,"href":"https:\/\/esviafm.com\/index.php\/wp-json\/wp\/v2\/posts\/7643\/revisions\/7645"}],"wp:attachment":[{"href":"https:\/\/esviafm.com\/index.php\/wp-json\/wp\/v2\/media?parent=7643"}],"wp:term":[{"taxonomy":"category","embeddable":true,"href":"https:\/\/esviafm.com\/index.php\/wp-json\/wp\/v2\/categories?post=7643"},{"taxonomy":"post_tag","embeddable":true,"href":"https:\/\/esviafm.com\/index.php\/wp-json\/wp\/v2\/tags?post=7643"}],"curies":[{"name":"wp","href":"https:\/\/api.w.org\/{rel}","templated":true}]}}