{"id":7570,"date":"2023-11-09T06:25:37","date_gmt":"2023-11-09T10:55:37","guid":{"rendered":"https:\/\/esviafm.com\/?p=7570"},"modified":"2023-11-09T06:26:37","modified_gmt":"2023-11-09T10:56:37","slug":"presidente-maduro-conmemora-el-bicentenario-de-la-toma-de-puerto-cabello","status":"publish","type":"post","link":"https:\/\/esviafm.com\/index.php\/presidente-maduro-conmemora-el-bicentenario-de-la-toma-de-puerto-cabello\/","title":{"rendered":"Presidente Maduro conmemora el Bicentenario de la Toma de Puerto Cabello"},"content":{"rendered":"<p>El presidente Nicol\u00e1s Maduro, encabez\u00f3 este mi\u00e9rcoles el acto con el que se conmemora el Bicentenario de la Toma de Puerto Cabello, una brillante operaci\u00f3n militar comandada por Jos\u00e9 Antonio P\u00e1ez los d\u00edas 7 y 8 de noviembre de 1823, empleando el Principio de la Guerra de \u201cSorpresa\u201d.<\/p>\n<p>En aquella operaci\u00f3n militar se emplearon tropas desnudas en un sigiloso movimiento nocturno, ocupando los trincherones, y dos d\u00edas despu\u00e9s el castillo de San Felipe (obra de arquitectura militar, tambi\u00e9n conocida como Castillo Libertador, localizada en la base naval Agust\u00edn Armario de Puerto Cabello, Venezuela), \u00faltimo basti\u00f3n realista en Venezuela.<\/p>\n<p>Con ello, culmina de gloriosa manera la guerra de independencia y el domin\u00f3 espa\u00f1ol por m\u00e1s de trescientos a\u00f1os;\u00a0se materializaba el sue\u00f1o del Padre de la Patria, Sim\u00f3n Bol\u00edvar, exteriorizado a los cuatro vientos en la antigua Roma en Monte Sacro el 15 de agosto de 1805. Aquella fecha hoy reivindica los espacios de esta ciudad, 200 a\u00f1os despu\u00e9s, como la Plaza\u00a0Bicentenaria de Puerto Cabello;\u00a0con \u00e1reas rehabilitadas, y que son apreciadas en un recorrido que realiz\u00f3 el Jefe de Estado venezolano, en el contexto del Bicentenario de la Toma de Puerto Cabello.<\/p>\n<p>En el orden de este recorrido, los presentes en la Plaza Bicentenaria vieron la obra de teatro \u201cSemblanza de la Toma de Puerto Cabello\u201d, a cargo del grupo de teatro Compa\u00f1\u00eda Regional de Teatro de Carabobo y la muestra de maquetas emblem\u00e1ticas de la evoluci\u00f3n hist\u00f3rica. de la ciudad de Puerto Cabello.<\/p>\n<p>Seguidamente, se dieron los Honores Militares, a cargo de la agrupaci\u00f3n de parada, al Presidente y Comandante en Jefe de la Fuerza Armada Nacional Bol\u00edvar (FANB), seguido de la proyecci\u00f3n de video institucional.<\/p>\n<p>Tambi\u00e9n, matiz\u00f3 esta actividad la obra de teatro \u201cLos h\u00e9roes narran la Toma de Puerto Cabello\u201d, a cargo del grupo de teatro de la Universidad Militar Bolivariana de Venezuela, para dar paso a palabras a cargo de Rafael Lacava, gobernador del estado Carabobo;\u00a0del Vlad\u00edmir Padrino L\u00f3pez, vicepresidente Sectorial de Soberan\u00eda Pol\u00edtica, Seguridad y Paz y ministro para la Defensa;\u00a0y del Dignatario venezolano, Nicol\u00e1s Maduro.<\/p>\n<p>Esta jornada que materializa la celebraci\u00f3n del Bicentenario de la Toma de Puerto Cabello, \u00faltimo enfrentamiento militar de envergadura librado en la Guerra de Independencia de Venezuela a finales de 1823 y que signific\u00f3 el final de asentamiento militar alguno estable de la Corona espa\u00f1ola en territorio venezolano, finaliz\u00f3 con un cierre musical con la canci\u00f3n: El Esequibo es Nuestro.<\/p>\n<p>Tambi\u00e9n acompa\u00f1aron al Mandatario bolivariano en esta conmemoraci\u00f3n, la diputada Cilia Flores;\u00a0el Mayor General Orlando Romero Bol\u00edvar, comandante de la Regi\u00f3n Estrat\u00e9gica de Defensa Integral (REDI) Central;\u00a0PAGAblo Lizano Colmenter, comandante de la Zona Operativa de Defensa Integral (ZODI) Carabobo, as\u00ed como integrantes del gabinete ministerial bolivariano.<\/p>\n<p><b>Historia<\/b><\/p>\n<p>Casi lograda la independencia de Venezuela el 24 de junio de 1821 con la batalla de Carabobo, a\u00fan permanec\u00edan en manos realistas las guarniciones realistas de Cuman\u00e1, Maracaibo y Puerto Cabello.<\/p>\n<p>En este sentido, consolidar la ansiada emancipaci\u00f3n, requiri\u00f3 poco m\u00e1s de dos a\u00f1os y sesenta y cuatro nuevas acciones militares, que culminar\u00edan exitosamente el 8 de noviembre de 1823 en Puerto Cabello.<\/p>\n<p>Desde septiembre de 1823, \u201cLa Primera Lanza del mundo\u201d, le exig\u00eda mediante correspondencias al general Sebasti\u00e1n de la Calzada la rendici\u00f3n, pero la respuesta siempre fue negativa.<\/p>\n<p>P\u00e1ez que ya hab\u00eda ocupado el fort\u00edn Solano, recibiendo informaci\u00f3n de las posiciones espa\u00f1olas dentro del fuerte a trav\u00e9s de Jacinto Iztueta, quien enviaba datos con su esclavo Juli\u00e1n Ibarra.<\/p>\n<p>La noche del cinco de noviembre, un capit\u00e1n y dos tenientes acompa\u00f1an a Juli\u00e1n en un reconocimiento.<\/p>\n<p>P\u00e1ez contaba con el impetuoso G\/J Jos\u00e9 Francisco Berm\u00fadez, conocido como \u201cJos\u00e9 Francisco Pueblo\u201d.<\/p>\n<p>El 7 de noviembre a las 10 de la noche, la \u201cToma\u201d se inici\u00f3 desde el fuerte del Trincher\u00f3n, sale Ibarra guiando por los manglares a 500 hombres al mando del mayor Manuel Cala y como segundo al mando el Tte.\u00a0Cnel Andr\u00e9s Elorza.<\/p>\n<p>Un grupo de 400 infantes del Batall\u00f3n Anzo\u00e1tegui, comandados por el Teniente Coronel brasile\u00f1o Jos\u00e9 Abreu De Lima y 100 lanceros del Regimiento de Honor.<\/p>\n<p>Francisco Farf\u00e1n;\u00a0avanzaron durante cuatro horas en forma sigilosa hacia la ciudadela a unos mil metros entre los manglares con el agua hasta el pecho, desarrollando un combate sorpresivo de apenas media hora para lograr la rendici\u00f3n, y la ocupaci\u00f3n inmediata de los baluartes Pr\u00edncipe, Princesa y Corito.<\/p>\n<p>El coronel realista, el coriano Manuel Carrera Colina en la confusi\u00f3n se escapa hacia el fuerte San Felipe donde resiste hasta el d\u00eda 10;\u00a0Sebasti\u00e1n de la Calzada y su estado mayor son entregados al general P\u00e1ez a las seis de la ma\u00f1ana por dos sacerdotes que los ten\u00edan en la iglesia del Rosario;\u00a0Calzada le entrega su espada a P\u00e1ez en se\u00f1al de rendici\u00f3n.<\/p>\n<p>Las bajas realistas fueron de ciento cincuenta y seis muertos, m\u00e1s de quinientos prisioneros, adem\u00e1s de capturarse sesenta piezas de artiller\u00eda, seiscientos fusiles, seis lanchas y tres mil quinientos quintales de p\u00f3lvora, la corbeta \u201cBail\u00e9n\u201d fue incendiada.<\/p>\n<p>Por parte de las fuerzas republicanas, hubo diez muertos y treinta y cinco heridos.\u00a0Iztueta es designado el 16 de noviembre alcalde del cabildo porte\u00f1o.\u00a0El fiel Juli\u00e1n dej\u00f3 de ser esclavo, recibiendo el grado de capit\u00e1n.<\/p>\n<p>El Libertador Sim\u00f3n Bol\u00edvar dijo: \u201cPuerto Cabello, es el monumento m\u00e1s grande a la gloria de P\u00e1ez\u201d.<\/p>\n<p><strong>Fuente : Globovision\u00a0<\/strong><\/p>\n<div class=\"pvc_clear\"><\/div>\n<p id=\"pvc_stats_7570\" class=\"pvc_stats all  \" data-element-id=\"7570\" style=\"\"><i class=\"pvc-stats-icon large\" aria-hidden=\"true\"><svg xmlns=\"http:\/\/www.w3.org\/2000\/svg\" version=\"1.0\" viewBox=\"0 0 502 315\" preserveAspectRatio=\"xMidYMid meet\"><g transform=\"translate(0,332) scale(0.1,-0.1)\" fill=\"\" stroke=\"none\"><path d=\"M2394 3279 l-29 -30 -3 -207 c-2 -182 0 -211 15 -242 39 -76 157 -76 196 0 15 31 17 60 15 243 l-3 209 -33 29 c-26 23 -41 29 -80 29 -41 0 -53 -5 -78 -31z\"\/><path d=\"M3085 3251 c-45 -19 -58 -50 -96 -229 -47 -217 -49 -260 -13 -295 52 -53 146 -42 177 20 16 31 87 366 87 410 0 70 -86 122 -155 94z\"\/><path d=\"M1751 3234 c-13 -9 -29 -31 -37 -50 -12 -29 -10 -49 21 -204 19 -94 39 -189 45 -210 14 -50 54 -80 110 -80 34 0 48 6 76 34 21 21 34 44 34 59 0 14 -18 113 -40 219 -37 178 -43 195 -70 221 -36 32 -101 37 -139 11z\"\/><path d=\"M1163 3073 c-36 -7 -73 -59 -73 -102 0 -56 133 -378 171 -413 34 -32 83 -37 129 -13 70 36 67 87 -16 290 -86 209 -89 214 -129 231 -35 14 -42 15 -82 7z\"\/><path d=\"M3689 3066 c-15 -9 -33 -30 -42 -48 -48 -103 -147 -355 -147 -375 0 -98 131 -148 192 -74 13 15 57 108 97 206 80 196 84 226 37 273 -30 30 -99 39 -137 18z\"\/><path d=\"M583 2784 c-38 -19 -67 -74 -58 -113 9 -42 211 -354 242 -373 16 -10 45 -18 66 -18 51 0 107 52 107 100 0 39 -1 41 -124 234 -80 126 -108 162 -133 173 -41 17 -61 16 -100 -3z\"\/><path d=\"M4250 2784 c-14 -9 -74 -91 -133 -183 -95 -150 -107 -173 -107 -213 0 -55 33 -94 87 -104 67 -13 90 8 211 198 130 202 137 225 78 284 -27 27 -42 34 -72 34 -22 0 -50 -8 -64 -16z\"\/><path d=\"M2275 2693 c-553 -48 -1095 -270 -1585 -649 -135 -104 -459 -423 -483 -476 -23 -49 -22 -139 2 -186 73 -142 361 -457 571 -626 285 -228 642 -407 990 -497 242 -63 336 -73 660 -74 310 0 370 5 595 52 535 111 1045 392 1455 803 122 121 250 273 275 326 19 41 19 137 0 174 -41 79 -309 363 -465 492 -447 370 -946 591 -1479 653 -113 14 -422 18 -536 8z m395 -428 c171 -34 330 -124 456 -258 112 -119 167 -219 211 -378 27 -96 24 -300 -5 -401 -72 -255 -236 -447 -474 -557 -132 -62 -201 -76 -368 -76 -167 0 -236 14 -368 76 -213 98 -373 271 -451 485 -162 444 86 934 547 1084 153 49 292 57 452 25z m909 -232 c222 -123 408 -262 593 -441 76 -74 138 -139 138 -144 0 -16 -233 -242 -330 -319 -155 -123 -309 -223 -461 -299 l-81 -41 32 46 c18 26 49 83 70 128 143 306 141 649 -6 957 -25 52 -61 116 -79 142 l-34 47 45 -20 c26 -10 76 -36 113 -56z m-2057 25 c-40 -58 -105 -190 -130 -263 -110 -324 -59 -707 132 -981 25 -35 42 -64 37 -64 -19 0 -241 119 -326 174 -188 122 -406 314 -532 468 l-58 71 108 103 c185 178 428 349 672 473 66 33 121 60 123 61 2 0 -10 -19 -26 -42z\"\/><path d=\"M2375 1950 c-198 -44 -350 -190 -395 -379 -18 -76 -8 -221 19 -290 114 -284 457 -406 731 -260 98 52 188 154 231 260 27 69 37 214 19 290 -38 163 -166 304 -326 360 -67 23 -215 33 -279 19z\"\/><\/g><\/svg><\/i> <img decoding=\"async\" width=\"16\" height=\"16\" alt=\"Loading\" src=\"https:\/\/esviafm.com\/wp-content\/plugins\/page-views-count\/ajax-loader-2x.gif\" border=0 \/><\/p>\n<div class=\"pvc_clear\"><\/div>\n","protected":false},"excerpt":{"rendered":"<p>El presidente Nicol\u00e1s Maduro, encabez\u00f3 este mi\u00e9rcoles el acto con el que se conmemora el Bicentenario de la Toma de Puerto Cabello, una brillante operaci\u00f3n militar comandada por Jos\u00e9 Antonio P\u00e1ez los d\u00edas 7 y 8 de noviembre de 1823, empleando el Principio de la Guerra de \u201cSorpresa\u201d. En aquella operaci\u00f3n militar se emplearon tropas [&hellip;]<\/p>\n<div class=\"pvc_clear\"><\/div>\n<p id=\"pvc_stats_7570\" class=\"pvc_stats all  \" data-element-id=\"7570\" style=\"\"><i class=\"pvc-stats-icon large\" aria-hidden=\"true\"><svg xmlns=\"http:\/\/www.w3.org\/2000\/svg\" version=\"1.0\" viewBox=\"0 0 502 315\" preserveAspectRatio=\"xMidYMid meet\"><g transform=\"translate(0,332) scale(0.1,-0.1)\" fill=\"\" stroke=\"none\"><path d=\"M2394 3279 l-29 -30 -3 -207 c-2 -182 0 -211 15 -242 39 -76 157 -76 196 0 15 31 17 60 15 243 l-3 209 -33 29 c-26 23 -41 29 -80 29 -41 0 -53 -5 -78 -31z\"\/><path d=\"M3085 3251 c-45 -19 -58 -50 -96 -229 -47 -217 -49 -260 -13 -295 52 -53 146 -42 177 20 16 31 87 366 87 410 0 70 -86 122 -155 94z\"\/><path d=\"M1751 3234 c-13 -9 -29 -31 -37 -50 -12 -29 -10 -49 21 -204 19 -94 39 -189 45 -210 14 -50 54 -80 110 -80 34 0 48 6 76 34 21 21 34 44 34 59 0 14 -18 113 -40 219 -37 178 -43 195 -70 221 -36 32 -101 37 -139 11z\"\/><path d=\"M1163 3073 c-36 -7 -73 -59 -73 -102 0 -56 133 -378 171 -413 34 -32 83 -37 129 -13 70 36 67 87 -16 290 -86 209 -89 214 -129 231 -35 14 -42 15 -82 7z\"\/><path d=\"M3689 3066 c-15 -9 -33 -30 -42 -48 -48 -103 -147 -355 -147 -375 0 -98 131 -148 192 -74 13 15 57 108 97 206 80 196 84 226 37 273 -30 30 -99 39 -137 18z\"\/><path d=\"M583 2784 c-38 -19 -67 -74 -58 -113 9 -42 211 -354 242 -373 16 -10 45 -18 66 -18 51 0 107 52 107 100 0 39 -1 41 -124 234 -80 126 -108 162 -133 173 -41 17 -61 16 -100 -3z\"\/><path d=\"M4250 2784 c-14 -9 -74 -91 -133 -183 -95 -150 -107 -173 -107 -213 0 -55 33 -94 87 -104 67 -13 90 8 211 198 130 202 137 225 78 284 -27 27 -42 34 -72 34 -22 0 -50 -8 -64 -16z\"\/><path d=\"M2275 2693 c-553 -48 -1095 -270 -1585 -649 -135 -104 -459 -423 -483 -476 -23 -49 -22 -139 2 -186 73 -142 361 -457 571 -626 285 -228 642 -407 990 -497 242 -63 336 -73 660 -74 310 0 370 5 595 52 535 111 1045 392 1455 803 122 121 250 273 275 326 19 41 19 137 0 174 -41 79 -309 363 -465 492 -447 370 -946 591 -1479 653 -113 14 -422 18 -536 8z m395 -428 c171 -34 330 -124 456 -258 112 -119 167 -219 211 -378 27 -96 24 -300 -5 -401 -72 -255 -236 -447 -474 -557 -132 -62 -201 -76 -368 -76 -167 0 -236 14 -368 76 -213 98 -373 271 -451 485 -162 444 86 934 547 1084 153 49 292 57 452 25z m909 -232 c222 -123 408 -262 593 -441 76 -74 138 -139 138 -144 0 -16 -233 -242 -330 -319 -155 -123 -309 -223 -461 -299 l-81 -41 32 46 c18 26 49 83 70 128 143 306 141 649 -6 957 -25 52 -61 116 -79 142 l-34 47 45 -20 c26 -10 76 -36 113 -56z m-2057 25 c-40 -58 -105 -190 -130 -263 -110 -324 -59 -707 132 -981 25 -35 42 -64 37 -64 -19 0 -241 119 -326 174 -188 122 -406 314 -532 468 l-58 71 108 103 c185 178 428 349 672 473 66 33 121 60 123 61 2 0 -10 -19 -26 -42z\"\/><path d=\"M2375 1950 c-198 -44 -350 -190 -395 -379 -18 -76 -8 -221 19 -290 114 -284 457 -406 731 -260 98 52 188 154 231 260 27 69 37 214 19 290 -38 163 -166 304 -326 360 -67 23 -215 33 -279 19z\"\/><\/g><\/svg><\/i> <img decoding=\"async\" width=\"16\" height=\"16\" alt=\"Loading\" src=\"https:\/\/esviafm.com\/wp-content\/plugins\/page-views-count\/ajax-loader-2x.gif\" border=0 \/><\/p>\n<div class=\"pvc_clear\"><\/div>\n","protected":false},"author":2,"featured_media":0,"comment_status":"open","ping_status":"open","sticky":false,"template":"","format":"standard","meta":{"_et_pb_use_builder":"","_et_pb_old_content":"","_et_gb_content_width":"","footnotes":""},"categories":[1],"tags":[],"class_list":["post-7570","post","type-post","status-publish","format-standard","hentry","category-sin-categoria"],"_links":{"self":[{"href":"https:\/\/esviafm.com\/index.php\/wp-json\/wp\/v2\/posts\/7570","targetHints":{"allow":["GET"]}}],"collection":[{"href":"https:\/\/esviafm.com\/index.php\/wp-json\/wp\/v2\/posts"}],"about":[{"href":"https:\/\/esviafm.com\/index.php\/wp-json\/wp\/v2\/types\/post"}],"author":[{"embeddable":true,"href":"https:\/\/esviafm.com\/index.php\/wp-json\/wp\/v2\/users\/2"}],"replies":[{"embeddable":true,"href":"https:\/\/esviafm.com\/index.php\/wp-json\/wp\/v2\/comments?post=7570"}],"version-history":[{"count":2,"href":"https:\/\/esviafm.com\/index.php\/wp-json\/wp\/v2\/posts\/7570\/revisions"}],"predecessor-version":[{"id":7573,"href":"https:\/\/esviafm.com\/index.php\/wp-json\/wp\/v2\/posts\/7570\/revisions\/7573"}],"wp:attachment":[{"href":"https:\/\/esviafm.com\/index.php\/wp-json\/wp\/v2\/media?parent=7570"}],"wp:term":[{"taxonomy":"category","embeddable":true,"href":"https:\/\/esviafm.com\/index.php\/wp-json\/wp\/v2\/categories?post=7570"},{"taxonomy":"post_tag","embeddable":true,"href":"https:\/\/esviafm.com\/index.php\/wp-json\/wp\/v2\/tags?post=7570"}],"curies":[{"name":"wp","href":"https:\/\/api.w.org\/{rel}","templated":true}]}}