{"id":7544,"date":"2023-11-08T06:56:29","date_gmt":"2023-11-08T11:26:29","guid":{"rendered":"https:\/\/esviafm.com\/?p=7544"},"modified":"2023-11-08T06:56:29","modified_gmt":"2023-11-08T11:26:29","slug":"un-incendio-en-chile-deja-14-migrantes-venezolanos-muertos-incluidos-ocho-ninos","status":"publish","type":"post","link":"https:\/\/esviafm.com\/index.php\/un-incendio-en-chile-deja-14-migrantes-venezolanos-muertos-incluidos-ocho-ninos\/","title":{"rendered":"Un incendio en Chile deja 14 migrantes venezolanos muertos, incluidos ocho ni\u00f1os"},"content":{"rendered":"<p>La ministra del Interior, Carolina Toh\u00e1, expres\u00f3 el lunes en la noche \u00abconsternaci\u00f3n\u00bb por este incendio que dej\u00f3 ocho ni\u00f1os muertos en Coronel, ubicado a 530 km al sur del Santiago. Seg\u00fan fuentes de los bomberos en la zona los menores ten\u00edan entre 4 y 13 a\u00f1os de edad.<\/p>\n<p>\u00abCon gran consternaci\u00f3n recibimos la tragedia en Coronel, en que producto de un incendio fallecieron menores de edad y adultos\u00bb, public\u00f3 la ministra Toh\u00e1 en la red social X (antes Twitter).<\/p>\n<p>La ministra inform\u00f3 que el Gobierno enviar\u00e1 una delegaci\u00f3n de subsecretarios a Coronel, \u00abpara conocer en terreno lo ocurrido y coordinar las medidas y ayuda necesarias\u00bb.<\/p>\n<p>Antes, el alcalde suplente de Coronel, Javier Valencia, confirm\u00f3 a periodistas desde el lugar del siniestro \u00abel fallecimiento de 14 vecinos de nuestra comuna. Son tres familias, ocho menores de edad, seis adultos que fallecieron producto de este incendio que arras\u00f3 con su vivienda\u00bb.<\/p>\n<p>\u00abSe trata de familias venezolanas\u00bb que viven de manera muy precaria, apunt\u00f3 tras indicar que en el asentamiento las viviendas est\u00e1n construidas con materiales ligeros donde el fuego se propaga r\u00e1pidamente.<\/p>\n<p><img decoding=\"async\" src=\"https:\/\/s.france24.com\/media\/display\/1c2af344-7d82-11ee-8c06-005056a90284\/b2266e797354712ba7121a66f318494bd1c58f30.jpg\" alt=\"Mapa del centro sur de Chile localizando la ciudad de Coronel, donde se produjo un mortal incendio en un asentamiento precario de migrantes\" \/><\/p>\n<p>Al menos una de las casas \u00abs\u00f3lo ten\u00eda una entrada y salida\u00bb, puntualiz\u00f3 el coronel Luis Rozas, prefecto de Carabineros de Concepci\u00f3n, una de las principales ciudades del sur de Chile.<\/p>\n<p>Aunque se desconocen las causas del siniestro, el alcalde dijo que investigaban el posible recalentamiento de una estufa.<\/p>\n<p>Valencia lament\u00f3 el aumento en los \u00faltimos a\u00f1os de la construcci\u00f3n de viviendas en terrenos no habilitados, conocidos en Chile como campamentos, donde se han hecho m\u00e1s comunes los incendios.<\/p>\n<p>Coronel fue una de las zonas m\u00e1s afectadas por el fuego debido a las altas temperaturas del verano austral a principios de este a\u00f1o.<\/p>\n<h2>Alerta al gobierno<\/h2>\n<p>Las autoridades de Coronel hicieron un llamado de alerta al gobierno del presidente Gabriel Boric para acelerar soluciones habitacionales ante el incremento de viviendas levantadas en zonas de riesgo en Chile.<\/p>\n<p>La delegada presidencial de la regi\u00f3n de Biob\u00edo, donde ocurri\u00f3 esta tragedia, afirm\u00f3 que se trata de \u00abun campamento recientemente oficializado\u00bb donde hasta 2022 hab\u00eda 179 familias en su mayor\u00eda inmigrantes.<\/p>\n<p>En las dos casas devoradas por las llamas viv\u00edan tres \u00abfamilias hacinadas\u00bb en \u00abcondiciones propias de un campamento\u00bb, seg\u00fan el acalde.<\/p>\n<p>El incendio ocurre mientras se debate un nuevo proyecto de Constituci\u00f3n en Chile que introduce una norma pol\u00e9mica que ordena la expulsi\u00f3n \u00aben el menor tiempo posible\u00bb de extranjeros que ingresen a Chile \u00abde forma clandestina o por pasos no habilitados\u00bb.<\/p>\n<p>La norma representa un gui\u00f1o a los sectores que reclaman mano dura ante el incremento de la inseguridad, que asocian con la migraci\u00f3n irregular, una de las principales preocupaciones de la ciudadan\u00eda, seg\u00fan sondeos.<\/p>\n<p>Desde 2017, Hub\u00f3 un aumento exponencial de la llegada a Chile de migrantes de Venezuela, miles de los cuales cruzaron caminando la frontera por Bolivia o Per\u00fa a trav\u00e9s de pasos clandestinos.<\/p>\n<p>De acuerdo con estimaciones oficiales, de los 1,7 millones de extranjeros que llegaron a Chile en los \u00faltimos a\u00f1os casi la mitad son venezolanos que huyeron de la crisis econ\u00f3mica en su pa\u00eds.<\/p>\n<p><strong>Fuente : America Latina\u00a0<\/strong><\/p>\n<div class=\"pvc_clear\"><\/div>\n<p id=\"pvc_stats_7544\" class=\"pvc_stats all  \" data-element-id=\"7544\" style=\"\"><i class=\"pvc-stats-icon large\" aria-hidden=\"true\"><svg xmlns=\"http:\/\/www.w3.org\/2000\/svg\" version=\"1.0\" viewBox=\"0 0 502 315\" preserveAspectRatio=\"xMidYMid meet\"><g transform=\"translate(0,332) scale(0.1,-0.1)\" fill=\"\" stroke=\"none\"><path d=\"M2394 3279 l-29 -30 -3 -207 c-2 -182 0 -211 15 -242 39 -76 157 -76 196 0 15 31 17 60 15 243 l-3 209 -33 29 c-26 23 -41 29 -80 29 -41 0 -53 -5 -78 -31z\"\/><path d=\"M3085 3251 c-45 -19 -58 -50 -96 -229 -47 -217 -49 -260 -13 -295 52 -53 146 -42 177 20 16 31 87 366 87 410 0 70 -86 122 -155 94z\"\/><path d=\"M1751 3234 c-13 -9 -29 -31 -37 -50 -12 -29 -10 -49 21 -204 19 -94 39 -189 45 -210 14 -50 54 -80 110 -80 34 0 48 6 76 34 21 21 34 44 34 59 0 14 -18 113 -40 219 -37 178 -43 195 -70 221 -36 32 -101 37 -139 11z\"\/><path d=\"M1163 3073 c-36 -7 -73 -59 -73 -102 0 -56 133 -378 171 -413 34 -32 83 -37 129 -13 70 36 67 87 -16 290 -86 209 -89 214 -129 231 -35 14 -42 15 -82 7z\"\/><path d=\"M3689 3066 c-15 -9 -33 -30 -42 -48 -48 -103 -147 -355 -147 -375 0 -98 131 -148 192 -74 13 15 57 108 97 206 80 196 84 226 37 273 -30 30 -99 39 -137 18z\"\/><path d=\"M583 2784 c-38 -19 -67 -74 -58 -113 9 -42 211 -354 242 -373 16 -10 45 -18 66 -18 51 0 107 52 107 100 0 39 -1 41 -124 234 -80 126 -108 162 -133 173 -41 17 -61 16 -100 -3z\"\/><path d=\"M4250 2784 c-14 -9 -74 -91 -133 -183 -95 -150 -107 -173 -107 -213 0 -55 33 -94 87 -104 67 -13 90 8 211 198 130 202 137 225 78 284 -27 27 -42 34 -72 34 -22 0 -50 -8 -64 -16z\"\/><path d=\"M2275 2693 c-553 -48 -1095 -270 -1585 -649 -135 -104 -459 -423 -483 -476 -23 -49 -22 -139 2 -186 73 -142 361 -457 571 -626 285 -228 642 -407 990 -497 242 -63 336 -73 660 -74 310 0 370 5 595 52 535 111 1045 392 1455 803 122 121 250 273 275 326 19 41 19 137 0 174 -41 79 -309 363 -465 492 -447 370 -946 591 -1479 653 -113 14 -422 18 -536 8z m395 -428 c171 -34 330 -124 456 -258 112 -119 167 -219 211 -378 27 -96 24 -300 -5 -401 -72 -255 -236 -447 -474 -557 -132 -62 -201 -76 -368 -76 -167 0 -236 14 -368 76 -213 98 -373 271 -451 485 -162 444 86 934 547 1084 153 49 292 57 452 25z m909 -232 c222 -123 408 -262 593 -441 76 -74 138 -139 138 -144 0 -16 -233 -242 -330 -319 -155 -123 -309 -223 -461 -299 l-81 -41 32 46 c18 26 49 83 70 128 143 306 141 649 -6 957 -25 52 -61 116 -79 142 l-34 47 45 -20 c26 -10 76 -36 113 -56z m-2057 25 c-40 -58 -105 -190 -130 -263 -110 -324 -59 -707 132 -981 25 -35 42 -64 37 -64 -19 0 -241 119 -326 174 -188 122 -406 314 -532 468 l-58 71 108 103 c185 178 428 349 672 473 66 33 121 60 123 61 2 0 -10 -19 -26 -42z\"\/><path d=\"M2375 1950 c-198 -44 -350 -190 -395 -379 -18 -76 -8 -221 19 -290 114 -284 457 -406 731 -260 98 52 188 154 231 260 27 69 37 214 19 290 -38 163 -166 304 -326 360 -67 23 -215 33 -279 19z\"\/><\/g><\/svg><\/i> <img decoding=\"async\" width=\"16\" height=\"16\" alt=\"Loading\" src=\"https:\/\/esviafm.com\/wp-content\/plugins\/page-views-count\/ajax-loader-2x.gif\" border=0 \/><\/p>\n<div class=\"pvc_clear\"><\/div>\n","protected":false},"excerpt":{"rendered":"<p>La ministra del Interior, Carolina Toh\u00e1, expres\u00f3 el lunes en la noche \u00abconsternaci\u00f3n\u00bb por este incendio que dej\u00f3 ocho ni\u00f1os muertos en Coronel, ubicado a 530 km al sur del Santiago. Seg\u00fan fuentes de los bomberos en la zona los menores ten\u00edan entre 4 y 13 a\u00f1os de edad. \u00abCon gran consternaci\u00f3n recibimos la tragedia [&hellip;]<\/p>\n<div class=\"pvc_clear\"><\/div>\n<p id=\"pvc_stats_7544\" class=\"pvc_stats all  \" data-element-id=\"7544\" style=\"\"><i class=\"pvc-stats-icon large\" aria-hidden=\"true\"><svg xmlns=\"http:\/\/www.w3.org\/2000\/svg\" version=\"1.0\" viewBox=\"0 0 502 315\" preserveAspectRatio=\"xMidYMid meet\"><g transform=\"translate(0,332) scale(0.1,-0.1)\" fill=\"\" stroke=\"none\"><path d=\"M2394 3279 l-29 -30 -3 -207 c-2 -182 0 -211 15 -242 39 -76 157 -76 196 0 15 31 17 60 15 243 l-3 209 -33 29 c-26 23 -41 29 -80 29 -41 0 -53 -5 -78 -31z\"\/><path d=\"M3085 3251 c-45 -19 -58 -50 -96 -229 -47 -217 -49 -260 -13 -295 52 -53 146 -42 177 20 16 31 87 366 87 410 0 70 -86 122 -155 94z\"\/><path d=\"M1751 3234 c-13 -9 -29 -31 -37 -50 -12 -29 -10 -49 21 -204 19 -94 39 -189 45 -210 14 -50 54 -80 110 -80 34 0 48 6 76 34 21 21 34 44 34 59 0 14 -18 113 -40 219 -37 178 -43 195 -70 221 -36 32 -101 37 -139 11z\"\/><path d=\"M1163 3073 c-36 -7 -73 -59 -73 -102 0 -56 133 -378 171 -413 34 -32 83 -37 129 -13 70 36 67 87 -16 290 -86 209 -89 214 -129 231 -35 14 -42 15 -82 7z\"\/><path d=\"M3689 3066 c-15 -9 -33 -30 -42 -48 -48 -103 -147 -355 -147 -375 0 -98 131 -148 192 -74 13 15 57 108 97 206 80 196 84 226 37 273 -30 30 -99 39 -137 18z\"\/><path d=\"M583 2784 c-38 -19 -67 -74 -58 -113 9 -42 211 -354 242 -373 16 -10 45 -18 66 -18 51 0 107 52 107 100 0 39 -1 41 -124 234 -80 126 -108 162 -133 173 -41 17 -61 16 -100 -3z\"\/><path d=\"M4250 2784 c-14 -9 -74 -91 -133 -183 -95 -150 -107 -173 -107 -213 0 -55 33 -94 87 -104 67 -13 90 8 211 198 130 202 137 225 78 284 -27 27 -42 34 -72 34 -22 0 -50 -8 -64 -16z\"\/><path d=\"M2275 2693 c-553 -48 -1095 -270 -1585 -649 -135 -104 -459 -423 -483 -476 -23 -49 -22 -139 2 -186 73 -142 361 -457 571 -626 285 -228 642 -407 990 -497 242 -63 336 -73 660 -74 310 0 370 5 595 52 535 111 1045 392 1455 803 122 121 250 273 275 326 19 41 19 137 0 174 -41 79 -309 363 -465 492 -447 370 -946 591 -1479 653 -113 14 -422 18 -536 8z m395 -428 c171 -34 330 -124 456 -258 112 -119 167 -219 211 -378 27 -96 24 -300 -5 -401 -72 -255 -236 -447 -474 -557 -132 -62 -201 -76 -368 -76 -167 0 -236 14 -368 76 -213 98 -373 271 -451 485 -162 444 86 934 547 1084 153 49 292 57 452 25z m909 -232 c222 -123 408 -262 593 -441 76 -74 138 -139 138 -144 0 -16 -233 -242 -330 -319 -155 -123 -309 -223 -461 -299 l-81 -41 32 46 c18 26 49 83 70 128 143 306 141 649 -6 957 -25 52 -61 116 -79 142 l-34 47 45 -20 c26 -10 76 -36 113 -56z m-2057 25 c-40 -58 -105 -190 -130 -263 -110 -324 -59 -707 132 -981 25 -35 42 -64 37 -64 -19 0 -241 119 -326 174 -188 122 -406 314 -532 468 l-58 71 108 103 c185 178 428 349 672 473 66 33 121 60 123 61 2 0 -10 -19 -26 -42z\"\/><path d=\"M2375 1950 c-198 -44 -350 -190 -395 -379 -18 -76 -8 -221 19 -290 114 -284 457 -406 731 -260 98 52 188 154 231 260 27 69 37 214 19 290 -38 163 -166 304 -326 360 -67 23 -215 33 -279 19z\"\/><\/g><\/svg><\/i> <img decoding=\"async\" width=\"16\" height=\"16\" alt=\"Loading\" src=\"https:\/\/esviafm.com\/wp-content\/plugins\/page-views-count\/ajax-loader-2x.gif\" border=0 \/><\/p>\n<div class=\"pvc_clear\"><\/div>\n","protected":false},"author":2,"featured_media":0,"comment_status":"open","ping_status":"open","sticky":false,"template":"","format":"standard","meta":{"_et_pb_use_builder":"","_et_pb_old_content":"","_et_gb_content_width":"","footnotes":""},"categories":[17],"tags":[],"class_list":["post-7544","post","type-post","status-publish","format-standard","hentry","category-internacionales"],"_links":{"self":[{"href":"https:\/\/esviafm.com\/index.php\/wp-json\/wp\/v2\/posts\/7544","targetHints":{"allow":["GET"]}}],"collection":[{"href":"https:\/\/esviafm.com\/index.php\/wp-json\/wp\/v2\/posts"}],"about":[{"href":"https:\/\/esviafm.com\/index.php\/wp-json\/wp\/v2\/types\/post"}],"author":[{"embeddable":true,"href":"https:\/\/esviafm.com\/index.php\/wp-json\/wp\/v2\/users\/2"}],"replies":[{"embeddable":true,"href":"https:\/\/esviafm.com\/index.php\/wp-json\/wp\/v2\/comments?post=7544"}],"version-history":[{"count":1,"href":"https:\/\/esviafm.com\/index.php\/wp-json\/wp\/v2\/posts\/7544\/revisions"}],"predecessor-version":[{"id":7546,"href":"https:\/\/esviafm.com\/index.php\/wp-json\/wp\/v2\/posts\/7544\/revisions\/7546"}],"wp:attachment":[{"href":"https:\/\/esviafm.com\/index.php\/wp-json\/wp\/v2\/media?parent=7544"}],"wp:term":[{"taxonomy":"category","embeddable":true,"href":"https:\/\/esviafm.com\/index.php\/wp-json\/wp\/v2\/categories?post=7544"},{"taxonomy":"post_tag","embeddable":true,"href":"https:\/\/esviafm.com\/index.php\/wp-json\/wp\/v2\/tags?post=7544"}],"curies":[{"name":"wp","href":"https:\/\/api.w.org\/{rel}","templated":true}]}}