{"id":7070,"date":"2023-10-31T07:15:41","date_gmt":"2023-10-31T11:45:41","guid":{"rendered":"https:\/\/esviafm.com\/?p=7070"},"modified":"2023-10-31T07:15:41","modified_gmt":"2023-10-31T11:45:41","slug":"una-caravana-con-mas-de-4-000-migrantes-sale-de-tapachula","status":"publish","type":"post","link":"https:\/\/esviafm.com\/index.php\/una-caravana-con-mas-de-4-000-migrantes-sale-de-tapachula\/","title":{"rendered":"Una caravana con m\u00e1s de 4.000 migrantes sale de Tapachula"},"content":{"rendered":"<p class=\"\">Una caravana con al menos 4.000 migrantes ha salido este lunes del Parque Bicentenario de\u00a0<a href=\"https:\/\/elpais.com\/mexico\/2023-04-25\/una-caravana-migrante-de-3000-personas-cruza-el-estado-de-chiapas-en-imagenes.html\" data-link-track-dtm=\"\" data-mrf-link=\"https:\/\/elpais.com\/mexico\/2023-04-25\/una-caravana-migrante-de-3000-personas-cruza-el-estado-de-chiapas-en-imagenes.html\">Tapachula, en el Estado de Chiapas<\/a>, seg\u00fan informan varias oeneg\u00e9s. Organizaciones como M\u00e9dicos Sin Fronteras (MSF) ya hab\u00edan denunciado en septiembre las malas condiciones en las que viv\u00edan miles de personas en la ciudad fronteriza con Guatemala, donde esperaban a regularizar su situaci\u00f3n en M\u00e9xico en unas oficinas de la Comisi\u00f3n Mexicana de Ayuda a Refugiados (Comar) saturadas.<\/p>\n<p class=\"\">La caravana ha iniciado la marcha esta ma\u00f1ana a trav\u00e9s de la ciudad y ha tomado la carretera federal 200, que recorre la costa del Pac\u00edfico en direcci\u00f3n a la localidad de Arriaga. En este municipio chiapaneco que limita con el Estado de Oaxaca, MSF tiene una base de ayuda humanitaria que espera al gran grupo de migrantes, aunque su coordinadora general de proyectos, Gemma Dom\u00ednguez, informa de que este tipo de multitudes suelen ser disueltas antes de llegar. El Gobierno ya\u00a0<a href=\"https:\/\/elpais.com\/mexico\/2021-09-03\/mexico-despliega-un-feroz-operativo-para-frenar-la-caravana-migrante-de-chiapas.html\" data-link-track-dtm=\"\" data-mrf-link=\"https:\/\/elpais.com\/mexico\/2021-09-03\/mexico-despliega-un-feroz-operativo-para-frenar-la-caravana-migrante-de-chiapas.html\">despleg\u00f3 en 2021 varios operativos con cientos de agentes\u00a0<\/a>para frenar el tr\u00e1nsito de los migrantes.<\/p>\n<p class=\"\">Este lunes al mediod\u00eda, la caravana se encuentra parada en la peque\u00f1a localidad de \u00c1lvaro Obreg\u00f3n, seg\u00fan ha explicado en llamada telef\u00f3nica el periodista de\u00a0<i>Univisi\u00f3n\u00a0<\/i>Pedro Ultreras. El pueblo, que con 6.000 habitantes se ve casi superado por los migrantes, est\u00e1 a tres horas a pie desde Tapachula, y los migrantes se han instalado all\u00ed a la espera de volver a reanudar la marcha este martes. Los d\u00edas anteriores han sido lluviosos en el sur de Chiapas por las nubes de la tormenta tropical\u00a0<i>Pilar,\u00a0<\/i>que se dirige al Estado desde el Pac\u00edfico<i>.\u00a0<\/i>\u201cLos migrantes est\u00e1n entre los parques, las casas, no hay mucho resguardo si llega a haber una tormenta como la de los \u00faltimos d\u00edas\u201d, ha descrito Ultreras.<\/p>\n<p class=\"\">La salida de la caravana se da tras meses de tensi\u00f3n en Tapachula. El pasado lunes 25 de septiembre,\u00a0<a href=\"https:\/\/elpais.com\/mexico\/2023-09-19\/la-presion-migratoria-asfixia-a-la-comar-en-tapachula.html\" data-link-track-dtm=\"\" data-mrf-link=\"https:\/\/elpais.com\/mexico\/2023-09-19\/la-presion-migratoria-asfixia-a-la-comar-en-tapachula.html\">entre 5.000 y 6.000 personas se agolparon frente a la sede de la Comar<\/a>, que llevaba cuatro d\u00edas cerrada. Un grupo de migrantes que esperaba desde hac\u00eda varias jornadas trato de entrar por la fuerza a las oficinas y la polic\u00eda municipal y la Guardia Nacional tuvieron que disolver las protestas. Algunas personas denuncian que tienen que esperar meses para resolver su documentaci\u00f3n en la localidad.<\/p>\n<p class=\"\">La Comar ha registrado un n\u00famero de solicitudes r\u00e9cord este a\u00f1o en todo el pa\u00eds. Hasta septiembre de 2022 hab\u00edan recibido a 86.376 migrantes, mientras que este a\u00f1o el n\u00famero asciende 112.960. M\u00e1s del 50% de estas solicitudes se han atendido en la\u00a0<a href=\"https:\/\/elpais.com\/mexico\/2023-05-23\/mexico-se-comporta-como-el-hermano-mayor-los-migrantes-esperan-a-que-se-resuelvan-sus-tramites-en-la-plaza-giordano-bruno-de-ciudad-de-mexico.html\" data-link-track-dtm=\"\" data-mrf-link=\"https:\/\/elpais.com\/mexico\/2023-05-23\/mexico-se-comporta-como-el-hermano-mayor-los-migrantes-esperan-a-que-se-resuelvan-sus-tramites-en-la-plaza-giordano-bruno-de-ciudad-de-mexico.html\">oficina de la instituci\u00f3n en Tapachula<\/a>. All\u00ed, miles de personas se encontraban varadas sin acceso a servicios sanitarios, agua y saneamiento, seg\u00fan MSF. Andr\u00e9s Ram\u00edrez, director de la Comar,\u00a0<a href=\"https:\/\/elpais.com\/mexico\/2021-09-08\/a-la-comar-le-falta-presupuesto-y-alternativas-migratorias-para-los-haitianos.html\" data-link-track-dtm=\"\" data-mrf-link=\"https:\/\/elpais.com\/mexico\/2021-09-08\/a-la-comar-le-falta-presupuesto-y-alternativas-migratorias-para-los-haitianos.html\">ha confesado en varias ocasiones que el ente que dirige \u201cno puede hacer m\u00e1s\u201d<\/a>, como declar\u00f3 el pasado mayo en\u00a0<i>W Radio.<\/i><\/p>\n<p class=\"\">Ese mes se produjo el fin del\u00a0<a href=\"https:\/\/elpais.com\/mexico\/2023-05-11\/titulo-42-las-claves-para-entender-el-programa-anti-migrante.html\" data-link-track-dtm=\"\" data-mrf-link=\"https:\/\/elpais.com\/mexico\/2023-05-11\/titulo-42-las-claves-para-entender-el-programa-anti-migrante.html\">T\u00edtulo 42 en Estados Unidos<\/a>, un mecanismo que el entonces presidente, Donald Trump, instaur\u00f3 durante la pandemia para poder devolver a los migrantes inmediatamente en la frontera entre M\u00e9xico y su pa\u00eds. Su extinci\u00f3n hizo que miles de personas se lanzaran a cruzar Centroam\u00e9rica buscando llegar al l\u00edmite norte con EE UU, y ese mes de mayo se super\u00f3 cualquier cifra anterior de solicitudes en la Comar, que recibi\u00f3 a 14.331 personas.<\/p>\n<p class=\"\">Las caravanas como la que ha salido este lunes de Tapachula son una forma de viaje que los migrantes usan para autoprotegerse de los peligros de la ruta. Las primeras multitudes empezaron a salir en grupo desde varios pa\u00edses centroamericanos en 2018, normalmente con el objetivo de llegar a la frontera con Estados Unidos. Tambi\u00e9n son una forma de presi\u00f3n para tratar de acelerar los procesos burocr\u00e1ticos y regularizar su situaci\u00f3n. El \u00faltimo precedente en M\u00e9xico fue en abril de este a\u00f1o, cuando un grupo de\u00a0<a href=\"https:\/\/elpais.com\/mexico\/2023-04-24\/una-nueva-caravana-reta-al-gobierno-de-lopez-obrador-tras-la-muerte-de-40-migrantes-en-ciudad-juarez.html\" data-link-track-dtm=\"\" data-mrf-link=\"https:\/\/elpais.com\/mexico\/2023-04-24\/una-nueva-caravana-reta-al-gobierno-de-lopez-obrador-tras-la-muerte-de-40-migrantes-en-ciudad-juarez.html\">3.000 personas sali\u00f3 de Tapachula\u00a0<\/a>tras meses de espera por una visa humanitaria en el pa\u00eds.<\/p>\n<p class=\"\">M\u00e9xico se encuentra en\u00a0<a href=\"https:\/\/elpais.com\/mexico\/2023-10-08\/ciudad-juarez-no-teme-al-muro-de-biden-hay-mas-miedo-a-que-nos-detengan-en-mexico-y-nos-deporten-a-nuestro-pais.html\" data-link-track-dtm=\"\" data-mrf-link=\"https:\/\/elpais.com\/mexico\/2023-10-08\/ciudad-juarez-no-teme-al-muro-de-biden-hay-mas-miedo-a-que-nos-detengan-en-mexico-y-nos-deporten-a-nuestro-pais.html\">una crisis migratoria sin precedentes<\/a>, en un a\u00f1o en el que se ha arrestado a m\u00e1s personas en situaci\u00f3n irregular que en cualquier otro de la \u00e9poca reciente. En lo que va de a\u00f1o, el Instituto Nacional de Migraci\u00f3n ha contabilizado 501.709 \u201ceventos con migrantes irregulares\u201d, un eufemismo que la instituci\u00f3n usa para referirse a las detenciones. Ya ha superado la cifra de todo 2022.<\/p>\n<p class=\"\">El presidente, Andr\u00e9s Manuel L\u00f3pez Obrador, organiz\u00f3 el pasado 22 de octubre\u00a0<a href=\"https:\/\/elpais.com\/mexico\/2021-09-03\/mexico-despliega-un-feroz-operativo-para-frenar-la-caravana-migrante-de-chiapas.html\" data-link-track-dtm=\"\" data-mrf-link=\"https:\/\/elpais.com\/mexico\/2021-09-03\/mexico-despliega-un-feroz-operativo-para-frenar-la-caravana-migrante-de-chiapas.html\">una cumbre con los mandatarios de 10 pa\u00edses latinoamericanos y del Caribe<\/a>\u00a0para buscar soluciones estructurales al fen\u00f3meno migratorio. La conclusi\u00f3n principal que se desprendi\u00f3 del documento firmado por todos los presentes fue que las sanciones econ\u00f3micas de Estados Unidos contra Venezuela y Cuba contribuyen a la migraci\u00f3n. Las oeneg\u00e9s esperan soluciones m\u00e1s espec\u00edficas, mientras que denuncian la mala situaci\u00f3n que obliga a los migrantes a salir en masa de lugares como Tapachula, donde no se garantizan las necesidades b\u00e1sicas.<\/p>\n<p><strong>Fuente : 800 Noticias\u00a0<\/strong><\/p>\n<div class=\"pvc_clear\"><\/div>\n<p id=\"pvc_stats_7070\" class=\"pvc_stats all  \" data-element-id=\"7070\" style=\"\"><i class=\"pvc-stats-icon large\" aria-hidden=\"true\"><svg xmlns=\"http:\/\/www.w3.org\/2000\/svg\" version=\"1.0\" viewBox=\"0 0 502 315\" preserveAspectRatio=\"xMidYMid meet\"><g transform=\"translate(0,332) scale(0.1,-0.1)\" fill=\"\" stroke=\"none\"><path d=\"M2394 3279 l-29 -30 -3 -207 c-2 -182 0 -211 15 -242 39 -76 157 -76 196 0 15 31 17 60 15 243 l-3 209 -33 29 c-26 23 -41 29 -80 29 -41 0 -53 -5 -78 -31z\"\/><path d=\"M3085 3251 c-45 -19 -58 -50 -96 -229 -47 -217 -49 -260 -13 -295 52 -53 146 -42 177 20 16 31 87 366 87 410 0 70 -86 122 -155 94z\"\/><path d=\"M1751 3234 c-13 -9 -29 -31 -37 -50 -12 -29 -10 -49 21 -204 19 -94 39 -189 45 -210 14 -50 54 -80 110 -80 34 0 48 6 76 34 21 21 34 44 34 59 0 14 -18 113 -40 219 -37 178 -43 195 -70 221 -36 32 -101 37 -139 11z\"\/><path d=\"M1163 3073 c-36 -7 -73 -59 -73 -102 0 -56 133 -378 171 -413 34 -32 83 -37 129 -13 70 36 67 87 -16 290 -86 209 -89 214 -129 231 -35 14 -42 15 -82 7z\"\/><path d=\"M3689 3066 c-15 -9 -33 -30 -42 -48 -48 -103 -147 -355 -147 -375 0 -98 131 -148 192 -74 13 15 57 108 97 206 80 196 84 226 37 273 -30 30 -99 39 -137 18z\"\/><path d=\"M583 2784 c-38 -19 -67 -74 -58 -113 9 -42 211 -354 242 -373 16 -10 45 -18 66 -18 51 0 107 52 107 100 0 39 -1 41 -124 234 -80 126 -108 162 -133 173 -41 17 -61 16 -100 -3z\"\/><path d=\"M4250 2784 c-14 -9 -74 -91 -133 -183 -95 -150 -107 -173 -107 -213 0 -55 33 -94 87 -104 67 -13 90 8 211 198 130 202 137 225 78 284 -27 27 -42 34 -72 34 -22 0 -50 -8 -64 -16z\"\/><path d=\"M2275 2693 c-553 -48 -1095 -270 -1585 -649 -135 -104 -459 -423 -483 -476 -23 -49 -22 -139 2 -186 73 -142 361 -457 571 -626 285 -228 642 -407 990 -497 242 -63 336 -73 660 -74 310 0 370 5 595 52 535 111 1045 392 1455 803 122 121 250 273 275 326 19 41 19 137 0 174 -41 79 -309 363 -465 492 -447 370 -946 591 -1479 653 -113 14 -422 18 -536 8z m395 -428 c171 -34 330 -124 456 -258 112 -119 167 -219 211 -378 27 -96 24 -300 -5 -401 -72 -255 -236 -447 -474 -557 -132 -62 -201 -76 -368 -76 -167 0 -236 14 -368 76 -213 98 -373 271 -451 485 -162 444 86 934 547 1084 153 49 292 57 452 25z m909 -232 c222 -123 408 -262 593 -441 76 -74 138 -139 138 -144 0 -16 -233 -242 -330 -319 -155 -123 -309 -223 -461 -299 l-81 -41 32 46 c18 26 49 83 70 128 143 306 141 649 -6 957 -25 52 -61 116 -79 142 l-34 47 45 -20 c26 -10 76 -36 113 -56z m-2057 25 c-40 -58 -105 -190 -130 -263 -110 -324 -59 -707 132 -981 25 -35 42 -64 37 -64 -19 0 -241 119 -326 174 -188 122 -406 314 -532 468 l-58 71 108 103 c185 178 428 349 672 473 66 33 121 60 123 61 2 0 -10 -19 -26 -42z\"\/><path d=\"M2375 1950 c-198 -44 -350 -190 -395 -379 -18 -76 -8 -221 19 -290 114 -284 457 -406 731 -260 98 52 188 154 231 260 27 69 37 214 19 290 -38 163 -166 304 -326 360 -67 23 -215 33 -279 19z\"\/><\/g><\/svg><\/i> <img decoding=\"async\" width=\"16\" height=\"16\" alt=\"Loading\" src=\"https:\/\/esviafm.com\/wp-content\/plugins\/page-views-count\/ajax-loader-2x.gif\" border=0 \/><\/p>\n<div class=\"pvc_clear\"><\/div>\n","protected":false},"excerpt":{"rendered":"<p>Una caravana con al menos 4.000 migrantes ha salido este lunes del Parque Bicentenario de\u00a0Tapachula, en el Estado de Chiapas, seg\u00fan informan varias oeneg\u00e9s. Organizaciones como M\u00e9dicos Sin Fronteras (MSF) ya hab\u00edan denunciado en septiembre las malas condiciones en las que viv\u00edan miles de personas en la ciudad fronteriza con Guatemala, donde esperaban a regularizar [&hellip;]<\/p>\n<div class=\"pvc_clear\"><\/div>\n<p id=\"pvc_stats_7070\" class=\"pvc_stats all  \" data-element-id=\"7070\" style=\"\"><i class=\"pvc-stats-icon large\" aria-hidden=\"true\"><svg xmlns=\"http:\/\/www.w3.org\/2000\/svg\" version=\"1.0\" viewBox=\"0 0 502 315\" preserveAspectRatio=\"xMidYMid meet\"><g transform=\"translate(0,332) scale(0.1,-0.1)\" fill=\"\" stroke=\"none\"><path d=\"M2394 3279 l-29 -30 -3 -207 c-2 -182 0 -211 15 -242 39 -76 157 -76 196 0 15 31 17 60 15 243 l-3 209 -33 29 c-26 23 -41 29 -80 29 -41 0 -53 -5 -78 -31z\"\/><path d=\"M3085 3251 c-45 -19 -58 -50 -96 -229 -47 -217 -49 -260 -13 -295 52 -53 146 -42 177 20 16 31 87 366 87 410 0 70 -86 122 -155 94z\"\/><path d=\"M1751 3234 c-13 -9 -29 -31 -37 -50 -12 -29 -10 -49 21 -204 19 -94 39 -189 45 -210 14 -50 54 -80 110 -80 34 0 48 6 76 34 21 21 34 44 34 59 0 14 -18 113 -40 219 -37 178 -43 195 -70 221 -36 32 -101 37 -139 11z\"\/><path d=\"M1163 3073 c-36 -7 -73 -59 -73 -102 0 -56 133 -378 171 -413 34 -32 83 -37 129 -13 70 36 67 87 -16 290 -86 209 -89 214 -129 231 -35 14 -42 15 -82 7z\"\/><path d=\"M3689 3066 c-15 -9 -33 -30 -42 -48 -48 -103 -147 -355 -147 -375 0 -98 131 -148 192 -74 13 15 57 108 97 206 80 196 84 226 37 273 -30 30 -99 39 -137 18z\"\/><path d=\"M583 2784 c-38 -19 -67 -74 -58 -113 9 -42 211 -354 242 -373 16 -10 45 -18 66 -18 51 0 107 52 107 100 0 39 -1 41 -124 234 -80 126 -108 162 -133 173 -41 17 -61 16 -100 -3z\"\/><path d=\"M4250 2784 c-14 -9 -74 -91 -133 -183 -95 -150 -107 -173 -107 -213 0 -55 33 -94 87 -104 67 -13 90 8 211 198 130 202 137 225 78 284 -27 27 -42 34 -72 34 -22 0 -50 -8 -64 -16z\"\/><path d=\"M2275 2693 c-553 -48 -1095 -270 -1585 -649 -135 -104 -459 -423 -483 -476 -23 -49 -22 -139 2 -186 73 -142 361 -457 571 -626 285 -228 642 -407 990 -497 242 -63 336 -73 660 -74 310 0 370 5 595 52 535 111 1045 392 1455 803 122 121 250 273 275 326 19 41 19 137 0 174 -41 79 -309 363 -465 492 -447 370 -946 591 -1479 653 -113 14 -422 18 -536 8z m395 -428 c171 -34 330 -124 456 -258 112 -119 167 -219 211 -378 27 -96 24 -300 -5 -401 -72 -255 -236 -447 -474 -557 -132 -62 -201 -76 -368 -76 -167 0 -236 14 -368 76 -213 98 -373 271 -451 485 -162 444 86 934 547 1084 153 49 292 57 452 25z m909 -232 c222 -123 408 -262 593 -441 76 -74 138 -139 138 -144 0 -16 -233 -242 -330 -319 -155 -123 -309 -223 -461 -299 l-81 -41 32 46 c18 26 49 83 70 128 143 306 141 649 -6 957 -25 52 -61 116 -79 142 l-34 47 45 -20 c26 -10 76 -36 113 -56z m-2057 25 c-40 -58 -105 -190 -130 -263 -110 -324 -59 -707 132 -981 25 -35 42 -64 37 -64 -19 0 -241 119 -326 174 -188 122 -406 314 -532 468 l-58 71 108 103 c185 178 428 349 672 473 66 33 121 60 123 61 2 0 -10 -19 -26 -42z\"\/><path d=\"M2375 1950 c-198 -44 -350 -190 -395 -379 -18 -76 -8 -221 19 -290 114 -284 457 -406 731 -260 98 52 188 154 231 260 27 69 37 214 19 290 -38 163 -166 304 -326 360 -67 23 -215 33 -279 19z\"\/><\/g><\/svg><\/i> <img decoding=\"async\" width=\"16\" height=\"16\" alt=\"Loading\" src=\"https:\/\/esviafm.com\/wp-content\/plugins\/page-views-count\/ajax-loader-2x.gif\" border=0 \/><\/p>\n<div class=\"pvc_clear\"><\/div>\n","protected":false},"author":2,"featured_media":0,"comment_status":"open","ping_status":"open","sticky":false,"template":"","format":"standard","meta":{"_et_pb_use_builder":"","_et_pb_old_content":"","_et_gb_content_width":"","footnotes":""},"categories":[17],"tags":[],"class_list":["post-7070","post","type-post","status-publish","format-standard","hentry","category-internacionales"],"_links":{"self":[{"href":"https:\/\/esviafm.com\/index.php\/wp-json\/wp\/v2\/posts\/7070","targetHints":{"allow":["GET"]}}],"collection":[{"href":"https:\/\/esviafm.com\/index.php\/wp-json\/wp\/v2\/posts"}],"about":[{"href":"https:\/\/esviafm.com\/index.php\/wp-json\/wp\/v2\/types\/post"}],"author":[{"embeddable":true,"href":"https:\/\/esviafm.com\/index.php\/wp-json\/wp\/v2\/users\/2"}],"replies":[{"embeddable":true,"href":"https:\/\/esviafm.com\/index.php\/wp-json\/wp\/v2\/comments?post=7070"}],"version-history":[{"count":1,"href":"https:\/\/esviafm.com\/index.php\/wp-json\/wp\/v2\/posts\/7070\/revisions"}],"predecessor-version":[{"id":7072,"href":"https:\/\/esviafm.com\/index.php\/wp-json\/wp\/v2\/posts\/7070\/revisions\/7072"}],"wp:attachment":[{"href":"https:\/\/esviafm.com\/index.php\/wp-json\/wp\/v2\/media?parent=7070"}],"wp:term":[{"taxonomy":"category","embeddable":true,"href":"https:\/\/esviafm.com\/index.php\/wp-json\/wp\/v2\/categories?post=7070"},{"taxonomy":"post_tag","embeddable":true,"href":"https:\/\/esviafm.com\/index.php\/wp-json\/wp\/v2\/tags?post=7070"}],"curies":[{"name":"wp","href":"https:\/\/api.w.org\/{rel}","templated":true}]}}