{"id":6929,"date":"2023-10-27T08:01:53","date_gmt":"2023-10-27T12:31:53","guid":{"rendered":"https:\/\/esviafm.com\/?p=6929"},"modified":"2023-10-27T08:01:53","modified_gmt":"2023-10-27T12:31:53","slug":"massa-recibe-respaldo-de-gobernadores-rumbo-a-definicion-presidencial-en-argentina","status":"publish","type":"post","link":"https:\/\/esviafm.com\/index.php\/massa-recibe-respaldo-de-gobernadores-rumbo-a-definicion-presidencial-en-argentina\/","title":{"rendered":"Massa recibe respaldo de gobernadores rumbo a definici\u00f3n presidencial en Argentina"},"content":{"rendered":"<p class=\"story-contents__font-paragraph \" data-mrf-recirculation=\"Enlaces P\u00e1rrafos\"><b>El ministro de Econom\u00eda de\u00a0<\/b><a href=\"https:\/\/elcomercio.pe\/noticias\/argentina\/\" target=\"_blank\" rel=\"noopener\" data-mrf-link=\"https:\/\/elcomercio.pe\/noticias\/argentina\/\"><b>Argentina<\/b><\/a><b>,\u00a0<\/b><a href=\"https:\/\/elcomercio.pe\/noticias\/sergio-massa\/\" target=\"_blank\" rel=\"noopener\" data-mrf-link=\"https:\/\/elcomercio.pe\/noticias\/sergio-massa\/\"><b>Sergio Massa<\/b><\/a><b>, recibi\u00f3 este jueves una fuerte muestra de respaldo por parte de los gobernadores peronistas a su candidatura para la segunda vuelta de los comicios presidenciales del pr\u00f3ximo 19 de noviembre.<\/b><\/p>\n<p class=\"story-contents__font-paragraph \" data-mrf-recirculation=\"Enlaces P\u00e1rrafos\">Mandatarios de casi una veintena de provincias de\u00a0<b>Argentina<\/b>, que forman parte del frente gobernante peronista Uni\u00f3n por la\u00a0<b>Patria\u00a0<\/b>o son miembros de fuerzas pol\u00edticas provinciales cercanas al oficialismo, se reunieron este jueves en\u00a0<b>Buenos Aires\u00a0<\/b>con\u00a0<b>Massa<\/b>, quien el pasado domingo sorprendi\u00f3 al ser el m\u00e1s votado en la primera vuelta de las elecciones presidenciales al acaparar el 36,68 % de los votos.<\/p>\n<p class=\"story-contents__font-paragraph \" data-mrf-recirculation=\"Enlaces P\u00e1rrafos\">\u201c<i>Los gobernadores de distintos espacios pol\u00edticos que hoy nos hemos reunido manifestamos nuestro pleno respaldo a\u00a0<\/i><i><b>Sergio Massa\u00a0<\/b><\/i><i>en la segunda vuelta electoral<\/i>\u201d, afirmaron los mandatarios provinciales en un comunicado.<\/p>\n<div class=\"content_gpt_inline\"><\/div>\n<p class=\"story-contents__font-paragraph \" data-mrf-recirculation=\"Enlaces P\u00e1rrafos\">Afirmaron que el pa\u00eds<i>\u00a0\u201cenfrenta desaf\u00edos de magnitud que s\u00f3lo pueden ser resueltos por un l\u00edder pol\u00edtico con experiencia, capacidad y convicci\u00f3n\u201d\u00a0<\/i>y que\u00a0<b>Massa\u00a0<\/b>\u201cha manifestado la voluntad pol\u00edtica de terminar con la grieta\u201d que divide a la sociedad argentina,\u00a0<i><b>\u201cimpulsando un gobierno federal de unidad nacional\u201d.<\/b><\/i><\/p>\n<p class=\"story-contents__font-paragraph \" data-mrf-recirculation=\"Enlaces P\u00e1rrafos\">\u201c<i>Estamos convencidos de que Sergio Massa es el presidente que necesitamos para lograr\u00a0<\/i><i><b>estabilidad macroecon\u00f3mica<\/b><\/i><i>, crecimiento y desarrollo<\/i>\u201d, sostuvieron.<\/p>\n<div class=\"content_gpt_caja4\">\n<div id=\"gpt_caja4\" data-ads-name=\"\/28253241\/elcomercio\/web\/post\/mundo\/caja4\" data-ads-dimensions-m=\"[[300, 100], [320, 50], [300, 50], [320, 100], [300, 250]]\" data-bloque=\"3\" data-prebid-enabled=\"true\"><\/div>\n<\/div>\n<p class=\"story-contents__font-paragraph \" data-mrf-recirculation=\"Enlaces P\u00e1rrafos\"><b>Massa<\/b>, quien se enfrentar\u00e1 en noviembre con el libertario Javier Milei, dialog\u00f3 con los gobernadores sobre asuntos tributarios, de infraestructura, seguridad, subsidios e inversiones productivas, entre otras.<\/p>\n<p class=\"story-contents__font-paragraph \" data-mrf-recirculation=\"Enlaces P\u00e1rrafos\">Tras el encuentro,\u00a0<b>Massa\u00a0<\/b>insisti\u00f3 en rueda de prensa en que, si es presidente, el suyo ser\u00e1 un \u201c<i>Gobierno de unidad nacional, convocando a los mejores, no cayendo en la trampa de las discusiones de acuerdos de c\u00fapula de partidos, sino entendiendo que hay que elegir a los mejores de cada una de las\u00a0<\/i><i><b>fuerzas econ\u00f3micas, sociales y pol\u00edtica<\/b><\/i><b>s<\/b>\u201d.<\/p>\n<p class=\"story-contents__font-paragraph \" data-mrf-recirculation=\"Enlaces P\u00e1rrafos\">Destac\u00f3 que su candidatura ofrece\u00a0<i><b>\u201cgarant\u00eda de gobernabilidad\u201d<\/b><\/i>\u00a0por el respaldo de gobernadores y alcaldes y porque tiene \u201c<i>vocaci\u00f3n de di\u00e1logo con todos los sectores<\/i>\u201d.<\/p>\n<p class=\"story-contents__font-paragraph \" data-mrf-recirculation=\"Enlaces P\u00e1rrafos\">El ministro dijo que deben mejorarse los ingresos de trabajadores y\u00a0<b>jubilados<\/b>, muy castigados por la elevada inflaci\u00f3n en Argentina, a\u00f1adir valor a la producci\u00f3n nacional en sectores como la miner\u00eda y el de\u00a0<b>hidrocarburos<\/b>, y abrir nuevos mercados de exportaci\u00f3n.<\/p>\n<p class=\"story-contents__font-paragraph \" data-mrf-recirculation=\"Enlaces P\u00e1rrafos\">Por otra parte, se\u00f1al\u00f3 que\u00a0<b>Argentina<\/b><i><b>\u00a0\u201cno puede seguir tomando deuda\u201d\u00a0<\/b><\/i>para financiar su gasto corriente sino s\u00f3lo para construcci\u00f3n de infraestructura y sostuvo que deben modernizarse las\u00a0<b>leyes laborales<\/b>.<\/p>\n<p data-mrf-recirculation=\"Enlaces P\u00e1rrafos\"><strong>Fuente : El Comercio\u00a0<\/strong><\/p>\n<p data-mrf-recirculation=\"Enlaces P\u00e1rrafos\">\n<p data-mrf-recirculation=\"Enlaces P\u00e1rrafos\">\n<div class=\"pvc_clear\"><\/div>\n<p id=\"pvc_stats_6929\" class=\"pvc_stats all  \" data-element-id=\"6929\" style=\"\"><i class=\"pvc-stats-icon large\" aria-hidden=\"true\"><svg xmlns=\"http:\/\/www.w3.org\/2000\/svg\" version=\"1.0\" viewBox=\"0 0 502 315\" preserveAspectRatio=\"xMidYMid meet\"><g transform=\"translate(0,332) scale(0.1,-0.1)\" fill=\"\" stroke=\"none\"><path d=\"M2394 3279 l-29 -30 -3 -207 c-2 -182 0 -211 15 -242 39 -76 157 -76 196 0 15 31 17 60 15 243 l-3 209 -33 29 c-26 23 -41 29 -80 29 -41 0 -53 -5 -78 -31z\"\/><path d=\"M3085 3251 c-45 -19 -58 -50 -96 -229 -47 -217 -49 -260 -13 -295 52 -53 146 -42 177 20 16 31 87 366 87 410 0 70 -86 122 -155 94z\"\/><path d=\"M1751 3234 c-13 -9 -29 -31 -37 -50 -12 -29 -10 -49 21 -204 19 -94 39 -189 45 -210 14 -50 54 -80 110 -80 34 0 48 6 76 34 21 21 34 44 34 59 0 14 -18 113 -40 219 -37 178 -43 195 -70 221 -36 32 -101 37 -139 11z\"\/><path d=\"M1163 3073 c-36 -7 -73 -59 -73 -102 0 -56 133 -378 171 -413 34 -32 83 -37 129 -13 70 36 67 87 -16 290 -86 209 -89 214 -129 231 -35 14 -42 15 -82 7z\"\/><path d=\"M3689 3066 c-15 -9 -33 -30 -42 -48 -48 -103 -147 -355 -147 -375 0 -98 131 -148 192 -74 13 15 57 108 97 206 80 196 84 226 37 273 -30 30 -99 39 -137 18z\"\/><path d=\"M583 2784 c-38 -19 -67 -74 -58 -113 9 -42 211 -354 242 -373 16 -10 45 -18 66 -18 51 0 107 52 107 100 0 39 -1 41 -124 234 -80 126 -108 162 -133 173 -41 17 -61 16 -100 -3z\"\/><path d=\"M4250 2784 c-14 -9 -74 -91 -133 -183 -95 -150 -107 -173 -107 -213 0 -55 33 -94 87 -104 67 -13 90 8 211 198 130 202 137 225 78 284 -27 27 -42 34 -72 34 -22 0 -50 -8 -64 -16z\"\/><path d=\"M2275 2693 c-553 -48 -1095 -270 -1585 -649 -135 -104 -459 -423 -483 -476 -23 -49 -22 -139 2 -186 73 -142 361 -457 571 -626 285 -228 642 -407 990 -497 242 -63 336 -73 660 -74 310 0 370 5 595 52 535 111 1045 392 1455 803 122 121 250 273 275 326 19 41 19 137 0 174 -41 79 -309 363 -465 492 -447 370 -946 591 -1479 653 -113 14 -422 18 -536 8z m395 -428 c171 -34 330 -124 456 -258 112 -119 167 -219 211 -378 27 -96 24 -300 -5 -401 -72 -255 -236 -447 -474 -557 -132 -62 -201 -76 -368 -76 -167 0 -236 14 -368 76 -213 98 -373 271 -451 485 -162 444 86 934 547 1084 153 49 292 57 452 25z m909 -232 c222 -123 408 -262 593 -441 76 -74 138 -139 138 -144 0 -16 -233 -242 -330 -319 -155 -123 -309 -223 -461 -299 l-81 -41 32 46 c18 26 49 83 70 128 143 306 141 649 -6 957 -25 52 -61 116 -79 142 l-34 47 45 -20 c26 -10 76 -36 113 -56z m-2057 25 c-40 -58 -105 -190 -130 -263 -110 -324 -59 -707 132 -981 25 -35 42 -64 37 -64 -19 0 -241 119 -326 174 -188 122 -406 314 -532 468 l-58 71 108 103 c185 178 428 349 672 473 66 33 121 60 123 61 2 0 -10 -19 -26 -42z\"\/><path d=\"M2375 1950 c-198 -44 -350 -190 -395 -379 -18 -76 -8 -221 19 -290 114 -284 457 -406 731 -260 98 52 188 154 231 260 27 69 37 214 19 290 -38 163 -166 304 -326 360 -67 23 -215 33 -279 19z\"\/><\/g><\/svg><\/i> <img decoding=\"async\" width=\"16\" height=\"16\" alt=\"Loading\" src=\"https:\/\/esviafm.com\/wp-content\/plugins\/page-views-count\/ajax-loader-2x.gif\" border=0 \/><\/p>\n<div class=\"pvc_clear\"><\/div>\n","protected":false},"excerpt":{"rendered":"<p>El ministro de Econom\u00eda de\u00a0Argentina,\u00a0Sergio Massa, recibi\u00f3 este jueves una fuerte muestra de respaldo por parte de los gobernadores peronistas a su candidatura para la segunda vuelta de los comicios presidenciales del pr\u00f3ximo 19 de noviembre. Mandatarios de casi una veintena de provincias de\u00a0Argentina, que forman parte del frente gobernante peronista Uni\u00f3n por la\u00a0Patria\u00a0o son [&hellip;]<\/p>\n<div class=\"pvc_clear\"><\/div>\n<p id=\"pvc_stats_6929\" class=\"pvc_stats all  \" data-element-id=\"6929\" style=\"\"><i class=\"pvc-stats-icon large\" aria-hidden=\"true\"><svg xmlns=\"http:\/\/www.w3.org\/2000\/svg\" version=\"1.0\" viewBox=\"0 0 502 315\" preserveAspectRatio=\"xMidYMid meet\"><g transform=\"translate(0,332) scale(0.1,-0.1)\" fill=\"\" stroke=\"none\"><path d=\"M2394 3279 l-29 -30 -3 -207 c-2 -182 0 -211 15 -242 39 -76 157 -76 196 0 15 31 17 60 15 243 l-3 209 -33 29 c-26 23 -41 29 -80 29 -41 0 -53 -5 -78 -31z\"\/><path d=\"M3085 3251 c-45 -19 -58 -50 -96 -229 -47 -217 -49 -260 -13 -295 52 -53 146 -42 177 20 16 31 87 366 87 410 0 70 -86 122 -155 94z\"\/><path d=\"M1751 3234 c-13 -9 -29 -31 -37 -50 -12 -29 -10 -49 21 -204 19 -94 39 -189 45 -210 14 -50 54 -80 110 -80 34 0 48 6 76 34 21 21 34 44 34 59 0 14 -18 113 -40 219 -37 178 -43 195 -70 221 -36 32 -101 37 -139 11z\"\/><path d=\"M1163 3073 c-36 -7 -73 -59 -73 -102 0 -56 133 -378 171 -413 34 -32 83 -37 129 -13 70 36 67 87 -16 290 -86 209 -89 214 -129 231 -35 14 -42 15 -82 7z\"\/><path d=\"M3689 3066 c-15 -9 -33 -30 -42 -48 -48 -103 -147 -355 -147 -375 0 -98 131 -148 192 -74 13 15 57 108 97 206 80 196 84 226 37 273 -30 30 -99 39 -137 18z\"\/><path d=\"M583 2784 c-38 -19 -67 -74 -58 -113 9 -42 211 -354 242 -373 16 -10 45 -18 66 -18 51 0 107 52 107 100 0 39 -1 41 -124 234 -80 126 -108 162 -133 173 -41 17 -61 16 -100 -3z\"\/><path d=\"M4250 2784 c-14 -9 -74 -91 -133 -183 -95 -150 -107 -173 -107 -213 0 -55 33 -94 87 -104 67 -13 90 8 211 198 130 202 137 225 78 284 -27 27 -42 34 -72 34 -22 0 -50 -8 -64 -16z\"\/><path d=\"M2275 2693 c-553 -48 -1095 -270 -1585 -649 -135 -104 -459 -423 -483 -476 -23 -49 -22 -139 2 -186 73 -142 361 -457 571 -626 285 -228 642 -407 990 -497 242 -63 336 -73 660 -74 310 0 370 5 595 52 535 111 1045 392 1455 803 122 121 250 273 275 326 19 41 19 137 0 174 -41 79 -309 363 -465 492 -447 370 -946 591 -1479 653 -113 14 -422 18 -536 8z m395 -428 c171 -34 330 -124 456 -258 112 -119 167 -219 211 -378 27 -96 24 -300 -5 -401 -72 -255 -236 -447 -474 -557 -132 -62 -201 -76 -368 -76 -167 0 -236 14 -368 76 -213 98 -373 271 -451 485 -162 444 86 934 547 1084 153 49 292 57 452 25z m909 -232 c222 -123 408 -262 593 -441 76 -74 138 -139 138 -144 0 -16 -233 -242 -330 -319 -155 -123 -309 -223 -461 -299 l-81 -41 32 46 c18 26 49 83 70 128 143 306 141 649 -6 957 -25 52 -61 116 -79 142 l-34 47 45 -20 c26 -10 76 -36 113 -56z m-2057 25 c-40 -58 -105 -190 -130 -263 -110 -324 -59 -707 132 -981 25 -35 42 -64 37 -64 -19 0 -241 119 -326 174 -188 122 -406 314 -532 468 l-58 71 108 103 c185 178 428 349 672 473 66 33 121 60 123 61 2 0 -10 -19 -26 -42z\"\/><path d=\"M2375 1950 c-198 -44 -350 -190 -395 -379 -18 -76 -8 -221 19 -290 114 -284 457 -406 731 -260 98 52 188 154 231 260 27 69 37 214 19 290 -38 163 -166 304 -326 360 -67 23 -215 33 -279 19z\"\/><\/g><\/svg><\/i> <img decoding=\"async\" width=\"16\" height=\"16\" alt=\"Loading\" src=\"https:\/\/esviafm.com\/wp-content\/plugins\/page-views-count\/ajax-loader-2x.gif\" border=0 \/><\/p>\n<div class=\"pvc_clear\"><\/div>\n","protected":false},"author":2,"featured_media":0,"comment_status":"open","ping_status":"open","sticky":false,"template":"","format":"standard","meta":{"_et_pb_use_builder":"","_et_pb_old_content":"","_et_gb_content_width":"","footnotes":""},"categories":[17],"tags":[],"class_list":["post-6929","post","type-post","status-publish","format-standard","hentry","category-internacionales"],"_links":{"self":[{"href":"https:\/\/esviafm.com\/index.php\/wp-json\/wp\/v2\/posts\/6929","targetHints":{"allow":["GET"]}}],"collection":[{"href":"https:\/\/esviafm.com\/index.php\/wp-json\/wp\/v2\/posts"}],"about":[{"href":"https:\/\/esviafm.com\/index.php\/wp-json\/wp\/v2\/types\/post"}],"author":[{"embeddable":true,"href":"https:\/\/esviafm.com\/index.php\/wp-json\/wp\/v2\/users\/2"}],"replies":[{"embeddable":true,"href":"https:\/\/esviafm.com\/index.php\/wp-json\/wp\/v2\/comments?post=6929"}],"version-history":[{"count":1,"href":"https:\/\/esviafm.com\/index.php\/wp-json\/wp\/v2\/posts\/6929\/revisions"}],"predecessor-version":[{"id":6931,"href":"https:\/\/esviafm.com\/index.php\/wp-json\/wp\/v2\/posts\/6929\/revisions\/6931"}],"wp:attachment":[{"href":"https:\/\/esviafm.com\/index.php\/wp-json\/wp\/v2\/media?parent=6929"}],"wp:term":[{"taxonomy":"category","embeddable":true,"href":"https:\/\/esviafm.com\/index.php\/wp-json\/wp\/v2\/categories?post=6929"},{"taxonomy":"post_tag","embeddable":true,"href":"https:\/\/esviafm.com\/index.php\/wp-json\/wp\/v2\/tags?post=6929"}],"curies":[{"name":"wp","href":"https:\/\/api.w.org\/{rel}","templated":true}]}}