{"id":6842,"date":"2023-10-26T07:10:55","date_gmt":"2023-10-26T11:40:55","guid":{"rendered":"https:\/\/esviafm.com\/?p=6842"},"modified":"2023-10-26T07:10:55","modified_gmt":"2023-10-26T11:40:55","slug":"avanzan-las-negociaciones-con-brasil-para-importar-energia-limpia-y-renovable-de-venezuela-a-roraima","status":"publish","type":"post","link":"https:\/\/esviafm.com\/index.php\/avanzan-las-negociaciones-con-brasil-para-importar-energia-limpia-y-renovable-de-venezuela-a-roraima\/","title":{"rendered":"Avanzan las negociaciones con Brasil para importar energ\u00eda limpia y renovable de Venezuela a Roraima"},"content":{"rendered":"<p>El ministro de Minas y Energ\u00eda de Brasil, Alexandre Silveira, se reuni\u00f3 el lunes 23 de octubre, en Caracas, con el Ministro para la Energ\u00eda El\u00e9ctrica, N\u00e9stor Reverol, con el objetivo de discutir la reanudaci\u00f3n de la importaci\u00f3n de energ\u00eda limpia y renovable desde la central hidroel\u00e9ctrica Guri, en Venezuela, a Roraima, en el norte de Brasil.<\/p>\n<p>Se conform\u00f3 un grupo de trabajo entre representantes del Ministerio de Minas y Energ\u00eda (MME), el Operador Nacional del Sistema (ONS) y la empresa responsable del sector el\u00e9ctrico venezolano para acelerar las negociaciones entre ambos pa\u00edses, verificando los procedimientos y requisitos t\u00e9cnicos a cumplir, adem\u00e1s de los acuerdos operativos. La expectativa es que en noviembre comiencen las pruebas de carga y transmisi\u00f3n de potencia para Brasil.<\/p>\n<blockquote><p>\u00abFue una reuni\u00f3n sumamente importante, donde pudimos avanzar para garantizar la seguridad energ\u00e9tica del norte de Brasil, reanudando la importaci\u00f3n de energ\u00eda limpia y renovable de Guri a Roraima, que es el \u00fanico estado brasile\u00f1o que no est\u00e1 conectado al Sistema Interconectado Nacional (SIN). Lo haremos siguiendo todas las normas del ONS\u00bb,\u00a0dijo el ministro Silveira.<\/p><\/blockquote>\n<div>\n<div><\/div>\n<div>\u00abAdem\u00e1s de m\u00e1s sostenibilidad con la compra de energ\u00eda de la central hidroel\u00e9ctrica venezolana, reduciremos el impacto en el medio ambiente y la contaminaci\u00f3n en la regi\u00f3n al reducir el uso de termoel\u00e9ctricas a di\u00e9sel, que a\u00fan son m\u00e1s caras. Estamos antecipando un ahorro de R$ 10 millones por mes para el consumidor brasile\u00f1o al utilizar menos combustible f\u00f3sil\u00bb, agreg\u00f3.<\/div>\n<div><\/div>\n<div>La reanudaci\u00f3n de las importaciones de energ\u00eda desde Venezuela fue posible gracias a un decreto presidencial firmado en agosto en Parintins. Actualmente, Brasil tiene intercambios internacionales de electricidad con Argentina y Uruguay, adem\u00e1s de Paraguay, a trav\u00e9s de la Central Hidroel\u00e9ctrica Binacional Itaip\u00fa.<\/p>\n<p>Silveira destac\u00f3 el liderazgo del presidente Lula en la reconstrucci\u00f3n de las relaciones con los pa\u00edses latinoamericanos. \u00abBrasil quiere modernizar su sistema energ\u00e9tico, integr\u00e1ndose con los pa\u00edses vecinos, para poder garantizar la seguridad del abastecimiento con la mayor moderaci\u00f3n tarifaria posible. Tambi\u00e9n es un objetivo del gobierno del presidente Lula ampliar los intercambios con Venezuela y otros pa\u00edses vecinos en las \u00e1reas de petr\u00f3leo y gas\u00bb, dijo el alto funcioanrio<\/p>\n<div><\/div>\n<div>Adem\u00e1s del ministro de Energ\u00eda de Venezuela, Silveira tambi\u00e9n se reuni\u00f3 con la vicepresidenta de Venezuela, Delcy Rodr\u00edguez, y el ministro de Petr\u00f3leo, Pedro Rafael Tellechea, para discutir agendas y alianzas entre ambos pa\u00edses.<\/div>\n<div>\nActualmente, Roraima es el \u00fanico estado brasile\u00f1o que no est\u00e1 conectado al SIN, y su suministro de energ\u00eda se realiza a trav\u00e9s de centrales termoel\u00e9ctricas de gasoil, que es m\u00e1s cara y m\u00e1s contaminante.<\/div>\n<div>\nLas obras que conectan Roraima con el SIN fueron autorizadas durante un viaje del presidente Lula y del ministro Alexandre Silveira a Parintins, en Amazonas, en agosto, y ya han comenzado. La expectativa es que el estado est\u00e9 interconectado al SIN para julio de 2025.<\/div>\n<\/div>\n<\/div>\n<div><\/div>\n<div><strong>Fuente : Globovision\u00a0<\/strong><\/div>\n<div class=\"pvc_clear\"><\/div>\n<p id=\"pvc_stats_6842\" class=\"pvc_stats all  \" data-element-id=\"6842\" style=\"\"><i class=\"pvc-stats-icon large\" aria-hidden=\"true\"><svg xmlns=\"http:\/\/www.w3.org\/2000\/svg\" version=\"1.0\" viewBox=\"0 0 502 315\" preserveAspectRatio=\"xMidYMid meet\"><g transform=\"translate(0,332) scale(0.1,-0.1)\" fill=\"\" stroke=\"none\"><path d=\"M2394 3279 l-29 -30 -3 -207 c-2 -182 0 -211 15 -242 39 -76 157 -76 196 0 15 31 17 60 15 243 l-3 209 -33 29 c-26 23 -41 29 -80 29 -41 0 -53 -5 -78 -31z\"\/><path d=\"M3085 3251 c-45 -19 -58 -50 -96 -229 -47 -217 -49 -260 -13 -295 52 -53 146 -42 177 20 16 31 87 366 87 410 0 70 -86 122 -155 94z\"\/><path d=\"M1751 3234 c-13 -9 -29 -31 -37 -50 -12 -29 -10 -49 21 -204 19 -94 39 -189 45 -210 14 -50 54 -80 110 -80 34 0 48 6 76 34 21 21 34 44 34 59 0 14 -18 113 -40 219 -37 178 -43 195 -70 221 -36 32 -101 37 -139 11z\"\/><path d=\"M1163 3073 c-36 -7 -73 -59 -73 -102 0 -56 133 -378 171 -413 34 -32 83 -37 129 -13 70 36 67 87 -16 290 -86 209 -89 214 -129 231 -35 14 -42 15 -82 7z\"\/><path d=\"M3689 3066 c-15 -9 -33 -30 -42 -48 -48 -103 -147 -355 -147 -375 0 -98 131 -148 192 -74 13 15 57 108 97 206 80 196 84 226 37 273 -30 30 -99 39 -137 18z\"\/><path d=\"M583 2784 c-38 -19 -67 -74 -58 -113 9 -42 211 -354 242 -373 16 -10 45 -18 66 -18 51 0 107 52 107 100 0 39 -1 41 -124 234 -80 126 -108 162 -133 173 -41 17 -61 16 -100 -3z\"\/><path d=\"M4250 2784 c-14 -9 -74 -91 -133 -183 -95 -150 -107 -173 -107 -213 0 -55 33 -94 87 -104 67 -13 90 8 211 198 130 202 137 225 78 284 -27 27 -42 34 -72 34 -22 0 -50 -8 -64 -16z\"\/><path d=\"M2275 2693 c-553 -48 -1095 -270 -1585 -649 -135 -104 -459 -423 -483 -476 -23 -49 -22 -139 2 -186 73 -142 361 -457 571 -626 285 -228 642 -407 990 -497 242 -63 336 -73 660 -74 310 0 370 5 595 52 535 111 1045 392 1455 803 122 121 250 273 275 326 19 41 19 137 0 174 -41 79 -309 363 -465 492 -447 370 -946 591 -1479 653 -113 14 -422 18 -536 8z m395 -428 c171 -34 330 -124 456 -258 112 -119 167 -219 211 -378 27 -96 24 -300 -5 -401 -72 -255 -236 -447 -474 -557 -132 -62 -201 -76 -368 -76 -167 0 -236 14 -368 76 -213 98 -373 271 -451 485 -162 444 86 934 547 1084 153 49 292 57 452 25z m909 -232 c222 -123 408 -262 593 -441 76 -74 138 -139 138 -144 0 -16 -233 -242 -330 -319 -155 -123 -309 -223 -461 -299 l-81 -41 32 46 c18 26 49 83 70 128 143 306 141 649 -6 957 -25 52 -61 116 -79 142 l-34 47 45 -20 c26 -10 76 -36 113 -56z m-2057 25 c-40 -58 -105 -190 -130 -263 -110 -324 -59 -707 132 -981 25 -35 42 -64 37 -64 -19 0 -241 119 -326 174 -188 122 -406 314 -532 468 l-58 71 108 103 c185 178 428 349 672 473 66 33 121 60 123 61 2 0 -10 -19 -26 -42z\"\/><path d=\"M2375 1950 c-198 -44 -350 -190 -395 -379 -18 -76 -8 -221 19 -290 114 -284 457 -406 731 -260 98 52 188 154 231 260 27 69 37 214 19 290 -38 163 -166 304 -326 360 -67 23 -215 33 -279 19z\"\/><\/g><\/svg><\/i> <img decoding=\"async\" width=\"16\" height=\"16\" alt=\"Loading\" src=\"https:\/\/esviafm.com\/wp-content\/plugins\/page-views-count\/ajax-loader-2x.gif\" border=0 \/><\/p>\n<div class=\"pvc_clear\"><\/div>\n","protected":false},"excerpt":{"rendered":"<p>El ministro de Minas y Energ\u00eda de Brasil, Alexandre Silveira, se reuni\u00f3 el lunes 23 de octubre, en Caracas, con el Ministro para la Energ\u00eda El\u00e9ctrica, N\u00e9stor Reverol, con el objetivo de discutir la reanudaci\u00f3n de la importaci\u00f3n de energ\u00eda limpia y renovable desde la central hidroel\u00e9ctrica Guri, en Venezuela, a Roraima, en el norte [&hellip;]<\/p>\n<div class=\"pvc_clear\"><\/div>\n<p id=\"pvc_stats_6842\" class=\"pvc_stats all  \" data-element-id=\"6842\" style=\"\"><i class=\"pvc-stats-icon large\" aria-hidden=\"true\"><svg xmlns=\"http:\/\/www.w3.org\/2000\/svg\" version=\"1.0\" viewBox=\"0 0 502 315\" preserveAspectRatio=\"xMidYMid meet\"><g transform=\"translate(0,332) scale(0.1,-0.1)\" fill=\"\" stroke=\"none\"><path d=\"M2394 3279 l-29 -30 -3 -207 c-2 -182 0 -211 15 -242 39 -76 157 -76 196 0 15 31 17 60 15 243 l-3 209 -33 29 c-26 23 -41 29 -80 29 -41 0 -53 -5 -78 -31z\"\/><path d=\"M3085 3251 c-45 -19 -58 -50 -96 -229 -47 -217 -49 -260 -13 -295 52 -53 146 -42 177 20 16 31 87 366 87 410 0 70 -86 122 -155 94z\"\/><path d=\"M1751 3234 c-13 -9 -29 -31 -37 -50 -12 -29 -10 -49 21 -204 19 -94 39 -189 45 -210 14 -50 54 -80 110 -80 34 0 48 6 76 34 21 21 34 44 34 59 0 14 -18 113 -40 219 -37 178 -43 195 -70 221 -36 32 -101 37 -139 11z\"\/><path d=\"M1163 3073 c-36 -7 -73 -59 -73 -102 0 -56 133 -378 171 -413 34 -32 83 -37 129 -13 70 36 67 87 -16 290 -86 209 -89 214 -129 231 -35 14 -42 15 -82 7z\"\/><path d=\"M3689 3066 c-15 -9 -33 -30 -42 -48 -48 -103 -147 -355 -147 -375 0 -98 131 -148 192 -74 13 15 57 108 97 206 80 196 84 226 37 273 -30 30 -99 39 -137 18z\"\/><path d=\"M583 2784 c-38 -19 -67 -74 -58 -113 9 -42 211 -354 242 -373 16 -10 45 -18 66 -18 51 0 107 52 107 100 0 39 -1 41 -124 234 -80 126 -108 162 -133 173 -41 17 -61 16 -100 -3z\"\/><path d=\"M4250 2784 c-14 -9 -74 -91 -133 -183 -95 -150 -107 -173 -107 -213 0 -55 33 -94 87 -104 67 -13 90 8 211 198 130 202 137 225 78 284 -27 27 -42 34 -72 34 -22 0 -50 -8 -64 -16z\"\/><path d=\"M2275 2693 c-553 -48 -1095 -270 -1585 -649 -135 -104 -459 -423 -483 -476 -23 -49 -22 -139 2 -186 73 -142 361 -457 571 -626 285 -228 642 -407 990 -497 242 -63 336 -73 660 -74 310 0 370 5 595 52 535 111 1045 392 1455 803 122 121 250 273 275 326 19 41 19 137 0 174 -41 79 -309 363 -465 492 -447 370 -946 591 -1479 653 -113 14 -422 18 -536 8z m395 -428 c171 -34 330 -124 456 -258 112 -119 167 -219 211 -378 27 -96 24 -300 -5 -401 -72 -255 -236 -447 -474 -557 -132 -62 -201 -76 -368 -76 -167 0 -236 14 -368 76 -213 98 -373 271 -451 485 -162 444 86 934 547 1084 153 49 292 57 452 25z m909 -232 c222 -123 408 -262 593 -441 76 -74 138 -139 138 -144 0 -16 -233 -242 -330 -319 -155 -123 -309 -223 -461 -299 l-81 -41 32 46 c18 26 49 83 70 128 143 306 141 649 -6 957 -25 52 -61 116 -79 142 l-34 47 45 -20 c26 -10 76 -36 113 -56z m-2057 25 c-40 -58 -105 -190 -130 -263 -110 -324 -59 -707 132 -981 25 -35 42 -64 37 -64 -19 0 -241 119 -326 174 -188 122 -406 314 -532 468 l-58 71 108 103 c185 178 428 349 672 473 66 33 121 60 123 61 2 0 -10 -19 -26 -42z\"\/><path d=\"M2375 1950 c-198 -44 -350 -190 -395 -379 -18 -76 -8 -221 19 -290 114 -284 457 -406 731 -260 98 52 188 154 231 260 27 69 37 214 19 290 -38 163 -166 304 -326 360 -67 23 -215 33 -279 19z\"\/><\/g><\/svg><\/i> <img decoding=\"async\" width=\"16\" height=\"16\" alt=\"Loading\" src=\"https:\/\/esviafm.com\/wp-content\/plugins\/page-views-count\/ajax-loader-2x.gif\" border=0 \/><\/p>\n<div class=\"pvc_clear\"><\/div>\n","protected":false},"author":2,"featured_media":0,"comment_status":"open","ping_status":"open","sticky":false,"template":"","format":"standard","meta":{"_et_pb_use_builder":"","_et_pb_old_content":"","_et_gb_content_width":"","footnotes":""},"categories":[17],"tags":[],"class_list":["post-6842","post","type-post","status-publish","format-standard","hentry","category-internacionales"],"_links":{"self":[{"href":"https:\/\/esviafm.com\/index.php\/wp-json\/wp\/v2\/posts\/6842","targetHints":{"allow":["GET"]}}],"collection":[{"href":"https:\/\/esviafm.com\/index.php\/wp-json\/wp\/v2\/posts"}],"about":[{"href":"https:\/\/esviafm.com\/index.php\/wp-json\/wp\/v2\/types\/post"}],"author":[{"embeddable":true,"href":"https:\/\/esviafm.com\/index.php\/wp-json\/wp\/v2\/users\/2"}],"replies":[{"embeddable":true,"href":"https:\/\/esviafm.com\/index.php\/wp-json\/wp\/v2\/comments?post=6842"}],"version-history":[{"count":1,"href":"https:\/\/esviafm.com\/index.php\/wp-json\/wp\/v2\/posts\/6842\/revisions"}],"predecessor-version":[{"id":6844,"href":"https:\/\/esviafm.com\/index.php\/wp-json\/wp\/v2\/posts\/6842\/revisions\/6844"}],"wp:attachment":[{"href":"https:\/\/esviafm.com\/index.php\/wp-json\/wp\/v2\/media?parent=6842"}],"wp:term":[{"taxonomy":"category","embeddable":true,"href":"https:\/\/esviafm.com\/index.php\/wp-json\/wp\/v2\/categories?post=6842"},{"taxonomy":"post_tag","embeddable":true,"href":"https:\/\/esviafm.com\/index.php\/wp-json\/wp\/v2\/tags?post=6842"}],"curies":[{"name":"wp","href":"https:\/\/api.w.org\/{rel}","templated":true}]}}