{"id":6619,"date":"2023-10-23T06:57:51","date_gmt":"2023-10-23T11:27:51","guid":{"rendered":"https:\/\/esviafm.com\/?p=6619"},"modified":"2023-10-23T06:57:51","modified_gmt":"2023-10-23T11:27:51","slug":"peronista-massa-es-el-mas-votado-en-argentina-pero-va-a-un-balotaje-con-ultraderechista-milei","status":"publish","type":"post","link":"https:\/\/esviafm.com\/index.php\/peronista-massa-es-el-mas-votado-en-argentina-pero-va-a-un-balotaje-con-ultraderechista-milei\/","title":{"rendered":"Peronista Massa es el m\u00e1s votado en Argentina, pero va a un balotaje con ultraderechista Milei"},"content":{"rendered":"<p>En un sorpresivo giro y pese a un escenario econ\u00f3mico adverso, el candidato peronista y ministro de Econom\u00eda Sergio Massa fue el m\u00e1s votado el domingo en las elecciones presidenciales de Argentina, pero sin el respaldo suficiente para evitar un balotaje con el ultraderechista Javier Milei.<\/p>\n<p>Seg\u00fan el conteo oficial y con el 98% escrutado, Massa, que representa al peronismo moderado, obten\u00eda 36,64% de los votos, mientras que Milei, un economista ultraliberal, lograba 30,01%. Patricia Bullrich, l\u00edder de la coalici\u00f3n de centroderecha Juntos por el Cambio, alcanzaba 23,83% de los votos.<\/p>\n<p>Para ganar las elecciones un candidato debe obtener al menos 45% de los votos v\u00e1lidos o 40% y una diferencia de 10 puntos porcentuales sobre el segundo m\u00e1s votado. De lo contrario, las dos f\u00f3rmulas con m\u00e1s sufragios se enfrentar\u00e1n en un balotaje el 19 de noviembre. Quien resulte electo asumir\u00e1 el poder el 10 de diciembre.<\/p>\n<p>Este resultado revirti\u00f3 la tendencia de las elecciones primarias de agosto en las que Milei, quien atrae a amplios sectores con sus promesas de erradicar la inflaci\u00f3n y sus dardos contra la clase pol\u00edtica tradicional, result\u00f3 el m\u00e1s votado.<\/p>\n<p>Massa, de 51 a\u00f1os, reconoci\u00f3 en la sede de su campa\u00f1a que Argentina vive \u201cuna situaci\u00f3n compleja y llena de desaf\u00edos y dificultades\u201d y afirm\u00f3 que en los pr\u00f3ximos d\u00edas se ganar\u00e1 la confianza de \u201clos que se quedaron en su casa, votaron en blanco, que eligieron a otros\u201d.<\/p>\n<p>El peronista tambi\u00e9n dijo que buscar\u00e1 consolidar un gobierno de unidad nacional \u201cconstruido sobre la base de convocar a los mejores, sin importar su fuerza pol\u00edtica\u201d.<\/p>\n<p>El apoyo obtenido por Massa en la provincia de Buenos Aires, tradicional basti\u00f3n del peronismo y que contiene a m\u00e1s de un tercio del electorado nacional, fue decisivo para que lidere la elecci\u00f3n general. El gobernador peronista de ese distrito, Axel Kicillof, logr\u00f3 su relecci\u00f3n por m\u00e1s de 18 puntos de diferencia sobre el segundo m\u00e1s votado.<\/p>\n<p>Massa sum\u00f3 votos respecto de las primarias de agosto pese a que durante su gesti\u00f3n como ministro se aceler\u00f3 la inflaci\u00f3n hasta rozar el 140% anual y la pobreza aument\u00f3 al 40,1%.<\/p>\n<p>La inflaci\u00f3n, la inseguridad y la falta de previsibilidad econ\u00f3mica est\u00e1n al tope de las preocupaciones en las encuestas de opini\u00f3n. Los argentinos tambi\u00e9n mencionan la corrupci\u00f3n entre sus preocupaciones.<\/p>\n<p>Al ponderar los resultados, Jorge Arias, director de la consultora Polilat, destac\u00f3 de Massa \u201csu vocaci\u00f3n pol\u00edtica, su vocaci\u00f3n de poder, su capacidad pol\u00edtica\u201d.<\/p>\n<p>\u201cNadie tiene a Massa como el gran economista. Como un pol\u00edtico oportunista y audaz se tir\u00f3 sobre la bomba de la econom\u00eda en agosto del a\u00f1o pasado. No le fue muy bien, pero sigue intentando caminos que permitan mostrar que la agenda social de este gobierno se sostiene pese todas las dificultades econ\u00f3micas&#8230; demuestra que est\u00e1 batallando, aunque no lo resuelve\u201d, dijo Arias a The Associated Press.<\/p>\n<p>El ministro de Econom\u00eda ha dicho que cancelar\u00e1 la deuda de unos 44.000 millones de d\u00f3lares que el pa\u00eds tom\u00f3 en 2018 con el Fondo Monetario Internacional y prometi\u00f3 que lograr\u00e1 orden fiscal y super\u00e1vit comercial sin renunciar a la inclusi\u00f3n social. Tambi\u00e9n ha persuadido al electorado peronista de que siga apostando por la fuerza que ha implementado un vasto tejido de ayudas sociales para los desfavorecidos.<\/p>\n<p>El ministro ha advertido, adem\u00e1s, que las pol\u00edticas de Milei esconden un recorte de derechos b\u00e1sicos. Eso fue replicado por el ultraderechista, de 53 a\u00f1os, quien en un discurso sostuvo ante sus seguidores que \u201cvamos a terminar con los privilegios (de los pol\u00edticos), no a quitar derechos\u201d.<\/p>\n<p>Al igual que su rival, Milei pidi\u00f3 el respaldo de los que no lo apoyaron. \u201cTodos los que queremos un cambio tenemos que trabajar juntos; si trabajamos juntos podemos ganar y evitar que nuestros chicos se vayan del pa\u00eds, terminar con la corrupci\u00f3n y con los privilegios de la casta pol\u00edtica\u201d.<\/p>\n<p>A su vez sostuvo que Massa integra una \u201corganizaci\u00f3n criminal\u201d que \u201cquiere hipotecar nuestro futuro para permanecer en el poder\u201d.<\/p>\n<p>Para el analista Lucas Romero, de la consultora Synopsis, Massa tiene enfrente a un Milei \u201csin pericia pol\u00edtica, que quiz\u00e1 no tenga la capacidad de entender que la escena le pide que se tiene que moderar, construir acuerdos pol\u00edticos y seducir a votantes\u201d.<\/p>\n<p>La analista Mariel Fornoni, de la a consultora Management &amp; Fit, apunt\u00f3 que al ultraderechista le jugaron en contra las pol\u00e9micas declaraciones de allegados que en los \u00faltimos d\u00edas se\u00f1alaron, por ejemplo, que Argentina deb\u00eda cortar relaciones con el Vaticano.<\/p>\n<p>En cambio -acot\u00f3 Fornoni- a Massa le rindi\u00f3 frutos haber recalcado \u201ccu\u00e1nto representar\u00eda en el presupuesto de la gente la quita de subsidios (al transporte y los servicios p\u00fablicos) tuvo mucho impacto y evidentemente dio m\u00e1s miedo que cualquier otra cosa\u201d.<\/p>\n<p>Milei tiene un discurso en contra de la clase pol\u00edtica tradicional, a la que tacha de \u201ccasta\u201d de privilegiados, y ha sabido empatizar con amplios sectores populares que tienen su poder de compra pulverizado y han sido testigos de constantes esc\u00e1ndalos de corrupci\u00f3n protagonizados por funcionarios p\u00fablicos.<\/p>\n<p>Su propuesta de dolarizar la econom\u00eda y cerrar el Banco Central para frenar la emisi\u00f3n de pesos y reducir la inflaci\u00f3n parece no haber sido suficiente para mantenerse en el primer lugar de las preferencias.<\/p>\n<p>El economista, que se identifica con los expresidentes ultraderechistas Donald Trump de Estados Unidos y Jair Bolsonaro de Brasil, tambi\u00e9n plantea la desregulaci\u00f3n del mercado legal de armas.<\/p>\n<p>En los comicios del domingo tambi\u00e9n se renovaron 24 bancas del Senado y 130 de diputados nacionales y se eligieron varios alcaldes y gobernadores<\/p>\n<p><strong>Fuente : AP<\/strong><\/p>\n<div class=\"pvc_clear\"><\/div>\n<p id=\"pvc_stats_6619\" class=\"pvc_stats all  \" data-element-id=\"6619\" style=\"\"><i class=\"pvc-stats-icon large\" aria-hidden=\"true\"><svg xmlns=\"http:\/\/www.w3.org\/2000\/svg\" version=\"1.0\" viewBox=\"0 0 502 315\" preserveAspectRatio=\"xMidYMid meet\"><g transform=\"translate(0,332) scale(0.1,-0.1)\" fill=\"\" stroke=\"none\"><path d=\"M2394 3279 l-29 -30 -3 -207 c-2 -182 0 -211 15 -242 39 -76 157 -76 196 0 15 31 17 60 15 243 l-3 209 -33 29 c-26 23 -41 29 -80 29 -41 0 -53 -5 -78 -31z\"\/><path d=\"M3085 3251 c-45 -19 -58 -50 -96 -229 -47 -217 -49 -260 -13 -295 52 -53 146 -42 177 20 16 31 87 366 87 410 0 70 -86 122 -155 94z\"\/><path d=\"M1751 3234 c-13 -9 -29 -31 -37 -50 -12 -29 -10 -49 21 -204 19 -94 39 -189 45 -210 14 -50 54 -80 110 -80 34 0 48 6 76 34 21 21 34 44 34 59 0 14 -18 113 -40 219 -37 178 -43 195 -70 221 -36 32 -101 37 -139 11z\"\/><path d=\"M1163 3073 c-36 -7 -73 -59 -73 -102 0 -56 133 -378 171 -413 34 -32 83 -37 129 -13 70 36 67 87 -16 290 -86 209 -89 214 -129 231 -35 14 -42 15 -82 7z\"\/><path d=\"M3689 3066 c-15 -9 -33 -30 -42 -48 -48 -103 -147 -355 -147 -375 0 -98 131 -148 192 -74 13 15 57 108 97 206 80 196 84 226 37 273 -30 30 -99 39 -137 18z\"\/><path d=\"M583 2784 c-38 -19 -67 -74 -58 -113 9 -42 211 -354 242 -373 16 -10 45 -18 66 -18 51 0 107 52 107 100 0 39 -1 41 -124 234 -80 126 -108 162 -133 173 -41 17 -61 16 -100 -3z\"\/><path d=\"M4250 2784 c-14 -9 -74 -91 -133 -183 -95 -150 -107 -173 -107 -213 0 -55 33 -94 87 -104 67 -13 90 8 211 198 130 202 137 225 78 284 -27 27 -42 34 -72 34 -22 0 -50 -8 -64 -16z\"\/><path d=\"M2275 2693 c-553 -48 -1095 -270 -1585 -649 -135 -104 -459 -423 -483 -476 -23 -49 -22 -139 2 -186 73 -142 361 -457 571 -626 285 -228 642 -407 990 -497 242 -63 336 -73 660 -74 310 0 370 5 595 52 535 111 1045 392 1455 803 122 121 250 273 275 326 19 41 19 137 0 174 -41 79 -309 363 -465 492 -447 370 -946 591 -1479 653 -113 14 -422 18 -536 8z m395 -428 c171 -34 330 -124 456 -258 112 -119 167 -219 211 -378 27 -96 24 -300 -5 -401 -72 -255 -236 -447 -474 -557 -132 -62 -201 -76 -368 -76 -167 0 -236 14 -368 76 -213 98 -373 271 -451 485 -162 444 86 934 547 1084 153 49 292 57 452 25z m909 -232 c222 -123 408 -262 593 -441 76 -74 138 -139 138 -144 0 -16 -233 -242 -330 -319 -155 -123 -309 -223 -461 -299 l-81 -41 32 46 c18 26 49 83 70 128 143 306 141 649 -6 957 -25 52 -61 116 -79 142 l-34 47 45 -20 c26 -10 76 -36 113 -56z m-2057 25 c-40 -58 -105 -190 -130 -263 -110 -324 -59 -707 132 -981 25 -35 42 -64 37 -64 -19 0 -241 119 -326 174 -188 122 -406 314 -532 468 l-58 71 108 103 c185 178 428 349 672 473 66 33 121 60 123 61 2 0 -10 -19 -26 -42z\"\/><path d=\"M2375 1950 c-198 -44 -350 -190 -395 -379 -18 -76 -8 -221 19 -290 114 -284 457 -406 731 -260 98 52 188 154 231 260 27 69 37 214 19 290 -38 163 -166 304 -326 360 -67 23 -215 33 -279 19z\"\/><\/g><\/svg><\/i> <img decoding=\"async\" width=\"16\" height=\"16\" alt=\"Loading\" src=\"https:\/\/esviafm.com\/wp-content\/plugins\/page-views-count\/ajax-loader-2x.gif\" border=0 \/><\/p>\n<div class=\"pvc_clear\"><\/div>\n","protected":false},"excerpt":{"rendered":"<p>En un sorpresivo giro y pese a un escenario econ\u00f3mico adverso, el candidato peronista y ministro de Econom\u00eda Sergio Massa fue el m\u00e1s votado el domingo en las elecciones presidenciales de Argentina, pero sin el respaldo suficiente para evitar un balotaje con el ultraderechista Javier Milei. Seg\u00fan el conteo oficial y con el 98% escrutado, [&hellip;]<\/p>\n<div class=\"pvc_clear\"><\/div>\n<p id=\"pvc_stats_6619\" class=\"pvc_stats all  \" data-element-id=\"6619\" style=\"\"><i class=\"pvc-stats-icon large\" aria-hidden=\"true\"><svg xmlns=\"http:\/\/www.w3.org\/2000\/svg\" version=\"1.0\" viewBox=\"0 0 502 315\" preserveAspectRatio=\"xMidYMid meet\"><g transform=\"translate(0,332) scale(0.1,-0.1)\" fill=\"\" stroke=\"none\"><path d=\"M2394 3279 l-29 -30 -3 -207 c-2 -182 0 -211 15 -242 39 -76 157 -76 196 0 15 31 17 60 15 243 l-3 209 -33 29 c-26 23 -41 29 -80 29 -41 0 -53 -5 -78 -31z\"\/><path d=\"M3085 3251 c-45 -19 -58 -50 -96 -229 -47 -217 -49 -260 -13 -295 52 -53 146 -42 177 20 16 31 87 366 87 410 0 70 -86 122 -155 94z\"\/><path d=\"M1751 3234 c-13 -9 -29 -31 -37 -50 -12 -29 -10 -49 21 -204 19 -94 39 -189 45 -210 14 -50 54 -80 110 -80 34 0 48 6 76 34 21 21 34 44 34 59 0 14 -18 113 -40 219 -37 178 -43 195 -70 221 -36 32 -101 37 -139 11z\"\/><path d=\"M1163 3073 c-36 -7 -73 -59 -73 -102 0 -56 133 -378 171 -413 34 -32 83 -37 129 -13 70 36 67 87 -16 290 -86 209 -89 214 -129 231 -35 14 -42 15 -82 7z\"\/><path d=\"M3689 3066 c-15 -9 -33 -30 -42 -48 -48 -103 -147 -355 -147 -375 0 -98 131 -148 192 -74 13 15 57 108 97 206 80 196 84 226 37 273 -30 30 -99 39 -137 18z\"\/><path d=\"M583 2784 c-38 -19 -67 -74 -58 -113 9 -42 211 -354 242 -373 16 -10 45 -18 66 -18 51 0 107 52 107 100 0 39 -1 41 -124 234 -80 126 -108 162 -133 173 -41 17 -61 16 -100 -3z\"\/><path d=\"M4250 2784 c-14 -9 -74 -91 -133 -183 -95 -150 -107 -173 -107 -213 0 -55 33 -94 87 -104 67 -13 90 8 211 198 130 202 137 225 78 284 -27 27 -42 34 -72 34 -22 0 -50 -8 -64 -16z\"\/><path d=\"M2275 2693 c-553 -48 -1095 -270 -1585 -649 -135 -104 -459 -423 -483 -476 -23 -49 -22 -139 2 -186 73 -142 361 -457 571 -626 285 -228 642 -407 990 -497 242 -63 336 -73 660 -74 310 0 370 5 595 52 535 111 1045 392 1455 803 122 121 250 273 275 326 19 41 19 137 0 174 -41 79 -309 363 -465 492 -447 370 -946 591 -1479 653 -113 14 -422 18 -536 8z m395 -428 c171 -34 330 -124 456 -258 112 -119 167 -219 211 -378 27 -96 24 -300 -5 -401 -72 -255 -236 -447 -474 -557 -132 -62 -201 -76 -368 -76 -167 0 -236 14 -368 76 -213 98 -373 271 -451 485 -162 444 86 934 547 1084 153 49 292 57 452 25z m909 -232 c222 -123 408 -262 593 -441 76 -74 138 -139 138 -144 0 -16 -233 -242 -330 -319 -155 -123 -309 -223 -461 -299 l-81 -41 32 46 c18 26 49 83 70 128 143 306 141 649 -6 957 -25 52 -61 116 -79 142 l-34 47 45 -20 c26 -10 76 -36 113 -56z m-2057 25 c-40 -58 -105 -190 -130 -263 -110 -324 -59 -707 132 -981 25 -35 42 -64 37 -64 -19 0 -241 119 -326 174 -188 122 -406 314 -532 468 l-58 71 108 103 c185 178 428 349 672 473 66 33 121 60 123 61 2 0 -10 -19 -26 -42z\"\/><path d=\"M2375 1950 c-198 -44 -350 -190 -395 -379 -18 -76 -8 -221 19 -290 114 -284 457 -406 731 -260 98 52 188 154 231 260 27 69 37 214 19 290 -38 163 -166 304 -326 360 -67 23 -215 33 -279 19z\"\/><\/g><\/svg><\/i> <img decoding=\"async\" width=\"16\" height=\"16\" alt=\"Loading\" src=\"https:\/\/esviafm.com\/wp-content\/plugins\/page-views-count\/ajax-loader-2x.gif\" border=0 \/><\/p>\n<div class=\"pvc_clear\"><\/div>\n","protected":false},"author":2,"featured_media":0,"comment_status":"open","ping_status":"open","sticky":false,"template":"","format":"standard","meta":{"_et_pb_use_builder":"","_et_pb_old_content":"","_et_gb_content_width":"","footnotes":""},"categories":[17],"tags":[],"class_list":["post-6619","post","type-post","status-publish","format-standard","hentry","category-internacionales"],"_links":{"self":[{"href":"https:\/\/esviafm.com\/index.php\/wp-json\/wp\/v2\/posts\/6619","targetHints":{"allow":["GET"]}}],"collection":[{"href":"https:\/\/esviafm.com\/index.php\/wp-json\/wp\/v2\/posts"}],"about":[{"href":"https:\/\/esviafm.com\/index.php\/wp-json\/wp\/v2\/types\/post"}],"author":[{"embeddable":true,"href":"https:\/\/esviafm.com\/index.php\/wp-json\/wp\/v2\/users\/2"}],"replies":[{"embeddable":true,"href":"https:\/\/esviafm.com\/index.php\/wp-json\/wp\/v2\/comments?post=6619"}],"version-history":[{"count":1,"href":"https:\/\/esviafm.com\/index.php\/wp-json\/wp\/v2\/posts\/6619\/revisions"}],"predecessor-version":[{"id":6621,"href":"https:\/\/esviafm.com\/index.php\/wp-json\/wp\/v2\/posts\/6619\/revisions\/6621"}],"wp:attachment":[{"href":"https:\/\/esviafm.com\/index.php\/wp-json\/wp\/v2\/media?parent=6619"}],"wp:term":[{"taxonomy":"category","embeddable":true,"href":"https:\/\/esviafm.com\/index.php\/wp-json\/wp\/v2\/categories?post=6619"},{"taxonomy":"post_tag","embeddable":true,"href":"https:\/\/esviafm.com\/index.php\/wp-json\/wp\/v2\/tags?post=6619"}],"curies":[{"name":"wp","href":"https:\/\/api.w.org\/{rel}","templated":true}]}}