{"id":5100,"date":"2023-09-20T06:43:21","date_gmt":"2023-09-20T11:13:21","guid":{"rendered":"https:\/\/esviafm.com\/?p=5100"},"modified":"2023-09-20T06:43:21","modified_gmt":"2023-09-20T11:13:21","slug":"guterres-propone-en-la-onu-nuevas-instituciones-mundiales-basadas-en-la-equidad-y-la-solidaridad","status":"publish","type":"post","link":"https:\/\/esviafm.com\/index.php\/guterres-propone-en-la-onu-nuevas-instituciones-mundiales-basadas-en-la-equidad-y-la-solidaridad\/","title":{"rendered":"Guterres propone en la ONU nuevas instituciones mundiales basadas en la equidad y la solidaridad"},"content":{"rendered":"<p>El secretario general de la ONU, Ant\u00f3nio Guterres, propuso este martes, al dar inicio al 78 periodo se sesiones de la Asamblea General, \u201crenovar unas instituciones internacionales del siglo XXI\u201d que est\u00e9n basadas \u201cen la equidad, la solidaridad y la universalidad\u201d.<\/p>\n<p>En un mundo gangrenado por las divisiones -entre poderes econ\u00f3micos y militares, entre el norte y el sur, y entre el este y el oeste- no queda otra alternativa que la reforma de estas instituciones, pues de lo contrario iremos a \u201cuna mayor fragmentaci\u00f3n\u201d, advirti\u00f3, aunque reconoci\u00f3 que no ser\u00e1 f\u00e1cil porque \u201clas reformas son una cuesti\u00f3n de poder\u201d.<\/p>\n<p>Guterres dio inicio con su discurso a una Semana de Alto Nivel marcada por la continuaci\u00f3n de la guerra en Ucrania, que ha exacerbado las tensiones pol\u00edticas y ha profundizado las diferencias econ\u00f3micas entre los pa\u00edses.<\/p>\n<p>Entre los asistentes estaba el presidente de Ucrania, Volod\u00edmir Zelenski, quien asiste por primera vez a la Asamblea General y hablar\u00e1 m\u00e1s tarde; por su parte, Rusia estaba hoy representada simplemente por su embajador ante la ONU, a la espera de que en los pr\u00f3ximos d\u00edas llegue el ministro de Exteriores, Sergu\u00e9i Lavrov.<\/p>\n<h2 id=\"h-una-reflexion-sobre-las-instituciones-mundiales\" class=\"wp-block-heading\">Una reflexi\u00f3n sobre las instituciones mundiales<\/h2>\n<p>Guterres empez\u00f3 reconociendo que las instituciones actuales -la propia ONU, el Banco Mundial o el Fondo Monetario Internacional- nacieron en 1945 y responden a una \u00e9poca donde gran parte de los pa\u00edses actuales viv\u00edan bajo el yugo colonial.<\/p>\n<blockquote class=\"wp-block-quote\"><p>\u201cEl mundo ha cambiado; nuestras instituciones no\u201d, resumi\u00f3, y por eso no est\u00e1n contribuyendo a solucionar el problema de las divisiones crecientes, que no se dan solo entre pa\u00edses o bloques, sino en el interior de las propias democracias, donde \u201cel autoritarismo est\u00e1 en auge\u201d.<\/p><\/blockquote>\n<p>El pol\u00edtico portugu\u00e9s cit\u00f3 los varios puntos del planeta donde se viven graves crisis multidimensionales -el Sahel, Sud\u00e1n, la Rep\u00fablica Democr\u00e1tica del Congo, Hait\u00ed, Birmania, Palestina o Siria-, lo que, unido a los desastres naturales, demuestran que \u201cel sistema humanitario global est\u00e1 al borde del colapso\u201d.<\/p>\n<h2 id=\"h-objetivos-del-milenio-como-medicina-contra-la-desigualdad\" class=\"wp-block-heading\">Objetivos del Milenio como medicina contra la desigualdad<\/h2>\n<p>A continuaci\u00f3n, Guterres record\u00f3 que la desigualdad es la gasolina de todos los descontentos: \u201cSi no alimentamos a los hambrientos, estamos alimentando el conflicto\u201d, dijo, y record\u00f3 que la mejor arma contra los conflictos es apoyar\u00a0<a href=\"https:\/\/efe.com\/mundo\/2023-09-18\/cumbre-sobre-objetivos-de-desarrollo-sostenible-en-la-onu-y-acabar-desigualdad\/\">los Objetivos de Desarrollo Sostenible (ODS)<\/a>.<\/p>\n<p>En este sentido, pidi\u00f3 a los pa\u00edses tres compromisos que se pueden lograr en lo inmediato: comprometer 500.000 millones de d\u00f3lares al a\u00f1o para implementar esos ODS en los pa\u00edses pobres -que gastan m\u00e1s en pagar su deuda que en sanidad-; cambiar la estructura de los bancos multilaterales de desarrollo e idear mecanismos para aliviar la deuda de los pa\u00edses m\u00e1s afectados.<\/p>\n<p>No olvid\u00f3 mencionar las metas clim\u00e1ticas, y contrapuso el hecho de que los pa\u00edses del G20 m\u00e1s industrializados son responsables del 80 % de emisiones de carbono, mientras que los de \u00c1frica, pese a tener el 60 % de la capacidad solar del planeta, solo reciben el 2 % de las inversiones en energ\u00edas renovables.<\/p>\n<p>Guterres tambi\u00e9n aludi\u00f3 a las desigualdades de g\u00e9nero, al recordar que en muchos pa\u00edses las mujeres \u201csiguen esperando la igualdad de oportunidades o paridad salarial, o incluso igualdad ante la ley, (como esperan) que su trabajo se valore y sus opiniones cuenten\u201d.<\/p>\n<blockquote class=\"wp-block-quote\"><p>\u201cEn todo el globo -lament\u00f3- los derechos de las mujeres, incluidos sexuales y reproductivos, se est\u00e1n suprimiendo o reduciendo, y las libertades de las mujeres est\u00e1n siendo restringidas\u201d.<\/p><\/blockquote>\n<p>Lanz\u00f3 finalmente un pedido para hacer de la Inteligencia Artificial una herramienta de acceso al conocimiento y no de control ciudadano, para lo que har\u00e1 falta organismos mundiales que vigilen su desarrollo y aplicaci\u00f3n.<\/p>\n<h2 id=\"h-un-llamado-a-la-union\" class=\"wp-block-heading\">Un llamado a la uni\u00f3n<\/h2>\n<p id=\"primero\">Este periodo la Asamblea General de la\u00a0ONU, punto culminante de la diplomacia mundial, qued\u00f3 hoy oficialmente abierto con un llamado a la unidad del presidente de la Asamblea, Dennis Francis.<\/p>\n<blockquote class=\"wp-block-quote\"><p>\u201cEste a\u00f1o el imperativo es claro: unir a las naciones en el convencimiento de un prop\u00f3sito com\u00fan y la solidaridad de la acci\u00f3n com\u00fan\u201d, dijo Francis ante los delegados de los 193 pa\u00edses miembros.<\/p><\/blockquote>\n<p>\u201cLa Asamblea General y este rostro se levantan como el testimonio viviente del multilateralismo y el extraordinario papel de la\u00a0ONU\u00a0en sus 75 a\u00f1os de existencia\u201d, dijo, antes de recordar los grandes retos que enfrenta la humanidad en su conjunto: \u201cGuerra; cambio clim\u00e1tico; deuda; energ\u00eda y crisis alimentaria; pobreza y hambre\u201d, enumer\u00f3.<\/p>\n<p><strong>Fuente : Globovision\u00a0<\/strong><\/p>\n<div class=\"pvc_clear\"><\/div>\n<p id=\"pvc_stats_5100\" class=\"pvc_stats all  \" data-element-id=\"5100\" style=\"\"><i class=\"pvc-stats-icon large\" aria-hidden=\"true\"><svg xmlns=\"http:\/\/www.w3.org\/2000\/svg\" version=\"1.0\" viewBox=\"0 0 502 315\" preserveAspectRatio=\"xMidYMid meet\"><g transform=\"translate(0,332) scale(0.1,-0.1)\" fill=\"\" stroke=\"none\"><path d=\"M2394 3279 l-29 -30 -3 -207 c-2 -182 0 -211 15 -242 39 -76 157 -76 196 0 15 31 17 60 15 243 l-3 209 -33 29 c-26 23 -41 29 -80 29 -41 0 -53 -5 -78 -31z\"\/><path d=\"M3085 3251 c-45 -19 -58 -50 -96 -229 -47 -217 -49 -260 -13 -295 52 -53 146 -42 177 20 16 31 87 366 87 410 0 70 -86 122 -155 94z\"\/><path d=\"M1751 3234 c-13 -9 -29 -31 -37 -50 -12 -29 -10 -49 21 -204 19 -94 39 -189 45 -210 14 -50 54 -80 110 -80 34 0 48 6 76 34 21 21 34 44 34 59 0 14 -18 113 -40 219 -37 178 -43 195 -70 221 -36 32 -101 37 -139 11z\"\/><path d=\"M1163 3073 c-36 -7 -73 -59 -73 -102 0 -56 133 -378 171 -413 34 -32 83 -37 129 -13 70 36 67 87 -16 290 -86 209 -89 214 -129 231 -35 14 -42 15 -82 7z\"\/><path d=\"M3689 3066 c-15 -9 -33 -30 -42 -48 -48 -103 -147 -355 -147 -375 0 -98 131 -148 192 -74 13 15 57 108 97 206 80 196 84 226 37 273 -30 30 -99 39 -137 18z\"\/><path d=\"M583 2784 c-38 -19 -67 -74 -58 -113 9 -42 211 -354 242 -373 16 -10 45 -18 66 -18 51 0 107 52 107 100 0 39 -1 41 -124 234 -80 126 -108 162 -133 173 -41 17 -61 16 -100 -3z\"\/><path d=\"M4250 2784 c-14 -9 -74 -91 -133 -183 -95 -150 -107 -173 -107 -213 0 -55 33 -94 87 -104 67 -13 90 8 211 198 130 202 137 225 78 284 -27 27 -42 34 -72 34 -22 0 -50 -8 -64 -16z\"\/><path d=\"M2275 2693 c-553 -48 -1095 -270 -1585 -649 -135 -104 -459 -423 -483 -476 -23 -49 -22 -139 2 -186 73 -142 361 -457 571 -626 285 -228 642 -407 990 -497 242 -63 336 -73 660 -74 310 0 370 5 595 52 535 111 1045 392 1455 803 122 121 250 273 275 326 19 41 19 137 0 174 -41 79 -309 363 -465 492 -447 370 -946 591 -1479 653 -113 14 -422 18 -536 8z m395 -428 c171 -34 330 -124 456 -258 112 -119 167 -219 211 -378 27 -96 24 -300 -5 -401 -72 -255 -236 -447 -474 -557 -132 -62 -201 -76 -368 -76 -167 0 -236 14 -368 76 -213 98 -373 271 -451 485 -162 444 86 934 547 1084 153 49 292 57 452 25z m909 -232 c222 -123 408 -262 593 -441 76 -74 138 -139 138 -144 0 -16 -233 -242 -330 -319 -155 -123 -309 -223 -461 -299 l-81 -41 32 46 c18 26 49 83 70 128 143 306 141 649 -6 957 -25 52 -61 116 -79 142 l-34 47 45 -20 c26 -10 76 -36 113 -56z m-2057 25 c-40 -58 -105 -190 -130 -263 -110 -324 -59 -707 132 -981 25 -35 42 -64 37 -64 -19 0 -241 119 -326 174 -188 122 -406 314 -532 468 l-58 71 108 103 c185 178 428 349 672 473 66 33 121 60 123 61 2 0 -10 -19 -26 -42z\"\/><path d=\"M2375 1950 c-198 -44 -350 -190 -395 -379 -18 -76 -8 -221 19 -290 114 -284 457 -406 731 -260 98 52 188 154 231 260 27 69 37 214 19 290 -38 163 -166 304 -326 360 -67 23 -215 33 -279 19z\"\/><\/g><\/svg><\/i> <img decoding=\"async\" width=\"16\" height=\"16\" alt=\"Loading\" src=\"https:\/\/esviafm.com\/wp-content\/plugins\/page-views-count\/ajax-loader-2x.gif\" border=0 \/><\/p>\n<div class=\"pvc_clear\"><\/div>\n","protected":false},"excerpt":{"rendered":"<p>El secretario general de la ONU, Ant\u00f3nio Guterres, propuso este martes, al dar inicio al 78 periodo se sesiones de la Asamblea General, \u201crenovar unas instituciones internacionales del siglo XXI\u201d que est\u00e9n basadas \u201cen la equidad, la solidaridad y la universalidad\u201d. En un mundo gangrenado por las divisiones -entre poderes econ\u00f3micos y militares, entre el [&hellip;]<\/p>\n<div class=\"pvc_clear\"><\/div>\n<p id=\"pvc_stats_5100\" class=\"pvc_stats all  \" data-element-id=\"5100\" style=\"\"><i class=\"pvc-stats-icon large\" aria-hidden=\"true\"><svg xmlns=\"http:\/\/www.w3.org\/2000\/svg\" version=\"1.0\" viewBox=\"0 0 502 315\" preserveAspectRatio=\"xMidYMid meet\"><g transform=\"translate(0,332) scale(0.1,-0.1)\" fill=\"\" stroke=\"none\"><path d=\"M2394 3279 l-29 -30 -3 -207 c-2 -182 0 -211 15 -242 39 -76 157 -76 196 0 15 31 17 60 15 243 l-3 209 -33 29 c-26 23 -41 29 -80 29 -41 0 -53 -5 -78 -31z\"\/><path d=\"M3085 3251 c-45 -19 -58 -50 -96 -229 -47 -217 -49 -260 -13 -295 52 -53 146 -42 177 20 16 31 87 366 87 410 0 70 -86 122 -155 94z\"\/><path d=\"M1751 3234 c-13 -9 -29 -31 -37 -50 -12 -29 -10 -49 21 -204 19 -94 39 -189 45 -210 14 -50 54 -80 110 -80 34 0 48 6 76 34 21 21 34 44 34 59 0 14 -18 113 -40 219 -37 178 -43 195 -70 221 -36 32 -101 37 -139 11z\"\/><path d=\"M1163 3073 c-36 -7 -73 -59 -73 -102 0 -56 133 -378 171 -413 34 -32 83 -37 129 -13 70 36 67 87 -16 290 -86 209 -89 214 -129 231 -35 14 -42 15 -82 7z\"\/><path d=\"M3689 3066 c-15 -9 -33 -30 -42 -48 -48 -103 -147 -355 -147 -375 0 -98 131 -148 192 -74 13 15 57 108 97 206 80 196 84 226 37 273 -30 30 -99 39 -137 18z\"\/><path d=\"M583 2784 c-38 -19 -67 -74 -58 -113 9 -42 211 -354 242 -373 16 -10 45 -18 66 -18 51 0 107 52 107 100 0 39 -1 41 -124 234 -80 126 -108 162 -133 173 -41 17 -61 16 -100 -3z\"\/><path d=\"M4250 2784 c-14 -9 -74 -91 -133 -183 -95 -150 -107 -173 -107 -213 0 -55 33 -94 87 -104 67 -13 90 8 211 198 130 202 137 225 78 284 -27 27 -42 34 -72 34 -22 0 -50 -8 -64 -16z\"\/><path d=\"M2275 2693 c-553 -48 -1095 -270 -1585 -649 -135 -104 -459 -423 -483 -476 -23 -49 -22 -139 2 -186 73 -142 361 -457 571 -626 285 -228 642 -407 990 -497 242 -63 336 -73 660 -74 310 0 370 5 595 52 535 111 1045 392 1455 803 122 121 250 273 275 326 19 41 19 137 0 174 -41 79 -309 363 -465 492 -447 370 -946 591 -1479 653 -113 14 -422 18 -536 8z m395 -428 c171 -34 330 -124 456 -258 112 -119 167 -219 211 -378 27 -96 24 -300 -5 -401 -72 -255 -236 -447 -474 -557 -132 -62 -201 -76 -368 -76 -167 0 -236 14 -368 76 -213 98 -373 271 -451 485 -162 444 86 934 547 1084 153 49 292 57 452 25z m909 -232 c222 -123 408 -262 593 -441 76 -74 138 -139 138 -144 0 -16 -233 -242 -330 -319 -155 -123 -309 -223 -461 -299 l-81 -41 32 46 c18 26 49 83 70 128 143 306 141 649 -6 957 -25 52 -61 116 -79 142 l-34 47 45 -20 c26 -10 76 -36 113 -56z m-2057 25 c-40 -58 -105 -190 -130 -263 -110 -324 -59 -707 132 -981 25 -35 42 -64 37 -64 -19 0 -241 119 -326 174 -188 122 -406 314 -532 468 l-58 71 108 103 c185 178 428 349 672 473 66 33 121 60 123 61 2 0 -10 -19 -26 -42z\"\/><path d=\"M2375 1950 c-198 -44 -350 -190 -395 -379 -18 -76 -8 -221 19 -290 114 -284 457 -406 731 -260 98 52 188 154 231 260 27 69 37 214 19 290 -38 163 -166 304 -326 360 -67 23 -215 33 -279 19z\"\/><\/g><\/svg><\/i> <img decoding=\"async\" width=\"16\" height=\"16\" alt=\"Loading\" src=\"https:\/\/esviafm.com\/wp-content\/plugins\/page-views-count\/ajax-loader-2x.gif\" border=0 \/><\/p>\n<div class=\"pvc_clear\"><\/div>\n","protected":false},"author":2,"featured_media":0,"comment_status":"open","ping_status":"open","sticky":false,"template":"","format":"standard","meta":{"_et_pb_use_builder":"","_et_pb_old_content":"","_et_gb_content_width":"","footnotes":""},"categories":[17],"tags":[],"class_list":["post-5100","post","type-post","status-publish","format-standard","hentry","category-internacionales"],"_links":{"self":[{"href":"https:\/\/esviafm.com\/index.php\/wp-json\/wp\/v2\/posts\/5100","targetHints":{"allow":["GET"]}}],"collection":[{"href":"https:\/\/esviafm.com\/index.php\/wp-json\/wp\/v2\/posts"}],"about":[{"href":"https:\/\/esviafm.com\/index.php\/wp-json\/wp\/v2\/types\/post"}],"author":[{"embeddable":true,"href":"https:\/\/esviafm.com\/index.php\/wp-json\/wp\/v2\/users\/2"}],"replies":[{"embeddable":true,"href":"https:\/\/esviafm.com\/index.php\/wp-json\/wp\/v2\/comments?post=5100"}],"version-history":[{"count":1,"href":"https:\/\/esviafm.com\/index.php\/wp-json\/wp\/v2\/posts\/5100\/revisions"}],"predecessor-version":[{"id":5102,"href":"https:\/\/esviafm.com\/index.php\/wp-json\/wp\/v2\/posts\/5100\/revisions\/5102"}],"wp:attachment":[{"href":"https:\/\/esviafm.com\/index.php\/wp-json\/wp\/v2\/media?parent=5100"}],"wp:term":[{"taxonomy":"category","embeddable":true,"href":"https:\/\/esviafm.com\/index.php\/wp-json\/wp\/v2\/categories?post=5100"},{"taxonomy":"post_tag","embeddable":true,"href":"https:\/\/esviafm.com\/index.php\/wp-json\/wp\/v2\/tags?post=5100"}],"curies":[{"name":"wp","href":"https:\/\/api.w.org\/{rel}","templated":true}]}}