{"id":4874,"date":"2023-09-14T07:25:18","date_gmt":"2023-09-14T11:55:18","guid":{"rendered":"https:\/\/esviafm.com\/?p=4874"},"modified":"2023-09-14T07:25:18","modified_gmt":"2023-09-14T11:55:18","slug":"llegan-a-cuba-primeros-mandatarios-para-cumbre-del-g77-mas-china","status":"publish","type":"post","link":"https:\/\/esviafm.com\/index.php\/llegan-a-cuba-primeros-mandatarios-para-cumbre-del-g77-mas-china\/","title":{"rendered":"Llegan a Cuba primeros mandatarios para cumbre del G77 m\u00e1s China"},"content":{"rendered":"<p>Con la llegada de los primeros mandatarios del Grupo de los 77 (G77) m\u00e1s China a La Habana, Cuba est\u00e1 cada vez m\u00e1s cerca de desarrollar por primera vez en su territorio una cumbre de esa organizaci\u00f3n, prevista para los d\u00edas 15 y 16 de septiembre.<\/p>\n<p>El primer ministro de la isla, Manuel Marrero, quien dio la bienvenida este martes en el Palacio de la Revoluci\u00f3n de la capital antillana a los primeros mandatarios que llegaron para la cita, dijo que en un escenario global marcado por profundas crisis ser\u00e1 \u00abvital\u00bb la presencia en Cuba de los representantes de las naciones en desarrollo.<\/p>\n<p>\u00abVamos a apostar por el multilateralismo y la unidad\u00bb, declar\u00f3 Marrero a medios locales y extranjeros.<\/p>\n<p>L\u00edderes y personalidades de varios pa\u00edses confirmaron su participaci\u00f3n en la cita y arribar\u00e1n a la ciudad capital de la mayor de las Antillas en las pr\u00f3ximas jornadas, aseguraron fuentes del Ministerio de Relaciones Exteriores de Cuba.<\/p>\n<p>Bajo el tema \u00abLos retos actuales del desarrollo: papel de la ciencia, la tecnolog\u00eda y la innovaci\u00f3n\u00bb, la reuni\u00f3n de alto nivel del bloque integrador contar\u00e1 con la presencia de los presidentes de Brasil, Luiz In\u00e1cio Lula da Silva; de Argentina, Alberto Fern\u00e1ndez; de Colombia, Gustavo Petro, y de Honduras, Xiomara Castro.<\/p>\n<p>Seg\u00fan la informaci\u00f3n difundida por la Canciller\u00eda cubana, entre los asistentes al evento tambi\u00e9n est\u00e1n los mandatarios de Bolivia, Lu\u00eds Arce; de Sri Lanka, Ranil Wickremesinghe; de Mozambique, Filipe Jacinto Nyusi; de Laos, Thongloun Sisoulith, y el primer ministro de San Vicente y las Granadinas, Ralph Gonsalves.<\/p>\n<p>Por su parte, el secretario general de la Organizaci\u00f3n Naciones Unidas (ONU), Ant\u00f3nio Guterres, anunci\u00f3 su inminente arribo a La Habana para intervenir en la cita multilateral, luego de participar en la cumbre del G20, celebrada este 9 y 10 de septiembre en la ciudad capital india de Nueva Delhi.<\/p>\n<p>De acuerdo con fuentes de la ONU, la cumbre representar\u00e1 el escenario para escuchar \u00abla voz del sur global\u00bb, y el titular del organismo mundial adelant\u00f3 que abogar\u00e1 por el uso de la ciencia y la tecnolog\u00eda para garantizar que el multilateralismo beneficie a todos los pa\u00edses.<\/p>\n<p>Jos\u00e9 Ram\u00f3n Caba\u00f1as, director del Centro de Investigaciones de Pol\u00edtica Internacional de Cuba, dijo a Xinhua que la isla ha garantizado todas las condiciones para desarrollar una cita exitosa.<\/p>\n<p>\u00abEn esta cumbre todos los pa\u00edses miembros de la organizaci\u00f3n se sentar\u00e1n a dialogar en igualdad de condiciones en un mismo espacio, para tratar de buscar consenso en el enfrentamiento a los problemas m\u00e1s graves que enfrentan\u00bb, asegur\u00f3 el acad\u00e9mico.<\/p>\n<p>La cita, convocada por el presidente cubano, Miguel D\u00edaz-Canel, permitir\u00e1 reforzar la unidad de los pa\u00edses miembros, as\u00ed como \u00abdecidir acciones colectivas y pr\u00e1cticas en el enfrentamiento eficaz a los retos contempor\u00e1neos\u00bb, seg\u00fan el mandatario.<\/p>\n<p>Desde enero de este a\u00f1o, Cuba asumi\u00f3, por primera vez, la presidencia pro t\u00e9mpore del G77, con el compromiso de \u00abhacer avanzar los intereses comunes del Sur\u00bb.<\/p>\n<p>Durante este periodo, la naci\u00f3n ha sido sede de eventos como las reuniones de ministros de Educaci\u00f3n, de Cultura y de Turismo del grupo y la de ministros y altas autoridades de medio ambiente.<\/p>\n<p>Con 134 Estados miembros, el G77 m\u00e1s China representa el 80 por ciento de la poblaci\u00f3n mundial y m\u00e1s de las dos terceras partes de la membres\u00eda de las Naciones Unidas.<\/p>\n<div><\/div>\n<div><b>Fuente: Xinhua\u00a0\u00a0<\/b><\/div>\n<div class=\"pvc_clear\"><\/div>\n<p id=\"pvc_stats_4874\" class=\"pvc_stats all  \" data-element-id=\"4874\" style=\"\"><i class=\"pvc-stats-icon large\" aria-hidden=\"true\"><svg xmlns=\"http:\/\/www.w3.org\/2000\/svg\" version=\"1.0\" viewBox=\"0 0 502 315\" preserveAspectRatio=\"xMidYMid meet\"><g transform=\"translate(0,332) scale(0.1,-0.1)\" fill=\"\" stroke=\"none\"><path d=\"M2394 3279 l-29 -30 -3 -207 c-2 -182 0 -211 15 -242 39 -76 157 -76 196 0 15 31 17 60 15 243 l-3 209 -33 29 c-26 23 -41 29 -80 29 -41 0 -53 -5 -78 -31z\"\/><path d=\"M3085 3251 c-45 -19 -58 -50 -96 -229 -47 -217 -49 -260 -13 -295 52 -53 146 -42 177 20 16 31 87 366 87 410 0 70 -86 122 -155 94z\"\/><path d=\"M1751 3234 c-13 -9 -29 -31 -37 -50 -12 -29 -10 -49 21 -204 19 -94 39 -189 45 -210 14 -50 54 -80 110 -80 34 0 48 6 76 34 21 21 34 44 34 59 0 14 -18 113 -40 219 -37 178 -43 195 -70 221 -36 32 -101 37 -139 11z\"\/><path d=\"M1163 3073 c-36 -7 -73 -59 -73 -102 0 -56 133 -378 171 -413 34 -32 83 -37 129 -13 70 36 67 87 -16 290 -86 209 -89 214 -129 231 -35 14 -42 15 -82 7z\"\/><path d=\"M3689 3066 c-15 -9 -33 -30 -42 -48 -48 -103 -147 -355 -147 -375 0 -98 131 -148 192 -74 13 15 57 108 97 206 80 196 84 226 37 273 -30 30 -99 39 -137 18z\"\/><path d=\"M583 2784 c-38 -19 -67 -74 -58 -113 9 -42 211 -354 242 -373 16 -10 45 -18 66 -18 51 0 107 52 107 100 0 39 -1 41 -124 234 -80 126 -108 162 -133 173 -41 17 -61 16 -100 -3z\"\/><path d=\"M4250 2784 c-14 -9 -74 -91 -133 -183 -95 -150 -107 -173 -107 -213 0 -55 33 -94 87 -104 67 -13 90 8 211 198 130 202 137 225 78 284 -27 27 -42 34 -72 34 -22 0 -50 -8 -64 -16z\"\/><path d=\"M2275 2693 c-553 -48 -1095 -270 -1585 -649 -135 -104 -459 -423 -483 -476 -23 -49 -22 -139 2 -186 73 -142 361 -457 571 -626 285 -228 642 -407 990 -497 242 -63 336 -73 660 -74 310 0 370 5 595 52 535 111 1045 392 1455 803 122 121 250 273 275 326 19 41 19 137 0 174 -41 79 -309 363 -465 492 -447 370 -946 591 -1479 653 -113 14 -422 18 -536 8z m395 -428 c171 -34 330 -124 456 -258 112 -119 167 -219 211 -378 27 -96 24 -300 -5 -401 -72 -255 -236 -447 -474 -557 -132 -62 -201 -76 -368 -76 -167 0 -236 14 -368 76 -213 98 -373 271 -451 485 -162 444 86 934 547 1084 153 49 292 57 452 25z m909 -232 c222 -123 408 -262 593 -441 76 -74 138 -139 138 -144 0 -16 -233 -242 -330 -319 -155 -123 -309 -223 -461 -299 l-81 -41 32 46 c18 26 49 83 70 128 143 306 141 649 -6 957 -25 52 -61 116 -79 142 l-34 47 45 -20 c26 -10 76 -36 113 -56z m-2057 25 c-40 -58 -105 -190 -130 -263 -110 -324 -59 -707 132 -981 25 -35 42 -64 37 -64 -19 0 -241 119 -326 174 -188 122 -406 314 -532 468 l-58 71 108 103 c185 178 428 349 672 473 66 33 121 60 123 61 2 0 -10 -19 -26 -42z\"\/><path d=\"M2375 1950 c-198 -44 -350 -190 -395 -379 -18 -76 -8 -221 19 -290 114 -284 457 -406 731 -260 98 52 188 154 231 260 27 69 37 214 19 290 -38 163 -166 304 -326 360 -67 23 -215 33 -279 19z\"\/><\/g><\/svg><\/i> <img decoding=\"async\" width=\"16\" height=\"16\" alt=\"Loading\" src=\"https:\/\/esviafm.com\/wp-content\/plugins\/page-views-count\/ajax-loader-2x.gif\" border=0 \/><\/p>\n<div class=\"pvc_clear\"><\/div>\n","protected":false},"excerpt":{"rendered":"<p>Con la llegada de los primeros mandatarios del Grupo de los 77 (G77) m\u00e1s China a La Habana, Cuba est\u00e1 cada vez m\u00e1s cerca de desarrollar por primera vez en su territorio una cumbre de esa organizaci\u00f3n, prevista para los d\u00edas 15 y 16 de septiembre. El primer ministro de la isla, Manuel Marrero, quien [&hellip;]<\/p>\n<div class=\"pvc_clear\"><\/div>\n<p id=\"pvc_stats_4874\" class=\"pvc_stats all  \" data-element-id=\"4874\" style=\"\"><i class=\"pvc-stats-icon large\" aria-hidden=\"true\"><svg xmlns=\"http:\/\/www.w3.org\/2000\/svg\" version=\"1.0\" viewBox=\"0 0 502 315\" preserveAspectRatio=\"xMidYMid meet\"><g transform=\"translate(0,332) scale(0.1,-0.1)\" fill=\"\" stroke=\"none\"><path d=\"M2394 3279 l-29 -30 -3 -207 c-2 -182 0 -211 15 -242 39 -76 157 -76 196 0 15 31 17 60 15 243 l-3 209 -33 29 c-26 23 -41 29 -80 29 -41 0 -53 -5 -78 -31z\"\/><path d=\"M3085 3251 c-45 -19 -58 -50 -96 -229 -47 -217 -49 -260 -13 -295 52 -53 146 -42 177 20 16 31 87 366 87 410 0 70 -86 122 -155 94z\"\/><path d=\"M1751 3234 c-13 -9 -29 -31 -37 -50 -12 -29 -10 -49 21 -204 19 -94 39 -189 45 -210 14 -50 54 -80 110 -80 34 0 48 6 76 34 21 21 34 44 34 59 0 14 -18 113 -40 219 -37 178 -43 195 -70 221 -36 32 -101 37 -139 11z\"\/><path d=\"M1163 3073 c-36 -7 -73 -59 -73 -102 0 -56 133 -378 171 -413 34 -32 83 -37 129 -13 70 36 67 87 -16 290 -86 209 -89 214 -129 231 -35 14 -42 15 -82 7z\"\/><path d=\"M3689 3066 c-15 -9 -33 -30 -42 -48 -48 -103 -147 -355 -147 -375 0 -98 131 -148 192 -74 13 15 57 108 97 206 80 196 84 226 37 273 -30 30 -99 39 -137 18z\"\/><path d=\"M583 2784 c-38 -19 -67 -74 -58 -113 9 -42 211 -354 242 -373 16 -10 45 -18 66 -18 51 0 107 52 107 100 0 39 -1 41 -124 234 -80 126 -108 162 -133 173 -41 17 -61 16 -100 -3z\"\/><path d=\"M4250 2784 c-14 -9 -74 -91 -133 -183 -95 -150 -107 -173 -107 -213 0 -55 33 -94 87 -104 67 -13 90 8 211 198 130 202 137 225 78 284 -27 27 -42 34 -72 34 -22 0 -50 -8 -64 -16z\"\/><path d=\"M2275 2693 c-553 -48 -1095 -270 -1585 -649 -135 -104 -459 -423 -483 -476 -23 -49 -22 -139 2 -186 73 -142 361 -457 571 -626 285 -228 642 -407 990 -497 242 -63 336 -73 660 -74 310 0 370 5 595 52 535 111 1045 392 1455 803 122 121 250 273 275 326 19 41 19 137 0 174 -41 79 -309 363 -465 492 -447 370 -946 591 -1479 653 -113 14 -422 18 -536 8z m395 -428 c171 -34 330 -124 456 -258 112 -119 167 -219 211 -378 27 -96 24 -300 -5 -401 -72 -255 -236 -447 -474 -557 -132 -62 -201 -76 -368 -76 -167 0 -236 14 -368 76 -213 98 -373 271 -451 485 -162 444 86 934 547 1084 153 49 292 57 452 25z m909 -232 c222 -123 408 -262 593 -441 76 -74 138 -139 138 -144 0 -16 -233 -242 -330 -319 -155 -123 -309 -223 -461 -299 l-81 -41 32 46 c18 26 49 83 70 128 143 306 141 649 -6 957 -25 52 -61 116 -79 142 l-34 47 45 -20 c26 -10 76 -36 113 -56z m-2057 25 c-40 -58 -105 -190 -130 -263 -110 -324 -59 -707 132 -981 25 -35 42 -64 37 -64 -19 0 -241 119 -326 174 -188 122 -406 314 -532 468 l-58 71 108 103 c185 178 428 349 672 473 66 33 121 60 123 61 2 0 -10 -19 -26 -42z\"\/><path d=\"M2375 1950 c-198 -44 -350 -190 -395 -379 -18 -76 -8 -221 19 -290 114 -284 457 -406 731 -260 98 52 188 154 231 260 27 69 37 214 19 290 -38 163 -166 304 -326 360 -67 23 -215 33 -279 19z\"\/><\/g><\/svg><\/i> <img decoding=\"async\" width=\"16\" height=\"16\" alt=\"Loading\" src=\"https:\/\/esviafm.com\/wp-content\/plugins\/page-views-count\/ajax-loader-2x.gif\" border=0 \/><\/p>\n<div class=\"pvc_clear\"><\/div>\n","protected":false},"author":2,"featured_media":0,"comment_status":"open","ping_status":"open","sticky":false,"template":"","format":"standard","meta":{"_et_pb_use_builder":"","_et_pb_old_content":"","_et_gb_content_width":"","footnotes":""},"categories":[17],"tags":[],"class_list":["post-4874","post","type-post","status-publish","format-standard","hentry","category-internacionales"],"_links":{"self":[{"href":"https:\/\/esviafm.com\/index.php\/wp-json\/wp\/v2\/posts\/4874","targetHints":{"allow":["GET"]}}],"collection":[{"href":"https:\/\/esviafm.com\/index.php\/wp-json\/wp\/v2\/posts"}],"about":[{"href":"https:\/\/esviafm.com\/index.php\/wp-json\/wp\/v2\/types\/post"}],"author":[{"embeddable":true,"href":"https:\/\/esviafm.com\/index.php\/wp-json\/wp\/v2\/users\/2"}],"replies":[{"embeddable":true,"href":"https:\/\/esviafm.com\/index.php\/wp-json\/wp\/v2\/comments?post=4874"}],"version-history":[{"count":1,"href":"https:\/\/esviafm.com\/index.php\/wp-json\/wp\/v2\/posts\/4874\/revisions"}],"predecessor-version":[{"id":4876,"href":"https:\/\/esviafm.com\/index.php\/wp-json\/wp\/v2\/posts\/4874\/revisions\/4876"}],"wp:attachment":[{"href":"https:\/\/esviafm.com\/index.php\/wp-json\/wp\/v2\/media?parent=4874"}],"wp:term":[{"taxonomy":"category","embeddable":true,"href":"https:\/\/esviafm.com\/index.php\/wp-json\/wp\/v2\/categories?post=4874"},{"taxonomy":"post_tag","embeddable":true,"href":"https:\/\/esviafm.com\/index.php\/wp-json\/wp\/v2\/tags?post=4874"}],"curies":[{"name":"wp","href":"https:\/\/api.w.org\/{rel}","templated":true}]}}