{"id":4760,"date":"2023-09-12T07:13:57","date_gmt":"2023-09-12T11:43:57","guid":{"rendered":"https:\/\/esviafm.com\/?p=4760"},"modified":"2023-09-12T07:13:57","modified_gmt":"2023-09-12T11:43:57","slug":"nunca-mas-a-la-violencia-boric-pronuncia-su-discurso-a-50-anos-del-golpe-contra-allende-en-chile","status":"publish","type":"post","link":"https:\/\/esviafm.com\/index.php\/nunca-mas-a-la-violencia-boric-pronuncia-su-discurso-a-50-anos-del-golpe-contra-allende-en-chile\/","title":{"rendered":"\u00abNunca m\u00e1s a la violencia\u00bb: Boric pronuncia su discurso a 50 a\u00f1os del golpe contra Allende en Chile"},"content":{"rendered":"<p>El\u00a0<b>presidente de Chile, Gabriel Boric<\/b>, ofrece un discurso en el\u00a0<b>acto conmemorativo del 50 aniversario del golpe militar\u00a0<\/b>que el\u00a0<b>dictador Augusto Pinochet<\/b>\u00a0cometi\u00f3 en contra del\u00a0<b>Gobierno democr\u00e1tico de Salvador Allende<\/b>\u00a0el 11 de septiembre de 1973.<\/p>\n<blockquote><p>\u00abConmemoramos una fecha dolorosa y que es, sin duda, un punto de inflexi\u00f3n en nuestra historia, una historia que trajo muerte, sufrimiento, persecuci\u00f3n y pobreza a nuestra patria\u00bb, se\u00f1al\u00f3 durante el evento realizado en el Palacio de la Moneda.<\/p><\/blockquote>\n<p>&nbsp;<\/p>\n<blockquote><p>\u00abHoy recordamos a quienes defendieron la\u00a0<b>Constituci\u00f3n<\/b>\u00a0y las leyes cuando hace 50 a\u00f1os el estado de derecho ca\u00eda avasallado detr\u00e1s nuestro por la fuerza de aviones tanques y armas, y la insolencia de la\u00a0<b>traici\u00f3n<\/b>\u00a0y la\u00a0<b>sedici\u00f3n<\/b>\u00ab, agreg\u00f3.<\/p><\/blockquote>\n<div><\/div>\n<div><img decoding=\"async\" src=\"https:\/\/gbvm.knoios.com\/mmedia\/19611\/presidente-de-chile-gabriel-boric-junto-a-jefes-de-estados-11561.jpg\" \/><\/div>\n<div><\/div>\n<div>El mandatario enfatiz\u00f3 la importancia de apostar a una\u00a0<b>convivencia democr\u00e1tica<\/b>\u00a0basada en la\u00a0<b>pluralidad y el respeto<\/b>\u00a0entre personas que piensan diferente.<\/p>\n<blockquote><p>\u00abProclamamos con mucha convicci\u00f3n que nunca m\u00e1s la violencia sustituya en nuestra convivencia al debate democr\u00e1tico. Hoy decimos ante Chile y el mundo: democracia hoy y siempre\u00bb, afirm\u00f3.<\/p><\/blockquote>\n<p><b>Boric<\/b>\u00a0se\u00f1al\u00f3 que una\u00a0<b>verdad inc\u00f3moda<\/b>, pero imprescindible, es reconocer que la democracia no est\u00e1 garantizada y que todos los d\u00edas se debe trabajar de manera tranversal para protegerla.<\/p>\n<p>En otra parte de su discurso, record\u00f3 a las\u00a0 b que, desde el primer d\u00eda del\u00a0<b>golpe<\/b>, fueron perseguidas por sus ideas, murieron o fueron hechos desaparecer, o conocieron la c\u00e1rcel, la tortura y el exilio.<\/p>\n<blockquote><p>\u00abPor eso es muy importante afirmar con claridad que no es separable el\u00a0<b>golpe de Estado<\/b>\u00a0de lo que vino despu\u00e9s, desde el mismo momento del golpe se\u00a0<b>violaron los derechos humanos<\/b>\u00a0de chilenos y chilenas\u00bb, dijo en un momento en el que se fortalecen los discursos negacionistas que justifican e incluso aplauden los\u00a0<b>cr\u00edmenes cometidos por Pinochet<\/b>.<\/p><\/blockquote>\n<p>Tambi\u00e9n agradeci\u00f3 a todas las personas an\u00f3nimas que ayudaron a salvar vidas y explic\u00f3 que<b>\u00a0la conmemoraci\u00f3n debe servir para analizar aprendizajes<\/b>\u00a0y fortalecer la convivencia en el pa\u00eds sudamericano.<\/p>\n<p>En ese sentido, celebr\u00f3 que el documento\u00a0<b>\u00abPor la democracia, siempre\u00bb<\/b>, que propuso su\u00a0<b>Gobierno<\/b>, haya sido firmado por los\u00a0<b>expresidentes Eduardo Frei, Ricardo Lagos, Michelle Bachelet y Sebasti\u00e1n Pi\u00f1era.<\/b><\/p>\n<p>En la ceremonia participan los presidentes de\u00a0<b>Bolivia<\/b>, Luis Arce;\u00a0<b>Colombia<\/b>, Gustavo Petro;\u00a0<b>M\u00e9xico<\/b>, Andr\u00e9s Manuel L\u00f3pez Obrador; y\u00a0<b>Uruguay<\/b>, Luis Lacalle Pou. El argentino Alberto Fern\u00e1ndez cancel\u00f3 su asistencia a \u00faltimo momento.<\/div>\n<div><\/div>\n<div><img decoding=\"async\" src=\"https:\/\/gbvm.knoios.com\/mmedia\/19611\/pdtes-colombia-gustavo-petro-mexico-andres-manuel-lopez-obrador-y-uruguay-luis-lacalle-pou-11558.jpg\" \/><\/p>\n<p>Tambi\u00e9n se encuentran las expresidentas de Chile, Michelle Bachelet; Costa Rica, Laura Chinchilla; y los expresidentes de Chile, Ricardo Lagos; Colombia, Ernesto Samper Juan Manuel Santos; Espa\u00f1a, Felipe Gonz\u00e1lez; y Uruguay, Jos\u00e9 Mujica.<\/p>\n<p>Uno de los<b>\u00a0invitados especiales<\/b>\u00a0m\u00e1s destacados es\u00a0<b>Baltasar Garz\u00f3n<\/b>, el exjuez espa\u00f1ol que logr\u00f3 que\u00a0<b>Pinochet<\/b>\u00a0fuera arrestado en 1998.<\/p>\n<p>El acto comenz\u00f3 con la presentaci\u00f3n del conjunto folcl\u00f3rico de la\u00a0<b>Asociaci\u00f3n de Familiares de Detenidos Desaparecidos<\/b>, cuyas integrantes presentaron \u00abLa cueca sola\u00bb, en referencia a la tradicional danza chilena que reformularon para bailarla sin pareja y evidenciar as\u00ed la ausencia de las cientos de\u00a0<b>v\u00edctimas\u00a0<\/b>que faltan.<\/p>\n<p>Luego participaron la\u00a0<b>poeta Elvira Hern\u00e1ndez<\/b>\u00a0y la\u00a0<b>presidenta de Abuelas de Plaza de Mayo, Estela de Carlotto<\/b>, y se transmitieron mensajes grabados del\u00a0<b>primer ministro de Corea, Han Duck-soo<\/b>; y el\u00a0<b>presidente de Rep\u00fablica Dominicana, Luis Abidaner<\/b>.<\/p>\n<p>A las 11.52 de la ma\u00f1ana (hora local), la misma en la que el 11 de noviembre de 1973 comenz\u00f3 el\u00a0<b>bombardeo a La Moneda<\/b>, se llev\u00f3 a cabo un emotivo minuto de silencio.<\/p>\n<p>M\u00e1s tarde, fue el turno de la\u00a0<b>diputada Isabel Allende Bussi<\/b>, hija del expresidente y sobreviviente del ataque de hace 50 a\u00f1os.<\/p>\n<blockquote><p>\u00abHa sido triste y doloroso, me toc\u00f3 ser la \u00faltima persona del entorno de mi padre en entrar ese d\u00eda a\u00a0<b>La Moneda<\/b>, ten\u00edamos el mandato de contar lo que pas\u00f3 entonces, lo que significaba la\u00a0<b>Unidad Popular<\/b>\u00a0y la barbarie que comenzaba a imponerse\u00bb, record\u00f3 entre l\u00e1grimas.<\/p><\/blockquote>\n<p>Conden\u00f3, adem\u00e1s, que en los \u00faltimos meses\u00a0<b>diversos sectores hayan justificado el golpe<\/b>\u00a0y cierren los ojos ante las masivas violaciones a los derechos humanos, a partir de una tergiversaci\u00f3n de los hechos.<\/div>\n<div>\nLa jornada fue antecedida por los graves\u00a0<b>disturbios<\/b>\u00a0ocurridos durante el domingo en el centro de\u00a0<b>Santiago<\/b>, en donde diversos colectivos realizaron sus propios eventos.<\/div>\n<div><\/div>\n<div>De hecho, el propio\u00a0<b>Boric<\/b>\u00a0se sum\u00f3 a la marcha organizada por asociaciones de\u00a0<b>v\u00edctimas de la dictadura que Pinochet<\/b>\u00a0encabez\u00f3 desde 1973 hasta 1990, y que termin\u00f3 con una represi\u00f3n policial que dej\u00f3 un saldo de 16 detenidos y\u00a0<b>vandalismo en La Moneda<\/b>, la sede presidencial.<\/div>\n<div><\/div>\n<div><img decoding=\"async\" src=\"https:\/\/gbvm.knoios.com\/mmedia\/19611\/manifestacion-conmemoracion-50-anos-del-golpe-de-estado-en-chile-11560.jpg\" \/><\/p>\n<blockquote><p>\u00abParticip\u00e9 orgulloso con ellos porque estoy convencido de que, gracias a su lucha incansable por verdad y justicia, es que hoy nosotros estamos aqu\u00ed. Les debemos mucho como pa\u00eds\u00bb, afirm\u00f3.<\/p><\/blockquote>\n<p>Tambi\u00e9n denunci\u00f3 que peque\u00f1os\u00a0<b>grupos de encapuchados<\/b>\u00a0trataron de reventar la manifestaci\u00f3n.<\/p>\n<blockquote><p>\u00abRompieron vidrios y atacaron a indistintamente a\u00a0<b>agrupaciones<\/b>\u00a0y a\u00a0<b>militantes de partidos pol\u00edticos<\/b>\u00a0(&#8230;) como presidente de la\u00a0<b>Rep\u00fablica<\/b>\u00a0condeno categ\u00f3ricamente estos hechos sin ning\u00fan tipo de matiz. Su intolerancia y violencia no deben tener cabida en democracia\u00bb, advirti\u00f3.<\/p><\/blockquote>\n<p>La\u00a0<b>oposici\u00f3n de derecha y ultraderecha<\/b>, en tanto, se mantuvo ajena a todo tipo de pronunciamiento en contra del\u00a0<b>golpe de Estado<\/b>\u00a0y de repudio a los\u00a0<b>cr\u00edmenes de Pinochet<\/b>.<\/p>\n<p>Tampoco quisieron firmar una declaraci\u00f3n conjunta que propuso el\u00a0<b>Gobierno\u00a0<\/b>y que establece un\u00a0<b>compromiso con la democracia y los derechos humanos<\/b>\u00a0que s\u00ed fue avalado por los expresidentes Eduardo Frei, Ricardo Lagos, Michelle Bachelet y Sebasti\u00e1n Pi\u00f1era.<\/div>\n<div><\/div>\n<div><b><i>Fuente: Actualidad RT<\/i><\/b><\/div>\n<div class=\"pvc_clear\"><\/div>\n<p id=\"pvc_stats_4760\" class=\"pvc_stats all  \" data-element-id=\"4760\" style=\"\"><i class=\"pvc-stats-icon large\" aria-hidden=\"true\"><svg xmlns=\"http:\/\/www.w3.org\/2000\/svg\" version=\"1.0\" viewBox=\"0 0 502 315\" preserveAspectRatio=\"xMidYMid meet\"><g transform=\"translate(0,332) scale(0.1,-0.1)\" fill=\"\" stroke=\"none\"><path d=\"M2394 3279 l-29 -30 -3 -207 c-2 -182 0 -211 15 -242 39 -76 157 -76 196 0 15 31 17 60 15 243 l-3 209 -33 29 c-26 23 -41 29 -80 29 -41 0 -53 -5 -78 -31z\"\/><path d=\"M3085 3251 c-45 -19 -58 -50 -96 -229 -47 -217 -49 -260 -13 -295 52 -53 146 -42 177 20 16 31 87 366 87 410 0 70 -86 122 -155 94z\"\/><path d=\"M1751 3234 c-13 -9 -29 -31 -37 -50 -12 -29 -10 -49 21 -204 19 -94 39 -189 45 -210 14 -50 54 -80 110 -80 34 0 48 6 76 34 21 21 34 44 34 59 0 14 -18 113 -40 219 -37 178 -43 195 -70 221 -36 32 -101 37 -139 11z\"\/><path d=\"M1163 3073 c-36 -7 -73 -59 -73 -102 0 -56 133 -378 171 -413 34 -32 83 -37 129 -13 70 36 67 87 -16 290 -86 209 -89 214 -129 231 -35 14 -42 15 -82 7z\"\/><path d=\"M3689 3066 c-15 -9 -33 -30 -42 -48 -48 -103 -147 -355 -147 -375 0 -98 131 -148 192 -74 13 15 57 108 97 206 80 196 84 226 37 273 -30 30 -99 39 -137 18z\"\/><path d=\"M583 2784 c-38 -19 -67 -74 -58 -113 9 -42 211 -354 242 -373 16 -10 45 -18 66 -18 51 0 107 52 107 100 0 39 -1 41 -124 234 -80 126 -108 162 -133 173 -41 17 -61 16 -100 -3z\"\/><path d=\"M4250 2784 c-14 -9 -74 -91 -133 -183 -95 -150 -107 -173 -107 -213 0 -55 33 -94 87 -104 67 -13 90 8 211 198 130 202 137 225 78 284 -27 27 -42 34 -72 34 -22 0 -50 -8 -64 -16z\"\/><path d=\"M2275 2693 c-553 -48 -1095 -270 -1585 -649 -135 -104 -459 -423 -483 -476 -23 -49 -22 -139 2 -186 73 -142 361 -457 571 -626 285 -228 642 -407 990 -497 242 -63 336 -73 660 -74 310 0 370 5 595 52 535 111 1045 392 1455 803 122 121 250 273 275 326 19 41 19 137 0 174 -41 79 -309 363 -465 492 -447 370 -946 591 -1479 653 -113 14 -422 18 -536 8z m395 -428 c171 -34 330 -124 456 -258 112 -119 167 -219 211 -378 27 -96 24 -300 -5 -401 -72 -255 -236 -447 -474 -557 -132 -62 -201 -76 -368 -76 -167 0 -236 14 -368 76 -213 98 -373 271 -451 485 -162 444 86 934 547 1084 153 49 292 57 452 25z m909 -232 c222 -123 408 -262 593 -441 76 -74 138 -139 138 -144 0 -16 -233 -242 -330 -319 -155 -123 -309 -223 -461 -299 l-81 -41 32 46 c18 26 49 83 70 128 143 306 141 649 -6 957 -25 52 -61 116 -79 142 l-34 47 45 -20 c26 -10 76 -36 113 -56z m-2057 25 c-40 -58 -105 -190 -130 -263 -110 -324 -59 -707 132 -981 25 -35 42 -64 37 -64 -19 0 -241 119 -326 174 -188 122 -406 314 -532 468 l-58 71 108 103 c185 178 428 349 672 473 66 33 121 60 123 61 2 0 -10 -19 -26 -42z\"\/><path d=\"M2375 1950 c-198 -44 -350 -190 -395 -379 -18 -76 -8 -221 19 -290 114 -284 457 -406 731 -260 98 52 188 154 231 260 27 69 37 214 19 290 -38 163 -166 304 -326 360 -67 23 -215 33 -279 19z\"\/><\/g><\/svg><\/i> <img decoding=\"async\" width=\"16\" height=\"16\" alt=\"Loading\" src=\"https:\/\/esviafm.com\/wp-content\/plugins\/page-views-count\/ajax-loader-2x.gif\" border=0 \/><\/p>\n<div class=\"pvc_clear\"><\/div>\n","protected":false},"excerpt":{"rendered":"<p>El\u00a0presidente de Chile, Gabriel Boric, ofrece un discurso en el\u00a0acto conmemorativo del 50 aniversario del golpe militar\u00a0que el\u00a0dictador Augusto Pinochet\u00a0cometi\u00f3 en contra del\u00a0Gobierno democr\u00e1tico de Salvador Allende\u00a0el 11 de septiembre de 1973. \u00abConmemoramos una fecha dolorosa y que es, sin duda, un punto de inflexi\u00f3n en nuestra historia, una historia que trajo muerte, sufrimiento, persecuci\u00f3n [&hellip;]<\/p>\n<div class=\"pvc_clear\"><\/div>\n<p id=\"pvc_stats_4760\" class=\"pvc_stats all  \" data-element-id=\"4760\" style=\"\"><i class=\"pvc-stats-icon large\" aria-hidden=\"true\"><svg xmlns=\"http:\/\/www.w3.org\/2000\/svg\" version=\"1.0\" viewBox=\"0 0 502 315\" preserveAspectRatio=\"xMidYMid meet\"><g transform=\"translate(0,332) scale(0.1,-0.1)\" fill=\"\" stroke=\"none\"><path d=\"M2394 3279 l-29 -30 -3 -207 c-2 -182 0 -211 15 -242 39 -76 157 -76 196 0 15 31 17 60 15 243 l-3 209 -33 29 c-26 23 -41 29 -80 29 -41 0 -53 -5 -78 -31z\"\/><path d=\"M3085 3251 c-45 -19 -58 -50 -96 -229 -47 -217 -49 -260 -13 -295 52 -53 146 -42 177 20 16 31 87 366 87 410 0 70 -86 122 -155 94z\"\/><path d=\"M1751 3234 c-13 -9 -29 -31 -37 -50 -12 -29 -10 -49 21 -204 19 -94 39 -189 45 -210 14 -50 54 -80 110 -80 34 0 48 6 76 34 21 21 34 44 34 59 0 14 -18 113 -40 219 -37 178 -43 195 -70 221 -36 32 -101 37 -139 11z\"\/><path d=\"M1163 3073 c-36 -7 -73 -59 -73 -102 0 -56 133 -378 171 -413 34 -32 83 -37 129 -13 70 36 67 87 -16 290 -86 209 -89 214 -129 231 -35 14 -42 15 -82 7z\"\/><path d=\"M3689 3066 c-15 -9 -33 -30 -42 -48 -48 -103 -147 -355 -147 -375 0 -98 131 -148 192 -74 13 15 57 108 97 206 80 196 84 226 37 273 -30 30 -99 39 -137 18z\"\/><path d=\"M583 2784 c-38 -19 -67 -74 -58 -113 9 -42 211 -354 242 -373 16 -10 45 -18 66 -18 51 0 107 52 107 100 0 39 -1 41 -124 234 -80 126 -108 162 -133 173 -41 17 -61 16 -100 -3z\"\/><path d=\"M4250 2784 c-14 -9 -74 -91 -133 -183 -95 -150 -107 -173 -107 -213 0 -55 33 -94 87 -104 67 -13 90 8 211 198 130 202 137 225 78 284 -27 27 -42 34 -72 34 -22 0 -50 -8 -64 -16z\"\/><path d=\"M2275 2693 c-553 -48 -1095 -270 -1585 -649 -135 -104 -459 -423 -483 -476 -23 -49 -22 -139 2 -186 73 -142 361 -457 571 -626 285 -228 642 -407 990 -497 242 -63 336 -73 660 -74 310 0 370 5 595 52 535 111 1045 392 1455 803 122 121 250 273 275 326 19 41 19 137 0 174 -41 79 -309 363 -465 492 -447 370 -946 591 -1479 653 -113 14 -422 18 -536 8z m395 -428 c171 -34 330 -124 456 -258 112 -119 167 -219 211 -378 27 -96 24 -300 -5 -401 -72 -255 -236 -447 -474 -557 -132 -62 -201 -76 -368 -76 -167 0 -236 14 -368 76 -213 98 -373 271 -451 485 -162 444 86 934 547 1084 153 49 292 57 452 25z m909 -232 c222 -123 408 -262 593 -441 76 -74 138 -139 138 -144 0 -16 -233 -242 -330 -319 -155 -123 -309 -223 -461 -299 l-81 -41 32 46 c18 26 49 83 70 128 143 306 141 649 -6 957 -25 52 -61 116 -79 142 l-34 47 45 -20 c26 -10 76 -36 113 -56z m-2057 25 c-40 -58 -105 -190 -130 -263 -110 -324 -59 -707 132 -981 25 -35 42 -64 37 -64 -19 0 -241 119 -326 174 -188 122 -406 314 -532 468 l-58 71 108 103 c185 178 428 349 672 473 66 33 121 60 123 61 2 0 -10 -19 -26 -42z\"\/><path d=\"M2375 1950 c-198 -44 -350 -190 -395 -379 -18 -76 -8 -221 19 -290 114 -284 457 -406 731 -260 98 52 188 154 231 260 27 69 37 214 19 290 -38 163 -166 304 -326 360 -67 23 -215 33 -279 19z\"\/><\/g><\/svg><\/i> <img decoding=\"async\" width=\"16\" height=\"16\" alt=\"Loading\" src=\"https:\/\/esviafm.com\/wp-content\/plugins\/page-views-count\/ajax-loader-2x.gif\" border=0 \/><\/p>\n<div class=\"pvc_clear\"><\/div>\n","protected":false},"author":2,"featured_media":0,"comment_status":"open","ping_status":"open","sticky":false,"template":"","format":"standard","meta":{"_et_pb_use_builder":"","_et_pb_old_content":"","_et_gb_content_width":"","footnotes":""},"categories":[17],"tags":[],"class_list":["post-4760","post","type-post","status-publish","format-standard","hentry","category-internacionales"],"_links":{"self":[{"href":"https:\/\/esviafm.com\/index.php\/wp-json\/wp\/v2\/posts\/4760","targetHints":{"allow":["GET"]}}],"collection":[{"href":"https:\/\/esviafm.com\/index.php\/wp-json\/wp\/v2\/posts"}],"about":[{"href":"https:\/\/esviafm.com\/index.php\/wp-json\/wp\/v2\/types\/post"}],"author":[{"embeddable":true,"href":"https:\/\/esviafm.com\/index.php\/wp-json\/wp\/v2\/users\/2"}],"replies":[{"embeddable":true,"href":"https:\/\/esviafm.com\/index.php\/wp-json\/wp\/v2\/comments?post=4760"}],"version-history":[{"count":1,"href":"https:\/\/esviafm.com\/index.php\/wp-json\/wp\/v2\/posts\/4760\/revisions"}],"predecessor-version":[{"id":4762,"href":"https:\/\/esviafm.com\/index.php\/wp-json\/wp\/v2\/posts\/4760\/revisions\/4762"}],"wp:attachment":[{"href":"https:\/\/esviafm.com\/index.php\/wp-json\/wp\/v2\/media?parent=4760"}],"wp:term":[{"taxonomy":"category","embeddable":true,"href":"https:\/\/esviafm.com\/index.php\/wp-json\/wp\/v2\/categories?post=4760"},{"taxonomy":"post_tag","embeddable":true,"href":"https:\/\/esviafm.com\/index.php\/wp-json\/wp\/v2\/tags?post=4760"}],"curies":[{"name":"wp","href":"https:\/\/api.w.org\/{rel}","templated":true}]}}