{"id":4645,"date":"2023-09-08T06:37:06","date_gmt":"2023-09-08T11:07:06","guid":{"rendered":"https:\/\/esviafm.com\/?p=4645"},"modified":"2023-09-08T06:37:06","modified_gmt":"2023-09-08T11:07:06","slug":"armada-nacional-rinde-tributo-a-su-patrona-la-virgen-del-valle","status":"publish","type":"post","link":"https:\/\/esviafm.com\/index.php\/armada-nacional-rinde-tributo-a-su-patrona-la-virgen-del-valle\/","title":{"rendered":"Armada Nacional rinde tributo a su patrona, la Virgen del Valle"},"content":{"rendered":"<div>Una flota de 12 embarcaciones de la Armada Nacional, pertenecientes al grupo de tarea 14.1, arrib\u00f3 a la isla de Margarita, estado Nueva Esparta, dando inicio al homenaje que rinden a su patrona, la Virgen del Valle, en el marco de las festividades por el 112 aniversario de su coronaci\u00f3n, as\u00ed lo inform\u00f3 el vicealmirante Edward Centeno Mass, segundo comandante de la Armada.<\/p>\n<p>\u00abEsta flota que particip\u00f3 en las actividades del 24 de julio por la Batalla Naval del Lago de Maracaibo, se encuentra en la isla de Margarita, para el disfrute de los neoespartanos y los turistas que visitan esta hermosa tierra insular, como parte de la celebraci\u00f3n del 112 aniversario de nuestra Virgen del Valle. Estaremos acompa\u00f1ando las actividades eclesi\u00e1sticas, tanto en la Bas\u00edlica, como otras actividades tradicionales, haci\u00e9ndole honor a nuestra patrona\u00bb, expres\u00f3 el vicealmirante Centeno.<\/p><\/div>\n<div><\/div>\n<div><b>Programaci\u00f3n<\/b><\/div>\n<div><b><br \/>\n<\/b>Por su parte, el almirante Gioao Dionisio Ferrerira Pererira, presidente del Comit\u00e9 Organizador del Bicentenario de la Batalla Naval del Lago y de las festividades en honor a la Virgen del Valle, indic\u00f3 que dentro de las actividades previstas por la Armada, est\u00e1 la entrega de una ofrenda floral ante la imagen sagrada de la Virgen, en la Bas\u00edlica Menor de El Valle del Espiritu Santo, este 7 de septiembre a las 8 de la ma\u00f1ana.<\/p>\n<p>Adem\u00e1s, ese mismo d\u00eda se efectuar\u00e1 la bendici\u00f3n del mar y el encendido de luces con la figura de la Virgen del Valle en la sede de la Regi\u00f3n de Defensa Integral Mar\u00edtima e Insular (Redimain). As\u00ed como otras actividades culturales y deportivas.<\/p><\/div>\n<div>\n<b>Misa a bordo<br \/>\n<\/b><br \/>\nPara el 8 de septiembre, el alto mando de la Armada Nacional Bolivariana, junto a autoridades locales, marineros y pescadores, rendir\u00e1n honores a Nuestra Se\u00f1ora del Valle con la tradicional misa a bordo, que por primera vez ser\u00e1 en dos embarcaciones, como son los patrulleros oce\u00e1nicos Yekuana y Kari\u00f1a, as\u00ed lo explic\u00f3 el vicealmirante Hector D\u00b4Abreu, director naval de apresto operacional.<\/p>\n<p>\u00abVamos a contar con 12 embarcaciones de gran y mediano porte, entre los que se destacan el Buque Escuela Sim\u00f3n Bol\u00edvar, dos patrulleros oce\u00e1nicos, dos buques de vigilancia litoral, un transporte multiprop\u00f3sito y cuatro patrulleros de guardacosta. La intenci\u00f3n es embarcar a las autoridades navales en el Yekuana donde ser\u00e1 la misa principal y en el Kari\u00f1a se har\u00e1 la misa alterna. Zarparemos desde el muelle de Puerto Valdez, escoltados por los pescadores y en Morro Blanco vamos a hacer la ofrenda submarina que tradicionalmente se realiza desde hace 15 a\u00f1os\u00bb, rese\u00f1\u00f3 el director de Apresto Operacional de la Armada.<\/p><\/div>\n<div>\n<b>Museo submarino<\/b><\/p>\n<p>La Armada ha venido ofreciendo a la imagen de la virgen en el fondo del mar estructuras de marmolina y de cemento de gran tama\u00f1o que representan las insignias de los distintos comandos de este componente militar. \u00abSon grandes estructuras que van a ser ofrendadas a la Virgen y que m\u00e1s temprano que tarde, eso ser\u00e1 un museo submarino, gran atractivo tur\u00edstico para esta hermosa regi\u00f3n\u00bb, dijo el almirante Gioao Ferreira.<\/p><\/div>\n<div><\/div>\n<div><b>Buque Escuela Sim\u00f3n Bol\u00edvar<\/b><\/p>\n<p>El Embajador sin fronteras, estar\u00e1 atracado en el muelle del Morro de Valdez hasta el 10 de septiembre, el p\u00fablico puede visitar esta maravillosa embarcaci\u00f3n hasta el pr\u00f3ximo s\u00e1bado 9 de septiembre de 9 de la ma\u00f1ana a 7 de la noche. El 10 regresa a su puerto base en La Guaira, para luego zarpar a Puerto Cabello, estado Carabobo.<\/p><\/div>\n<div><\/div>\n<div><b>Con informaci\u00f3n UN<\/b><\/div>\n<div class=\"pvc_clear\"><\/div>\n<p id=\"pvc_stats_4645\" class=\"pvc_stats all  \" data-element-id=\"4645\" style=\"\"><i class=\"pvc-stats-icon large\" aria-hidden=\"true\"><svg xmlns=\"http:\/\/www.w3.org\/2000\/svg\" version=\"1.0\" viewBox=\"0 0 502 315\" preserveAspectRatio=\"xMidYMid meet\"><g transform=\"translate(0,332) scale(0.1,-0.1)\" fill=\"\" stroke=\"none\"><path d=\"M2394 3279 l-29 -30 -3 -207 c-2 -182 0 -211 15 -242 39 -76 157 -76 196 0 15 31 17 60 15 243 l-3 209 -33 29 c-26 23 -41 29 -80 29 -41 0 -53 -5 -78 -31z\"\/><path d=\"M3085 3251 c-45 -19 -58 -50 -96 -229 -47 -217 -49 -260 -13 -295 52 -53 146 -42 177 20 16 31 87 366 87 410 0 70 -86 122 -155 94z\"\/><path d=\"M1751 3234 c-13 -9 -29 -31 -37 -50 -12 -29 -10 -49 21 -204 19 -94 39 -189 45 -210 14 -50 54 -80 110 -80 34 0 48 6 76 34 21 21 34 44 34 59 0 14 -18 113 -40 219 -37 178 -43 195 -70 221 -36 32 -101 37 -139 11z\"\/><path d=\"M1163 3073 c-36 -7 -73 -59 -73 -102 0 -56 133 -378 171 -413 34 -32 83 -37 129 -13 70 36 67 87 -16 290 -86 209 -89 214 -129 231 -35 14 -42 15 -82 7z\"\/><path d=\"M3689 3066 c-15 -9 -33 -30 -42 -48 -48 -103 -147 -355 -147 -375 0 -98 131 -148 192 -74 13 15 57 108 97 206 80 196 84 226 37 273 -30 30 -99 39 -137 18z\"\/><path d=\"M583 2784 c-38 -19 -67 -74 -58 -113 9 -42 211 -354 242 -373 16 -10 45 -18 66 -18 51 0 107 52 107 100 0 39 -1 41 -124 234 -80 126 -108 162 -133 173 -41 17 -61 16 -100 -3z\"\/><path d=\"M4250 2784 c-14 -9 -74 -91 -133 -183 -95 -150 -107 -173 -107 -213 0 -55 33 -94 87 -104 67 -13 90 8 211 198 130 202 137 225 78 284 -27 27 -42 34 -72 34 -22 0 -50 -8 -64 -16z\"\/><path d=\"M2275 2693 c-553 -48 -1095 -270 -1585 -649 -135 -104 -459 -423 -483 -476 -23 -49 -22 -139 2 -186 73 -142 361 -457 571 -626 285 -228 642 -407 990 -497 242 -63 336 -73 660 -74 310 0 370 5 595 52 535 111 1045 392 1455 803 122 121 250 273 275 326 19 41 19 137 0 174 -41 79 -309 363 -465 492 -447 370 -946 591 -1479 653 -113 14 -422 18 -536 8z m395 -428 c171 -34 330 -124 456 -258 112 -119 167 -219 211 -378 27 -96 24 -300 -5 -401 -72 -255 -236 -447 -474 -557 -132 -62 -201 -76 -368 -76 -167 0 -236 14 -368 76 -213 98 -373 271 -451 485 -162 444 86 934 547 1084 153 49 292 57 452 25z m909 -232 c222 -123 408 -262 593 -441 76 -74 138 -139 138 -144 0 -16 -233 -242 -330 -319 -155 -123 -309 -223 -461 -299 l-81 -41 32 46 c18 26 49 83 70 128 143 306 141 649 -6 957 -25 52 -61 116 -79 142 l-34 47 45 -20 c26 -10 76 -36 113 -56z m-2057 25 c-40 -58 -105 -190 -130 -263 -110 -324 -59 -707 132 -981 25 -35 42 -64 37 -64 -19 0 -241 119 -326 174 -188 122 -406 314 -532 468 l-58 71 108 103 c185 178 428 349 672 473 66 33 121 60 123 61 2 0 -10 -19 -26 -42z\"\/><path d=\"M2375 1950 c-198 -44 -350 -190 -395 -379 -18 -76 -8 -221 19 -290 114 -284 457 -406 731 -260 98 52 188 154 231 260 27 69 37 214 19 290 -38 163 -166 304 -326 360 -67 23 -215 33 -279 19z\"\/><\/g><\/svg><\/i> <img decoding=\"async\" width=\"16\" height=\"16\" alt=\"Loading\" src=\"https:\/\/esviafm.com\/wp-content\/plugins\/page-views-count\/ajax-loader-2x.gif\" border=0 \/><\/p>\n<div class=\"pvc_clear\"><\/div>\n","protected":false},"excerpt":{"rendered":"<p>Una flota de 12 embarcaciones de la Armada Nacional, pertenecientes al grupo de tarea 14.1, arrib\u00f3 a la isla de Margarita, estado Nueva Esparta, dando inicio al homenaje que rinden a su patrona, la Virgen del Valle, en el marco de las festividades por el 112 aniversario de su coronaci\u00f3n, as\u00ed lo inform\u00f3 el vicealmirante [&hellip;]<\/p>\n<div class=\"pvc_clear\"><\/div>\n<p id=\"pvc_stats_4645\" class=\"pvc_stats all  \" data-element-id=\"4645\" style=\"\"><i class=\"pvc-stats-icon large\" aria-hidden=\"true\"><svg xmlns=\"http:\/\/www.w3.org\/2000\/svg\" version=\"1.0\" viewBox=\"0 0 502 315\" preserveAspectRatio=\"xMidYMid meet\"><g transform=\"translate(0,332) scale(0.1,-0.1)\" fill=\"\" stroke=\"none\"><path d=\"M2394 3279 l-29 -30 -3 -207 c-2 -182 0 -211 15 -242 39 -76 157 -76 196 0 15 31 17 60 15 243 l-3 209 -33 29 c-26 23 -41 29 -80 29 -41 0 -53 -5 -78 -31z\"\/><path d=\"M3085 3251 c-45 -19 -58 -50 -96 -229 -47 -217 -49 -260 -13 -295 52 -53 146 -42 177 20 16 31 87 366 87 410 0 70 -86 122 -155 94z\"\/><path d=\"M1751 3234 c-13 -9 -29 -31 -37 -50 -12 -29 -10 -49 21 -204 19 -94 39 -189 45 -210 14 -50 54 -80 110 -80 34 0 48 6 76 34 21 21 34 44 34 59 0 14 -18 113 -40 219 -37 178 -43 195 -70 221 -36 32 -101 37 -139 11z\"\/><path d=\"M1163 3073 c-36 -7 -73 -59 -73 -102 0 -56 133 -378 171 -413 34 -32 83 -37 129 -13 70 36 67 87 -16 290 -86 209 -89 214 -129 231 -35 14 -42 15 -82 7z\"\/><path d=\"M3689 3066 c-15 -9 -33 -30 -42 -48 -48 -103 -147 -355 -147 -375 0 -98 131 -148 192 -74 13 15 57 108 97 206 80 196 84 226 37 273 -30 30 -99 39 -137 18z\"\/><path d=\"M583 2784 c-38 -19 -67 -74 -58 -113 9 -42 211 -354 242 -373 16 -10 45 -18 66 -18 51 0 107 52 107 100 0 39 -1 41 -124 234 -80 126 -108 162 -133 173 -41 17 -61 16 -100 -3z\"\/><path d=\"M4250 2784 c-14 -9 -74 -91 -133 -183 -95 -150 -107 -173 -107 -213 0 -55 33 -94 87 -104 67 -13 90 8 211 198 130 202 137 225 78 284 -27 27 -42 34 -72 34 -22 0 -50 -8 -64 -16z\"\/><path d=\"M2275 2693 c-553 -48 -1095 -270 -1585 -649 -135 -104 -459 -423 -483 -476 -23 -49 -22 -139 2 -186 73 -142 361 -457 571 -626 285 -228 642 -407 990 -497 242 -63 336 -73 660 -74 310 0 370 5 595 52 535 111 1045 392 1455 803 122 121 250 273 275 326 19 41 19 137 0 174 -41 79 -309 363 -465 492 -447 370 -946 591 -1479 653 -113 14 -422 18 -536 8z m395 -428 c171 -34 330 -124 456 -258 112 -119 167 -219 211 -378 27 -96 24 -300 -5 -401 -72 -255 -236 -447 -474 -557 -132 -62 -201 -76 -368 -76 -167 0 -236 14 -368 76 -213 98 -373 271 -451 485 -162 444 86 934 547 1084 153 49 292 57 452 25z m909 -232 c222 -123 408 -262 593 -441 76 -74 138 -139 138 -144 0 -16 -233 -242 -330 -319 -155 -123 -309 -223 -461 -299 l-81 -41 32 46 c18 26 49 83 70 128 143 306 141 649 -6 957 -25 52 -61 116 -79 142 l-34 47 45 -20 c26 -10 76 -36 113 -56z m-2057 25 c-40 -58 -105 -190 -130 -263 -110 -324 -59 -707 132 -981 25 -35 42 -64 37 -64 -19 0 -241 119 -326 174 -188 122 -406 314 -532 468 l-58 71 108 103 c185 178 428 349 672 473 66 33 121 60 123 61 2 0 -10 -19 -26 -42z\"\/><path d=\"M2375 1950 c-198 -44 -350 -190 -395 -379 -18 -76 -8 -221 19 -290 114 -284 457 -406 731 -260 98 52 188 154 231 260 27 69 37 214 19 290 -38 163 -166 304 -326 360 -67 23 -215 33 -279 19z\"\/><\/g><\/svg><\/i> <img decoding=\"async\" width=\"16\" height=\"16\" alt=\"Loading\" src=\"https:\/\/esviafm.com\/wp-content\/plugins\/page-views-count\/ajax-loader-2x.gif\" border=0 \/><\/p>\n<div class=\"pvc_clear\"><\/div>\n","protected":false},"author":2,"featured_media":0,"comment_status":"open","ping_status":"open","sticky":false,"template":"","format":"standard","meta":{"_et_pb_use_builder":"","_et_pb_old_content":"","_et_gb_content_width":"","footnotes":""},"categories":[1],"tags":[],"class_list":["post-4645","post","type-post","status-publish","format-standard","hentry","category-sin-categoria"],"_links":{"self":[{"href":"https:\/\/esviafm.com\/index.php\/wp-json\/wp\/v2\/posts\/4645","targetHints":{"allow":["GET"]}}],"collection":[{"href":"https:\/\/esviafm.com\/index.php\/wp-json\/wp\/v2\/posts"}],"about":[{"href":"https:\/\/esviafm.com\/index.php\/wp-json\/wp\/v2\/types\/post"}],"author":[{"embeddable":true,"href":"https:\/\/esviafm.com\/index.php\/wp-json\/wp\/v2\/users\/2"}],"replies":[{"embeddable":true,"href":"https:\/\/esviafm.com\/index.php\/wp-json\/wp\/v2\/comments?post=4645"}],"version-history":[{"count":1,"href":"https:\/\/esviafm.com\/index.php\/wp-json\/wp\/v2\/posts\/4645\/revisions"}],"predecessor-version":[{"id":4647,"href":"https:\/\/esviafm.com\/index.php\/wp-json\/wp\/v2\/posts\/4645\/revisions\/4647"}],"wp:attachment":[{"href":"https:\/\/esviafm.com\/index.php\/wp-json\/wp\/v2\/media?parent=4645"}],"wp:term":[{"taxonomy":"category","embeddable":true,"href":"https:\/\/esviafm.com\/index.php\/wp-json\/wp\/v2\/categories?post=4645"},{"taxonomy":"post_tag","embeddable":true,"href":"https:\/\/esviafm.com\/index.php\/wp-json\/wp\/v2\/tags?post=4645"}],"curies":[{"name":"wp","href":"https:\/\/api.w.org\/{rel}","templated":true}]}}