{"id":4601,"date":"2023-09-07T07:08:01","date_gmt":"2023-09-07T11:38:01","guid":{"rendered":"https:\/\/esviafm.com\/?p=4601"},"modified":"2023-09-07T07:08:01","modified_gmt":"2023-09-07T11:38:01","slug":"aumenta-dramaticamente-el-numero-de-migrantes-cruzando-la-selva-del-darien","status":"publish","type":"post","link":"https:\/\/esviafm.com\/index.php\/aumenta-dramaticamente-el-numero-de-migrantes-cruzando-la-selva-del-darien\/","title":{"rendered":"Aumenta dram\u00e1ticamente el n\u00famero de migrantes cruzando la selva del Dari\u00e9n"},"content":{"rendered":"<p>La Oficina de Naciones Unidas para los Derechos Humanos report\u00f3 que, en lo que va de 2023, m\u00e1s de 330 mil personas han cruzado el temido \u201ctap\u00f3n\u201d del Dari\u00e9n, el peligroso paso que conecta Colombia con Panam\u00e1.<\/p>\n<p>Esta cifra representa un aumento significativo en comparaci\u00f3n con el a\u00f1o anterior, cuando aproximadamente 248 mil personas se aventuraron a trav\u00e9s de esta selva.<\/p>\n<div class=\"google-auto-placed ap_container\">Samira Gozaine, directora del Servicio Nacional de Migraci\u00f3n de Panam\u00e1, destac\u00f3 que la situaci\u00f3n se ha agravado considerablemente en los \u00faltimos a\u00f1os.<\/p>\n<p>\u201cEn el 2016 se manejaban cerca de 20 mil personas en un a\u00f1o y ya era considerado una crisis. Ahora, solo en el mes de agosto se reportaron m\u00e1s de 55 mil migrantes que han atravesado la selva\u201d, coment\u00f3.<\/p>\n<p>Expuestos a la violencia<\/p>\n<p>Esta traves\u00eda, aunque a menudo desesperada, expone a los migrantes y refugiados a numerosas violaciones y abusos de derechos humanos.<\/p>\n<p>Marta Hurtado, portavoz del Alto Comisionado de Naciones Unidas para los Derechos Humanos, se\u00f1al\u00f3 que los migrantes \u201cest\u00e1n expuestos a m\u00faltiples violaciones y abusos de derechos humanos durante su viaje, incluida la violencia sexual, que supone un riesgo particular para los ni\u00f1os, las mujeres, las personas LGBTI y las personas con discapacidad\u201d.<\/p>\n<p>Adem\u00e1s, se exponen a asesinatos, desapariciones, trata, robos e intimidaciones por parte de grupos del crimen organizado.<\/p>\n<p>Los diez d\u00edas de peligro en el Dari\u00e9n quieren ser evitados<br \/>\nEl cruce de la selva del Dari\u00e9n var\u00eda en duraci\u00f3n dependiendo de la temporada. Durante la estaci\u00f3n seca puede tomar entre cuatro y siete d\u00edas, mientras que en la temporada de lluvias, que dura nueve meses, la traves\u00eda puede extenderse hasta 10 d\u00edas, incluso m\u00e1s.<\/p>\n<p>La temida selva esconde relatos terror\u00edficos que quedan en la memoria de los que logran salir de all\u00ed. Pocos se atreven a contar lo que pasa dentro de la selva. Otros lo hacen para alertar a quienes tienen la intenci\u00f3n de cruzarla.<\/p>\n<p>En la peligrosa selva se ven cuerpos de personas que no lograron pasar, personas que se quitaron la vida, mujeres pariendo, cargando ni\u00f1os y cantidades alarmantes de violaciones.<\/p>\n<p>La atenci\u00f3n humanitaria en Panam\u00e1 y Costa Rica para estas personas en tr\u00e1nsito ha sido limitada, a pesar de los esfuerzos realizados por estos pa\u00edses. Panam\u00e1 construy\u00f3 centros de recepci\u00f3n de migrantes en la provincia de Dari\u00e9n y en la frontera con Costa Rica, donde se proporciona alojamiento, alimentos, atenci\u00f3n m\u00e9dica y otros servicios. Sin embargo, el aumento en el n\u00famero de personas en movimiento sobrecarga la capacidad de las autoridades paname\u00f1as para brindar protecci\u00f3n y atenci\u00f3n humanitaria adecuada.<\/p>\n<p>El ministro de Seguridad P\u00fablica de Panam\u00e1, Juan Manuel Pino, inform\u00f3 que est\u00e1n recibiendo entre 2 mil y 3 mil personas diariamente. Agreg\u00f3 que los esfuerzos no son suficientes para hacer frente a la magnitud del flujo migratorio, a\u00fan cuando cuentan con el apoyo de algunas organizaciones no gubernamentales.<\/p>\n<p>Ante esta crisis, el Gobierno de Panam\u00e1 est\u00e1 considerando tomar medidas \u201ccontundentes\u201d para frenar la migraci\u00f3n a trav\u00e9s del Dari\u00e9n, lo que incluir\u00eda el cierre de la frontera terrestre con Colombia.<\/p>\n<p>Para la ONU, los pa\u00edses deben hacer algo<\/p>\n<p>Desde la ONU, hacen un llamado a todos los Estados para que promuevan soluciones basadas en los derechos humanos para los desaf\u00edos de la gobernanza migratoria y garanticen medidas fronterizas en l\u00ednea con el derecho internacional. Tambi\u00e9n alientan a los pa\u00edses de la regi\u00f3n a abordar los factores estructurales que obligan a las personas a emprender viajes peligrosos en busca de seguridad y una vida m\u00e1s digna para ellos y sus familias.<\/p>\n<p>La situaci\u00f3n de los migrantes y refugiados en \u201cel tap\u00f3n\u201d del Dari\u00e9n sigue siendo un tema apremiante que requiere atenci\u00f3n y acci\u00f3n inmediata.<\/p>\n<p><strong>*Con informaci\u00f3n de RFA, ONU y Agencias<\/strong><\/div>\n<div><\/div>\n<div class=\"pvc_clear\"><\/div>\n<p id=\"pvc_stats_4601\" class=\"pvc_stats all  \" data-element-id=\"4601\" style=\"\"><i class=\"pvc-stats-icon large\" aria-hidden=\"true\"><svg xmlns=\"http:\/\/www.w3.org\/2000\/svg\" version=\"1.0\" viewBox=\"0 0 502 315\" preserveAspectRatio=\"xMidYMid meet\"><g transform=\"translate(0,332) scale(0.1,-0.1)\" fill=\"\" stroke=\"none\"><path d=\"M2394 3279 l-29 -30 -3 -207 c-2 -182 0 -211 15 -242 39 -76 157 -76 196 0 15 31 17 60 15 243 l-3 209 -33 29 c-26 23 -41 29 -80 29 -41 0 -53 -5 -78 -31z\"\/><path d=\"M3085 3251 c-45 -19 -58 -50 -96 -229 -47 -217 -49 -260 -13 -295 52 -53 146 -42 177 20 16 31 87 366 87 410 0 70 -86 122 -155 94z\"\/><path d=\"M1751 3234 c-13 -9 -29 -31 -37 -50 -12 -29 -10 -49 21 -204 19 -94 39 -189 45 -210 14 -50 54 -80 110 -80 34 0 48 6 76 34 21 21 34 44 34 59 0 14 -18 113 -40 219 -37 178 -43 195 -70 221 -36 32 -101 37 -139 11z\"\/><path d=\"M1163 3073 c-36 -7 -73 -59 -73 -102 0 -56 133 -378 171 -413 34 -32 83 -37 129 -13 70 36 67 87 -16 290 -86 209 -89 214 -129 231 -35 14 -42 15 -82 7z\"\/><path d=\"M3689 3066 c-15 -9 -33 -30 -42 -48 -48 -103 -147 -355 -147 -375 0 -98 131 -148 192 -74 13 15 57 108 97 206 80 196 84 226 37 273 -30 30 -99 39 -137 18z\"\/><path d=\"M583 2784 c-38 -19 -67 -74 -58 -113 9 -42 211 -354 242 -373 16 -10 45 -18 66 -18 51 0 107 52 107 100 0 39 -1 41 -124 234 -80 126 -108 162 -133 173 -41 17 -61 16 -100 -3z\"\/><path d=\"M4250 2784 c-14 -9 -74 -91 -133 -183 -95 -150 -107 -173 -107 -213 0 -55 33 -94 87 -104 67 -13 90 8 211 198 130 202 137 225 78 284 -27 27 -42 34 -72 34 -22 0 -50 -8 -64 -16z\"\/><path d=\"M2275 2693 c-553 -48 -1095 -270 -1585 -649 -135 -104 -459 -423 -483 -476 -23 -49 -22 -139 2 -186 73 -142 361 -457 571 -626 285 -228 642 -407 990 -497 242 -63 336 -73 660 -74 310 0 370 5 595 52 535 111 1045 392 1455 803 122 121 250 273 275 326 19 41 19 137 0 174 -41 79 -309 363 -465 492 -447 370 -946 591 -1479 653 -113 14 -422 18 -536 8z m395 -428 c171 -34 330 -124 456 -258 112 -119 167 -219 211 -378 27 -96 24 -300 -5 -401 -72 -255 -236 -447 -474 -557 -132 -62 -201 -76 -368 -76 -167 0 -236 14 -368 76 -213 98 -373 271 -451 485 -162 444 86 934 547 1084 153 49 292 57 452 25z m909 -232 c222 -123 408 -262 593 -441 76 -74 138 -139 138 -144 0 -16 -233 -242 -330 -319 -155 -123 -309 -223 -461 -299 l-81 -41 32 46 c18 26 49 83 70 128 143 306 141 649 -6 957 -25 52 -61 116 -79 142 l-34 47 45 -20 c26 -10 76 -36 113 -56z m-2057 25 c-40 -58 -105 -190 -130 -263 -110 -324 -59 -707 132 -981 25 -35 42 -64 37 -64 -19 0 -241 119 -326 174 -188 122 -406 314 -532 468 l-58 71 108 103 c185 178 428 349 672 473 66 33 121 60 123 61 2 0 -10 -19 -26 -42z\"\/><path d=\"M2375 1950 c-198 -44 -350 -190 -395 -379 -18 -76 -8 -221 19 -290 114 -284 457 -406 731 -260 98 52 188 154 231 260 27 69 37 214 19 290 -38 163 -166 304 -326 360 -67 23 -215 33 -279 19z\"\/><\/g><\/svg><\/i> <img decoding=\"async\" width=\"16\" height=\"16\" alt=\"Loading\" src=\"https:\/\/esviafm.com\/wp-content\/plugins\/page-views-count\/ajax-loader-2x.gif\" border=0 \/><\/p>\n<div class=\"pvc_clear\"><\/div>\n","protected":false},"excerpt":{"rendered":"<p>La Oficina de Naciones Unidas para los Derechos Humanos report\u00f3 que, en lo que va de 2023, m\u00e1s de 330 mil personas han cruzado el temido \u201ctap\u00f3n\u201d del Dari\u00e9n, el peligroso paso que conecta Colombia con Panam\u00e1. Esta cifra representa un aumento significativo en comparaci\u00f3n con el a\u00f1o anterior, cuando aproximadamente 248 mil personas se [&hellip;]<\/p>\n<div class=\"pvc_clear\"><\/div>\n<p id=\"pvc_stats_4601\" class=\"pvc_stats all  \" data-element-id=\"4601\" style=\"\"><i class=\"pvc-stats-icon large\" aria-hidden=\"true\"><svg xmlns=\"http:\/\/www.w3.org\/2000\/svg\" version=\"1.0\" viewBox=\"0 0 502 315\" preserveAspectRatio=\"xMidYMid meet\"><g transform=\"translate(0,332) scale(0.1,-0.1)\" fill=\"\" stroke=\"none\"><path d=\"M2394 3279 l-29 -30 -3 -207 c-2 -182 0 -211 15 -242 39 -76 157 -76 196 0 15 31 17 60 15 243 l-3 209 -33 29 c-26 23 -41 29 -80 29 -41 0 -53 -5 -78 -31z\"\/><path d=\"M3085 3251 c-45 -19 -58 -50 -96 -229 -47 -217 -49 -260 -13 -295 52 -53 146 -42 177 20 16 31 87 366 87 410 0 70 -86 122 -155 94z\"\/><path d=\"M1751 3234 c-13 -9 -29 -31 -37 -50 -12 -29 -10 -49 21 -204 19 -94 39 -189 45 -210 14 -50 54 -80 110 -80 34 0 48 6 76 34 21 21 34 44 34 59 0 14 -18 113 -40 219 -37 178 -43 195 -70 221 -36 32 -101 37 -139 11z\"\/><path d=\"M1163 3073 c-36 -7 -73 -59 -73 -102 0 -56 133 -378 171 -413 34 -32 83 -37 129 -13 70 36 67 87 -16 290 -86 209 -89 214 -129 231 -35 14 -42 15 -82 7z\"\/><path d=\"M3689 3066 c-15 -9 -33 -30 -42 -48 -48 -103 -147 -355 -147 -375 0 -98 131 -148 192 -74 13 15 57 108 97 206 80 196 84 226 37 273 -30 30 -99 39 -137 18z\"\/><path d=\"M583 2784 c-38 -19 -67 -74 -58 -113 9 -42 211 -354 242 -373 16 -10 45 -18 66 -18 51 0 107 52 107 100 0 39 -1 41 -124 234 -80 126 -108 162 -133 173 -41 17 -61 16 -100 -3z\"\/><path d=\"M4250 2784 c-14 -9 -74 -91 -133 -183 -95 -150 -107 -173 -107 -213 0 -55 33 -94 87 -104 67 -13 90 8 211 198 130 202 137 225 78 284 -27 27 -42 34 -72 34 -22 0 -50 -8 -64 -16z\"\/><path d=\"M2275 2693 c-553 -48 -1095 -270 -1585 -649 -135 -104 -459 -423 -483 -476 -23 -49 -22 -139 2 -186 73 -142 361 -457 571 -626 285 -228 642 -407 990 -497 242 -63 336 -73 660 -74 310 0 370 5 595 52 535 111 1045 392 1455 803 122 121 250 273 275 326 19 41 19 137 0 174 -41 79 -309 363 -465 492 -447 370 -946 591 -1479 653 -113 14 -422 18 -536 8z m395 -428 c171 -34 330 -124 456 -258 112 -119 167 -219 211 -378 27 -96 24 -300 -5 -401 -72 -255 -236 -447 -474 -557 -132 -62 -201 -76 -368 -76 -167 0 -236 14 -368 76 -213 98 -373 271 -451 485 -162 444 86 934 547 1084 153 49 292 57 452 25z m909 -232 c222 -123 408 -262 593 -441 76 -74 138 -139 138 -144 0 -16 -233 -242 -330 -319 -155 -123 -309 -223 -461 -299 l-81 -41 32 46 c18 26 49 83 70 128 143 306 141 649 -6 957 -25 52 -61 116 -79 142 l-34 47 45 -20 c26 -10 76 -36 113 -56z m-2057 25 c-40 -58 -105 -190 -130 -263 -110 -324 -59 -707 132 -981 25 -35 42 -64 37 -64 -19 0 -241 119 -326 174 -188 122 -406 314 -532 468 l-58 71 108 103 c185 178 428 349 672 473 66 33 121 60 123 61 2 0 -10 -19 -26 -42z\"\/><path d=\"M2375 1950 c-198 -44 -350 -190 -395 -379 -18 -76 -8 -221 19 -290 114 -284 457 -406 731 -260 98 52 188 154 231 260 27 69 37 214 19 290 -38 163 -166 304 -326 360 -67 23 -215 33 -279 19z\"\/><\/g><\/svg><\/i> <img decoding=\"async\" width=\"16\" height=\"16\" alt=\"Loading\" src=\"https:\/\/esviafm.com\/wp-content\/plugins\/page-views-count\/ajax-loader-2x.gif\" border=0 \/><\/p>\n<div class=\"pvc_clear\"><\/div>\n","protected":false},"author":2,"featured_media":0,"comment_status":"open","ping_status":"open","sticky":false,"template":"","format":"standard","meta":{"_et_pb_use_builder":"","_et_pb_old_content":"","_et_gb_content_width":"","footnotes":""},"categories":[17],"tags":[],"class_list":["post-4601","post","type-post","status-publish","format-standard","hentry","category-internacionales"],"_links":{"self":[{"href":"https:\/\/esviafm.com\/index.php\/wp-json\/wp\/v2\/posts\/4601","targetHints":{"allow":["GET"]}}],"collection":[{"href":"https:\/\/esviafm.com\/index.php\/wp-json\/wp\/v2\/posts"}],"about":[{"href":"https:\/\/esviafm.com\/index.php\/wp-json\/wp\/v2\/types\/post"}],"author":[{"embeddable":true,"href":"https:\/\/esviafm.com\/index.php\/wp-json\/wp\/v2\/users\/2"}],"replies":[{"embeddable":true,"href":"https:\/\/esviafm.com\/index.php\/wp-json\/wp\/v2\/comments?post=4601"}],"version-history":[{"count":1,"href":"https:\/\/esviafm.com\/index.php\/wp-json\/wp\/v2\/posts\/4601\/revisions"}],"predecessor-version":[{"id":4603,"href":"https:\/\/esviafm.com\/index.php\/wp-json\/wp\/v2\/posts\/4601\/revisions\/4603"}],"wp:attachment":[{"href":"https:\/\/esviafm.com\/index.php\/wp-json\/wp\/v2\/media?parent=4601"}],"wp:term":[{"taxonomy":"category","embeddable":true,"href":"https:\/\/esviafm.com\/index.php\/wp-json\/wp\/v2\/categories?post=4601"},{"taxonomy":"post_tag","embeddable":true,"href":"https:\/\/esviafm.com\/index.php\/wp-json\/wp\/v2\/tags?post=4601"}],"curies":[{"name":"wp","href":"https:\/\/api.w.org\/{rel}","templated":true}]}}