{"id":4531,"date":"2023-09-06T07:21:12","date_gmt":"2023-09-06T11:51:12","guid":{"rendered":"https:\/\/esviafm.com\/?p=4531"},"modified":"2023-09-06T07:21:12","modified_gmt":"2023-09-06T11:51:12","slug":"cepal-proyecta-crecimiento-de-32-para-venezuela-este-2023","status":"publish","type":"post","link":"https:\/\/esviafm.com\/index.php\/cepal-proyecta-crecimiento-de-32-para-venezuela-este-2023\/","title":{"rendered":"Cepal proyecta crecimiento de 3,2% para Venezuela este 2023"},"content":{"rendered":"<p>La\u00a0<b>Comisi\u00f3n Econ\u00f3mica para Am\u00e9rica Latina y el Caribe (Cepal)<\/b>\u00a0elev\u00f3 este martes su\u00a0<b>proyecci\u00f3n de crecimiento del PIB<\/b>\u00a0regional para 2023 del\u00a0<b>1,2 %<\/b>, estimado el pasado abril, a un 1,7 %, pero alert\u00f3 de que el\u00a0<b>escenario macroecon\u00f3mico global\u00a0<\/b>sigue siendo\u00a0<b>\u00abcomplejo\u00bb\u00a0<\/b>y<b>\u00a0<\/b>coment\u00f3 que en el medio de la tabla de crecimiento se encuentran Venezuela con un 3,2 %.<\/p>\n<p>El organismo de\u00a0<b>Naciones Unidas<\/b>, con sede en\u00a0<b>Santiago de Chile<\/b>, explic\u00f3 en un nuevo informe que la\u00a0<b>econom\u00eda mundial<\/b>\u00a0\u00abse mantiene en una senda de bajo\u00a0<b>crecimiento econ\u00f3mico<\/b>\u00bb y que \u00ablos pa\u00edses desarrollados seguir\u00e1n con sus<b>\u00a0pol\u00edticas monetarias contractivas<\/b>\u00ab, a pesar de las ca\u00eddas en las tasas de inflaci\u00f3n.<\/p>\n<blockquote><p>\u00abNo cabe esperar una baja significativa en las tasas de inter\u00e9s externas durante este a\u00f1o, y los costos de financiamiento para nuestros pa\u00edses seguir\u00e1n altos\u00bb, indic\u00f3\u00a0<b>Cepal<\/b>, que para 2024 proyecta una expansi\u00f3n del PIB regional del 1,5 %.<\/p><\/blockquote>\n<p>El \u00ab<b>Estudio Econ\u00f3mico de Am\u00e9rica Latina y el Caribe, 2023<\/b>. El financiamiento de una transici\u00f3n sostenible: inversi\u00f3n para crecer y enfrentar el\u00a0<b>cambio clim\u00e1tico<\/b>\u00bb afirm\u00f3 que el bajo crecimiento de 2023 y 2024 redundar\u00e1 en una desaceleraci\u00f3n del empleo, que crecer\u00e1 solo un 1,9 % en 2023 y en 1,1 % en 2024.<\/p>\n<p>La regi\u00f3n tendr\u00e1 adem\u00e1s un espacio fiscal\u00a0<b>\u00ablimitado\u00bb<\/b>, debido a los altos niveles de deuda p\u00fablica, el aumento de las\u00a0<b>tasas internas y externas<\/b>\u00a0y la ca\u00edda de los ingresos tributarios producto del\u00a0<b>menor crecimiento<\/b>, indic\u00f3 el organismo.<\/p>\n<blockquote><p>\u00abEl bajo crecimiento de\u00a0<b>Am\u00e9rica Latina y el Caribe\u00a0<\/b>se puede ver agravado por los efectos negativos de una agudizaci\u00f3n de los choques clim\u00e1ticos, si no se realizan las\u00a0<b>inversiones<\/b>\u00a0en adaptaci\u00f3n y\u00a0<b>mitigaci\u00f3n al cambio clim\u00e1tico\u00a0<\/b>que requieren los pa\u00edses\u00bb, se\u00f1al\u00f3 durante la presentaci\u00f3n del estudio el\u00a0<b>secretario ejecutivo de la CEPAL, Jos\u00e9 Manuel Salazar-Xirinachs<\/b>.<\/p><\/blockquote>\n<p><b>Argentina, Hait\u00ed y Chile: Los \u00fanicos que decrecen<br \/>\n<\/b><br \/>\nPanam\u00e1 (5,1 %), Paraguay (4,2 %) y las islas del Caribe (4,2 %, sin incluir Guyana) liderar\u00e1n el crecimiento econ\u00f3mico este a\u00f1o, seguidos de Costa Rica (3,8 %), Rep\u00fablica Dominicana (3,7 %). Honduras y Guatemala, ambos con una expansi\u00f3n del 3,4 %.<\/p>\n<p>En el medio de la tabla se encuentran\u00a0<b>Venezuela (3,2 %)<\/b>, M\u00e9xico (2,9 %), Brasil (2,5 %), Nicaragua (2,4 %), Ecuador (2,3 %), Bolivia (2,2 %) y El Salvador (2,1 %).<\/p>\n<p><b>En la cola, pero a\u00fan con cifras positivas<\/b>, est\u00e1n\u00a0<b>Cuba<\/b>\u00a0(1,8 %), Per\u00fa (1,3 %),\u00a0<b>Colombia\u00a0<\/b>(1,2 %) y\u00a0<b>Uruguay\u00a0<\/b>(1 %), mientras que\u00a0<b>Chile<\/b>\u00a0(-0,3 %),\u00a0<b>Hait\u00ed<\/b>\u00a0(-0,7 %) y Argentina (-3 %) son los \u00fanicos que decrecer\u00e1n este a\u00f1o, seg\u00fan el organismo de Naciones Unidas.<\/p>\n<p><b>Latinoam\u00e9rica,<\/b>\u00a0<b>la regi\u00f3n m\u00e1s desigual del mundo<\/b>\u00a0y la m\u00e1s afectada por la<b>\u00a0pandemia<\/b>, creci\u00f3 un 6,9 % en 2021, como rebote tras el desplome del 6,8 % registrado en 2020, la mayor recesi\u00f3n en 120 a\u00f1os.<\/p>\n<p>La desaceleraci\u00f3n en la regi\u00f3n comenz\u00f3 en el segundo semestre de 2022, que cerr\u00f3 con un crecimiento estimado del 3,7 %, seg\u00fan\u00a0<b>Cepal<\/b>.<\/p>\n<div><\/div>\n<div><b><i>Fuente: EFE<\/i><\/b><\/div>\n<div class=\"pvc_clear\"><\/div>\n<p id=\"pvc_stats_4531\" class=\"pvc_stats all  \" data-element-id=\"4531\" style=\"\"><i class=\"pvc-stats-icon large\" aria-hidden=\"true\"><svg xmlns=\"http:\/\/www.w3.org\/2000\/svg\" version=\"1.0\" viewBox=\"0 0 502 315\" preserveAspectRatio=\"xMidYMid meet\"><g transform=\"translate(0,332) scale(0.1,-0.1)\" fill=\"\" stroke=\"none\"><path d=\"M2394 3279 l-29 -30 -3 -207 c-2 -182 0 -211 15 -242 39 -76 157 -76 196 0 15 31 17 60 15 243 l-3 209 -33 29 c-26 23 -41 29 -80 29 -41 0 -53 -5 -78 -31z\"\/><path d=\"M3085 3251 c-45 -19 -58 -50 -96 -229 -47 -217 -49 -260 -13 -295 52 -53 146 -42 177 20 16 31 87 366 87 410 0 70 -86 122 -155 94z\"\/><path d=\"M1751 3234 c-13 -9 -29 -31 -37 -50 -12 -29 -10 -49 21 -204 19 -94 39 -189 45 -210 14 -50 54 -80 110 -80 34 0 48 6 76 34 21 21 34 44 34 59 0 14 -18 113 -40 219 -37 178 -43 195 -70 221 -36 32 -101 37 -139 11z\"\/><path d=\"M1163 3073 c-36 -7 -73 -59 -73 -102 0 -56 133 -378 171 -413 34 -32 83 -37 129 -13 70 36 67 87 -16 290 -86 209 -89 214 -129 231 -35 14 -42 15 -82 7z\"\/><path d=\"M3689 3066 c-15 -9 -33 -30 -42 -48 -48 -103 -147 -355 -147 -375 0 -98 131 -148 192 -74 13 15 57 108 97 206 80 196 84 226 37 273 -30 30 -99 39 -137 18z\"\/><path d=\"M583 2784 c-38 -19 -67 -74 -58 -113 9 -42 211 -354 242 -373 16 -10 45 -18 66 -18 51 0 107 52 107 100 0 39 -1 41 -124 234 -80 126 -108 162 -133 173 -41 17 -61 16 -100 -3z\"\/><path d=\"M4250 2784 c-14 -9 -74 -91 -133 -183 -95 -150 -107 -173 -107 -213 0 -55 33 -94 87 -104 67 -13 90 8 211 198 130 202 137 225 78 284 -27 27 -42 34 -72 34 -22 0 -50 -8 -64 -16z\"\/><path d=\"M2275 2693 c-553 -48 -1095 -270 -1585 -649 -135 -104 -459 -423 -483 -476 -23 -49 -22 -139 2 -186 73 -142 361 -457 571 -626 285 -228 642 -407 990 -497 242 -63 336 -73 660 -74 310 0 370 5 595 52 535 111 1045 392 1455 803 122 121 250 273 275 326 19 41 19 137 0 174 -41 79 -309 363 -465 492 -447 370 -946 591 -1479 653 -113 14 -422 18 -536 8z m395 -428 c171 -34 330 -124 456 -258 112 -119 167 -219 211 -378 27 -96 24 -300 -5 -401 -72 -255 -236 -447 -474 -557 -132 -62 -201 -76 -368 -76 -167 0 -236 14 -368 76 -213 98 -373 271 -451 485 -162 444 86 934 547 1084 153 49 292 57 452 25z m909 -232 c222 -123 408 -262 593 -441 76 -74 138 -139 138 -144 0 -16 -233 -242 -330 -319 -155 -123 -309 -223 -461 -299 l-81 -41 32 46 c18 26 49 83 70 128 143 306 141 649 -6 957 -25 52 -61 116 -79 142 l-34 47 45 -20 c26 -10 76 -36 113 -56z m-2057 25 c-40 -58 -105 -190 -130 -263 -110 -324 -59 -707 132 -981 25 -35 42 -64 37 -64 -19 0 -241 119 -326 174 -188 122 -406 314 -532 468 l-58 71 108 103 c185 178 428 349 672 473 66 33 121 60 123 61 2 0 -10 -19 -26 -42z\"\/><path d=\"M2375 1950 c-198 -44 -350 -190 -395 -379 -18 -76 -8 -221 19 -290 114 -284 457 -406 731 -260 98 52 188 154 231 260 27 69 37 214 19 290 -38 163 -166 304 -326 360 -67 23 -215 33 -279 19z\"\/><\/g><\/svg><\/i> <img decoding=\"async\" width=\"16\" height=\"16\" alt=\"Loading\" src=\"https:\/\/esviafm.com\/wp-content\/plugins\/page-views-count\/ajax-loader-2x.gif\" border=0 \/><\/p>\n<div class=\"pvc_clear\"><\/div>\n","protected":false},"excerpt":{"rendered":"<p>La\u00a0Comisi\u00f3n Econ\u00f3mica para Am\u00e9rica Latina y el Caribe (Cepal)\u00a0elev\u00f3 este martes su\u00a0proyecci\u00f3n de crecimiento del PIB\u00a0regional para 2023 del\u00a01,2 %, estimado el pasado abril, a un 1,7 %, pero alert\u00f3 de que el\u00a0escenario macroecon\u00f3mico global\u00a0sigue siendo\u00a0\u00abcomplejo\u00bb\u00a0y\u00a0coment\u00f3 que en el medio de la tabla de crecimiento se encuentran Venezuela con un 3,2 %. El organismo de\u00a0Naciones [&hellip;]<\/p>\n<div class=\"pvc_clear\"><\/div>\n<p id=\"pvc_stats_4531\" class=\"pvc_stats all  \" data-element-id=\"4531\" style=\"\"><i class=\"pvc-stats-icon large\" aria-hidden=\"true\"><svg xmlns=\"http:\/\/www.w3.org\/2000\/svg\" version=\"1.0\" viewBox=\"0 0 502 315\" preserveAspectRatio=\"xMidYMid meet\"><g transform=\"translate(0,332) scale(0.1,-0.1)\" fill=\"\" stroke=\"none\"><path d=\"M2394 3279 l-29 -30 -3 -207 c-2 -182 0 -211 15 -242 39 -76 157 -76 196 0 15 31 17 60 15 243 l-3 209 -33 29 c-26 23 -41 29 -80 29 -41 0 -53 -5 -78 -31z\"\/><path d=\"M3085 3251 c-45 -19 -58 -50 -96 -229 -47 -217 -49 -260 -13 -295 52 -53 146 -42 177 20 16 31 87 366 87 410 0 70 -86 122 -155 94z\"\/><path d=\"M1751 3234 c-13 -9 -29 -31 -37 -50 -12 -29 -10 -49 21 -204 19 -94 39 -189 45 -210 14 -50 54 -80 110 -80 34 0 48 6 76 34 21 21 34 44 34 59 0 14 -18 113 -40 219 -37 178 -43 195 -70 221 -36 32 -101 37 -139 11z\"\/><path d=\"M1163 3073 c-36 -7 -73 -59 -73 -102 0 -56 133 -378 171 -413 34 -32 83 -37 129 -13 70 36 67 87 -16 290 -86 209 -89 214 -129 231 -35 14 -42 15 -82 7z\"\/><path d=\"M3689 3066 c-15 -9 -33 -30 -42 -48 -48 -103 -147 -355 -147 -375 0 -98 131 -148 192 -74 13 15 57 108 97 206 80 196 84 226 37 273 -30 30 -99 39 -137 18z\"\/><path d=\"M583 2784 c-38 -19 -67 -74 -58 -113 9 -42 211 -354 242 -373 16 -10 45 -18 66 -18 51 0 107 52 107 100 0 39 -1 41 -124 234 -80 126 -108 162 -133 173 -41 17 -61 16 -100 -3z\"\/><path d=\"M4250 2784 c-14 -9 -74 -91 -133 -183 -95 -150 -107 -173 -107 -213 0 -55 33 -94 87 -104 67 -13 90 8 211 198 130 202 137 225 78 284 -27 27 -42 34 -72 34 -22 0 -50 -8 -64 -16z\"\/><path d=\"M2275 2693 c-553 -48 -1095 -270 -1585 -649 -135 -104 -459 -423 -483 -476 -23 -49 -22 -139 2 -186 73 -142 361 -457 571 -626 285 -228 642 -407 990 -497 242 -63 336 -73 660 -74 310 0 370 5 595 52 535 111 1045 392 1455 803 122 121 250 273 275 326 19 41 19 137 0 174 -41 79 -309 363 -465 492 -447 370 -946 591 -1479 653 -113 14 -422 18 -536 8z m395 -428 c171 -34 330 -124 456 -258 112 -119 167 -219 211 -378 27 -96 24 -300 -5 -401 -72 -255 -236 -447 -474 -557 -132 -62 -201 -76 -368 -76 -167 0 -236 14 -368 76 -213 98 -373 271 -451 485 -162 444 86 934 547 1084 153 49 292 57 452 25z m909 -232 c222 -123 408 -262 593 -441 76 -74 138 -139 138 -144 0 -16 -233 -242 -330 -319 -155 -123 -309 -223 -461 -299 l-81 -41 32 46 c18 26 49 83 70 128 143 306 141 649 -6 957 -25 52 -61 116 -79 142 l-34 47 45 -20 c26 -10 76 -36 113 -56z m-2057 25 c-40 -58 -105 -190 -130 -263 -110 -324 -59 -707 132 -981 25 -35 42 -64 37 -64 -19 0 -241 119 -326 174 -188 122 -406 314 -532 468 l-58 71 108 103 c185 178 428 349 672 473 66 33 121 60 123 61 2 0 -10 -19 -26 -42z\"\/><path d=\"M2375 1950 c-198 -44 -350 -190 -395 -379 -18 -76 -8 -221 19 -290 114 -284 457 -406 731 -260 98 52 188 154 231 260 27 69 37 214 19 290 -38 163 -166 304 -326 360 -67 23 -215 33 -279 19z\"\/><\/g><\/svg><\/i> <img decoding=\"async\" width=\"16\" height=\"16\" alt=\"Loading\" src=\"https:\/\/esviafm.com\/wp-content\/plugins\/page-views-count\/ajax-loader-2x.gif\" border=0 \/><\/p>\n<div class=\"pvc_clear\"><\/div>\n","protected":false},"author":2,"featured_media":0,"comment_status":"open","ping_status":"open","sticky":false,"template":"","format":"standard","meta":{"_et_pb_use_builder":"","_et_pb_old_content":"","_et_gb_content_width":"","footnotes":""},"categories":[19],"tags":[],"class_list":["post-4531","post","type-post","status-publish","format-standard","hentry","category-economia"],"_links":{"self":[{"href":"https:\/\/esviafm.com\/index.php\/wp-json\/wp\/v2\/posts\/4531","targetHints":{"allow":["GET"]}}],"collection":[{"href":"https:\/\/esviafm.com\/index.php\/wp-json\/wp\/v2\/posts"}],"about":[{"href":"https:\/\/esviafm.com\/index.php\/wp-json\/wp\/v2\/types\/post"}],"author":[{"embeddable":true,"href":"https:\/\/esviafm.com\/index.php\/wp-json\/wp\/v2\/users\/2"}],"replies":[{"embeddable":true,"href":"https:\/\/esviafm.com\/index.php\/wp-json\/wp\/v2\/comments?post=4531"}],"version-history":[{"count":1,"href":"https:\/\/esviafm.com\/index.php\/wp-json\/wp\/v2\/posts\/4531\/revisions"}],"predecessor-version":[{"id":4533,"href":"https:\/\/esviafm.com\/index.php\/wp-json\/wp\/v2\/posts\/4531\/revisions\/4533"}],"wp:attachment":[{"href":"https:\/\/esviafm.com\/index.php\/wp-json\/wp\/v2\/media?parent=4531"}],"wp:term":[{"taxonomy":"category","embeddable":true,"href":"https:\/\/esviafm.com\/index.php\/wp-json\/wp\/v2\/categories?post=4531"},{"taxonomy":"post_tag","embeddable":true,"href":"https:\/\/esviafm.com\/index.php\/wp-json\/wp\/v2\/tags?post=4531"}],"curies":[{"name":"wp","href":"https:\/\/api.w.org\/{rel}","templated":true}]}}