{"id":4458,"date":"2023-09-05T06:37:24","date_gmt":"2023-09-05T11:07:24","guid":{"rendered":"https:\/\/esviafm.com\/?p=4458"},"modified":"2023-09-05T06:37:24","modified_gmt":"2023-09-05T11:07:24","slug":"cepaz-52-personas-vinculadas-a-la-politica-en-venezuela-fueron-victimas-de-persecucion-en-julio","status":"publish","type":"post","link":"https:\/\/esviafm.com\/index.php\/cepaz-52-personas-vinculadas-a-la-politica-en-venezuela-fueron-victimas-de-persecucion-en-julio\/","title":{"rendered":"Cepaz: 52 personas vinculadas a la pol\u00edtica en Venezuela fueron v\u00edctimas de persecuci\u00f3n en julio"},"content":{"rendered":"<p>El\u00a0<strong>Centro de Justicia y Paz (Cepaz)<\/strong>\u00a0registr\u00f3 cerca de\u00a0<strong>63 casos de persecuci\u00f3n, hostigamiento y criminalizaci\u00f3n<\/strong>\u00a0con fines pol\u00edticos en Venezuela durante el mes de julio del 2023, as\u00ed lo dieron a conocer en su \u00faltimo informe publicado este 1 de septiembre.<\/p>\n<p>Seg\u00fan esta organizaci\u00f3n sin fines de lucro,<strong>\u00a052 de los casos<\/strong>\u00a0son de personas ligadas a\u00a0<strong>partidos pol\u00edticos de la oposici\u00f3n<\/strong>, a presos pol\u00edticos o miembros de la sociedad civil venezolana, 8 casos son de trabajadores de la prensa y 3 a ciudadanos sin ninguna afiliaci\u00f3n directa con la pol\u00edtica y la comunicaci\u00f3n social.<\/p>\n<p>En este informe, las denuncias se clasifican por\u00a0<strong>13 actos de hostigamiento y amenazas<\/strong>, el cierre de una emisora de radio, el cierre de tres programas de radio, una detenci\u00f3n arbitraria, y 45 procesos judiciales irregulares.<\/p>\n<p><strong>Amenazas y detenciones arbitrarias<\/strong><\/p>\n<p>Los casos de ciudadanos afectados por la represi\u00f3n gubernamental se centran en el sur del pa\u00eds.\u00a0<strong>Nancy Herrera<\/strong>, hija del capit\u00e1n ind\u00edgena de la etnia Cubeo, de Amazonas, denunci\u00f3 ser v\u00edctima de amenazas por una denuncia que realiz\u00f3 en cuanto al maltrato que sufri\u00f3 la comunidad ind\u00edgena. Aleg\u00f3 que miembros de la\u00a0<strong>Zona Operativa de Defensa Integral (ZODI)<\/strong>\u00a0mand\u00f3 a grabar un video de \u201cdisculpas\u201d por las denuncias, amenazando con privarla de su libertad si no lo hac\u00eda.<\/p>\n<p>\u201cLas amenazas contra la se\u00f1ora Herrera constituyen una vez m\u00e1s un acto de censura, que se extiende como un patr\u00f3n contra toda persona que pretenda expresar la realidad del pa\u00eds, y que\u00a0<strong>no distingue entre ciudadanos, activistas,<\/strong>\u00a0defensores de derechos humanos, periodistas o actores pol\u00edticos\u201d, agrega Cepaz.<\/p>\n<p>La ONG document\u00f3 un acto de hostigamiento por parte del Servicio Bolivariano de Inteligencia Nacional (<strong>Sebin<\/strong>) a un hotel en Puerto Ordaz, estado Bol\u00edvar, luego de que el candidato a la oposici\u00f3n\u00a0<strong>Freddy Superlano\u00a0<\/strong>planificara un acto pol\u00edtico en el establecimiento.<\/p>\n<p>En esa localidad tambi\u00e9n fue detenido el presidente del Frente Unido de Trabajadores Socialistas del estado Bol\u00edvar (Futseb),<strong>\u00a0Bladimir Josu\u00e9 Tremaria,<\/strong>\u00a0por parte de funcionarios de la Direcci\u00f3n General de Contrainteligencia Militar (Dgcim). Tremaria enfrenta cuatro imputaciones: hurto de material estrat\u00e9gico, conspiraci\u00f3n, asociaci\u00f3n para delinquir y encubrimiento.<\/p>\n<h3 class=\"wp-block-heading\"><strong>Persecuci\u00f3n Preelectoral<\/strong><\/h3>\n<p>Siete de los casos ocurrieron en el contexto de la campa\u00f1a pol\u00edtica que llevan a cabo los candidatos de la oposici\u00f3n para las elecciones primarias que se desarrollar\u00e1n en el mes de octubre.<\/p>\n<p>Adem\u00e1s del caso en Puerto Ordaz, Superlano tambi\u00e9n denunci\u00f3 que\u00a0<strong>fue despojado de su pasaporte<\/strong>\u00a0en la frontera con Colombia por presunta \u201cinconsistencias\u201d del documento. \u201cSin embargo, el candidato afirma que su pasaporte fue emitido precisamente por el \u00f3rgano que se\u00f1ala dichas inconsistencias\u201d.<\/p>\n<p>Entre tanto,\u00a0<strong>Mar\u00eda Corina Machado<\/strong>, candidata por el partido Vente Venezuela, fue hostigada y amenazada en al menos cuatro oportunidades durante el mes de julio. Todos los casos est\u00e1n relacionados con militantes del Partido Socialista Unido de Venezuela (PSUV), quienes intentaron impedir sus recorridos en Caracas, La Guaira, Gu\u00e1rico y T\u00e1chira.<\/p>\n<p>\u201cTambi\u00e9n el equipo de trabajo del partido Vente Venezuela<strong>\u00a0fue v\u00edctima de amenazas de muerte\u00a0<\/strong>y su sede sufri\u00f3 ataques directos en el estado T\u00e1chira. Con las siglas del grupo guerrillero colombiano\u00a0<strong>ELN\u00a0<\/strong>(Ej\u00e9rcito de Liberaci\u00f3n Nacional) fueron marcadas las paredes de la sede de la organizaci\u00f3n con mensajes como \u201cPrimarias sin Mar\u00eda Corina\u201d y \u201cmuerte Mar\u00eda Corina\u201d, resalta el documento.<\/p>\n<p>El diputado de la Asamblea Nacional oficialista,<strong>\u00a0Jorge Rodr\u00edguez<\/strong>, amenaz\u00f3 a los aspirantes de oposici\u00f3n para las elecciones presidenciales del 2024<strong>\u00a0a decir sus nombres y apellidos en la calle<\/strong>, por supuestamente estar involucrados en la promociones de las sanciones internacionales. Asegur\u00f3 que dichos candidatos \u00abno merecen las libertades que impone la Constituci\u00f3n\u00bb.<\/p>\n<h3 class=\"wp-block-heading\"><strong>Ataques a la prensa<\/strong><\/h3>\n<p>\u201cAl menos dos periodistas y dos medios de informaci\u00f3n digital fueron atacados a trav\u00e9s de actos de amenazas y hostigamientos por parte de funcionarios p\u00fablicos y personas adeptas al gobierno de Nicol\u00e1s Maduro\u201d, resalta el informe al documentar los casos del periodista\u00a0<strong>Jes\u00fas V\u00e1squez<\/strong>\u00a0en el estado Anzo\u00e1tegui y de la cuenta informativa La Grita 7 Diario del estado T\u00e1chira cuando funcionarios policiales<strong>\u00a0intervinieron sus coberturas locales<\/strong>\u00a0y amenazaron a la detenci\u00f3n arbitraria de los periodistas.<\/p>\n<p>Otras denuncias vienen del periodista<strong>\u00a0Roberto Deniz<\/strong>\u00a0y el diario El Pitazo, quienes documentaron los mensajes de intimidaci\u00f3n y hostigamiento por parte del propietario del canal de televisi\u00f3n Globovisi\u00f3n, Ra\u00fal Gorr\u00edn, quien en redes sociales descalific\u00f3 las coberturas period\u00edsticas de los candidatos a las primarias de la oposici\u00f3n.<\/p>\n<p>\u201cPor \u00faltimo, la Comisi\u00f3n Nacional de Telecomunicaciones,\u00a0<strong>Conatel<\/strong>, orden\u00f3 el\u00a0<strong>cierre de la emisora \u00c9xtasis 97.7 FM<\/strong>\u00a0(del estado T\u00e1chira). La decisi\u00f3n afecta a 20 empleados directos que incluyen operadores, t\u00e9cnicos, locutores y periodistas\u201d, establece la ONG.<\/p>\n<p>Tambi\u00e9n agregan el cierre de los programas Zona \u00c9xitos, La Doble Vuelta y Eso es un Tema de la emisora Uni\u00f3n Radio (de Caracas). \u201cA\u00fan cuando no hay informaci\u00f3n en cuanto a las razones por las cuales el directivo\u00a0<strong>ha decidido sacar del aire los programas\u00a0<\/strong>mencionados<strong>,<\/strong>\u00a0no podemos dejar de documentar la autocensura como un patr\u00f3n reciente que nos preocupa\u201d, agrega el organismo.<\/p>\n<h3 class=\"wp-block-heading\"><strong>Presos pol\u00edticos desamparados por el Estado<\/strong><\/h3>\n<p>La organizaci\u00f3n no gubernamental document\u00f3 como un acto de agresi\u00f3n y hostigamiento contra los derechos humanos la transferencia de facultades del Tribunal Tercero de Juicio con competencia en Terrorismo, que resete\u00f3 los casos de al menos<strong>\u00a045 presos pol\u00edticos y 2 expresos pol\u00edticos<\/strong>\u00a0con medidas cautelares.<\/p>\n<p>De ese grupo,\u00a0<strong>7 personas son militares o militares retirados<\/strong>. Al menos 17 de esas personas est\u00e1n detenidas desde el a\u00f1o 2017 y tuvieron su primera audiencia de juicio con el tribunal en el a\u00f1o 2021.<\/p>\n<p><strong>18 personas afectadas por el cambio del tribunal<\/strong>\u00a0denuncian una atenci\u00f3n m\u00e9dica urgente por enfermedades cr\u00f3nicas, como diabetes o hipertensi\u00f3n, o estados de salud cr\u00edticos durante su reclusi\u00f3n, cuadros depresivos o hernias inguinales e inflamaci\u00f3n en los genitales.<\/p>\n<p><strong>Fuente : El Impulso<\/strong><\/p>\n<div class=\"widget_text td_block_template_1 awac-wrapper\">\n<div class=\"widget_text td_block_template_1 awac widget custom_html-13\">\n<div class=\"textwidget custom-html-widget\"><\/div>\n<\/div>\n<\/div>\n<div class=\"td_block_template_1 awac-wrapper\">\n<div class=\"td_block_template_1 awac widget text-32\">\n<div class=\"textwidget\"><\/div>\n<\/div>\n<\/div>\n<div class=\"pvc_clear\"><\/div>\n<p id=\"pvc_stats_4458\" class=\"pvc_stats all  \" data-element-id=\"4458\" style=\"\"><i class=\"pvc-stats-icon large\" aria-hidden=\"true\"><svg xmlns=\"http:\/\/www.w3.org\/2000\/svg\" version=\"1.0\" viewBox=\"0 0 502 315\" preserveAspectRatio=\"xMidYMid meet\"><g transform=\"translate(0,332) scale(0.1,-0.1)\" fill=\"\" stroke=\"none\"><path d=\"M2394 3279 l-29 -30 -3 -207 c-2 -182 0 -211 15 -242 39 -76 157 -76 196 0 15 31 17 60 15 243 l-3 209 -33 29 c-26 23 -41 29 -80 29 -41 0 -53 -5 -78 -31z\"\/><path d=\"M3085 3251 c-45 -19 -58 -50 -96 -229 -47 -217 -49 -260 -13 -295 52 -53 146 -42 177 20 16 31 87 366 87 410 0 70 -86 122 -155 94z\"\/><path d=\"M1751 3234 c-13 -9 -29 -31 -37 -50 -12 -29 -10 -49 21 -204 19 -94 39 -189 45 -210 14 -50 54 -80 110 -80 34 0 48 6 76 34 21 21 34 44 34 59 0 14 -18 113 -40 219 -37 178 -43 195 -70 221 -36 32 -101 37 -139 11z\"\/><path d=\"M1163 3073 c-36 -7 -73 -59 -73 -102 0 -56 133 -378 171 -413 34 -32 83 -37 129 -13 70 36 67 87 -16 290 -86 209 -89 214 -129 231 -35 14 -42 15 -82 7z\"\/><path d=\"M3689 3066 c-15 -9 -33 -30 -42 -48 -48 -103 -147 -355 -147 -375 0 -98 131 -148 192 -74 13 15 57 108 97 206 80 196 84 226 37 273 -30 30 -99 39 -137 18z\"\/><path d=\"M583 2784 c-38 -19 -67 -74 -58 -113 9 -42 211 -354 242 -373 16 -10 45 -18 66 -18 51 0 107 52 107 100 0 39 -1 41 -124 234 -80 126 -108 162 -133 173 -41 17 -61 16 -100 -3z\"\/><path d=\"M4250 2784 c-14 -9 -74 -91 -133 -183 -95 -150 -107 -173 -107 -213 0 -55 33 -94 87 -104 67 -13 90 8 211 198 130 202 137 225 78 284 -27 27 -42 34 -72 34 -22 0 -50 -8 -64 -16z\"\/><path d=\"M2275 2693 c-553 -48 -1095 -270 -1585 -649 -135 -104 -459 -423 -483 -476 -23 -49 -22 -139 2 -186 73 -142 361 -457 571 -626 285 -228 642 -407 990 -497 242 -63 336 -73 660 -74 310 0 370 5 595 52 535 111 1045 392 1455 803 122 121 250 273 275 326 19 41 19 137 0 174 -41 79 -309 363 -465 492 -447 370 -946 591 -1479 653 -113 14 -422 18 -536 8z m395 -428 c171 -34 330 -124 456 -258 112 -119 167 -219 211 -378 27 -96 24 -300 -5 -401 -72 -255 -236 -447 -474 -557 -132 -62 -201 -76 -368 -76 -167 0 -236 14 -368 76 -213 98 -373 271 -451 485 -162 444 86 934 547 1084 153 49 292 57 452 25z m909 -232 c222 -123 408 -262 593 -441 76 -74 138 -139 138 -144 0 -16 -233 -242 -330 -319 -155 -123 -309 -223 -461 -299 l-81 -41 32 46 c18 26 49 83 70 128 143 306 141 649 -6 957 -25 52 -61 116 -79 142 l-34 47 45 -20 c26 -10 76 -36 113 -56z m-2057 25 c-40 -58 -105 -190 -130 -263 -110 -324 -59 -707 132 -981 25 -35 42 -64 37 -64 -19 0 -241 119 -326 174 -188 122 -406 314 -532 468 l-58 71 108 103 c185 178 428 349 672 473 66 33 121 60 123 61 2 0 -10 -19 -26 -42z\"\/><path d=\"M2375 1950 c-198 -44 -350 -190 -395 -379 -18 -76 -8 -221 19 -290 114 -284 457 -406 731 -260 98 52 188 154 231 260 27 69 37 214 19 290 -38 163 -166 304 -326 360 -67 23 -215 33 -279 19z\"\/><\/g><\/svg><\/i> <img decoding=\"async\" width=\"16\" height=\"16\" alt=\"Loading\" src=\"https:\/\/esviafm.com\/wp-content\/plugins\/page-views-count\/ajax-loader-2x.gif\" border=0 \/><\/p>\n<div class=\"pvc_clear\"><\/div>\n","protected":false},"excerpt":{"rendered":"<p>El\u00a0Centro de Justicia y Paz (Cepaz)\u00a0registr\u00f3 cerca de\u00a063 casos de persecuci\u00f3n, hostigamiento y criminalizaci\u00f3n\u00a0con fines pol\u00edticos en Venezuela durante el mes de julio del 2023, as\u00ed lo dieron a conocer en su \u00faltimo informe publicado este 1 de septiembre. Seg\u00fan esta organizaci\u00f3n sin fines de lucro,\u00a052 de los casos\u00a0son de personas ligadas a\u00a0partidos pol\u00edticos de [&hellip;]<\/p>\n<div class=\"pvc_clear\"><\/div>\n<p id=\"pvc_stats_4458\" class=\"pvc_stats all  \" data-element-id=\"4458\" style=\"\"><i class=\"pvc-stats-icon large\" aria-hidden=\"true\"><svg xmlns=\"http:\/\/www.w3.org\/2000\/svg\" version=\"1.0\" viewBox=\"0 0 502 315\" preserveAspectRatio=\"xMidYMid meet\"><g transform=\"translate(0,332) scale(0.1,-0.1)\" fill=\"\" stroke=\"none\"><path d=\"M2394 3279 l-29 -30 -3 -207 c-2 -182 0 -211 15 -242 39 -76 157 -76 196 0 15 31 17 60 15 243 l-3 209 -33 29 c-26 23 -41 29 -80 29 -41 0 -53 -5 -78 -31z\"\/><path d=\"M3085 3251 c-45 -19 -58 -50 -96 -229 -47 -217 -49 -260 -13 -295 52 -53 146 -42 177 20 16 31 87 366 87 410 0 70 -86 122 -155 94z\"\/><path d=\"M1751 3234 c-13 -9 -29 -31 -37 -50 -12 -29 -10 -49 21 -204 19 -94 39 -189 45 -210 14 -50 54 -80 110 -80 34 0 48 6 76 34 21 21 34 44 34 59 0 14 -18 113 -40 219 -37 178 -43 195 -70 221 -36 32 -101 37 -139 11z\"\/><path d=\"M1163 3073 c-36 -7 -73 -59 -73 -102 0 -56 133 -378 171 -413 34 -32 83 -37 129 -13 70 36 67 87 -16 290 -86 209 -89 214 -129 231 -35 14 -42 15 -82 7z\"\/><path d=\"M3689 3066 c-15 -9 -33 -30 -42 -48 -48 -103 -147 -355 -147 -375 0 -98 131 -148 192 -74 13 15 57 108 97 206 80 196 84 226 37 273 -30 30 -99 39 -137 18z\"\/><path d=\"M583 2784 c-38 -19 -67 -74 -58 -113 9 -42 211 -354 242 -373 16 -10 45 -18 66 -18 51 0 107 52 107 100 0 39 -1 41 -124 234 -80 126 -108 162 -133 173 -41 17 -61 16 -100 -3z\"\/><path d=\"M4250 2784 c-14 -9 -74 -91 -133 -183 -95 -150 -107 -173 -107 -213 0 -55 33 -94 87 -104 67 -13 90 8 211 198 130 202 137 225 78 284 -27 27 -42 34 -72 34 -22 0 -50 -8 -64 -16z\"\/><path d=\"M2275 2693 c-553 -48 -1095 -270 -1585 -649 -135 -104 -459 -423 -483 -476 -23 -49 -22 -139 2 -186 73 -142 361 -457 571 -626 285 -228 642 -407 990 -497 242 -63 336 -73 660 -74 310 0 370 5 595 52 535 111 1045 392 1455 803 122 121 250 273 275 326 19 41 19 137 0 174 -41 79 -309 363 -465 492 -447 370 -946 591 -1479 653 -113 14 -422 18 -536 8z m395 -428 c171 -34 330 -124 456 -258 112 -119 167 -219 211 -378 27 -96 24 -300 -5 -401 -72 -255 -236 -447 -474 -557 -132 -62 -201 -76 -368 -76 -167 0 -236 14 -368 76 -213 98 -373 271 -451 485 -162 444 86 934 547 1084 153 49 292 57 452 25z m909 -232 c222 -123 408 -262 593 -441 76 -74 138 -139 138 -144 0 -16 -233 -242 -330 -319 -155 -123 -309 -223 -461 -299 l-81 -41 32 46 c18 26 49 83 70 128 143 306 141 649 -6 957 -25 52 -61 116 -79 142 l-34 47 45 -20 c26 -10 76 -36 113 -56z m-2057 25 c-40 -58 -105 -190 -130 -263 -110 -324 -59 -707 132 -981 25 -35 42 -64 37 -64 -19 0 -241 119 -326 174 -188 122 -406 314 -532 468 l-58 71 108 103 c185 178 428 349 672 473 66 33 121 60 123 61 2 0 -10 -19 -26 -42z\"\/><path d=\"M2375 1950 c-198 -44 -350 -190 -395 -379 -18 -76 -8 -221 19 -290 114 -284 457 -406 731 -260 98 52 188 154 231 260 27 69 37 214 19 290 -38 163 -166 304 -326 360 -67 23 -215 33 -279 19z\"\/><\/g><\/svg><\/i> <img decoding=\"async\" width=\"16\" height=\"16\" alt=\"Loading\" src=\"https:\/\/esviafm.com\/wp-content\/plugins\/page-views-count\/ajax-loader-2x.gif\" border=0 \/><\/p>\n<div class=\"pvc_clear\"><\/div>\n","protected":false},"author":2,"featured_media":0,"comment_status":"open","ping_status":"open","sticky":false,"template":"","format":"standard","meta":{"_et_pb_use_builder":"","_et_pb_old_content":"","_et_gb_content_width":"","footnotes":""},"categories":[1],"tags":[],"class_list":["post-4458","post","type-post","status-publish","format-standard","hentry","category-sin-categoria"],"_links":{"self":[{"href":"https:\/\/esviafm.com\/index.php\/wp-json\/wp\/v2\/posts\/4458","targetHints":{"allow":["GET"]}}],"collection":[{"href":"https:\/\/esviafm.com\/index.php\/wp-json\/wp\/v2\/posts"}],"about":[{"href":"https:\/\/esviafm.com\/index.php\/wp-json\/wp\/v2\/types\/post"}],"author":[{"embeddable":true,"href":"https:\/\/esviafm.com\/index.php\/wp-json\/wp\/v2\/users\/2"}],"replies":[{"embeddable":true,"href":"https:\/\/esviafm.com\/index.php\/wp-json\/wp\/v2\/comments?post=4458"}],"version-history":[{"count":1,"href":"https:\/\/esviafm.com\/index.php\/wp-json\/wp\/v2\/posts\/4458\/revisions"}],"predecessor-version":[{"id":4460,"href":"https:\/\/esviafm.com\/index.php\/wp-json\/wp\/v2\/posts\/4458\/revisions\/4460"}],"wp:attachment":[{"href":"https:\/\/esviafm.com\/index.php\/wp-json\/wp\/v2\/media?parent=4458"}],"wp:term":[{"taxonomy":"category","embeddable":true,"href":"https:\/\/esviafm.com\/index.php\/wp-json\/wp\/v2\/categories?post=4458"},{"taxonomy":"post_tag","embeddable":true,"href":"https:\/\/esviafm.com\/index.php\/wp-json\/wp\/v2\/tags?post=4458"}],"curies":[{"name":"wp","href":"https:\/\/api.w.org\/{rel}","templated":true}]}}