{"id":4412,"date":"2023-09-04T06:46:16","date_gmt":"2023-09-04T11:16:16","guid":{"rendered":"https:\/\/esviafm.com\/?p=4412"},"modified":"2023-09-04T06:46:16","modified_gmt":"2023-09-04T11:16:16","slug":"el-presidente-dominicano-se-lanza-a-la-reeleccion-con-criticas-a-la-oposicion-y-una-defensa-a-su-gobierno","status":"publish","type":"post","link":"https:\/\/esviafm.com\/index.php\/el-presidente-dominicano-se-lanza-a-la-reeleccion-con-criticas-a-la-oposicion-y-una-defensa-a-su-gobierno\/","title":{"rendered":"El presidente dominicano se lanza a la reelecci\u00f3n con cr\u00edticas a la oposici\u00f3n y una defensa a su Gobierno"},"content":{"rendered":"<p>El presidente dominicano, Luis Abinader, afirm\u00f3 este s\u00e1bado que el oficialista Partido Revolucionario Moderno (PRM) se lanzar\u00e1 a las calles a defender su Gobierno, lanz\u00f3 cr\u00edticas a la oposici\u00f3n y defendi\u00f3 sus ejecutorias, en su primera actividad como precandidato en busca de la reelecci\u00f3n.<\/p>\n<p>\u201cQue se sepa en cada esquina, que a partir de hoy el PRM va a estar en las calles. Y va a estar en las calles defendiendo nuestros ideales\u201d, dijo Abinader durante un discurso en un bajo techo del municipio Santo Domingo Norte, seg\u00fan inform\u00f3 su oficina pol\u00edtica en un comunicado.<\/p>\n<p>Abinader, quien asumi\u00f3 el poder el 16 de agosto de 2020, afirm\u00f3 que un d\u00eda despu\u00e9s de eso la oposici\u00f3n \u201cempez\u00f3 a trabajar\u201d, a pesar de que el pa\u00eds atravesaba por la pandemia del coronavirus.<\/p>\n<p>\u201cLe ganamos en las urnas a una cultura perversa y corrupta que se basaba en los intereses particulares por encima del inter\u00e9s general\u201d, expuso el gobernante y precandidato presidencial.<\/p>\n<p>\u201cY yo les digo desde hoy, que su tiempo ya pas\u00f3, y aunque hoy intenten volvernos a enga\u00f1ar, los dominicanos tenemos memoria y sabemos que donde mejor est\u00e1n es en la oposici\u00f3n. Donde pueden gritar, enga\u00f1ar, pero no pueden perjudicar la vida de la gente y aprovecharse del Gobierno\u201d, manifest\u00f3 ante un aforo repleto.<\/p>\n<h2 id=\"h-abinader-y-la-defensa-de-su-gestion\" class=\"wp-block-heading\">Abinader y la defensa de su gesti\u00f3n<\/h2>\n<p>Destac\u00f3 que hoy, la Rep\u00fablica Dominicana es un pa\u00eds que inspira confianza, \u201ccomo demuestran los m\u00e1s de 4.000 millones de d\u00f3lares de inversi\u00f3n extranjera directa\u201d o los \u201cm\u00e1s de ocho millones de turistas que nos visitaron\u201d el a\u00f1o pasado.<\/p>\n<p>Defendi\u00f3\u00a0<a href=\"https:\/\/efe.com\/economia\/2023-02-27\/el-presidente-dominicano-destaca-el-crecimiento-economico\/\">su obra de Gobierno<\/a>\u00a0al asegurar que se han ampliado los derechos ciudadanos, creado m\u00e1s de 125.000 empleos formales, adem\u00e1s de otros 400.000 empleos recuperados despu\u00e9s de la pandemia, y record\u00f3 que se han subido los salarios m\u00ednimos nominales en m\u00e1s de un 40 %, \u201calgo antes nunca visto\u201d y de que se ha ampliado \u201ccomo nunca\u201d la cobertura de los servicios p\u00fablicos, en particular los de salud.<\/p>\n<p>Expuso que en t\u00e9rminos de infraestructuras se est\u00e1 construyendo \u201call\u00ed donde vive la gente y hacen m\u00e1s falta\u201d, desde las peque\u00f1as obras como aceras, contenes y asfalto en todo el pa\u00eds, hasta las grandes obras viales del sur, de Santo Domingo Este y Oeste, o las \u201ctransformadoras\u201d obras de transporte masivo como los telef\u00e9ricos, metro y monorriel en Santiago (norte), as\u00ed como en el Distrito Nacional y la provincia de Santo Domingo.<\/p>\n<p>Manifest\u00f3 que, este a\u00f1o se encuentran en desarrollo 1.581 obras que \u201ccambiar\u00e1n la piel de este pa\u00eds\u201d.<\/p>\n<blockquote class=\"wp-block-quote\"><p>\u201cLa oposici\u00f3n dijo no al programa de vacunaci\u00f3n, a la aplicaci\u00f3n de la tercera dosis, a la reapertura del turismo y de la econom\u00eda, a la pol\u00edtica agropecuaria, oponi\u00e9ndose a los subsidios a los fertilizantes o a duplicar la cartera de cr\u00e9dito del Banco Agr\u00edcola, porque es claro que su inter\u00e9s no es el de solucionar los problemas del pa\u00eds y mucho menos la transparencia y honestidad\u201d, dijo.<\/p><\/blockquote>\n<h2 id=\"h-lider-en-los-sondeos\" class=\"wp-block-heading\">L\u00edder en los sondeos<\/h2>\n<p>Abinader dijo que los que hoy se quejan de los problemas, olvidan que fueron ellos que los causaron cuando estaban en el Gobierno, \u201cmientras nosotros hacemos propuestas y las hacemos realidad\u201d.<\/p>\n<p>De acuerdo a la mayor\u00eda de las encuestas, Abinader es puntero en popularidad, pero en varias de ellas muestra que ser\u00e1 necesario una segunda vuelta para definir al ganador de las elecciones de 2024.<\/p>\n<p>Recientemente, los partidos de la Liberaci\u00f3n Dominicana, Fuerza del Pueblo y Revolucionario Dominicano, anunciaron una alianza para los comicios municipales de febrero de 2024, tanto como para las elecciones a la Presidencia y el Congreso del pr\u00f3ximo mayo.<\/p>\n<p><strong>Fuente : EFE\u00a0<\/strong><\/p>\n<div class=\"pvc_clear\"><\/div>\n<p id=\"pvc_stats_4412\" class=\"pvc_stats all  \" data-element-id=\"4412\" style=\"\"><i class=\"pvc-stats-icon large\" aria-hidden=\"true\"><svg xmlns=\"http:\/\/www.w3.org\/2000\/svg\" version=\"1.0\" viewBox=\"0 0 502 315\" preserveAspectRatio=\"xMidYMid meet\"><g transform=\"translate(0,332) scale(0.1,-0.1)\" fill=\"\" stroke=\"none\"><path d=\"M2394 3279 l-29 -30 -3 -207 c-2 -182 0 -211 15 -242 39 -76 157 -76 196 0 15 31 17 60 15 243 l-3 209 -33 29 c-26 23 -41 29 -80 29 -41 0 -53 -5 -78 -31z\"\/><path d=\"M3085 3251 c-45 -19 -58 -50 -96 -229 -47 -217 -49 -260 -13 -295 52 -53 146 -42 177 20 16 31 87 366 87 410 0 70 -86 122 -155 94z\"\/><path d=\"M1751 3234 c-13 -9 -29 -31 -37 -50 -12 -29 -10 -49 21 -204 19 -94 39 -189 45 -210 14 -50 54 -80 110 -80 34 0 48 6 76 34 21 21 34 44 34 59 0 14 -18 113 -40 219 -37 178 -43 195 -70 221 -36 32 -101 37 -139 11z\"\/><path d=\"M1163 3073 c-36 -7 -73 -59 -73 -102 0 -56 133 -378 171 -413 34 -32 83 -37 129 -13 70 36 67 87 -16 290 -86 209 -89 214 -129 231 -35 14 -42 15 -82 7z\"\/><path d=\"M3689 3066 c-15 -9 -33 -30 -42 -48 -48 -103 -147 -355 -147 -375 0 -98 131 -148 192 -74 13 15 57 108 97 206 80 196 84 226 37 273 -30 30 -99 39 -137 18z\"\/><path d=\"M583 2784 c-38 -19 -67 -74 -58 -113 9 -42 211 -354 242 -373 16 -10 45 -18 66 -18 51 0 107 52 107 100 0 39 -1 41 -124 234 -80 126 -108 162 -133 173 -41 17 -61 16 -100 -3z\"\/><path d=\"M4250 2784 c-14 -9 -74 -91 -133 -183 -95 -150 -107 -173 -107 -213 0 -55 33 -94 87 -104 67 -13 90 8 211 198 130 202 137 225 78 284 -27 27 -42 34 -72 34 -22 0 -50 -8 -64 -16z\"\/><path d=\"M2275 2693 c-553 -48 -1095 -270 -1585 -649 -135 -104 -459 -423 -483 -476 -23 -49 -22 -139 2 -186 73 -142 361 -457 571 -626 285 -228 642 -407 990 -497 242 -63 336 -73 660 -74 310 0 370 5 595 52 535 111 1045 392 1455 803 122 121 250 273 275 326 19 41 19 137 0 174 -41 79 -309 363 -465 492 -447 370 -946 591 -1479 653 -113 14 -422 18 -536 8z m395 -428 c171 -34 330 -124 456 -258 112 -119 167 -219 211 -378 27 -96 24 -300 -5 -401 -72 -255 -236 -447 -474 -557 -132 -62 -201 -76 -368 -76 -167 0 -236 14 -368 76 -213 98 -373 271 -451 485 -162 444 86 934 547 1084 153 49 292 57 452 25z m909 -232 c222 -123 408 -262 593 -441 76 -74 138 -139 138 -144 0 -16 -233 -242 -330 -319 -155 -123 -309 -223 -461 -299 l-81 -41 32 46 c18 26 49 83 70 128 143 306 141 649 -6 957 -25 52 -61 116 -79 142 l-34 47 45 -20 c26 -10 76 -36 113 -56z m-2057 25 c-40 -58 -105 -190 -130 -263 -110 -324 -59 -707 132 -981 25 -35 42 -64 37 -64 -19 0 -241 119 -326 174 -188 122 -406 314 -532 468 l-58 71 108 103 c185 178 428 349 672 473 66 33 121 60 123 61 2 0 -10 -19 -26 -42z\"\/><path d=\"M2375 1950 c-198 -44 -350 -190 -395 -379 -18 -76 -8 -221 19 -290 114 -284 457 -406 731 -260 98 52 188 154 231 260 27 69 37 214 19 290 -38 163 -166 304 -326 360 -67 23 -215 33 -279 19z\"\/><\/g><\/svg><\/i> <img decoding=\"async\" width=\"16\" height=\"16\" alt=\"Loading\" src=\"https:\/\/esviafm.com\/wp-content\/plugins\/page-views-count\/ajax-loader-2x.gif\" border=0 \/><\/p>\n<div class=\"pvc_clear\"><\/div>\n","protected":false},"excerpt":{"rendered":"<p>El presidente dominicano, Luis Abinader, afirm\u00f3 este s\u00e1bado que el oficialista Partido Revolucionario Moderno (PRM) se lanzar\u00e1 a las calles a defender su Gobierno, lanz\u00f3 cr\u00edticas a la oposici\u00f3n y defendi\u00f3 sus ejecutorias, en su primera actividad como precandidato en busca de la reelecci\u00f3n. \u201cQue se sepa en cada esquina, que a partir de hoy [&hellip;]<\/p>\n<div class=\"pvc_clear\"><\/div>\n<p id=\"pvc_stats_4412\" class=\"pvc_stats all  \" data-element-id=\"4412\" style=\"\"><i class=\"pvc-stats-icon large\" aria-hidden=\"true\"><svg xmlns=\"http:\/\/www.w3.org\/2000\/svg\" version=\"1.0\" viewBox=\"0 0 502 315\" preserveAspectRatio=\"xMidYMid meet\"><g transform=\"translate(0,332) scale(0.1,-0.1)\" fill=\"\" stroke=\"none\"><path d=\"M2394 3279 l-29 -30 -3 -207 c-2 -182 0 -211 15 -242 39 -76 157 -76 196 0 15 31 17 60 15 243 l-3 209 -33 29 c-26 23 -41 29 -80 29 -41 0 -53 -5 -78 -31z\"\/><path d=\"M3085 3251 c-45 -19 -58 -50 -96 -229 -47 -217 -49 -260 -13 -295 52 -53 146 -42 177 20 16 31 87 366 87 410 0 70 -86 122 -155 94z\"\/><path d=\"M1751 3234 c-13 -9 -29 -31 -37 -50 -12 -29 -10 -49 21 -204 19 -94 39 -189 45 -210 14 -50 54 -80 110 -80 34 0 48 6 76 34 21 21 34 44 34 59 0 14 -18 113 -40 219 -37 178 -43 195 -70 221 -36 32 -101 37 -139 11z\"\/><path d=\"M1163 3073 c-36 -7 -73 -59 -73 -102 0 -56 133 -378 171 -413 34 -32 83 -37 129 -13 70 36 67 87 -16 290 -86 209 -89 214 -129 231 -35 14 -42 15 -82 7z\"\/><path d=\"M3689 3066 c-15 -9 -33 -30 -42 -48 -48 -103 -147 -355 -147 -375 0 -98 131 -148 192 -74 13 15 57 108 97 206 80 196 84 226 37 273 -30 30 -99 39 -137 18z\"\/><path d=\"M583 2784 c-38 -19 -67 -74 -58 -113 9 -42 211 -354 242 -373 16 -10 45 -18 66 -18 51 0 107 52 107 100 0 39 -1 41 -124 234 -80 126 -108 162 -133 173 -41 17 -61 16 -100 -3z\"\/><path d=\"M4250 2784 c-14 -9 -74 -91 -133 -183 -95 -150 -107 -173 -107 -213 0 -55 33 -94 87 -104 67 -13 90 8 211 198 130 202 137 225 78 284 -27 27 -42 34 -72 34 -22 0 -50 -8 -64 -16z\"\/><path d=\"M2275 2693 c-553 -48 -1095 -270 -1585 -649 -135 -104 -459 -423 -483 -476 -23 -49 -22 -139 2 -186 73 -142 361 -457 571 -626 285 -228 642 -407 990 -497 242 -63 336 -73 660 -74 310 0 370 5 595 52 535 111 1045 392 1455 803 122 121 250 273 275 326 19 41 19 137 0 174 -41 79 -309 363 -465 492 -447 370 -946 591 -1479 653 -113 14 -422 18 -536 8z m395 -428 c171 -34 330 -124 456 -258 112 -119 167 -219 211 -378 27 -96 24 -300 -5 -401 -72 -255 -236 -447 -474 -557 -132 -62 -201 -76 -368 -76 -167 0 -236 14 -368 76 -213 98 -373 271 -451 485 -162 444 86 934 547 1084 153 49 292 57 452 25z m909 -232 c222 -123 408 -262 593 -441 76 -74 138 -139 138 -144 0 -16 -233 -242 -330 -319 -155 -123 -309 -223 -461 -299 l-81 -41 32 46 c18 26 49 83 70 128 143 306 141 649 -6 957 -25 52 -61 116 -79 142 l-34 47 45 -20 c26 -10 76 -36 113 -56z m-2057 25 c-40 -58 -105 -190 -130 -263 -110 -324 -59 -707 132 -981 25 -35 42 -64 37 -64 -19 0 -241 119 -326 174 -188 122 -406 314 -532 468 l-58 71 108 103 c185 178 428 349 672 473 66 33 121 60 123 61 2 0 -10 -19 -26 -42z\"\/><path d=\"M2375 1950 c-198 -44 -350 -190 -395 -379 -18 -76 -8 -221 19 -290 114 -284 457 -406 731 -260 98 52 188 154 231 260 27 69 37 214 19 290 -38 163 -166 304 -326 360 -67 23 -215 33 -279 19z\"\/><\/g><\/svg><\/i> <img decoding=\"async\" width=\"16\" height=\"16\" alt=\"Loading\" src=\"https:\/\/esviafm.com\/wp-content\/plugins\/page-views-count\/ajax-loader-2x.gif\" border=0 \/><\/p>\n<div class=\"pvc_clear\"><\/div>\n","protected":false},"author":2,"featured_media":0,"comment_status":"open","ping_status":"open","sticky":false,"template":"","format":"standard","meta":{"_et_pb_use_builder":"","_et_pb_old_content":"","_et_gb_content_width":"","footnotes":""},"categories":[17],"tags":[],"class_list":["post-4412","post","type-post","status-publish","format-standard","hentry","category-internacionales"],"_links":{"self":[{"href":"https:\/\/esviafm.com\/index.php\/wp-json\/wp\/v2\/posts\/4412","targetHints":{"allow":["GET"]}}],"collection":[{"href":"https:\/\/esviafm.com\/index.php\/wp-json\/wp\/v2\/posts"}],"about":[{"href":"https:\/\/esviafm.com\/index.php\/wp-json\/wp\/v2\/types\/post"}],"author":[{"embeddable":true,"href":"https:\/\/esviafm.com\/index.php\/wp-json\/wp\/v2\/users\/2"}],"replies":[{"embeddable":true,"href":"https:\/\/esviafm.com\/index.php\/wp-json\/wp\/v2\/comments?post=4412"}],"version-history":[{"count":1,"href":"https:\/\/esviafm.com\/index.php\/wp-json\/wp\/v2\/posts\/4412\/revisions"}],"predecessor-version":[{"id":4414,"href":"https:\/\/esviafm.com\/index.php\/wp-json\/wp\/v2\/posts\/4412\/revisions\/4414"}],"wp:attachment":[{"href":"https:\/\/esviafm.com\/index.php\/wp-json\/wp\/v2\/media?parent=4412"}],"wp:term":[{"taxonomy":"category","embeddable":true,"href":"https:\/\/esviafm.com\/index.php\/wp-json\/wp\/v2\/categories?post=4412"},{"taxonomy":"post_tag","embeddable":true,"href":"https:\/\/esviafm.com\/index.php\/wp-json\/wp\/v2\/tags?post=4412"}],"curies":[{"name":"wp","href":"https:\/\/api.w.org\/{rel}","templated":true}]}}