{"id":4400,"date":"2023-09-04T06:36:36","date_gmt":"2023-09-04T11:06:36","guid":{"rendered":"https:\/\/esviafm.com\/?p=4400"},"modified":"2023-09-04T06:36:36","modified_gmt":"2023-09-04T11:06:36","slug":"colombia-pide-corresponsabilidad-regional-para-financiar-el-exodo-de-migrantes-venezolanos","status":"publish","type":"post","link":"https:\/\/esviafm.com\/index.php\/colombia-pide-corresponsabilidad-regional-para-financiar-el-exodo-de-migrantes-venezolanos\/","title":{"rendered":"Colombia pide corresponsabilidad regional para financiar el \u00e9xodo de migrantes venezolanos"},"content":{"rendered":"<p class=\"paragraph\" data-gtm-element-container=\"modulo-texto-link\">\u00a0\u201c\u00bfQu\u00e9 sucede si la regi\u00f3n latinoamericana no acoge a los cerca de seis millones de venezolanos que hoy habitan nuestros territorios?\u201d, se pregunta en una entrevista con EFE Carlos Garc\u00eda Manosalva, el director de Migraci\u00f3n Colombia, la entidad encargada de regular el ingreso y salida de extranjeros en un pa\u00eds que cuenta con veinte millones de pobres y 2,5 millones de inmigrantes venezolanos.<\/p>\n<p class=\"paragraph\" data-gtm-element-container=\"modulo-texto-link\">\u201cLos compromisos con esta poblaci\u00f3n migrante van m\u00e1s all\u00e1 de los Gobiernos de turno; debemos cumplir con una obligaci\u00f3n adquirida por el Estado\u201d, subraya Garc\u00eda Manosalva. \u201cEl reto que afronta el presidente Gustavo Petro -dice- no es solo con los m\u00e1s de ocho millones de desplazados internos, sino con los m\u00e1s de 2,5 millones de venezolanos que tenemos en nuestro pa\u00eds\u201d.<\/p>\n<p class=\"paragraph\" data-gtm-element-container=\"modulo-texto-link\">En el a\u00f1o 2015 comenz\u00f3 a gestarse en Venezuela un desplazamiento masivo de ciudadanos que decidieron abandonar su pa\u00eds a causa del recrudecimiento de la crisis econ\u00f3mica, social y pol\u00edtica. Esta tendencia se consolid\u00f3 en los a\u00f1os posteriores y se agudiz\u00f3 en determinados momentos, como el a\u00f1o 2017.<\/p>\n<p class=\"paragraph\" data-gtm-element-container=\"modulo-texto-link\">Las cifras de desplazados aumentaron exponencialmente, con un gran impacto sobre los pa\u00edses de la regi\u00f3n, especialmente la vecina Colombia, adonde fue a parar la mayor\u00eda de ellos.<\/p>\n<p class=\"paragraph\" data-gtm-element-container=\"modulo-texto-link\">COLOMBIA, PRINCIPAL DESTINO DEL \u00c9XODO VENEZOLANO<\/p>\n<p class=\"paragraph\" data-gtm-element-container=\"modulo-texto-link\">Colombia se convirti\u00f3 as\u00ed en el mayor receptor de la poblaci\u00f3n migrante venezolana de la regi\u00f3n, con 2,5 millones de desplazados desde 2014, seg\u00fan el \u00faltimo informe de la Organizaci\u00f3n Internacional para las Migraciones (OIM) y la Agencia de las Naciones Unidas para los Refugiados (ACNUR).<\/p>\n<p class=\"paragraph\" data-gtm-element-container=\"modulo-texto-link\">\u201cRecibimos del Gobierno anterior cerca de 600.000 procesos de solicitantes no resueltos y obst\u00e1culos y tropiezos de orden tecnol\u00f3gico que han significado un enorme desaf\u00edo a resolver\u201d, cuenta el director de Migraci\u00f3n Colombia.<\/p>\n<p class=\"paragraph\" data-gtm-element-container=\"modulo-texto-link\">Manosalva destaca el principio de reciprocidad: \u201cVenezuela acogi\u00f3 a millones de colombianos en su territorio cuando lo necesitaban y nosotros seguiremos promoviendo, no solo una migraci\u00f3n regular y segura, sino iniciativas que garanticen la inclusi\u00f3n social de todos los venezolanos regularizados. El objetivo es garantizar la integraci\u00f3n plena de estos nuevos colombianos\u201d, enfatiza.<\/p>\n<p class=\"paragraph\" data-gtm-element-container=\"modulo-texto-link\">Seg\u00fan la Plataforma de Coordinaci\u00f3n Interagencial para Refugiados y Migrantes de Venezuela (R4V) hay 7.320.225 venezolanos refugiados y migrantes en el mundo y 6.136.402 venezolanos refugiados y migrantes en Am\u00e9rica Latina y el Caribe.<\/p>\n<p class=\"paragraph\" data-gtm-element-container=\"modulo-texto-link\">\u201cNing\u00fan pa\u00eds de la regi\u00f3n estaba preparado para una migraci\u00f3n como la venezolana\u201d, reflexiona el responsable de Migraci\u00f3n Colombia.<\/p>\n<p class=\"paragraph\" data-gtm-element-container=\"modulo-texto-link\">Desde 2010, Am\u00e9rica Latina y el Caribe ha experimentado un incremento notable en la migraci\u00f3n internacional, hasta convertirse en la regi\u00f3n con mayor aumento relativo del mundo. El n\u00famero de personas migrantes casi se ha duplicado, pasando de 8,3 millones en 2010 a 16,3 millones en 2022.<\/p>\n<p class=\"paragraph\" data-gtm-element-container=\"modulo-texto-link\">\u201cEste cambio dr\u00e1stico ha sido impulsado por diversas crisis de desplazamiento, acuerdos de libre circulaci\u00f3n y el retorno de migrantes junto con sus hijos y c\u00f3nyuges nacidos en el extranjero, entre otras tendencias\u201d, explica Garc\u00eda Manosalva.<\/p>\n<p class=\"paragraph\" data-gtm-element-container=\"modulo-texto-link\">PANAM\u00c1 PIDE QUE COLOMBIA CORTE EL TR\u00c1NSITO<\/p>\n<p class=\"paragraph\" data-gtm-element-container=\"modulo-texto-link\">Recientemente, Panam\u00e1 acus\u00f3 a Colombia de no colaborar en el manejo de la crisis migrante en el Dari\u00e9n, una tupida selva situada en la frontera entre ambos pa\u00edses llena de peligros naturales y de mafias de trafican con personas.<\/p>\n<p class=\"paragraph\" data-gtm-element-container=\"modulo-texto-link\">Las autoridades paname\u00f1as consideran que Colombia no est\u00e1 haciendo lo suficiente para disminuir el tr\u00e1nsito de migrantes irregulares a trav\u00e9s de la selva y ha pedido al Gobierno de Petro que corte este flujo, que calcula en 2.800 personas diariamente.<\/p>\n<p class=\"paragraph\" data-gtm-element-container=\"modulo-texto-link\">Uno de los principales objetivos de Migraci\u00f3n Colombia es articular y coordinar iniciativas regionales para abordar los fen\u00f3menos migratorios partiendo de nuestras fortalezas y miradas conjuntas, respetando por supuesto nuestra soberan\u00eda y nuestras especificidades\u201d, se\u00f1ala el director de esta entidad en la entrevista con EFE que tuvo lugar antes de las desavenencias con Panam\u00e1.<\/p>\n<p class=\"paragraph\" data-gtm-element-container=\"modulo-texto-link\">\u201cFrente a las coyunturas regionales de orden migratorio, mejor funcionamos juntos aportando soluciones regionales\u201d, recalca Garc\u00eda Manosalva, quien llama la atenci\u00f3n sobre el hecho de que gran parte de la migraci\u00f3n ha ocurrido entre pa\u00edses dentro de la regi\u00f3n. \u201cAm\u00e9rica Latina y el Caribe se ha convertido en una zona de migraci\u00f3n intrarregional vibrante\u201d.<\/p>\n<p class=\"paragraph\" data-gtm-element-container=\"modulo-texto-link\">En los \u00faltimos a\u00f1os se han establecido cinco acuerdos de movilidad en diferentes subregiones de las Am\u00e9ricas. Tambi\u00e9n han surgido varios foros para gestionar la migraci\u00f3n y 21 pa\u00edses del hemisferio han suscrito la Declaraci\u00f3n de Los \u00c1ngeles de 2022 sobre Migraci\u00f3n y Protecci\u00f3n, un pacto hist\u00f3rico que establece acciones de alto nivel en todo el hemisferio.<\/p>\n<p class=\"paragraph\" data-gtm-element-container=\"modulo-texto-link\">Aunque las pol\u00edticas migratorias siguen siendo responsabilidad soberana de los Estados, \u201cla mayor\u00eda de los problemas que deben abordarse requieren una visi\u00f3n hol\u00edstica que incluya la cooperaci\u00f3n y coordinaci\u00f3n entre todos los pa\u00edses\u201d, subraya el director de Migraci\u00f3n Colombia.<\/p>\n<p class=\"paragraph\" data-gtm-element-container=\"modulo-texto-link\">\u201cLos problemas regionales requieren soluciones regionales que fortalezcan los lazos de colaboraci\u00f3n y coordinaci\u00f3n entre los pa\u00edses de origen, tr\u00e1nsito y destino\u201d.<\/p>\n<p class=\"paragraph\" data-gtm-element-container=\"modulo-texto-link\">\u201cAbordemos las causas reales de los fen\u00f3menos migratorios que hemos experimentado en la regi\u00f3n\u201d, propone Garc\u00eda Manosalva, a la vez que insiste en \u201cla corresponsabilidad de la financiaci\u00f3n de la integraci\u00f3n de la poblaci\u00f3n venezolana en los pa\u00edses\u201d de la regi\u00f3n.<\/p>\n<p class=\"paragraph\" data-gtm-element-container=\"modulo-texto-link\"><strong>EFE<\/strong><\/p>\n<div class=\"pvc_clear\"><\/div>\n<p id=\"pvc_stats_4400\" class=\"pvc_stats all  \" data-element-id=\"4400\" style=\"\"><i class=\"pvc-stats-icon large\" aria-hidden=\"true\"><svg xmlns=\"http:\/\/www.w3.org\/2000\/svg\" version=\"1.0\" viewBox=\"0 0 502 315\" preserveAspectRatio=\"xMidYMid meet\"><g transform=\"translate(0,332) scale(0.1,-0.1)\" fill=\"\" stroke=\"none\"><path d=\"M2394 3279 l-29 -30 -3 -207 c-2 -182 0 -211 15 -242 39 -76 157 -76 196 0 15 31 17 60 15 243 l-3 209 -33 29 c-26 23 -41 29 -80 29 -41 0 -53 -5 -78 -31z\"\/><path d=\"M3085 3251 c-45 -19 -58 -50 -96 -229 -47 -217 -49 -260 -13 -295 52 -53 146 -42 177 20 16 31 87 366 87 410 0 70 -86 122 -155 94z\"\/><path d=\"M1751 3234 c-13 -9 -29 -31 -37 -50 -12 -29 -10 -49 21 -204 19 -94 39 -189 45 -210 14 -50 54 -80 110 -80 34 0 48 6 76 34 21 21 34 44 34 59 0 14 -18 113 -40 219 -37 178 -43 195 -70 221 -36 32 -101 37 -139 11z\"\/><path d=\"M1163 3073 c-36 -7 -73 -59 -73 -102 0 -56 133 -378 171 -413 34 -32 83 -37 129 -13 70 36 67 87 -16 290 -86 209 -89 214 -129 231 -35 14 -42 15 -82 7z\"\/><path d=\"M3689 3066 c-15 -9 -33 -30 -42 -48 -48 -103 -147 -355 -147 -375 0 -98 131 -148 192 -74 13 15 57 108 97 206 80 196 84 226 37 273 -30 30 -99 39 -137 18z\"\/><path d=\"M583 2784 c-38 -19 -67 -74 -58 -113 9 -42 211 -354 242 -373 16 -10 45 -18 66 -18 51 0 107 52 107 100 0 39 -1 41 -124 234 -80 126 -108 162 -133 173 -41 17 -61 16 -100 -3z\"\/><path d=\"M4250 2784 c-14 -9 -74 -91 -133 -183 -95 -150 -107 -173 -107 -213 0 -55 33 -94 87 -104 67 -13 90 8 211 198 130 202 137 225 78 284 -27 27 -42 34 -72 34 -22 0 -50 -8 -64 -16z\"\/><path d=\"M2275 2693 c-553 -48 -1095 -270 -1585 -649 -135 -104 -459 -423 -483 -476 -23 -49 -22 -139 2 -186 73 -142 361 -457 571 -626 285 -228 642 -407 990 -497 242 -63 336 -73 660 -74 310 0 370 5 595 52 535 111 1045 392 1455 803 122 121 250 273 275 326 19 41 19 137 0 174 -41 79 -309 363 -465 492 -447 370 -946 591 -1479 653 -113 14 -422 18 -536 8z m395 -428 c171 -34 330 -124 456 -258 112 -119 167 -219 211 -378 27 -96 24 -300 -5 -401 -72 -255 -236 -447 -474 -557 -132 -62 -201 -76 -368 -76 -167 0 -236 14 -368 76 -213 98 -373 271 -451 485 -162 444 86 934 547 1084 153 49 292 57 452 25z m909 -232 c222 -123 408 -262 593 -441 76 -74 138 -139 138 -144 0 -16 -233 -242 -330 -319 -155 -123 -309 -223 -461 -299 l-81 -41 32 46 c18 26 49 83 70 128 143 306 141 649 -6 957 -25 52 -61 116 -79 142 l-34 47 45 -20 c26 -10 76 -36 113 -56z m-2057 25 c-40 -58 -105 -190 -130 -263 -110 -324 -59 -707 132 -981 25 -35 42 -64 37 -64 -19 0 -241 119 -326 174 -188 122 -406 314 -532 468 l-58 71 108 103 c185 178 428 349 672 473 66 33 121 60 123 61 2 0 -10 -19 -26 -42z\"\/><path d=\"M2375 1950 c-198 -44 -350 -190 -395 -379 -18 -76 -8 -221 19 -290 114 -284 457 -406 731 -260 98 52 188 154 231 260 27 69 37 214 19 290 -38 163 -166 304 -326 360 -67 23 -215 33 -279 19z\"\/><\/g><\/svg><\/i> <img decoding=\"async\" width=\"16\" height=\"16\" alt=\"Loading\" src=\"https:\/\/esviafm.com\/wp-content\/plugins\/page-views-count\/ajax-loader-2x.gif\" border=0 \/><\/p>\n<div class=\"pvc_clear\"><\/div>\n","protected":false},"excerpt":{"rendered":"<p>\u00a0\u201c\u00bfQu\u00e9 sucede si la regi\u00f3n latinoamericana no acoge a los cerca de seis millones de venezolanos que hoy habitan nuestros territorios?\u201d, se pregunta en una entrevista con EFE Carlos Garc\u00eda Manosalva, el director de Migraci\u00f3n Colombia, la entidad encargada de regular el ingreso y salida de extranjeros en un pa\u00eds que cuenta con veinte millones [&hellip;]<\/p>\n<div class=\"pvc_clear\"><\/div>\n<p id=\"pvc_stats_4400\" class=\"pvc_stats all  \" data-element-id=\"4400\" style=\"\"><i class=\"pvc-stats-icon large\" aria-hidden=\"true\"><svg xmlns=\"http:\/\/www.w3.org\/2000\/svg\" version=\"1.0\" viewBox=\"0 0 502 315\" preserveAspectRatio=\"xMidYMid meet\"><g transform=\"translate(0,332) scale(0.1,-0.1)\" fill=\"\" stroke=\"none\"><path d=\"M2394 3279 l-29 -30 -3 -207 c-2 -182 0 -211 15 -242 39 -76 157 -76 196 0 15 31 17 60 15 243 l-3 209 -33 29 c-26 23 -41 29 -80 29 -41 0 -53 -5 -78 -31z\"\/><path d=\"M3085 3251 c-45 -19 -58 -50 -96 -229 -47 -217 -49 -260 -13 -295 52 -53 146 -42 177 20 16 31 87 366 87 410 0 70 -86 122 -155 94z\"\/><path d=\"M1751 3234 c-13 -9 -29 -31 -37 -50 -12 -29 -10 -49 21 -204 19 -94 39 -189 45 -210 14 -50 54 -80 110 -80 34 0 48 6 76 34 21 21 34 44 34 59 0 14 -18 113 -40 219 -37 178 -43 195 -70 221 -36 32 -101 37 -139 11z\"\/><path d=\"M1163 3073 c-36 -7 -73 -59 -73 -102 0 -56 133 -378 171 -413 34 -32 83 -37 129 -13 70 36 67 87 -16 290 -86 209 -89 214 -129 231 -35 14 -42 15 -82 7z\"\/><path d=\"M3689 3066 c-15 -9 -33 -30 -42 -48 -48 -103 -147 -355 -147 -375 0 -98 131 -148 192 -74 13 15 57 108 97 206 80 196 84 226 37 273 -30 30 -99 39 -137 18z\"\/><path d=\"M583 2784 c-38 -19 -67 -74 -58 -113 9 -42 211 -354 242 -373 16 -10 45 -18 66 -18 51 0 107 52 107 100 0 39 -1 41 -124 234 -80 126 -108 162 -133 173 -41 17 -61 16 -100 -3z\"\/><path d=\"M4250 2784 c-14 -9 -74 -91 -133 -183 -95 -150 -107 -173 -107 -213 0 -55 33 -94 87 -104 67 -13 90 8 211 198 130 202 137 225 78 284 -27 27 -42 34 -72 34 -22 0 -50 -8 -64 -16z\"\/><path d=\"M2275 2693 c-553 -48 -1095 -270 -1585 -649 -135 -104 -459 -423 -483 -476 -23 -49 -22 -139 2 -186 73 -142 361 -457 571 -626 285 -228 642 -407 990 -497 242 -63 336 -73 660 -74 310 0 370 5 595 52 535 111 1045 392 1455 803 122 121 250 273 275 326 19 41 19 137 0 174 -41 79 -309 363 -465 492 -447 370 -946 591 -1479 653 -113 14 -422 18 -536 8z m395 -428 c171 -34 330 -124 456 -258 112 -119 167 -219 211 -378 27 -96 24 -300 -5 -401 -72 -255 -236 -447 -474 -557 -132 -62 -201 -76 -368 -76 -167 0 -236 14 -368 76 -213 98 -373 271 -451 485 -162 444 86 934 547 1084 153 49 292 57 452 25z m909 -232 c222 -123 408 -262 593 -441 76 -74 138 -139 138 -144 0 -16 -233 -242 -330 -319 -155 -123 -309 -223 -461 -299 l-81 -41 32 46 c18 26 49 83 70 128 143 306 141 649 -6 957 -25 52 -61 116 -79 142 l-34 47 45 -20 c26 -10 76 -36 113 -56z m-2057 25 c-40 -58 -105 -190 -130 -263 -110 -324 -59 -707 132 -981 25 -35 42 -64 37 -64 -19 0 -241 119 -326 174 -188 122 -406 314 -532 468 l-58 71 108 103 c185 178 428 349 672 473 66 33 121 60 123 61 2 0 -10 -19 -26 -42z\"\/><path d=\"M2375 1950 c-198 -44 -350 -190 -395 -379 -18 -76 -8 -221 19 -290 114 -284 457 -406 731 -260 98 52 188 154 231 260 27 69 37 214 19 290 -38 163 -166 304 -326 360 -67 23 -215 33 -279 19z\"\/><\/g><\/svg><\/i> <img decoding=\"async\" width=\"16\" height=\"16\" alt=\"Loading\" src=\"https:\/\/esviafm.com\/wp-content\/plugins\/page-views-count\/ajax-loader-2x.gif\" border=0 \/><\/p>\n<div class=\"pvc_clear\"><\/div>\n","protected":false},"author":2,"featured_media":0,"comment_status":"open","ping_status":"open","sticky":false,"template":"","format":"standard","meta":{"_et_pb_use_builder":"","_et_pb_old_content":"","_et_gb_content_width":"","footnotes":""},"categories":[17],"tags":[],"class_list":["post-4400","post","type-post","status-publish","format-standard","hentry","category-internacionales"],"_links":{"self":[{"href":"https:\/\/esviafm.com\/index.php\/wp-json\/wp\/v2\/posts\/4400","targetHints":{"allow":["GET"]}}],"collection":[{"href":"https:\/\/esviafm.com\/index.php\/wp-json\/wp\/v2\/posts"}],"about":[{"href":"https:\/\/esviafm.com\/index.php\/wp-json\/wp\/v2\/types\/post"}],"author":[{"embeddable":true,"href":"https:\/\/esviafm.com\/index.php\/wp-json\/wp\/v2\/users\/2"}],"replies":[{"embeddable":true,"href":"https:\/\/esviafm.com\/index.php\/wp-json\/wp\/v2\/comments?post=4400"}],"version-history":[{"count":1,"href":"https:\/\/esviafm.com\/index.php\/wp-json\/wp\/v2\/posts\/4400\/revisions"}],"predecessor-version":[{"id":4402,"href":"https:\/\/esviafm.com\/index.php\/wp-json\/wp\/v2\/posts\/4400\/revisions\/4402"}],"wp:attachment":[{"href":"https:\/\/esviafm.com\/index.php\/wp-json\/wp\/v2\/media?parent=4400"}],"wp:term":[{"taxonomy":"category","embeddable":true,"href":"https:\/\/esviafm.com\/index.php\/wp-json\/wp\/v2\/categories?post=4400"},{"taxonomy":"post_tag","embeddable":true,"href":"https:\/\/esviafm.com\/index.php\/wp-json\/wp\/v2\/tags?post=4400"}],"curies":[{"name":"wp","href":"https:\/\/api.w.org\/{rel}","templated":true}]}}