{"id":4317,"date":"2023-08-31T06:58:23","date_gmt":"2023-08-31T11:28:23","guid":{"rendered":"https:\/\/esviafm.com\/?p=4317"},"modified":"2023-08-31T06:58:23","modified_gmt":"2023-08-31T11:28:23","slug":"ministerio-de-salud-ecuatoriano-confirma-primer-caso-de-la-nueva-variante-omicron-del-covid-19","status":"publish","type":"post","link":"https:\/\/esviafm.com\/index.php\/ministerio-de-salud-ecuatoriano-confirma-primer-caso-de-la-nueva-variante-omicron-del-covid-19\/","title":{"rendered":"Ministerio de salud ecuatoriano confirma primer caso de la nueva variante \u00f3micron del COVID-19"},"content":{"rendered":"<p>Un paciente de\u00a0<b>Pichincha<\/b>\u00a0se convirti\u00f3 en el primer caso confirmado en\u00a0<b>Ecuado<\/b>r de la\u00a0<b>variante EG.5 de \u00f3micron<\/b>. As\u00ed lo confirm\u00f3 este lunes 28 de agosto el\u00a0<b>Ministerio de Salud P\u00fablica<\/b>\u00a0(MSP).<\/p>\n<p><b>Francisco P\u00e9rez, subsecretario de Vigilancia Epidemiol\u00f3gica<\/b>, explic\u00f3 que se trata de un paciente que no contaba con todas las<b>\u00a0inmunizaciones<\/b>\u00a0de\u00a0<b>prevenci\u00f3n<\/b>\u00a0y que se contagi\u00f3 del\u00a0<b>COVID-19<\/b>.<\/p>\n<div>\n<blockquote><p>\u201cCuando se introdujo la variante (en el pa\u00eds) debi\u00f3 ser una persona asintom\u00e1tica, por eso no hemos detectado. Ya tenemos circulando en nuestro pa\u00eds esta variante de preocupaci\u00f3n. No tenemos un aumento de casos por el momento\u201d, sostuvo el doctor.<\/p><\/blockquote>\n<\/div>\n<div><\/div>\n<div>A\u00f1adi\u00f3 que la\u00a0<b>vigilancia epidemiol\u00f3gica y gen\u00f3mica<\/b>\u00a0se mantiene tanto con el\u00a0<b>Instituto Nacional de Investigaci\u00f3n en Salud P\u00fablica (Inspi)<\/b>\u00a0como en las\u00a0<b>universidades<\/b>\u00a0San Francisco (Quito) y de Especialidades Esp\u00edritu Santo (UEES), de Samborond\u00f3n.<\/p>\n<p>La\u00a0<b>Organizaci\u00f3n Panamericana de la Salud (OPS)<\/b>, divisi\u00f3n regional de la\u00a0<b>Organizaci\u00f3n Mundial de la Salud (OMS)<\/b>, clasific\u00f3 esta variante como de inter\u00e9s el pasado 9 de agosto luego de evidenciar un considerable\u00a0<b>aumento de casos<\/b>, es decir, que es\u00a0<b>altamente contagiosa<\/b>.<\/p>\n<p>Entre los pa\u00edses donde han aumentado los casos est\u00e1n\u00a0<b>Colombia, Costa Rica y Estados Unidos<\/b>.<\/div>\n<div><\/div>\n<div>Sin embargo, P\u00e9rez detall\u00f3 que hasta el momento\u00a0<b>no se ha evidenciado un aumento de casos ni de la agresividad de la enfermedad.<\/b><\/p>\n<p>Recomend\u00f3 que todos los\u00a0<b>grupos vulnerables<\/b>\u00a0como adultos mayores, mujeres embarazadas, enfermos con males catastr\u00f3ficos pueden\u00a0<b>acudir a vacunarse con la dosis bivalentes<\/b>\u00a0en los\u00a0<b>centros de salud<\/b>\u00a0para evitar contagiarse de esta nueva subvariante que circula en el pa\u00eds.<\/div>\n<div><\/div>\n<div><b><i>Fuente: El Universo<\/i><\/b><\/div>\n<div class=\"pvc_clear\"><\/div>\n<p id=\"pvc_stats_4317\" class=\"pvc_stats all  \" data-element-id=\"4317\" style=\"\"><i class=\"pvc-stats-icon large\" aria-hidden=\"true\"><svg xmlns=\"http:\/\/www.w3.org\/2000\/svg\" version=\"1.0\" viewBox=\"0 0 502 315\" preserveAspectRatio=\"xMidYMid meet\"><g transform=\"translate(0,332) scale(0.1,-0.1)\" fill=\"\" stroke=\"none\"><path d=\"M2394 3279 l-29 -30 -3 -207 c-2 -182 0 -211 15 -242 39 -76 157 -76 196 0 15 31 17 60 15 243 l-3 209 -33 29 c-26 23 -41 29 -80 29 -41 0 -53 -5 -78 -31z\"\/><path d=\"M3085 3251 c-45 -19 -58 -50 -96 -229 -47 -217 -49 -260 -13 -295 52 -53 146 -42 177 20 16 31 87 366 87 410 0 70 -86 122 -155 94z\"\/><path d=\"M1751 3234 c-13 -9 -29 -31 -37 -50 -12 -29 -10 -49 21 -204 19 -94 39 -189 45 -210 14 -50 54 -80 110 -80 34 0 48 6 76 34 21 21 34 44 34 59 0 14 -18 113 -40 219 -37 178 -43 195 -70 221 -36 32 -101 37 -139 11z\"\/><path d=\"M1163 3073 c-36 -7 -73 -59 -73 -102 0 -56 133 -378 171 -413 34 -32 83 -37 129 -13 70 36 67 87 -16 290 -86 209 -89 214 -129 231 -35 14 -42 15 -82 7z\"\/><path d=\"M3689 3066 c-15 -9 -33 -30 -42 -48 -48 -103 -147 -355 -147 -375 0 -98 131 -148 192 -74 13 15 57 108 97 206 80 196 84 226 37 273 -30 30 -99 39 -137 18z\"\/><path d=\"M583 2784 c-38 -19 -67 -74 -58 -113 9 -42 211 -354 242 -373 16 -10 45 -18 66 -18 51 0 107 52 107 100 0 39 -1 41 -124 234 -80 126 -108 162 -133 173 -41 17 -61 16 -100 -3z\"\/><path d=\"M4250 2784 c-14 -9 -74 -91 -133 -183 -95 -150 -107 -173 -107 -213 0 -55 33 -94 87 -104 67 -13 90 8 211 198 130 202 137 225 78 284 -27 27 -42 34 -72 34 -22 0 -50 -8 -64 -16z\"\/><path d=\"M2275 2693 c-553 -48 -1095 -270 -1585 -649 -135 -104 -459 -423 -483 -476 -23 -49 -22 -139 2 -186 73 -142 361 -457 571 -626 285 -228 642 -407 990 -497 242 -63 336 -73 660 -74 310 0 370 5 595 52 535 111 1045 392 1455 803 122 121 250 273 275 326 19 41 19 137 0 174 -41 79 -309 363 -465 492 -447 370 -946 591 -1479 653 -113 14 -422 18 -536 8z m395 -428 c171 -34 330 -124 456 -258 112 -119 167 -219 211 -378 27 -96 24 -300 -5 -401 -72 -255 -236 -447 -474 -557 -132 -62 -201 -76 -368 -76 -167 0 -236 14 -368 76 -213 98 -373 271 -451 485 -162 444 86 934 547 1084 153 49 292 57 452 25z m909 -232 c222 -123 408 -262 593 -441 76 -74 138 -139 138 -144 0 -16 -233 -242 -330 -319 -155 -123 -309 -223 -461 -299 l-81 -41 32 46 c18 26 49 83 70 128 143 306 141 649 -6 957 -25 52 -61 116 -79 142 l-34 47 45 -20 c26 -10 76 -36 113 -56z m-2057 25 c-40 -58 -105 -190 -130 -263 -110 -324 -59 -707 132 -981 25 -35 42 -64 37 -64 -19 0 -241 119 -326 174 -188 122 -406 314 -532 468 l-58 71 108 103 c185 178 428 349 672 473 66 33 121 60 123 61 2 0 -10 -19 -26 -42z\"\/><path d=\"M2375 1950 c-198 -44 -350 -190 -395 -379 -18 -76 -8 -221 19 -290 114 -284 457 -406 731 -260 98 52 188 154 231 260 27 69 37 214 19 290 -38 163 -166 304 -326 360 -67 23 -215 33 -279 19z\"\/><\/g><\/svg><\/i> <img decoding=\"async\" width=\"16\" height=\"16\" alt=\"Loading\" src=\"https:\/\/esviafm.com\/wp-content\/plugins\/page-views-count\/ajax-loader-2x.gif\" border=0 \/><\/p>\n<div class=\"pvc_clear\"><\/div>\n","protected":false},"excerpt":{"rendered":"<p>Un paciente de\u00a0Pichincha\u00a0se convirti\u00f3 en el primer caso confirmado en\u00a0Ecuador de la\u00a0variante EG.5 de \u00f3micron. As\u00ed lo confirm\u00f3 este lunes 28 de agosto el\u00a0Ministerio de Salud P\u00fablica\u00a0(MSP). Francisco P\u00e9rez, subsecretario de Vigilancia Epidemiol\u00f3gica, explic\u00f3 que se trata de un paciente que no contaba con todas las\u00a0inmunizaciones\u00a0de\u00a0prevenci\u00f3n\u00a0y que se contagi\u00f3 del\u00a0COVID-19. \u201cCuando se introdujo la variante [&hellip;]<\/p>\n<div class=\"pvc_clear\"><\/div>\n<p id=\"pvc_stats_4317\" class=\"pvc_stats all  \" data-element-id=\"4317\" style=\"\"><i class=\"pvc-stats-icon large\" aria-hidden=\"true\"><svg xmlns=\"http:\/\/www.w3.org\/2000\/svg\" version=\"1.0\" viewBox=\"0 0 502 315\" preserveAspectRatio=\"xMidYMid meet\"><g transform=\"translate(0,332) scale(0.1,-0.1)\" fill=\"\" stroke=\"none\"><path d=\"M2394 3279 l-29 -30 -3 -207 c-2 -182 0 -211 15 -242 39 -76 157 -76 196 0 15 31 17 60 15 243 l-3 209 -33 29 c-26 23 -41 29 -80 29 -41 0 -53 -5 -78 -31z\"\/><path d=\"M3085 3251 c-45 -19 -58 -50 -96 -229 -47 -217 -49 -260 -13 -295 52 -53 146 -42 177 20 16 31 87 366 87 410 0 70 -86 122 -155 94z\"\/><path d=\"M1751 3234 c-13 -9 -29 -31 -37 -50 -12 -29 -10 -49 21 -204 19 -94 39 -189 45 -210 14 -50 54 -80 110 -80 34 0 48 6 76 34 21 21 34 44 34 59 0 14 -18 113 -40 219 -37 178 -43 195 -70 221 -36 32 -101 37 -139 11z\"\/><path d=\"M1163 3073 c-36 -7 -73 -59 -73 -102 0 -56 133 -378 171 -413 34 -32 83 -37 129 -13 70 36 67 87 -16 290 -86 209 -89 214 -129 231 -35 14 -42 15 -82 7z\"\/><path d=\"M3689 3066 c-15 -9 -33 -30 -42 -48 -48 -103 -147 -355 -147 -375 0 -98 131 -148 192 -74 13 15 57 108 97 206 80 196 84 226 37 273 -30 30 -99 39 -137 18z\"\/><path d=\"M583 2784 c-38 -19 -67 -74 -58 -113 9 -42 211 -354 242 -373 16 -10 45 -18 66 -18 51 0 107 52 107 100 0 39 -1 41 -124 234 -80 126 -108 162 -133 173 -41 17 -61 16 -100 -3z\"\/><path d=\"M4250 2784 c-14 -9 -74 -91 -133 -183 -95 -150 -107 -173 -107 -213 0 -55 33 -94 87 -104 67 -13 90 8 211 198 130 202 137 225 78 284 -27 27 -42 34 -72 34 -22 0 -50 -8 -64 -16z\"\/><path d=\"M2275 2693 c-553 -48 -1095 -270 -1585 -649 -135 -104 -459 -423 -483 -476 -23 -49 -22 -139 2 -186 73 -142 361 -457 571 -626 285 -228 642 -407 990 -497 242 -63 336 -73 660 -74 310 0 370 5 595 52 535 111 1045 392 1455 803 122 121 250 273 275 326 19 41 19 137 0 174 -41 79 -309 363 -465 492 -447 370 -946 591 -1479 653 -113 14 -422 18 -536 8z m395 -428 c171 -34 330 -124 456 -258 112 -119 167 -219 211 -378 27 -96 24 -300 -5 -401 -72 -255 -236 -447 -474 -557 -132 -62 -201 -76 -368 -76 -167 0 -236 14 -368 76 -213 98 -373 271 -451 485 -162 444 86 934 547 1084 153 49 292 57 452 25z m909 -232 c222 -123 408 -262 593 -441 76 -74 138 -139 138 -144 0 -16 -233 -242 -330 -319 -155 -123 -309 -223 -461 -299 l-81 -41 32 46 c18 26 49 83 70 128 143 306 141 649 -6 957 -25 52 -61 116 -79 142 l-34 47 45 -20 c26 -10 76 -36 113 -56z m-2057 25 c-40 -58 -105 -190 -130 -263 -110 -324 -59 -707 132 -981 25 -35 42 -64 37 -64 -19 0 -241 119 -326 174 -188 122 -406 314 -532 468 l-58 71 108 103 c185 178 428 349 672 473 66 33 121 60 123 61 2 0 -10 -19 -26 -42z\"\/><path d=\"M2375 1950 c-198 -44 -350 -190 -395 -379 -18 -76 -8 -221 19 -290 114 -284 457 -406 731 -260 98 52 188 154 231 260 27 69 37 214 19 290 -38 163 -166 304 -326 360 -67 23 -215 33 -279 19z\"\/><\/g><\/svg><\/i> <img decoding=\"async\" width=\"16\" height=\"16\" alt=\"Loading\" src=\"https:\/\/esviafm.com\/wp-content\/plugins\/page-views-count\/ajax-loader-2x.gif\" border=0 \/><\/p>\n<div class=\"pvc_clear\"><\/div>\n","protected":false},"author":2,"featured_media":0,"comment_status":"open","ping_status":"open","sticky":false,"template":"","format":"standard","meta":{"_et_pb_use_builder":"","_et_pb_old_content":"","_et_gb_content_width":"","footnotes":""},"categories":[17],"tags":[],"class_list":["post-4317","post","type-post","status-publish","format-standard","hentry","category-internacionales"],"_links":{"self":[{"href":"https:\/\/esviafm.com\/index.php\/wp-json\/wp\/v2\/posts\/4317","targetHints":{"allow":["GET"]}}],"collection":[{"href":"https:\/\/esviafm.com\/index.php\/wp-json\/wp\/v2\/posts"}],"about":[{"href":"https:\/\/esviafm.com\/index.php\/wp-json\/wp\/v2\/types\/post"}],"author":[{"embeddable":true,"href":"https:\/\/esviafm.com\/index.php\/wp-json\/wp\/v2\/users\/2"}],"replies":[{"embeddable":true,"href":"https:\/\/esviafm.com\/index.php\/wp-json\/wp\/v2\/comments?post=4317"}],"version-history":[{"count":1,"href":"https:\/\/esviafm.com\/index.php\/wp-json\/wp\/v2\/posts\/4317\/revisions"}],"predecessor-version":[{"id":4319,"href":"https:\/\/esviafm.com\/index.php\/wp-json\/wp\/v2\/posts\/4317\/revisions\/4319"}],"wp:attachment":[{"href":"https:\/\/esviafm.com\/index.php\/wp-json\/wp\/v2\/media?parent=4317"}],"wp:term":[{"taxonomy":"category","embeddable":true,"href":"https:\/\/esviafm.com\/index.php\/wp-json\/wp\/v2\/categories?post=4317"},{"taxonomy":"post_tag","embeddable":true,"href":"https:\/\/esviafm.com\/index.php\/wp-json\/wp\/v2\/tags?post=4317"}],"curies":[{"name":"wp","href":"https:\/\/api.w.org\/{rel}","templated":true}]}}