{"id":4296,"date":"2023-08-31T06:34:31","date_gmt":"2023-08-31T11:04:31","guid":{"rendered":"https:\/\/esviafm.com\/?p=4296"},"modified":"2023-08-31T06:34:31","modified_gmt":"2023-08-31T11:04:31","slug":"ong-registro-casos-de-tuberculosis-vih-covid-y-desnutricion-en-calabozos-policiales","status":"publish","type":"post","link":"https:\/\/esviafm.com\/index.php\/ong-registro-casos-de-tuberculosis-vih-covid-y-desnutricion-en-calabozos-policiales\/","title":{"rendered":"ONG registr\u00f3 casos de tuberculosis, VIH, covid y desnutrici\u00f3n en calabozos policiales"},"content":{"rendered":"<article id=\"p507596\" class=\"col-12 col-md-12 col-lg-12 col-xl-12 post-card\" title=\"ONG registr\u00f3 casos de tuberculosis, VIH, covid y desnutrici\u00f3n en calabozos policiales\" data-url=\"https:\/\/runrun.es\/noticias\/507596\/ong-registro-casos-de-tuberculosis-vih-covid-y-desnutricion-en-calabozos-policiales\/\" data-title=\"ONG registr\u00f3 casos de tuberculosis, VIH, covid y desnutrici\u00f3n en calabozos policiales\">\n<div class=\"col-12 col-md-12 col-lg-12 col-xl-12 body-post open\">\n<div class=\"has-content-area\" data-url=\"https:\/\/runrun.es\/noticias\/507596\/ong-registro-casos-de-tuberculosis-vih-covid-y-desnutricion-en-calabozos-policiales\/\" data-title=\"ONG registr\u00f3 casos de tuberculosis, VIH, covid y desnutrici\u00f3n en calabozos policiales\" data-hashtags=\"\">\n<p>Este mi\u00e9rcoles, 30 de agosto, la ONG Una Ventana a la Libertad (UVL) inform\u00f3 que al menos 240 detenidos en calabozos policiales padecen de<strong>\u00a0tuberculosis, 45 de VIH-SIDA, 7 de Covid-19 y 411 presentan un cuadro aparente de desnutrici\u00f3n.<\/strong><\/p>\n<p>Las cifras reveladas surgen despu\u00e9s de que se realizaran 18 jornadas m\u00e9dicas asistenciales entre octubre del a\u00f1o pasado y julio de 2023, que tuvieron el objetivo de\u00a0<strong>\u00abdeterminar las condiciones sanitarias de los centros de detenci\u00f3n preventiva y el estado de salud de los privados de libertad\u00bb.<\/strong><\/p>\n<p>El coordinador general de Una Ventana a la Libertad explic\u00f3 que las mencionadas jornadas m\u00e9dicas asistenciales, en las cuales se aplicaron pruebas r\u00e1pidas de tuberculosis y VIH-SIDA, se realizaron en siete estados del pa\u00eds:\u00a0<strong>Miranda, Carabobo, Distrito Capital, Bol\u00edvar, Aragua, La Guaira y Zulia.<\/strong><\/p>\n<p>Otro hallazgo importante que destaca la ONG es que en 161 calabozos policiales conviven 10.254 privados de libertad, para una capacidad instalada de 6.028 personas, lo que indica que existe un hacinamiento de 170%.<\/p>\n<h3><strong>Condiciones precarias\u00a0<\/strong><\/h3>\n<p>La ONG afirm\u00f3 que la falta de distanciamiento es lo que hace que las enfermedades infecto-contagiosas como la tuberculosis, la escabiosis (sarna), gripes y COVID-19, entre las m\u00e1s comunes, se mantengan en la lista de\u00a0<strong>problemas de salud entre los privados de libertad.<\/strong><\/p>\n<p>UVL tambi\u00e9n expuso que la mayor\u00eda de la poblaci\u00f3n penitenciaria recluida en estos espacios se encuentra en riesgo sanitario debido a que las condiciones de los calabozos policiales no son las apropiadas, pues de los centros de detenci\u00f3n preventiva estudiados solo 86 tienen ba\u00f1os y 87 cuentan con agua potable.<\/p>\n<p>La organizaci\u00f3n report\u00f3 con frecuencia que las celdas de estos\u00a0<strong>calabozos policiales no tienen ventilaci\u00f3n<\/strong>\u00a0y que muchas vece<strong>s los reclusos deben preparar sus alimentos<\/strong>\u00a0en los mismos lugares donde hacen sus necesidades fisiol\u00f3gicas.<\/p>\n<div class=\"ngb_box\">\n<div id=\"ngb_si849\" class=\"ngb_ad ngb_si\" data-id=\"849\" data-google-query-id=\"CLTswJvehoEDFfMP0AQdKisD1w\">\n<div id=\"google_ads_iframe_\/87091820\/flat4_0__container__\"><\/div>\n<\/div>\n<\/div>\n<p>En cuanto a los niveles de desnutrici\u00f3n, UVL detall\u00f3 que se debe a la falta de<strong>\u00a0alimentaci\u00f3n balanceada.<\/strong><\/p>\n<p>\u00abSeg\u00fan el testimonio de algunos familiares, alimentar a los reclusos resulta dif\u00edcil debido a los altos costos de los alimentos y a la falta de recursos para que madres, padres, hermanas y esposas lleguen a esos lugares a entregar las viandas de alimentos\u00bb, se lee en el informe en donde tambi\u00e9n se asegura que los familiares son los responsables de la alimentaci\u00f3n de los reclusos.<\/p>\n<div class=\"insert-page insert-page-507567 \" data-post-id=\"507567\">\n<section class=\"post-relationship col-md-12\">\n<div class=\"row\">\n<div class=\"col-12 col-md-3 col-lg-3 col-xl-3 image-relationship\"><a title=\"Amnist\u00eda Internacional: Se han agudizado los patrones de detenciones por motivos pol\u00edticos en Venezuela\" href=\"https:\/\/runrun.es\/noticias\/507567\/se-han-agudizado-los-patrones-de-detenciones-por-motivos-politicos\/\"><img decoding=\"async\" src=\"https:\/\/runrun.es\/wp-content\/uploads\/2023\/08\/vidas-detenidas.jpg\" alt=\"Amnist\u00eda Internacional: Se han agudizado los patrones de detenciones por motivos pol\u00edticos en Venezuela\" \/><\/a><\/div>\n<\/div>\n<\/section>\n<\/div>\n<\/div>\n<\/div>\n<\/article>\n<article id=\"p507597\" class=\"col-12 col-md-12 col-lg-12 col-xl-12 post-card has-content-area\" title=\"Madres de v\u00edctimas de desaparici\u00f3n en la frontera entre Colombia y Venezuela piden celeridad en sus casos\" data-url=\"https:\/\/runrun.es\/noticias\/507597\/madres-de-victimas-de-desaparicion-en-la-frontera-entre-colombia-y-venezuela-piden-celeridad-en-sus-casos\/\" data-title=\"Madres de v\u00edctimas de desaparici\u00f3n en la frontera entre Colombia y Venezuela piden celeridad en sus casos\">\n<div class=\"row image-post\"><a id=\"ima507597\" title=\"Madres de v\u00edctimas de desaparici\u00f3n en la frontera entre Colombia y Venezuela piden celeridad en sus casos\" href=\"https:\/\/runrun.es\/noticias\/507597\/madres-de-victimas-de-desaparicion-en-la-frontera-entre-colombia-y-venezuela-piden-celeridad-en-sus-casos\/\"><img decoding=\"async\" src=\"https:\/\/runrun.es\/wp-content\/uploads\/2023\/08\/Desapariciones-en-la-frontera-entre-Colombia-y-Venezuela.-Comite-Esperanza-de-Madre.png\" alt=\"Madres de v\u00edctimas de desaparici\u00f3n en la frontera entre Colombia y Venezuela piden celeridad en sus casos\" \/><\/a><\/div>\n<\/article>\n<div><strong>Fuente : Runrun<\/strong><\/div>\n<div class=\"pvc_clear\"><\/div>\n<p id=\"pvc_stats_4296\" class=\"pvc_stats all  \" data-element-id=\"4296\" style=\"\"><i class=\"pvc-stats-icon large\" aria-hidden=\"true\"><svg xmlns=\"http:\/\/www.w3.org\/2000\/svg\" version=\"1.0\" viewBox=\"0 0 502 315\" preserveAspectRatio=\"xMidYMid meet\"><g transform=\"translate(0,332) scale(0.1,-0.1)\" fill=\"\" stroke=\"none\"><path d=\"M2394 3279 l-29 -30 -3 -207 c-2 -182 0 -211 15 -242 39 -76 157 -76 196 0 15 31 17 60 15 243 l-3 209 -33 29 c-26 23 -41 29 -80 29 -41 0 -53 -5 -78 -31z\"\/><path d=\"M3085 3251 c-45 -19 -58 -50 -96 -229 -47 -217 -49 -260 -13 -295 52 -53 146 -42 177 20 16 31 87 366 87 410 0 70 -86 122 -155 94z\"\/><path d=\"M1751 3234 c-13 -9 -29 -31 -37 -50 -12 -29 -10 -49 21 -204 19 -94 39 -189 45 -210 14 -50 54 -80 110 -80 34 0 48 6 76 34 21 21 34 44 34 59 0 14 -18 113 -40 219 -37 178 -43 195 -70 221 -36 32 -101 37 -139 11z\"\/><path d=\"M1163 3073 c-36 -7 -73 -59 -73 -102 0 -56 133 -378 171 -413 34 -32 83 -37 129 -13 70 36 67 87 -16 290 -86 209 -89 214 -129 231 -35 14 -42 15 -82 7z\"\/><path d=\"M3689 3066 c-15 -9 -33 -30 -42 -48 -48 -103 -147 -355 -147 -375 0 -98 131 -148 192 -74 13 15 57 108 97 206 80 196 84 226 37 273 -30 30 -99 39 -137 18z\"\/><path d=\"M583 2784 c-38 -19 -67 -74 -58 -113 9 -42 211 -354 242 -373 16 -10 45 -18 66 -18 51 0 107 52 107 100 0 39 -1 41 -124 234 -80 126 -108 162 -133 173 -41 17 -61 16 -100 -3z\"\/><path d=\"M4250 2784 c-14 -9 -74 -91 -133 -183 -95 -150 -107 -173 -107 -213 0 -55 33 -94 87 -104 67 -13 90 8 211 198 130 202 137 225 78 284 -27 27 -42 34 -72 34 -22 0 -50 -8 -64 -16z\"\/><path d=\"M2275 2693 c-553 -48 -1095 -270 -1585 -649 -135 -104 -459 -423 -483 -476 -23 -49 -22 -139 2 -186 73 -142 361 -457 571 -626 285 -228 642 -407 990 -497 242 -63 336 -73 660 -74 310 0 370 5 595 52 535 111 1045 392 1455 803 122 121 250 273 275 326 19 41 19 137 0 174 -41 79 -309 363 -465 492 -447 370 -946 591 -1479 653 -113 14 -422 18 -536 8z m395 -428 c171 -34 330 -124 456 -258 112 -119 167 -219 211 -378 27 -96 24 -300 -5 -401 -72 -255 -236 -447 -474 -557 -132 -62 -201 -76 -368 -76 -167 0 -236 14 -368 76 -213 98 -373 271 -451 485 -162 444 86 934 547 1084 153 49 292 57 452 25z m909 -232 c222 -123 408 -262 593 -441 76 -74 138 -139 138 -144 0 -16 -233 -242 -330 -319 -155 -123 -309 -223 -461 -299 l-81 -41 32 46 c18 26 49 83 70 128 143 306 141 649 -6 957 -25 52 -61 116 -79 142 l-34 47 45 -20 c26 -10 76 -36 113 -56z m-2057 25 c-40 -58 -105 -190 -130 -263 -110 -324 -59 -707 132 -981 25 -35 42 -64 37 -64 -19 0 -241 119 -326 174 -188 122 -406 314 -532 468 l-58 71 108 103 c185 178 428 349 672 473 66 33 121 60 123 61 2 0 -10 -19 -26 -42z\"\/><path d=\"M2375 1950 c-198 -44 -350 -190 -395 -379 -18 -76 -8 -221 19 -290 114 -284 457 -406 731 -260 98 52 188 154 231 260 27 69 37 214 19 290 -38 163 -166 304 -326 360 -67 23 -215 33 -279 19z\"\/><\/g><\/svg><\/i> <img decoding=\"async\" width=\"16\" height=\"16\" alt=\"Loading\" src=\"https:\/\/esviafm.com\/wp-content\/plugins\/page-views-count\/ajax-loader-2x.gif\" border=0 \/><\/p>\n<div class=\"pvc_clear\"><\/div>\n","protected":false},"excerpt":{"rendered":"<p>Este mi\u00e9rcoles, 30 de agosto, la ONG Una Ventana a la Libertad (UVL) inform\u00f3 que al menos 240 detenidos en calabozos policiales padecen de\u00a0tuberculosis, 45 de VIH-SIDA, 7 de Covid-19 y 411 presentan un cuadro aparente de desnutrici\u00f3n. Las cifras reveladas surgen despu\u00e9s de que se realizaran 18 jornadas m\u00e9dicas asistenciales entre octubre del a\u00f1o [&hellip;]<\/p>\n<div class=\"pvc_clear\"><\/div>\n<p id=\"pvc_stats_4296\" class=\"pvc_stats all  \" data-element-id=\"4296\" style=\"\"><i class=\"pvc-stats-icon large\" aria-hidden=\"true\"><svg xmlns=\"http:\/\/www.w3.org\/2000\/svg\" version=\"1.0\" viewBox=\"0 0 502 315\" preserveAspectRatio=\"xMidYMid meet\"><g transform=\"translate(0,332) scale(0.1,-0.1)\" fill=\"\" stroke=\"none\"><path d=\"M2394 3279 l-29 -30 -3 -207 c-2 -182 0 -211 15 -242 39 -76 157 -76 196 0 15 31 17 60 15 243 l-3 209 -33 29 c-26 23 -41 29 -80 29 -41 0 -53 -5 -78 -31z\"\/><path d=\"M3085 3251 c-45 -19 -58 -50 -96 -229 -47 -217 -49 -260 -13 -295 52 -53 146 -42 177 20 16 31 87 366 87 410 0 70 -86 122 -155 94z\"\/><path d=\"M1751 3234 c-13 -9 -29 -31 -37 -50 -12 -29 -10 -49 21 -204 19 -94 39 -189 45 -210 14 -50 54 -80 110 -80 34 0 48 6 76 34 21 21 34 44 34 59 0 14 -18 113 -40 219 -37 178 -43 195 -70 221 -36 32 -101 37 -139 11z\"\/><path d=\"M1163 3073 c-36 -7 -73 -59 -73 -102 0 -56 133 -378 171 -413 34 -32 83 -37 129 -13 70 36 67 87 -16 290 -86 209 -89 214 -129 231 -35 14 -42 15 -82 7z\"\/><path d=\"M3689 3066 c-15 -9 -33 -30 -42 -48 -48 -103 -147 -355 -147 -375 0 -98 131 -148 192 -74 13 15 57 108 97 206 80 196 84 226 37 273 -30 30 -99 39 -137 18z\"\/><path d=\"M583 2784 c-38 -19 -67 -74 -58 -113 9 -42 211 -354 242 -373 16 -10 45 -18 66 -18 51 0 107 52 107 100 0 39 -1 41 -124 234 -80 126 -108 162 -133 173 -41 17 -61 16 -100 -3z\"\/><path d=\"M4250 2784 c-14 -9 -74 -91 -133 -183 -95 -150 -107 -173 -107 -213 0 -55 33 -94 87 -104 67 -13 90 8 211 198 130 202 137 225 78 284 -27 27 -42 34 -72 34 -22 0 -50 -8 -64 -16z\"\/><path d=\"M2275 2693 c-553 -48 -1095 -270 -1585 -649 -135 -104 -459 -423 -483 -476 -23 -49 -22 -139 2 -186 73 -142 361 -457 571 -626 285 -228 642 -407 990 -497 242 -63 336 -73 660 -74 310 0 370 5 595 52 535 111 1045 392 1455 803 122 121 250 273 275 326 19 41 19 137 0 174 -41 79 -309 363 -465 492 -447 370 -946 591 -1479 653 -113 14 -422 18 -536 8z m395 -428 c171 -34 330 -124 456 -258 112 -119 167 -219 211 -378 27 -96 24 -300 -5 -401 -72 -255 -236 -447 -474 -557 -132 -62 -201 -76 -368 -76 -167 0 -236 14 -368 76 -213 98 -373 271 -451 485 -162 444 86 934 547 1084 153 49 292 57 452 25z m909 -232 c222 -123 408 -262 593 -441 76 -74 138 -139 138 -144 0 -16 -233 -242 -330 -319 -155 -123 -309 -223 -461 -299 l-81 -41 32 46 c18 26 49 83 70 128 143 306 141 649 -6 957 -25 52 -61 116 -79 142 l-34 47 45 -20 c26 -10 76 -36 113 -56z m-2057 25 c-40 -58 -105 -190 -130 -263 -110 -324 -59 -707 132 -981 25 -35 42 -64 37 -64 -19 0 -241 119 -326 174 -188 122 -406 314 -532 468 l-58 71 108 103 c185 178 428 349 672 473 66 33 121 60 123 61 2 0 -10 -19 -26 -42z\"\/><path d=\"M2375 1950 c-198 -44 -350 -190 -395 -379 -18 -76 -8 -221 19 -290 114 -284 457 -406 731 -260 98 52 188 154 231 260 27 69 37 214 19 290 -38 163 -166 304 -326 360 -67 23 -215 33 -279 19z\"\/><\/g><\/svg><\/i> <img decoding=\"async\" width=\"16\" height=\"16\" alt=\"Loading\" src=\"https:\/\/esviafm.com\/wp-content\/plugins\/page-views-count\/ajax-loader-2x.gif\" border=0 \/><\/p>\n<div class=\"pvc_clear\"><\/div>\n","protected":false},"author":2,"featured_media":0,"comment_status":"open","ping_status":"open","sticky":false,"template":"","format":"standard","meta":{"_et_pb_use_builder":"","_et_pb_old_content":"","_et_gb_content_width":"","footnotes":""},"categories":[1],"tags":[],"class_list":["post-4296","post","type-post","status-publish","format-standard","hentry","category-sin-categoria"],"_links":{"self":[{"href":"https:\/\/esviafm.com\/index.php\/wp-json\/wp\/v2\/posts\/4296","targetHints":{"allow":["GET"]}}],"collection":[{"href":"https:\/\/esviafm.com\/index.php\/wp-json\/wp\/v2\/posts"}],"about":[{"href":"https:\/\/esviafm.com\/index.php\/wp-json\/wp\/v2\/types\/post"}],"author":[{"embeddable":true,"href":"https:\/\/esviafm.com\/index.php\/wp-json\/wp\/v2\/users\/2"}],"replies":[{"embeddable":true,"href":"https:\/\/esviafm.com\/index.php\/wp-json\/wp\/v2\/comments?post=4296"}],"version-history":[{"count":1,"href":"https:\/\/esviafm.com\/index.php\/wp-json\/wp\/v2\/posts\/4296\/revisions"}],"predecessor-version":[{"id":4298,"href":"https:\/\/esviafm.com\/index.php\/wp-json\/wp\/v2\/posts\/4296\/revisions\/4298"}],"wp:attachment":[{"href":"https:\/\/esviafm.com\/index.php\/wp-json\/wp\/v2\/media?parent=4296"}],"wp:term":[{"taxonomy":"category","embeddable":true,"href":"https:\/\/esviafm.com\/index.php\/wp-json\/wp\/v2\/categories?post=4296"},{"taxonomy":"post_tag","embeddable":true,"href":"https:\/\/esviafm.com\/index.php\/wp-json\/wp\/v2\/tags?post=4296"}],"curies":[{"name":"wp","href":"https:\/\/api.w.org\/{rel}","templated":true}]}}