{"id":42075,"date":"2026-09-04T06:36:20","date_gmt":"2026-09-04T11:06:20","guid":{"rendered":"https:\/\/esviafm.com\/?p=42075"},"modified":"2026-09-04T06:36:20","modified_gmt":"2026-09-04T11:06:20","slug":"el-secretario-de-estado-estadounidense-marco-rubio-viajara-a-colombia-la-proxima-semana-para-reunirse-con-el-presidente-abelardo-de-la-espriella-en-barranquilla","status":"publish","type":"post","link":"https:\/\/esviafm.com\/index.php\/el-secretario-de-estado-estadounidense-marco-rubio-viajara-a-colombia-la-proxima-semana-para-reunirse-con-el-presidente-abelardo-de-la-espriella-en-barranquilla\/","title":{"rendered":"El secretario de Estado estadounidense, Marco Rubio, viajar\u00e1 a Colombia la pr\u00f3xima semana para reunirse con el presidente Abelardo de la Espriella, en Barranquilla."},"content":{"rendered":"<p>El secretario de Estado de EE. UU.,\u00a0<b>Marco Rubio<\/b>, visitar\u00e1 Colombia la pr\u00f3xima semana. Se trata de la primera visita de un funcionario de peso de la administraci\u00f3n\u00a0<b>Trump<\/b>\u00a0al pa\u00eds durante el gobierno de\u00a0<b>Abelardo de la Espriella<\/b>.<\/p>\n<p>La informaci\u00f3n, revelada por\u00a0<i>Blu Radio<\/i>, indica que Rubio visitar\u00eda al presidente en\u00a0<b>Barranquilla<\/b>\u00a0para hablar de asuntos de la relaci\u00f3n bilateral, entre ellos temas\u00a0<b>diplom\u00e1ticos y econ\u00f3micos<\/b>.<\/p>\n<p>En general, este es un momento nuevo para las relaciones entre Colombia y\u00a0<a href=\"https:\/\/www.elcolombiano.com\/cronologia\/noticias\/meta\/estados-unidos\" target=\"_blank\" rel=\"noopener noreferrer\">Estados Unidos<\/a>. Despu\u00e9s de dos a\u00f1os de relaci\u00f3n tensa entre los gobiernos de Gustavo Petro y Donald Trump, el de De la Espriella se perfila para tener a los\u00a0<b>norteamericanos como sus principales aliados<\/b>.<\/p>\n<p>Cuando el entonces candidato colombiano gan\u00f3 las elecciones, Trump lo invit\u00f3 a la\u00a0<a href=\"https:\/\/www.elcolombiano.com\/cronologia\/noticias\/meta\/casa-blanca\" target=\"_blank\" rel=\"noopener noreferrer\">Casa Blanca<\/a>. No obstante, no es claro si este encuentro vaya a darse, ya que\u00a0<b>De la Espriella ha dicho que no saldr\u00e1 del pa\u00eds en sus cuatro a\u00f1os de Gobierno<\/b>.<\/p>\n<h2 class=\"Entretitulo\"><b>Aranceles, ayuda por terremoto y la alianza Escudo de las Am\u00e9ricas<\/b><\/h2>\n<div class=\"paragraph\">\n<p>El presidente ya hab\u00eda tenido una conversaci\u00f3n telef\u00f3nica con Rubio el pasado\u00a0<b>18 de agosto<\/b>, en la que le reiter\u00f3 su solicitud para que Estados Unidos\u00a0<b>suspenda temporalmente los aranceles<\/b>\u00a0que afectan a los productos colombianos.<\/p>\n<p>Seg\u00fan explic\u00f3 el mandatario, en un mensaje publicado en X, durante la conversaci\u00f3n abord\u00f3 el tr\u00e1mite necesario para avanzar en la\u00a0<b>suspensi\u00f3n de las medidas arancelarias<\/b>\u00a0y asegur\u00f3 que existe disposici\u00f3n del Gobierno estadounidense para estudiar la petici\u00f3n.<\/p>\n<p>\u201cTuve una muy fruct\u00edfera conversaci\u00f3n telef\u00f3nica con el secretario de Estado de los Estados Unidos,\u00a0<b>Marco Rubio<\/b>. Le reiter\u00e9 mi solicitud para que sean suspendidos temporalmente los aranceles que afectan a los productos colombianos\u201d, se\u00f1al\u00f3 entonces\u00a0<b><a href=\"https:\/\/www.elcolombiano.com\/cronologia\/noticias\/meta\/abelardo-de-la-espriella\" target=\"_blank\" rel=\"noopener noreferrer\">De la Espriella<\/a><\/b>. Tambi\u00e9n hablaron de\u00a0<b>gestionar ayudas para el pa\u00eds tras el terremoto del 10 de agosto.<\/b><\/p>\n<p>Adicionalmente, Rubio ya se hab\u00eda reunido en persona con el vicepresidente\u00a0<b>Jos\u00e9 Manuel Restrepo<\/b>\u00a0en Washington D. C. a mediados de julio.<\/p>\n<p>En esa conversaci\u00f3n, se abordaron temas como la idea de que Colombia entre formalmente al\u00a0<b><a href=\"https:\/\/www.elcolombiano.com\/cronologia\/noticias\/meta\/escudo-de-las-americas\" target=\"_blank\" rel=\"noopener noreferrer\">Escudo de las Am\u00e9ricas<\/a><\/b>\u00a0para fortalecer la cooperaci\u00f3n en\u00a0<b>seguridad, la erradicaci\u00f3n de cultivos il\u00edcitos, la recuperaci\u00f3n del orden y el fortalecimiento de las Fuerzas Militares<\/b>, \u201csiempre con absoluto respeto por la soberan\u00eda nacional\u201d, seg\u00fan dijo Restrepo.<\/p>\n<p>El encuentro a puerta cerrada fue calificado por el equipo del presidente como uno de los m\u00e1s importantes para antes de su posesi\u00f3n, que fue el\u00a0<b>7 de agosto<\/b>.<\/p>\n<p>&nbsp;<\/p>\n<\/div>\n<div class=\"pvc_clear\"><\/div>\n<p id=\"pvc_stats_42075\" class=\"pvc_stats all  \" data-element-id=\"42075\" style=\"\"><i class=\"pvc-stats-icon large\" aria-hidden=\"true\"><svg xmlns=\"http:\/\/www.w3.org\/2000\/svg\" version=\"1.0\" viewBox=\"0 0 502 315\" preserveAspectRatio=\"xMidYMid meet\"><g transform=\"translate(0,332) scale(0.1,-0.1)\" fill=\"\" stroke=\"none\"><path d=\"M2394 3279 l-29 -30 -3 -207 c-2 -182 0 -211 15 -242 39 -76 157 -76 196 0 15 31 17 60 15 243 l-3 209 -33 29 c-26 23 -41 29 -80 29 -41 0 -53 -5 -78 -31z\"\/><path d=\"M3085 3251 c-45 -19 -58 -50 -96 -229 -47 -217 -49 -260 -13 -295 52 -53 146 -42 177 20 16 31 87 366 87 410 0 70 -86 122 -155 94z\"\/><path d=\"M1751 3234 c-13 -9 -29 -31 -37 -50 -12 -29 -10 -49 21 -204 19 -94 39 -189 45 -210 14 -50 54 -80 110 -80 34 0 48 6 76 34 21 21 34 44 34 59 0 14 -18 113 -40 219 -37 178 -43 195 -70 221 -36 32 -101 37 -139 11z\"\/><path d=\"M1163 3073 c-36 -7 -73 -59 -73 -102 0 -56 133 -378 171 -413 34 -32 83 -37 129 -13 70 36 67 87 -16 290 -86 209 -89 214 -129 231 -35 14 -42 15 -82 7z\"\/><path d=\"M3689 3066 c-15 -9 -33 -30 -42 -48 -48 -103 -147 -355 -147 -375 0 -98 131 -148 192 -74 13 15 57 108 97 206 80 196 84 226 37 273 -30 30 -99 39 -137 18z\"\/><path d=\"M583 2784 c-38 -19 -67 -74 -58 -113 9 -42 211 -354 242 -373 16 -10 45 -18 66 -18 51 0 107 52 107 100 0 39 -1 41 -124 234 -80 126 -108 162 -133 173 -41 17 -61 16 -100 -3z\"\/><path d=\"M4250 2784 c-14 -9 -74 -91 -133 -183 -95 -150 -107 -173 -107 -213 0 -55 33 -94 87 -104 67 -13 90 8 211 198 130 202 137 225 78 284 -27 27 -42 34 -72 34 -22 0 -50 -8 -64 -16z\"\/><path d=\"M2275 2693 c-553 -48 -1095 -270 -1585 -649 -135 -104 -459 -423 -483 -476 -23 -49 -22 -139 2 -186 73 -142 361 -457 571 -626 285 -228 642 -407 990 -497 242 -63 336 -73 660 -74 310 0 370 5 595 52 535 111 1045 392 1455 803 122 121 250 273 275 326 19 41 19 137 0 174 -41 79 -309 363 -465 492 -447 370 -946 591 -1479 653 -113 14 -422 18 -536 8z m395 -428 c171 -34 330 -124 456 -258 112 -119 167 -219 211 -378 27 -96 24 -300 -5 -401 -72 -255 -236 -447 -474 -557 -132 -62 -201 -76 -368 -76 -167 0 -236 14 -368 76 -213 98 -373 271 -451 485 -162 444 86 934 547 1084 153 49 292 57 452 25z m909 -232 c222 -123 408 -262 593 -441 76 -74 138 -139 138 -144 0 -16 -233 -242 -330 -319 -155 -123 -309 -223 -461 -299 l-81 -41 32 46 c18 26 49 83 70 128 143 306 141 649 -6 957 -25 52 -61 116 -79 142 l-34 47 45 -20 c26 -10 76 -36 113 -56z m-2057 25 c-40 -58 -105 -190 -130 -263 -110 -324 -59 -707 132 -981 25 -35 42 -64 37 -64 -19 0 -241 119 -326 174 -188 122 -406 314 -532 468 l-58 71 108 103 c185 178 428 349 672 473 66 33 121 60 123 61 2 0 -10 -19 -26 -42z\"\/><path d=\"M2375 1950 c-198 -44 -350 -190 -395 -379 -18 -76 -8 -221 19 -290 114 -284 457 -406 731 -260 98 52 188 154 231 260 27 69 37 214 19 290 -38 163 -166 304 -326 360 -67 23 -215 33 -279 19z\"\/><\/g><\/svg><\/i> <img decoding=\"async\" width=\"16\" height=\"16\" alt=\"Loading\" src=\"https:\/\/esviafm.com\/wp-content\/plugins\/page-views-count\/ajax-loader-2x.gif\" border=0 \/><\/p>\n<div class=\"pvc_clear\"><\/div>\n","protected":false},"excerpt":{"rendered":"<p>El secretario de Estado de EE. UU.,\u00a0Marco Rubio, visitar\u00e1 Colombia la pr\u00f3xima semana. Se trata de la primera visita de un funcionario de peso de la administraci\u00f3n\u00a0Trump\u00a0al pa\u00eds durante el gobierno de\u00a0Abelardo de la Espriella. La informaci\u00f3n, revelada por\u00a0Blu Radio, indica que Rubio visitar\u00eda al presidente en\u00a0Barranquilla\u00a0para hablar de asuntos de la relaci\u00f3n bilateral, entre [&hellip;]<\/p>\n<div class=\"pvc_clear\"><\/div>\n<p id=\"pvc_stats_42075\" class=\"pvc_stats all  \" data-element-id=\"42075\" style=\"\"><i class=\"pvc-stats-icon large\" aria-hidden=\"true\"><svg xmlns=\"http:\/\/www.w3.org\/2000\/svg\" version=\"1.0\" viewBox=\"0 0 502 315\" preserveAspectRatio=\"xMidYMid meet\"><g transform=\"translate(0,332) scale(0.1,-0.1)\" fill=\"\" stroke=\"none\"><path d=\"M2394 3279 l-29 -30 -3 -207 c-2 -182 0 -211 15 -242 39 -76 157 -76 196 0 15 31 17 60 15 243 l-3 209 -33 29 c-26 23 -41 29 -80 29 -41 0 -53 -5 -78 -31z\"\/><path d=\"M3085 3251 c-45 -19 -58 -50 -96 -229 -47 -217 -49 -260 -13 -295 52 -53 146 -42 177 20 16 31 87 366 87 410 0 70 -86 122 -155 94z\"\/><path d=\"M1751 3234 c-13 -9 -29 -31 -37 -50 -12 -29 -10 -49 21 -204 19 -94 39 -189 45 -210 14 -50 54 -80 110 -80 34 0 48 6 76 34 21 21 34 44 34 59 0 14 -18 113 -40 219 -37 178 -43 195 -70 221 -36 32 -101 37 -139 11z\"\/><path d=\"M1163 3073 c-36 -7 -73 -59 -73 -102 0 -56 133 -378 171 -413 34 -32 83 -37 129 -13 70 36 67 87 -16 290 -86 209 -89 214 -129 231 -35 14 -42 15 -82 7z\"\/><path d=\"M3689 3066 c-15 -9 -33 -30 -42 -48 -48 -103 -147 -355 -147 -375 0 -98 131 -148 192 -74 13 15 57 108 97 206 80 196 84 226 37 273 -30 30 -99 39 -137 18z\"\/><path d=\"M583 2784 c-38 -19 -67 -74 -58 -113 9 -42 211 -354 242 -373 16 -10 45 -18 66 -18 51 0 107 52 107 100 0 39 -1 41 -124 234 -80 126 -108 162 -133 173 -41 17 -61 16 -100 -3z\"\/><path d=\"M4250 2784 c-14 -9 -74 -91 -133 -183 -95 -150 -107 -173 -107 -213 0 -55 33 -94 87 -104 67 -13 90 8 211 198 130 202 137 225 78 284 -27 27 -42 34 -72 34 -22 0 -50 -8 -64 -16z\"\/><path d=\"M2275 2693 c-553 -48 -1095 -270 -1585 -649 -135 -104 -459 -423 -483 -476 -23 -49 -22 -139 2 -186 73 -142 361 -457 571 -626 285 -228 642 -407 990 -497 242 -63 336 -73 660 -74 310 0 370 5 595 52 535 111 1045 392 1455 803 122 121 250 273 275 326 19 41 19 137 0 174 -41 79 -309 363 -465 492 -447 370 -946 591 -1479 653 -113 14 -422 18 -536 8z m395 -428 c171 -34 330 -124 456 -258 112 -119 167 -219 211 -378 27 -96 24 -300 -5 -401 -72 -255 -236 -447 -474 -557 -132 -62 -201 -76 -368 -76 -167 0 -236 14 -368 76 -213 98 -373 271 -451 485 -162 444 86 934 547 1084 153 49 292 57 452 25z m909 -232 c222 -123 408 -262 593 -441 76 -74 138 -139 138 -144 0 -16 -233 -242 -330 -319 -155 -123 -309 -223 -461 -299 l-81 -41 32 46 c18 26 49 83 70 128 143 306 141 649 -6 957 -25 52 -61 116 -79 142 l-34 47 45 -20 c26 -10 76 -36 113 -56z m-2057 25 c-40 -58 -105 -190 -130 -263 -110 -324 -59 -707 132 -981 25 -35 42 -64 37 -64 -19 0 -241 119 -326 174 -188 122 -406 314 -532 468 l-58 71 108 103 c185 178 428 349 672 473 66 33 121 60 123 61 2 0 -10 -19 -26 -42z\"\/><path d=\"M2375 1950 c-198 -44 -350 -190 -395 -379 -18 -76 -8 -221 19 -290 114 -284 457 -406 731 -260 98 52 188 154 231 260 27 69 37 214 19 290 -38 163 -166 304 -326 360 -67 23 -215 33 -279 19z\"\/><\/g><\/svg><\/i> <img decoding=\"async\" width=\"16\" height=\"16\" alt=\"Loading\" src=\"https:\/\/esviafm.com\/wp-content\/plugins\/page-views-count\/ajax-loader-2x.gif\" border=0 \/><\/p>\n<div class=\"pvc_clear\"><\/div>\n","protected":false},"author":2,"featured_media":42076,"comment_status":"open","ping_status":"open","sticky":false,"template":"","format":"standard","meta":{"_et_pb_use_builder":"","_et_pb_old_content":"","_et_gb_content_width":"","footnotes":""},"categories":[17],"tags":[],"class_list":["post-42075","post","type-post","status-publish","format-standard","has-post-thumbnail","hentry","category-internacionales"],"a3_pvc":{"activated":true,"total_views":2,"today_views":2},"_links":{"self":[{"href":"https:\/\/esviafm.com\/index.php\/wp-json\/wp\/v2\/posts\/42075","targetHints":{"allow":["GET"]}}],"collection":[{"href":"https:\/\/esviafm.com\/index.php\/wp-json\/wp\/v2\/posts"}],"about":[{"href":"https:\/\/esviafm.com\/index.php\/wp-json\/wp\/v2\/types\/post"}],"author":[{"embeddable":true,"href":"https:\/\/esviafm.com\/index.php\/wp-json\/wp\/v2\/users\/2"}],"replies":[{"embeddable":true,"href":"https:\/\/esviafm.com\/index.php\/wp-json\/wp\/v2\/comments?post=42075"}],"version-history":[{"count":1,"href":"https:\/\/esviafm.com\/index.php\/wp-json\/wp\/v2\/posts\/42075\/revisions"}],"predecessor-version":[{"id":42077,"href":"https:\/\/esviafm.com\/index.php\/wp-json\/wp\/v2\/posts\/42075\/revisions\/42077"}],"wp:featuredmedia":[{"embeddable":true,"href":"https:\/\/esviafm.com\/index.php\/wp-json\/wp\/v2\/media\/42076"}],"wp:attachment":[{"href":"https:\/\/esviafm.com\/index.php\/wp-json\/wp\/v2\/media?parent=42075"}],"wp:term":[{"taxonomy":"category","embeddable":true,"href":"https:\/\/esviafm.com\/index.php\/wp-json\/wp\/v2\/categories?post=42075"},{"taxonomy":"post_tag","embeddable":true,"href":"https:\/\/esviafm.com\/index.php\/wp-json\/wp\/v2\/tags?post=42075"}],"curies":[{"name":"wp","href":"https:\/\/api.w.org\/{rel}","templated":true}]}}