{"id":42072,"date":"2026-09-04T06:34:57","date_gmt":"2026-09-04T11:04:57","guid":{"rendered":"https:\/\/esviafm.com\/?p=42072"},"modified":"2026-09-04T06:34:57","modified_gmt":"2026-09-04T11:04:57","slug":"de-la-espriella-hace-su-primer-cambio-de-gabinete-y-nombra-nueva-ministra-de-educacion","status":"publish","type":"post","link":"https:\/\/esviafm.com\/index.php\/de-la-espriella-hace-su-primer-cambio-de-gabinete-y-nombra-nueva-ministra-de-educacion\/","title":{"rendered":"De la Espriella hace su primer cambio de gabinete y nombra nueva ministra de Educaci\u00f3n"},"content":{"rendered":"<p class=\"wp-block-paragraph\">El presidente de Colombia,\u00a0<a href=\"https:\/\/www.elnacional.com\/2026\/09\/de-la-espriella-acuso-al-gobierno-de-petro-de-intentar-alterar-las-elecciones-junto-a-terroristas\/\" data-type=\"link\" data-id=\"https:\/\/www.elnacional.com\/2026\/09\/de-la-espriella-acuso-al-gobierno-de-petro-de-intentar-alterar-las-elecciones-junto-a-terroristas\/\">Abelardo de la Espriella<\/a>, anunci\u00f3 este mi\u00e9rcoles el primer cambio en su gabinete, tras confirmar la renuncia de la ministra de Educaci\u00f3n,\u00a0<strong>Viviane Morales,<\/strong>\u00a0quien se va del cargo al aducir asuntos familiares.<\/p>\n<p class=\"wp-block-paragraph\">\u00abHoy estoy designando a la doctora\u00a0<strong>Ilva Myriam Hoyos como Ministra de Educaci\u00f3n Nacional<\/strong>. Su talante, fortaleza, honradez y firme defensa de los valores la preceden\u00bb, escribi\u00f3 el mandatario en X al despedir a Morales, quien asumi\u00f3 la cartera de Educaci\u00f3n el pasado<strong>\u00a07 de agosto.<\/strong><\/p>\n<p class=\"wp-block-paragraph\">En su anuncio, el jefe de Estado adjunt\u00f3 la carta de renuncia que Morales le dirigi\u00f3 el pasado lunes 31 de agosto, en la que la saliente ministra argumenta que \u00abuna situaci\u00f3n familiar inesperada\u00bb reclama su presencia y\u00a0<strong>toda su atenci\u00f3n de manera inmediata<\/strong>,<strong>\u00a0sin aportar m\u00e1s detalles.<\/strong><\/p>\n<div class=\"truvid-embed-block\"><\/div>\n<p class=\"wp-block-paragraph\">De la Espriella tambi\u00e9n hizo p\u00fablica la misiva donde le notifica a Morales que acepta su renuncia a partir del pr\u00f3ximo<strong>\u00a0lunes 7 de septiembre<\/strong>, justo un mes despu\u00e9s de su investidura en la que acto seguido posesion\u00f3 a su gabinete ministerial en Cali.<\/p>\n<p class=\"wp-block-paragraph\">\u00abComo Presidente de la Rep\u00fablica, acepto tu dimisi\u00f3n. Lo hago con pesar, pero tambi\u00e9n con el profundo respeto que merece una decisi\u00f3n tomada desde el amor, la responsabilidad y la integridad que siempre te han caracterizado\u00bb, se lee en la carta de De la Espriella a Morales.<\/p>\n<p class=\"wp-block-paragraph\">La saliente jefa de cartera lleg\u00f3 al cargo en medio de fuertes cr\u00edticas por sus\u00a0<strong>convicciones religiosas<\/strong>, lo que encendi\u00f3 las alarmas en el mayor gremio de la educaci\u00f3n en el pa\u00eds, la Federaci\u00f3n Nacional de Educadores (Fecode), que asumi\u00f3 la designaci\u00f3n de Morales como parte de la batalla cultural que prometi\u00f3 De la Espriella en campa\u00f1a.<\/p>\n<p class=\"wp-block-paragraph\">Durante las tres semanas que estuvo en el cargo, Morales enfrent\u00f3 la\u00a0<strong>crisis derivada por el terremoto del pasado 10 de agosto<\/strong>, que dej\u00f3 sin educaci\u00f3n a miles de ni\u00f1os, ni\u00f1as y adolescentes en las zonas m\u00e1s afectadas,\u00a0<strong>con 4.287 centros educativos da\u00f1ados.<\/strong><\/p>\n<p class=\"wp-block-paragraph\">Muchos alumnos siguen a\u00fan por fuera de las aulas y sin poder acceder a clases virtuales, como plante\u00f3 en un primer momento el gobierno, porque estos menores\u00a0<strong>no tienen equipos ni conectividad.<\/strong><\/p>\n<p class=\"wp-block-paragraph\">Morales tambi\u00e9n reabri\u00f3 el debate sobre lo que algunos sectores consideran como \u00abideolog\u00eda de g\u00e9nero\u00bb, al manifestar el pasado 20 de agosto que, en el pa\u00eds hay una\u00a0<strong>campa\u00f1a \u2018woke\u2019 (de car\u00e1cter progresista en defensa de derechos de grupos marginados)<\/strong>\u00a0que ha intentando apoderarse de la ense\u00f1anza, especialmente en el\u00a0<strong>programa de educaci\u00f3n sexual.<\/strong><\/p>\n<p class=\"wp-block-paragraph\">\u00abHa habido una campa\u00f1a \u2018woke\u2019 que ha metido una cantidad de sutiles movimientos para apoderarse de la ense\u00f1anza y de la educaci\u00f3n de los hijos, especialmente en el programa de educaci\u00f3n sexual integral\u00bb, expres\u00f3 entonces Morales a periodistas.<\/p>\n<p class=\"wp-block-paragraph\">En su reemplazo llega al Ministerio de Educaci\u00f3n<strong>\u00a0Ilva Miryam Hoyos<\/strong>, ex procuradora delegada para la familia y la ni\u00f1ez durante la administraci\u00f3n de Alejandro Ord\u00f3\u00f1ez (2009-2016).<\/p>\n<p class=\"wp-block-paragraph\">En ese periodo la Procuradur\u00eda (Ministerio P\u00fablico) enfrent\u00f3 fuertes cr\u00edticas por defender una agenda conservadora que tambi\u00e9n se opon\u00eda a la denominada \u00abideolog\u00eda de g\u00e9nero\u00bb, la interrupci\u00f3n voluntaria del embarazo, el matrimonio y la adopci\u00f3n entre parejas del mismo sexo, entre otros.<\/p>\n<div class=\"pvc_clear\"><\/div>\n<p id=\"pvc_stats_42072\" class=\"pvc_stats all  \" data-element-id=\"42072\" style=\"\"><i class=\"pvc-stats-icon large\" aria-hidden=\"true\"><svg xmlns=\"http:\/\/www.w3.org\/2000\/svg\" version=\"1.0\" viewBox=\"0 0 502 315\" preserveAspectRatio=\"xMidYMid meet\"><g transform=\"translate(0,332) scale(0.1,-0.1)\" fill=\"\" stroke=\"none\"><path d=\"M2394 3279 l-29 -30 -3 -207 c-2 -182 0 -211 15 -242 39 -76 157 -76 196 0 15 31 17 60 15 243 l-3 209 -33 29 c-26 23 -41 29 -80 29 -41 0 -53 -5 -78 -31z\"\/><path d=\"M3085 3251 c-45 -19 -58 -50 -96 -229 -47 -217 -49 -260 -13 -295 52 -53 146 -42 177 20 16 31 87 366 87 410 0 70 -86 122 -155 94z\"\/><path d=\"M1751 3234 c-13 -9 -29 -31 -37 -50 -12 -29 -10 -49 21 -204 19 -94 39 -189 45 -210 14 -50 54 -80 110 -80 34 0 48 6 76 34 21 21 34 44 34 59 0 14 -18 113 -40 219 -37 178 -43 195 -70 221 -36 32 -101 37 -139 11z\"\/><path d=\"M1163 3073 c-36 -7 -73 -59 -73 -102 0 -56 133 -378 171 -413 34 -32 83 -37 129 -13 70 36 67 87 -16 290 -86 209 -89 214 -129 231 -35 14 -42 15 -82 7z\"\/><path d=\"M3689 3066 c-15 -9 -33 -30 -42 -48 -48 -103 -147 -355 -147 -375 0 -98 131 -148 192 -74 13 15 57 108 97 206 80 196 84 226 37 273 -30 30 -99 39 -137 18z\"\/><path d=\"M583 2784 c-38 -19 -67 -74 -58 -113 9 -42 211 -354 242 -373 16 -10 45 -18 66 -18 51 0 107 52 107 100 0 39 -1 41 -124 234 -80 126 -108 162 -133 173 -41 17 -61 16 -100 -3z\"\/><path d=\"M4250 2784 c-14 -9 -74 -91 -133 -183 -95 -150 -107 -173 -107 -213 0 -55 33 -94 87 -104 67 -13 90 8 211 198 130 202 137 225 78 284 -27 27 -42 34 -72 34 -22 0 -50 -8 -64 -16z\"\/><path d=\"M2275 2693 c-553 -48 -1095 -270 -1585 -649 -135 -104 -459 -423 -483 -476 -23 -49 -22 -139 2 -186 73 -142 361 -457 571 -626 285 -228 642 -407 990 -497 242 -63 336 -73 660 -74 310 0 370 5 595 52 535 111 1045 392 1455 803 122 121 250 273 275 326 19 41 19 137 0 174 -41 79 -309 363 -465 492 -447 370 -946 591 -1479 653 -113 14 -422 18 -536 8z m395 -428 c171 -34 330 -124 456 -258 112 -119 167 -219 211 -378 27 -96 24 -300 -5 -401 -72 -255 -236 -447 -474 -557 -132 -62 -201 -76 -368 -76 -167 0 -236 14 -368 76 -213 98 -373 271 -451 485 -162 444 86 934 547 1084 153 49 292 57 452 25z m909 -232 c222 -123 408 -262 593 -441 76 -74 138 -139 138 -144 0 -16 -233 -242 -330 -319 -155 -123 -309 -223 -461 -299 l-81 -41 32 46 c18 26 49 83 70 128 143 306 141 649 -6 957 -25 52 -61 116 -79 142 l-34 47 45 -20 c26 -10 76 -36 113 -56z m-2057 25 c-40 -58 -105 -190 -130 -263 -110 -324 -59 -707 132 -981 25 -35 42 -64 37 -64 -19 0 -241 119 -326 174 -188 122 -406 314 -532 468 l-58 71 108 103 c185 178 428 349 672 473 66 33 121 60 123 61 2 0 -10 -19 -26 -42z\"\/><path d=\"M2375 1950 c-198 -44 -350 -190 -395 -379 -18 -76 -8 -221 19 -290 114 -284 457 -406 731 -260 98 52 188 154 231 260 27 69 37 214 19 290 -38 163 -166 304 -326 360 -67 23 -215 33 -279 19z\"\/><\/g><\/svg><\/i> <img decoding=\"async\" width=\"16\" height=\"16\" alt=\"Loading\" src=\"https:\/\/esviafm.com\/wp-content\/plugins\/page-views-count\/ajax-loader-2x.gif\" border=0 \/><\/p>\n<div class=\"pvc_clear\"><\/div>\n","protected":false},"excerpt":{"rendered":"<p>El presidente de Colombia,\u00a0Abelardo de la Espriella, anunci\u00f3 este mi\u00e9rcoles el primer cambio en su gabinete, tras confirmar la renuncia de la ministra de Educaci\u00f3n,\u00a0Viviane Morales,\u00a0quien se va del cargo al aducir asuntos familiares. \u00abHoy estoy designando a la doctora\u00a0Ilva Myriam Hoyos como Ministra de Educaci\u00f3n Nacional. Su talante, fortaleza, honradez y firme defensa de [&hellip;]<\/p>\n<div class=\"pvc_clear\"><\/div>\n<p id=\"pvc_stats_42072\" class=\"pvc_stats all  \" data-element-id=\"42072\" style=\"\"><i class=\"pvc-stats-icon large\" aria-hidden=\"true\"><svg xmlns=\"http:\/\/www.w3.org\/2000\/svg\" version=\"1.0\" viewBox=\"0 0 502 315\" preserveAspectRatio=\"xMidYMid meet\"><g transform=\"translate(0,332) scale(0.1,-0.1)\" fill=\"\" stroke=\"none\"><path d=\"M2394 3279 l-29 -30 -3 -207 c-2 -182 0 -211 15 -242 39 -76 157 -76 196 0 15 31 17 60 15 243 l-3 209 -33 29 c-26 23 -41 29 -80 29 -41 0 -53 -5 -78 -31z\"\/><path d=\"M3085 3251 c-45 -19 -58 -50 -96 -229 -47 -217 -49 -260 -13 -295 52 -53 146 -42 177 20 16 31 87 366 87 410 0 70 -86 122 -155 94z\"\/><path d=\"M1751 3234 c-13 -9 -29 -31 -37 -50 -12 -29 -10 -49 21 -204 19 -94 39 -189 45 -210 14 -50 54 -80 110 -80 34 0 48 6 76 34 21 21 34 44 34 59 0 14 -18 113 -40 219 -37 178 -43 195 -70 221 -36 32 -101 37 -139 11z\"\/><path d=\"M1163 3073 c-36 -7 -73 -59 -73 -102 0 -56 133 -378 171 -413 34 -32 83 -37 129 -13 70 36 67 87 -16 290 -86 209 -89 214 -129 231 -35 14 -42 15 -82 7z\"\/><path d=\"M3689 3066 c-15 -9 -33 -30 -42 -48 -48 -103 -147 -355 -147 -375 0 -98 131 -148 192 -74 13 15 57 108 97 206 80 196 84 226 37 273 -30 30 -99 39 -137 18z\"\/><path d=\"M583 2784 c-38 -19 -67 -74 -58 -113 9 -42 211 -354 242 -373 16 -10 45 -18 66 -18 51 0 107 52 107 100 0 39 -1 41 -124 234 -80 126 -108 162 -133 173 -41 17 -61 16 -100 -3z\"\/><path d=\"M4250 2784 c-14 -9 -74 -91 -133 -183 -95 -150 -107 -173 -107 -213 0 -55 33 -94 87 -104 67 -13 90 8 211 198 130 202 137 225 78 284 -27 27 -42 34 -72 34 -22 0 -50 -8 -64 -16z\"\/><path d=\"M2275 2693 c-553 -48 -1095 -270 -1585 -649 -135 -104 -459 -423 -483 -476 -23 -49 -22 -139 2 -186 73 -142 361 -457 571 -626 285 -228 642 -407 990 -497 242 -63 336 -73 660 -74 310 0 370 5 595 52 535 111 1045 392 1455 803 122 121 250 273 275 326 19 41 19 137 0 174 -41 79 -309 363 -465 492 -447 370 -946 591 -1479 653 -113 14 -422 18 -536 8z m395 -428 c171 -34 330 -124 456 -258 112 -119 167 -219 211 -378 27 -96 24 -300 -5 -401 -72 -255 -236 -447 -474 -557 -132 -62 -201 -76 -368 -76 -167 0 -236 14 -368 76 -213 98 -373 271 -451 485 -162 444 86 934 547 1084 153 49 292 57 452 25z m909 -232 c222 -123 408 -262 593 -441 76 -74 138 -139 138 -144 0 -16 -233 -242 -330 -319 -155 -123 -309 -223 -461 -299 l-81 -41 32 46 c18 26 49 83 70 128 143 306 141 649 -6 957 -25 52 -61 116 -79 142 l-34 47 45 -20 c26 -10 76 -36 113 -56z m-2057 25 c-40 -58 -105 -190 -130 -263 -110 -324 -59 -707 132 -981 25 -35 42 -64 37 -64 -19 0 -241 119 -326 174 -188 122 -406 314 -532 468 l-58 71 108 103 c185 178 428 349 672 473 66 33 121 60 123 61 2 0 -10 -19 -26 -42z\"\/><path d=\"M2375 1950 c-198 -44 -350 -190 -395 -379 -18 -76 -8 -221 19 -290 114 -284 457 -406 731 -260 98 52 188 154 231 260 27 69 37 214 19 290 -38 163 -166 304 -326 360 -67 23 -215 33 -279 19z\"\/><\/g><\/svg><\/i> <img decoding=\"async\" width=\"16\" height=\"16\" alt=\"Loading\" src=\"https:\/\/esviafm.com\/wp-content\/plugins\/page-views-count\/ajax-loader-2x.gif\" border=0 \/><\/p>\n<div class=\"pvc_clear\"><\/div>\n","protected":false},"author":2,"featured_media":42073,"comment_status":"open","ping_status":"open","sticky":false,"template":"","format":"standard","meta":{"_et_pb_use_builder":"","_et_pb_old_content":"","_et_gb_content_width":"","footnotes":""},"categories":[17],"tags":[],"class_list":["post-42072","post","type-post","status-publish","format-standard","has-post-thumbnail","hentry","category-internacionales"],"a3_pvc":{"activated":true,"total_views":1,"today_views":1},"_links":{"self":[{"href":"https:\/\/esviafm.com\/index.php\/wp-json\/wp\/v2\/posts\/42072","targetHints":{"allow":["GET"]}}],"collection":[{"href":"https:\/\/esviafm.com\/index.php\/wp-json\/wp\/v2\/posts"}],"about":[{"href":"https:\/\/esviafm.com\/index.php\/wp-json\/wp\/v2\/types\/post"}],"author":[{"embeddable":true,"href":"https:\/\/esviafm.com\/index.php\/wp-json\/wp\/v2\/users\/2"}],"replies":[{"embeddable":true,"href":"https:\/\/esviafm.com\/index.php\/wp-json\/wp\/v2\/comments?post=42072"}],"version-history":[{"count":1,"href":"https:\/\/esviafm.com\/index.php\/wp-json\/wp\/v2\/posts\/42072\/revisions"}],"predecessor-version":[{"id":42074,"href":"https:\/\/esviafm.com\/index.php\/wp-json\/wp\/v2\/posts\/42072\/revisions\/42074"}],"wp:featuredmedia":[{"embeddable":true,"href":"https:\/\/esviafm.com\/index.php\/wp-json\/wp\/v2\/media\/42073"}],"wp:attachment":[{"href":"https:\/\/esviafm.com\/index.php\/wp-json\/wp\/v2\/media?parent=42072"}],"wp:term":[{"taxonomy":"category","embeddable":true,"href":"https:\/\/esviafm.com\/index.php\/wp-json\/wp\/v2\/categories?post=42072"},{"taxonomy":"post_tag","embeddable":true,"href":"https:\/\/esviafm.com\/index.php\/wp-json\/wp\/v2\/tags?post=42072"}],"curies":[{"name":"wp","href":"https:\/\/api.w.org\/{rel}","templated":true}]}}