{"id":41992,"date":"2026-09-03T06:30:59","date_gmt":"2026-09-03T11:00:59","guid":{"rendered":"https:\/\/esviafm.com\/?p=41992"},"modified":"2026-09-03T06:30:59","modified_gmt":"2026-09-03T11:00:59","slug":"cidh-otorga-medidas-cautelares-a-cinco-presos-politicos-en-carcel-de-el-rodeo-i","status":"publish","type":"post","link":"https:\/\/esviafm.com\/index.php\/cidh-otorga-medidas-cautelares-a-cinco-presos-politicos-en-carcel-de-el-rodeo-i\/","title":{"rendered":"CIDH otorga medidas cautelares a cinco presos pol\u00edticos en c\u00e1rcel de El Rodeo I"},"content":{"rendered":"<p>La Comisi\u00f3n Interamericana de Derechos Humanos (CIDH) otorg\u00f3 medidas cautelares en beneficio de Wilder Anderson V\u00e1squez Vel\u00e1squez, Maurimal Carolina Sol\u00f3rzano Armas, Freddy Manuel Alvarado Castillo, Pedro Rolando Maldonado Mar\u00edn y Felipe Santiago Contreras Caldera, tras considerar que se encuentran en una situaci\u00f3n de gravedad y urgencia, toda vez que sus derechos a la vida, integridad personal y salud est\u00e1n en riesgo de da\u00f1o irreparable en Venezuela.<\/p>\n<p>La\u00a0<strong><a title=\"\" href=\"https:\/\/www.oas.org\/es\/CIDH\/jsForm\/?File=\/es\/cidh\/prensa\/comunicados\/2026\/182.asp&amp;utm_content=country-ven&amp;utm_term=class-mc\" target=\"_blank\" rel=\"noopener\"><mark class=\"has-inline-color has-luminous-vivid-amber-color\">resoluci\u00f3n<\/mark><\/a><\/strong>\u00a0que favorece a las cinco personas presas en Venezuela fue adoptada el pasado 26 de agosto y dada a conocer este 1 de septiembre. Los cinco detenidos se encuentran en la c\u00e1rcel de El Rodeo I, ubicada en el estado Miranda.<\/p>\n<p>Seg\u00fan las solicitudes, las personas beneficiarias permanecen en condiciones inadecuadas de detenci\u00f3n, con restricciones para el contacto con sus familiares y abogados defensores, y sin acceso a atenci\u00f3n m\u00e9dica oportuna para sus problemas de salud f\u00edsicos y psicol\u00f3gicos, pese a las gestiones realizadas a nivel interno.<\/p>\n<p>La CIDH inform\u00f3 que no recibi\u00f3 informaci\u00f3n sobre estos casos por parte del Estado venezolano y con base al art\u00edculo 25 de su Reglamento, solicit\u00f3 a Venezuela que adopte las medidas necesarias para proteger los derechos a la vida, integridad personal y salud de las personas beneficiarias.<\/p>\n<p>De igual manera, inst\u00f3 a las autoridades a facilitar la comunicaci\u00f3n regular de las personas beneficiadas con sus familiares y abogados.<\/p>\n<p class=\"has-medium-font-size\"><strong>Los beneficiarios<\/strong><\/p>\n<p>Wilder Anderson V\u00e1squez Vel\u00e1squez. Es activista y fundador del Movimiento Uni\u00f3n Social, tiene 32 a\u00f1os. Lo vinculan al denominado \u201cCaso Drones\u201d. En 2022, seg\u00fan la informaci\u00f3n aportada por los solicitantes a la CIDH, fue condenado a cinco a\u00f1os de prisi\u00f3n por encubrimiento en el delito de terrorismo. Argumentan que ya cumpli\u00f3 su sentencia, pero no han tenido acceso a la boleta de excarcelaci\u00f3n.<\/p>\n<p>Maurimal Carolina Sol\u00f3rzano Armas, de 25 a\u00f1os, y Freddy Manuel Alvarado Castillo, de 24 a\u00f1os. Los dos estudiantes fueron apresados en junio de 2025 en el Puesto de Atenci\u00f3n Ciudadana de Peracal, estado T\u00e1chira. Durante m\u00e1s de cuatro meses permanecieron en \u201cdesaparici\u00f3n forzada\u201d\u00a0 bajo custodia de funcionarios de la Direcci\u00f3n General de Contrainteligencia Militar (Dgcim).\u00a0 Est\u00e1n acusados de delitos de terrorismo, asociaci\u00f3n para delinquir y obstrucci\u00f3n a la justicia.<\/p>\n<p>Pedro Rolando Maldonado Mar\u00edn. Tiene 48 a\u00f1os y se desempe\u00f1\u00f3 como presidente ejecutivo de la Corporaci\u00f3n Venezolana de Guayana. El 30 de marzo de 2023 se encontraba en la sede de la empresa en Puerto Ordaz y fue arrestado junto con ocho compa\u00f1eros de trabajo, sin orden judicial. En septiembre de 2025 fue imputado por los delitos de traici\u00f3n a la patria, legitimaci\u00f3n de capitales, apropiaci\u00f3n o distribuci\u00f3n del patrimonio p\u00fablico, evasi\u00f3n de procedimientos, controles o restricciones en licitaci\u00f3n, concierto para la celebraci\u00f3n de contratos y asociaci\u00f3n para delinquir.<\/p>\n<p>Felipe Santiago Contreras Caldera. Tiene 51 a\u00f1os, es abogado y fue vicepresidente del Sector de Hierro y Acero de la Corporaci\u00f3n Venezolana de Guayana entre 2018 y 2023. Fue detenido el 30 de marzo de 2023 en las instalaciones de la estatal, en el estado Bol\u00edvar. Se le imputan los delitos de traici\u00f3n a la patria, apropiaci\u00f3n o distracci\u00f3n del patrimonio p\u00fablico, evasi\u00f3n de procedimientos, controles o restricciones en licitaciones, concierto para la celebraci\u00f3n de contratos, legitimaci\u00f3n de capitales y asociaci\u00f3n.<\/p>\n<div class=\"pvc_clear\"><\/div>\n<p id=\"pvc_stats_41992\" class=\"pvc_stats all  \" data-element-id=\"41992\" style=\"\"><i class=\"pvc-stats-icon large\" aria-hidden=\"true\"><svg xmlns=\"http:\/\/www.w3.org\/2000\/svg\" version=\"1.0\" viewBox=\"0 0 502 315\" preserveAspectRatio=\"xMidYMid meet\"><g transform=\"translate(0,332) scale(0.1,-0.1)\" fill=\"\" stroke=\"none\"><path d=\"M2394 3279 l-29 -30 -3 -207 c-2 -182 0 -211 15 -242 39 -76 157 -76 196 0 15 31 17 60 15 243 l-3 209 -33 29 c-26 23 -41 29 -80 29 -41 0 -53 -5 -78 -31z\"\/><path d=\"M3085 3251 c-45 -19 -58 -50 -96 -229 -47 -217 -49 -260 -13 -295 52 -53 146 -42 177 20 16 31 87 366 87 410 0 70 -86 122 -155 94z\"\/><path d=\"M1751 3234 c-13 -9 -29 -31 -37 -50 -12 -29 -10 -49 21 -204 19 -94 39 -189 45 -210 14 -50 54 -80 110 -80 34 0 48 6 76 34 21 21 34 44 34 59 0 14 -18 113 -40 219 -37 178 -43 195 -70 221 -36 32 -101 37 -139 11z\"\/><path d=\"M1163 3073 c-36 -7 -73 -59 -73 -102 0 -56 133 -378 171 -413 34 -32 83 -37 129 -13 70 36 67 87 -16 290 -86 209 -89 214 -129 231 -35 14 -42 15 -82 7z\"\/><path d=\"M3689 3066 c-15 -9 -33 -30 -42 -48 -48 -103 -147 -355 -147 -375 0 -98 131 -148 192 -74 13 15 57 108 97 206 80 196 84 226 37 273 -30 30 -99 39 -137 18z\"\/><path d=\"M583 2784 c-38 -19 -67 -74 -58 -113 9 -42 211 -354 242 -373 16 -10 45 -18 66 -18 51 0 107 52 107 100 0 39 -1 41 -124 234 -80 126 -108 162 -133 173 -41 17 -61 16 -100 -3z\"\/><path d=\"M4250 2784 c-14 -9 -74 -91 -133 -183 -95 -150 -107 -173 -107 -213 0 -55 33 -94 87 -104 67 -13 90 8 211 198 130 202 137 225 78 284 -27 27 -42 34 -72 34 -22 0 -50 -8 -64 -16z\"\/><path d=\"M2275 2693 c-553 -48 -1095 -270 -1585 -649 -135 -104 -459 -423 -483 -476 -23 -49 -22 -139 2 -186 73 -142 361 -457 571 -626 285 -228 642 -407 990 -497 242 -63 336 -73 660 -74 310 0 370 5 595 52 535 111 1045 392 1455 803 122 121 250 273 275 326 19 41 19 137 0 174 -41 79 -309 363 -465 492 -447 370 -946 591 -1479 653 -113 14 -422 18 -536 8z m395 -428 c171 -34 330 -124 456 -258 112 -119 167 -219 211 -378 27 -96 24 -300 -5 -401 -72 -255 -236 -447 -474 -557 -132 -62 -201 -76 -368 -76 -167 0 -236 14 -368 76 -213 98 -373 271 -451 485 -162 444 86 934 547 1084 153 49 292 57 452 25z m909 -232 c222 -123 408 -262 593 -441 76 -74 138 -139 138 -144 0 -16 -233 -242 -330 -319 -155 -123 -309 -223 -461 -299 l-81 -41 32 46 c18 26 49 83 70 128 143 306 141 649 -6 957 -25 52 -61 116 -79 142 l-34 47 45 -20 c26 -10 76 -36 113 -56z m-2057 25 c-40 -58 -105 -190 -130 -263 -110 -324 -59 -707 132 -981 25 -35 42 -64 37 -64 -19 0 -241 119 -326 174 -188 122 -406 314 -532 468 l-58 71 108 103 c185 178 428 349 672 473 66 33 121 60 123 61 2 0 -10 -19 -26 -42z\"\/><path d=\"M2375 1950 c-198 -44 -350 -190 -395 -379 -18 -76 -8 -221 19 -290 114 -284 457 -406 731 -260 98 52 188 154 231 260 27 69 37 214 19 290 -38 163 -166 304 -326 360 -67 23 -215 33 -279 19z\"\/><\/g><\/svg><\/i> <img decoding=\"async\" width=\"16\" height=\"16\" alt=\"Loading\" src=\"https:\/\/esviafm.com\/wp-content\/plugins\/page-views-count\/ajax-loader-2x.gif\" border=0 \/><\/p>\n<div class=\"pvc_clear\"><\/div>\n","protected":false},"excerpt":{"rendered":"<p>La Comisi\u00f3n Interamericana de Derechos Humanos (CIDH) otorg\u00f3 medidas cautelares en beneficio de Wilder Anderson V\u00e1squez Vel\u00e1squez, Maurimal Carolina Sol\u00f3rzano Armas, Freddy Manuel Alvarado Castillo, Pedro Rolando Maldonado Mar\u00edn y Felipe Santiago Contreras Caldera, tras considerar que se encuentran en una situaci\u00f3n de gravedad y urgencia, toda vez que sus derechos a la vida, integridad [&hellip;]<\/p>\n<div class=\"pvc_clear\"><\/div>\n<p id=\"pvc_stats_41992\" class=\"pvc_stats all  \" data-element-id=\"41992\" style=\"\"><i class=\"pvc-stats-icon large\" aria-hidden=\"true\"><svg xmlns=\"http:\/\/www.w3.org\/2000\/svg\" version=\"1.0\" viewBox=\"0 0 502 315\" preserveAspectRatio=\"xMidYMid meet\"><g transform=\"translate(0,332) scale(0.1,-0.1)\" fill=\"\" stroke=\"none\"><path d=\"M2394 3279 l-29 -30 -3 -207 c-2 -182 0 -211 15 -242 39 -76 157 -76 196 0 15 31 17 60 15 243 l-3 209 -33 29 c-26 23 -41 29 -80 29 -41 0 -53 -5 -78 -31z\"\/><path d=\"M3085 3251 c-45 -19 -58 -50 -96 -229 -47 -217 -49 -260 -13 -295 52 -53 146 -42 177 20 16 31 87 366 87 410 0 70 -86 122 -155 94z\"\/><path d=\"M1751 3234 c-13 -9 -29 -31 -37 -50 -12 -29 -10 -49 21 -204 19 -94 39 -189 45 -210 14 -50 54 -80 110 -80 34 0 48 6 76 34 21 21 34 44 34 59 0 14 -18 113 -40 219 -37 178 -43 195 -70 221 -36 32 -101 37 -139 11z\"\/><path d=\"M1163 3073 c-36 -7 -73 -59 -73 -102 0 -56 133 -378 171 -413 34 -32 83 -37 129 -13 70 36 67 87 -16 290 -86 209 -89 214 -129 231 -35 14 -42 15 -82 7z\"\/><path d=\"M3689 3066 c-15 -9 -33 -30 -42 -48 -48 -103 -147 -355 -147 -375 0 -98 131 -148 192 -74 13 15 57 108 97 206 80 196 84 226 37 273 -30 30 -99 39 -137 18z\"\/><path d=\"M583 2784 c-38 -19 -67 -74 -58 -113 9 -42 211 -354 242 -373 16 -10 45 -18 66 -18 51 0 107 52 107 100 0 39 -1 41 -124 234 -80 126 -108 162 -133 173 -41 17 -61 16 -100 -3z\"\/><path d=\"M4250 2784 c-14 -9 -74 -91 -133 -183 -95 -150 -107 -173 -107 -213 0 -55 33 -94 87 -104 67 -13 90 8 211 198 130 202 137 225 78 284 -27 27 -42 34 -72 34 -22 0 -50 -8 -64 -16z\"\/><path d=\"M2275 2693 c-553 -48 -1095 -270 -1585 -649 -135 -104 -459 -423 -483 -476 -23 -49 -22 -139 2 -186 73 -142 361 -457 571 -626 285 -228 642 -407 990 -497 242 -63 336 -73 660 -74 310 0 370 5 595 52 535 111 1045 392 1455 803 122 121 250 273 275 326 19 41 19 137 0 174 -41 79 -309 363 -465 492 -447 370 -946 591 -1479 653 -113 14 -422 18 -536 8z m395 -428 c171 -34 330 -124 456 -258 112 -119 167 -219 211 -378 27 -96 24 -300 -5 -401 -72 -255 -236 -447 -474 -557 -132 -62 -201 -76 -368 -76 -167 0 -236 14 -368 76 -213 98 -373 271 -451 485 -162 444 86 934 547 1084 153 49 292 57 452 25z m909 -232 c222 -123 408 -262 593 -441 76 -74 138 -139 138 -144 0 -16 -233 -242 -330 -319 -155 -123 -309 -223 -461 -299 l-81 -41 32 46 c18 26 49 83 70 128 143 306 141 649 -6 957 -25 52 -61 116 -79 142 l-34 47 45 -20 c26 -10 76 -36 113 -56z m-2057 25 c-40 -58 -105 -190 -130 -263 -110 -324 -59 -707 132 -981 25 -35 42 -64 37 -64 -19 0 -241 119 -326 174 -188 122 -406 314 -532 468 l-58 71 108 103 c185 178 428 349 672 473 66 33 121 60 123 61 2 0 -10 -19 -26 -42z\"\/><path d=\"M2375 1950 c-198 -44 -350 -190 -395 -379 -18 -76 -8 -221 19 -290 114 -284 457 -406 731 -260 98 52 188 154 231 260 27 69 37 214 19 290 -38 163 -166 304 -326 360 -67 23 -215 33 -279 19z\"\/><\/g><\/svg><\/i> <img decoding=\"async\" width=\"16\" height=\"16\" alt=\"Loading\" src=\"https:\/\/esviafm.com\/wp-content\/plugins\/page-views-count\/ajax-loader-2x.gif\" border=0 \/><\/p>\n<div class=\"pvc_clear\"><\/div>\n","protected":false},"author":2,"featured_media":41993,"comment_status":"open","ping_status":"open","sticky":false,"template":"","format":"standard","meta":{"_et_pb_use_builder":"","_et_pb_old_content":"","_et_gb_content_width":"","footnotes":""},"categories":[25],"tags":[],"class_list":["post-41992","post","type-post","status-publish","format-standard","has-post-thumbnail","hentry","category-nacionales"],"a3_pvc":{"activated":true,"total_views":1,"today_views":1},"_links":{"self":[{"href":"https:\/\/esviafm.com\/index.php\/wp-json\/wp\/v2\/posts\/41992","targetHints":{"allow":["GET"]}}],"collection":[{"href":"https:\/\/esviafm.com\/index.php\/wp-json\/wp\/v2\/posts"}],"about":[{"href":"https:\/\/esviafm.com\/index.php\/wp-json\/wp\/v2\/types\/post"}],"author":[{"embeddable":true,"href":"https:\/\/esviafm.com\/index.php\/wp-json\/wp\/v2\/users\/2"}],"replies":[{"embeddable":true,"href":"https:\/\/esviafm.com\/index.php\/wp-json\/wp\/v2\/comments?post=41992"}],"version-history":[{"count":1,"href":"https:\/\/esviafm.com\/index.php\/wp-json\/wp\/v2\/posts\/41992\/revisions"}],"predecessor-version":[{"id":41994,"href":"https:\/\/esviafm.com\/index.php\/wp-json\/wp\/v2\/posts\/41992\/revisions\/41994"}],"wp:featuredmedia":[{"embeddable":true,"href":"https:\/\/esviafm.com\/index.php\/wp-json\/wp\/v2\/media\/41993"}],"wp:attachment":[{"href":"https:\/\/esviafm.com\/index.php\/wp-json\/wp\/v2\/media?parent=41992"}],"wp:term":[{"taxonomy":"category","embeddable":true,"href":"https:\/\/esviafm.com\/index.php\/wp-json\/wp\/v2\/categories?post=41992"},{"taxonomy":"post_tag","embeddable":true,"href":"https:\/\/esviafm.com\/index.php\/wp-json\/wp\/v2\/tags?post=41992"}],"curies":[{"name":"wp","href":"https:\/\/api.w.org\/{rel}","templated":true}]}}