{"id":41915,"date":"2026-09-02T06:24:17","date_gmt":"2026-09-02T10:54:17","guid":{"rendered":"https:\/\/esviafm.com\/?p=41915"},"modified":"2026-09-02T06:24:17","modified_gmt":"2026-09-02T10:54:17","slug":"ministerio-de-educacion-reubicara-a-estudiantes-de-escuelas-afectadas-para-garantizar-regreso-a-clases","status":"publish","type":"post","link":"https:\/\/esviafm.com\/index.php\/ministerio-de-educacion-reubicara-a-estudiantes-de-escuelas-afectadas-para-garantizar-regreso-a-clases\/","title":{"rendered":"Ministerio de Educaci\u00f3n reubicar\u00e1 a estudiantes de escuelas afectadas para garantizar regreso a clases"},"content":{"rendered":"<p class=\"wp-block-paragraph\">El Ministerio de Educaci\u00f3n prev\u00e9\u00a0<strong>reubicar a los estudiantes de los centros educativos que presentan da\u00f1os estructurales<\/strong>\u00a0para garantizar el regreso a clases previsto para el pr\u00f3ximo\u00a0<strong>14 de septiembre<\/strong>, inform\u00f3 el ministro H\u00e9ctor Rodr\u00edguez.<\/p>\n<p class=\"wp-block-paragraph\">La medida forma parte de las acciones implementadas tras los terremotos del pasado 24 de junio, que afectaron distintas infraestructuras educativas y obligaron a habilitar escuelas como espacios de alojamiento temporal para las familias damnificadas.<\/p>\n<h2 class=\"wp-block-heading\">55 escuelas contin\u00faan funcionando como refugios<\/h2>\n<p class=\"wp-block-paragraph\">Rodr\u00edguez explic\u00f3 que uno de los principales objetivos antes del inicio del nuevo per\u00edodo escolar es despejar las\u00a0<strong>67 escuelas que fueron utilizadas como refugios temporales<\/strong>\u00a0luego de los eventos s\u00edsmicos.<\/p>\n<p class=\"wp-block-paragraph\">De acuerdo con el ministro,\u00a0<strong>55 de estos centros educativos todav\u00eda permanecen activos como refugios<\/strong>, por lo que los equipos desplegados deber\u00e1n avanzar en el proceso de reubicaci\u00f3n de las familias para devolver las instalaciones a su funci\u00f3n educativa.<\/p>\n<blockquote class=\"wp-block-quote td_pull_quote td_pull_center is-layout-flow wp-block-quote-is-layout-flow\">\n<p class=\"has-black-color has-text-color has-link-color wp-elements-1 wp-block-paragraph\">\u201cPara el 14 de septiembre, que vamos a empezar clases, todos los ni\u00f1os de Venezuela van a estar rezonificados\u201d, asegur\u00f3 Rodr\u00edguez al referirse al proceso de reorganizaci\u00f3n de la poblaci\u00f3n estudiantil.<\/p>\n<\/blockquote>\n<p class=\"wp-block-paragraph\">La medida busca evitar que los da\u00f1os estructurales o la ocupaci\u00f3n temporal de los planteles impidan que los estudiantes retomen sus actividades acad\u00e9micas en la fecha establecida.<\/p>\n<h2 class=\"wp-block-heading\">Gobierno trabaja en la reubicaci\u00f3n de estudiantes<\/h2>\n<p class=\"wp-block-paragraph\">El ministro indic\u00f3 que equipos gubernamentales se mantienen desplegados en distintas regiones del pa\u00eds para avanzar en la planificaci\u00f3n del retorno a las aulas.<\/p>\n<p class=\"wp-block-paragraph\">La reubicaci\u00f3n permitir\u00e1 asignar a los<strong>\u00a0estudiantes afectados por las condiciones de sus escuelas\u00a0<\/strong>a otros centros educativos, mientras se determina la situaci\u00f3n de las infraestructuras que resultaron afectadas por los terremotos.<\/p>\n<p class=\"wp-block-paragraph\">El proceso deber\u00e1 contemplar tanto a los alumnos cuyos planteles presentan da\u00f1os como a aquellos pertenecientes a escuelas que todav\u00eda son utilizadas para atender temporalmente a personas damnificadas.<\/p>\n<h2 class=\"wp-block-heading\">El objetivo es iniciar clases el 14 de septiembre<\/h2>\n<p class=\"wp-block-paragraph\">El Ministerio de Educaci\u00f3n mantiene como fecha prevista para el retorno a las actividades acad\u00e9micas el\u00a0<strong>14 de septiembre<\/strong>. Para ello, las autoridades esperan completar antes de esa fecha la rezonificaci\u00f3n de los estudiantes y el despeje de los centros utilizados como refugios.<\/p>\n<p class=\"wp-block-paragraph\">La recuperaci\u00f3n de los\u00a0<strong>espacios educativos<\/strong>\u00a0se desarrolla en paralelo con las labores de atenci\u00f3n a las familias afectadas por los eventos s\u00edsmicos.<\/p>\n<p class=\"wp-block-paragraph\">Rodr\u00edguez asegur\u00f3 que los equipos gubernamentales trabajan para garantizar que la poblaci\u00f3n estudiantil pueda comenzar el nuevo per\u00edodo escolar con normalidad.<\/p>\n<p class=\"wp-block-paragraph\">La reubicaci\u00f3n de los alumnos y la recuperaci\u00f3n de las escuelas utilizadas como refugios ser\u00e1n, por tanto, dos de las principales tareas antes del regreso a clases, mientras contin\u00faan las acciones de atenci\u00f3n a las comunidades afectadas por los terremotos del 24 de junio.<\/p>\n<div class=\"pvc_clear\"><\/div>\n<p id=\"pvc_stats_41915\" class=\"pvc_stats all  \" data-element-id=\"41915\" style=\"\"><i class=\"pvc-stats-icon large\" aria-hidden=\"true\"><svg xmlns=\"http:\/\/www.w3.org\/2000\/svg\" version=\"1.0\" viewBox=\"0 0 502 315\" preserveAspectRatio=\"xMidYMid meet\"><g transform=\"translate(0,332) scale(0.1,-0.1)\" fill=\"\" stroke=\"none\"><path d=\"M2394 3279 l-29 -30 -3 -207 c-2 -182 0 -211 15 -242 39 -76 157 -76 196 0 15 31 17 60 15 243 l-3 209 -33 29 c-26 23 -41 29 -80 29 -41 0 -53 -5 -78 -31z\"\/><path d=\"M3085 3251 c-45 -19 -58 -50 -96 -229 -47 -217 -49 -260 -13 -295 52 -53 146 -42 177 20 16 31 87 366 87 410 0 70 -86 122 -155 94z\"\/><path d=\"M1751 3234 c-13 -9 -29 -31 -37 -50 -12 -29 -10 -49 21 -204 19 -94 39 -189 45 -210 14 -50 54 -80 110 -80 34 0 48 6 76 34 21 21 34 44 34 59 0 14 -18 113 -40 219 -37 178 -43 195 -70 221 -36 32 -101 37 -139 11z\"\/><path d=\"M1163 3073 c-36 -7 -73 -59 -73 -102 0 -56 133 -378 171 -413 34 -32 83 -37 129 -13 70 36 67 87 -16 290 -86 209 -89 214 -129 231 -35 14 -42 15 -82 7z\"\/><path d=\"M3689 3066 c-15 -9 -33 -30 -42 -48 -48 -103 -147 -355 -147 -375 0 -98 131 -148 192 -74 13 15 57 108 97 206 80 196 84 226 37 273 -30 30 -99 39 -137 18z\"\/><path d=\"M583 2784 c-38 -19 -67 -74 -58 -113 9 -42 211 -354 242 -373 16 -10 45 -18 66 -18 51 0 107 52 107 100 0 39 -1 41 -124 234 -80 126 -108 162 -133 173 -41 17 -61 16 -100 -3z\"\/><path d=\"M4250 2784 c-14 -9 -74 -91 -133 -183 -95 -150 -107 -173 -107 -213 0 -55 33 -94 87 -104 67 -13 90 8 211 198 130 202 137 225 78 284 -27 27 -42 34 -72 34 -22 0 -50 -8 -64 -16z\"\/><path d=\"M2275 2693 c-553 -48 -1095 -270 -1585 -649 -135 -104 -459 -423 -483 -476 -23 -49 -22 -139 2 -186 73 -142 361 -457 571 -626 285 -228 642 -407 990 -497 242 -63 336 -73 660 -74 310 0 370 5 595 52 535 111 1045 392 1455 803 122 121 250 273 275 326 19 41 19 137 0 174 -41 79 -309 363 -465 492 -447 370 -946 591 -1479 653 -113 14 -422 18 -536 8z m395 -428 c171 -34 330 -124 456 -258 112 -119 167 -219 211 -378 27 -96 24 -300 -5 -401 -72 -255 -236 -447 -474 -557 -132 -62 -201 -76 -368 -76 -167 0 -236 14 -368 76 -213 98 -373 271 -451 485 -162 444 86 934 547 1084 153 49 292 57 452 25z m909 -232 c222 -123 408 -262 593 -441 76 -74 138 -139 138 -144 0 -16 -233 -242 -330 -319 -155 -123 -309 -223 -461 -299 l-81 -41 32 46 c18 26 49 83 70 128 143 306 141 649 -6 957 -25 52 -61 116 -79 142 l-34 47 45 -20 c26 -10 76 -36 113 -56z m-2057 25 c-40 -58 -105 -190 -130 -263 -110 -324 -59 -707 132 -981 25 -35 42 -64 37 -64 -19 0 -241 119 -326 174 -188 122 -406 314 -532 468 l-58 71 108 103 c185 178 428 349 672 473 66 33 121 60 123 61 2 0 -10 -19 -26 -42z\"\/><path d=\"M2375 1950 c-198 -44 -350 -190 -395 -379 -18 -76 -8 -221 19 -290 114 -284 457 -406 731 -260 98 52 188 154 231 260 27 69 37 214 19 290 -38 163 -166 304 -326 360 -67 23 -215 33 -279 19z\"\/><\/g><\/svg><\/i> <img decoding=\"async\" width=\"16\" height=\"16\" alt=\"Loading\" src=\"https:\/\/esviafm.com\/wp-content\/plugins\/page-views-count\/ajax-loader-2x.gif\" border=0 \/><\/p>\n<div class=\"pvc_clear\"><\/div>\n","protected":false},"excerpt":{"rendered":"<p>El Ministerio de Educaci\u00f3n prev\u00e9\u00a0reubicar a los estudiantes de los centros educativos que presentan da\u00f1os estructurales\u00a0para garantizar el regreso a clases previsto para el pr\u00f3ximo\u00a014 de septiembre, inform\u00f3 el ministro H\u00e9ctor Rodr\u00edguez. La medida forma parte de las acciones implementadas tras los terremotos del pasado 24 de junio, que afectaron distintas infraestructuras educativas y obligaron [&hellip;]<\/p>\n<div class=\"pvc_clear\"><\/div>\n<p id=\"pvc_stats_41915\" class=\"pvc_stats all  \" data-element-id=\"41915\" style=\"\"><i class=\"pvc-stats-icon large\" aria-hidden=\"true\"><svg xmlns=\"http:\/\/www.w3.org\/2000\/svg\" version=\"1.0\" viewBox=\"0 0 502 315\" preserveAspectRatio=\"xMidYMid meet\"><g transform=\"translate(0,332) scale(0.1,-0.1)\" fill=\"\" stroke=\"none\"><path d=\"M2394 3279 l-29 -30 -3 -207 c-2 -182 0 -211 15 -242 39 -76 157 -76 196 0 15 31 17 60 15 243 l-3 209 -33 29 c-26 23 -41 29 -80 29 -41 0 -53 -5 -78 -31z\"\/><path d=\"M3085 3251 c-45 -19 -58 -50 -96 -229 -47 -217 -49 -260 -13 -295 52 -53 146 -42 177 20 16 31 87 366 87 410 0 70 -86 122 -155 94z\"\/><path d=\"M1751 3234 c-13 -9 -29 -31 -37 -50 -12 -29 -10 -49 21 -204 19 -94 39 -189 45 -210 14 -50 54 -80 110 -80 34 0 48 6 76 34 21 21 34 44 34 59 0 14 -18 113 -40 219 -37 178 -43 195 -70 221 -36 32 -101 37 -139 11z\"\/><path d=\"M1163 3073 c-36 -7 -73 -59 -73 -102 0 -56 133 -378 171 -413 34 -32 83 -37 129 -13 70 36 67 87 -16 290 -86 209 -89 214 -129 231 -35 14 -42 15 -82 7z\"\/><path d=\"M3689 3066 c-15 -9 -33 -30 -42 -48 -48 -103 -147 -355 -147 -375 0 -98 131 -148 192 -74 13 15 57 108 97 206 80 196 84 226 37 273 -30 30 -99 39 -137 18z\"\/><path d=\"M583 2784 c-38 -19 -67 -74 -58 -113 9 -42 211 -354 242 -373 16 -10 45 -18 66 -18 51 0 107 52 107 100 0 39 -1 41 -124 234 -80 126 -108 162 -133 173 -41 17 -61 16 -100 -3z\"\/><path d=\"M4250 2784 c-14 -9 -74 -91 -133 -183 -95 -150 -107 -173 -107 -213 0 -55 33 -94 87 -104 67 -13 90 8 211 198 130 202 137 225 78 284 -27 27 -42 34 -72 34 -22 0 -50 -8 -64 -16z\"\/><path d=\"M2275 2693 c-553 -48 -1095 -270 -1585 -649 -135 -104 -459 -423 -483 -476 -23 -49 -22 -139 2 -186 73 -142 361 -457 571 -626 285 -228 642 -407 990 -497 242 -63 336 -73 660 -74 310 0 370 5 595 52 535 111 1045 392 1455 803 122 121 250 273 275 326 19 41 19 137 0 174 -41 79 -309 363 -465 492 -447 370 -946 591 -1479 653 -113 14 -422 18 -536 8z m395 -428 c171 -34 330 -124 456 -258 112 -119 167 -219 211 -378 27 -96 24 -300 -5 -401 -72 -255 -236 -447 -474 -557 -132 -62 -201 -76 -368 -76 -167 0 -236 14 -368 76 -213 98 -373 271 -451 485 -162 444 86 934 547 1084 153 49 292 57 452 25z m909 -232 c222 -123 408 -262 593 -441 76 -74 138 -139 138 -144 0 -16 -233 -242 -330 -319 -155 -123 -309 -223 -461 -299 l-81 -41 32 46 c18 26 49 83 70 128 143 306 141 649 -6 957 -25 52 -61 116 -79 142 l-34 47 45 -20 c26 -10 76 -36 113 -56z m-2057 25 c-40 -58 -105 -190 -130 -263 -110 -324 -59 -707 132 -981 25 -35 42 -64 37 -64 -19 0 -241 119 -326 174 -188 122 -406 314 -532 468 l-58 71 108 103 c185 178 428 349 672 473 66 33 121 60 123 61 2 0 -10 -19 -26 -42z\"\/><path d=\"M2375 1950 c-198 -44 -350 -190 -395 -379 -18 -76 -8 -221 19 -290 114 -284 457 -406 731 -260 98 52 188 154 231 260 27 69 37 214 19 290 -38 163 -166 304 -326 360 -67 23 -215 33 -279 19z\"\/><\/g><\/svg><\/i> <img decoding=\"async\" width=\"16\" height=\"16\" alt=\"Loading\" src=\"https:\/\/esviafm.com\/wp-content\/plugins\/page-views-count\/ajax-loader-2x.gif\" border=0 \/><\/p>\n<div class=\"pvc_clear\"><\/div>\n","protected":false},"author":2,"featured_media":41916,"comment_status":"open","ping_status":"open","sticky":false,"template":"","format":"standard","meta":{"_et_pb_use_builder":"","_et_pb_old_content":"","_et_gb_content_width":"","footnotes":""},"categories":[25],"tags":[],"class_list":["post-41915","post","type-post","status-publish","format-standard","has-post-thumbnail","hentry","category-nacionales"],"a3_pvc":{"activated":true,"total_views":3,"today_views":0},"_links":{"self":[{"href":"https:\/\/esviafm.com\/index.php\/wp-json\/wp\/v2\/posts\/41915","targetHints":{"allow":["GET"]}}],"collection":[{"href":"https:\/\/esviafm.com\/index.php\/wp-json\/wp\/v2\/posts"}],"about":[{"href":"https:\/\/esviafm.com\/index.php\/wp-json\/wp\/v2\/types\/post"}],"author":[{"embeddable":true,"href":"https:\/\/esviafm.com\/index.php\/wp-json\/wp\/v2\/users\/2"}],"replies":[{"embeddable":true,"href":"https:\/\/esviafm.com\/index.php\/wp-json\/wp\/v2\/comments?post=41915"}],"version-history":[{"count":1,"href":"https:\/\/esviafm.com\/index.php\/wp-json\/wp\/v2\/posts\/41915\/revisions"}],"predecessor-version":[{"id":41917,"href":"https:\/\/esviafm.com\/index.php\/wp-json\/wp\/v2\/posts\/41915\/revisions\/41917"}],"wp:featuredmedia":[{"embeddable":true,"href":"https:\/\/esviafm.com\/index.php\/wp-json\/wp\/v2\/media\/41916"}],"wp:attachment":[{"href":"https:\/\/esviafm.com\/index.php\/wp-json\/wp\/v2\/media?parent=41915"}],"wp:term":[{"taxonomy":"category","embeddable":true,"href":"https:\/\/esviafm.com\/index.php\/wp-json\/wp\/v2\/categories?post=41915"},{"taxonomy":"post_tag","embeddable":true,"href":"https:\/\/esviafm.com\/index.php\/wp-json\/wp\/v2\/tags?post=41915"}],"curies":[{"name":"wp","href":"https:\/\/api.w.org\/{rel}","templated":true}]}}