{"id":41897,"date":"2026-09-02T06:16:01","date_gmt":"2026-09-02T10:46:01","guid":{"rendered":"https:\/\/esviafm.com\/?p=41897"},"modified":"2026-09-02T06:16:01","modified_gmt":"2026-09-02T10:46:01","slug":"ministro-de-transporte-destaco-que-maiquetia-reactiva-sus-operaciones-con-14-vuelos-nacionales-y-8-internacionales","status":"publish","type":"post","link":"https:\/\/esviafm.com\/index.php\/ministro-de-transporte-destaco-que-maiquetia-reactiva-sus-operaciones-con-14-vuelos-nacionales-y-8-internacionales\/","title":{"rendered":"Ministro de Transporte destac\u00f3 que Maiquet\u00eda reactiva sus operaciones con 14 vuelos nacionales y 8 internacionales"},"content":{"rendered":"<p class=\"wp-block-paragraph\">El Aeropuerto Internacional Sim\u00f3n Bol\u00edvar de Maiquet\u00eda retom\u00f3 este martes sus operaciones comerciales al 25% de la capacidad que ten\u00eda antes de los sismos del pasado 24 de junio, con una jornada inicial que moviliz\u00f3 a m\u00e1s de 2.400 pasajeros y activ\u00f3 conexiones nacionales e internacionales.<\/p>\n<p class=\"wp-block-paragraph\">El ministro de Transporte, Francisco Garc\u00e9s, inform\u00f3 que durante esta primera jornada se realizaron 14 operaciones nacionales, siete vuelos de llegada y siete de salida, y ocho internacionales, cuatro llegadas y cuatro salidas.<\/p>\n<p class=\"wp-block-paragraph\">La reactivaci\u00f3n est\u00e1 enmarcada en el inicio de una recuperaci\u00f3n progresiva del principal terminal a\u00e9reo del pa\u00eds, que durante la emergencia traslad\u00f3 parte de sus operaciones a los aeropuertos de Valencia y Barcelona.<\/p>\n<p class=\"wp-block-paragraph\">Garc\u00e9s explic\u00f3 que las instalaciones temporales fueron puestas a punto en 35 d\u00edas mediante jornadas continuas de trabajo, pruebas y simulacros, lo que permiti\u00f3 restablecer parcialmente la conectividad a\u00e9rea de Caracas.<\/p>\n<h2 id=\"maiquet-iacute-a-recupera-conexiones-con-el-exterior\" class=\"wp-block-heading\">Maiquet\u00eda recupera conexiones con el exterior<\/h2>\n<p class=\"wp-block-paragraph\">En la jornada inaugural participaron cuatro operadores internacionales. Conviasa realiz\u00f3 el vuelo hacia Santa Luc\u00eda; American Airlines retom\u00f3 la conexi\u00f3n con Miami; Copa Airlines oper\u00f3 hacia Panam\u00e1 y Air Europa cubri\u00f3 la ruta hacia Madrid.<\/p>\n<p class=\"wp-block-paragraph\">La programaci\u00f3n de septiembre contempla adem\u00e1s la recuperaci\u00f3n progresiva de conexiones con Madrid, Miami, Bogot\u00e1, Panam\u00e1 y Santo Domingo, mientras que S\u00e3o Paulo ser\u00e1 incorporado posteriormente.<\/p>\n<p class=\"wp-block-paragraph\">El regreso de estas operaciones permitir\u00e1 descongestionar los aeropuertos de Valencia y Barcelona, que asumieron parte de la conectividad internacional y nacional durante las semanas posteriores al sismo.<\/p>\n<figure class=\"wp-block-image size-large\"><a href=\"https:\/\/ultimasnoticias.com.ve\/wp-content\/uploads\/2026\/09\/855977-scaled.jpg\"><img fetchpriority=\"high\" fetchpriority=\"high\" decoding=\"async\" class=\"wp-image-3128694 lazyloaded\" style=\"box-sizing: border-box; border: 0px; max-width: 100%; height: auto; margin-bottom: 0px; display: block; vertical-align: bottom;\" src=\"https:\/\/ultimasnoticias.com.ve\/wp-content\/uploads\/2026\/09\/855977-1024x450.jpg\" alt=\"\" width=\"1024\" height=\"450\" data-attachment-id=\"3128694\" data-permalink=\"https:\/\/ultimasnoticias.com.ve\/la-guaira\/maiquetia-retoma-al-25-sus-vuelos-nacionales-e-internacionales\/attachment\/855977\/\" data-orig-file=\"https:\/\/ultimasnoticias.com.ve\/wp-content\/uploads\/2026\/09\/855977-scaled.jpg\" data-orig-size=\"1920,843\" data-comments-opened=\"1\" data-image-title=\"855977\" data-image-description=\"\" data-image-caption=\"&lt;p&gt;Mantienen los controles de seguridad regulares en el aeropuerto &lt;\/p&gt;\n\" data-large-file=\"https:\/\/ultimasnoticias.com.ve\/wp-content\/uploads\/2026\/09\/855977-1024x450.jpg\" data-src=\"https:\/\/ultimasnoticias.com.ve\/wp-content\/uploads\/2026\/09\/855977-1024x450.jpg\" \/><\/a><\/figure>\n<h2 id=\"tambi-eacute-n-crece-la-conectividad-nacional\" class=\"wp-block-heading\">Tambi\u00e9n crece la conectividad nacional<\/h2>\n<p class=\"wp-block-paragraph\">La recuperaci\u00f3n de Maiquet\u00eda incluye el restablecimiento progresivo de las rutas dom\u00e9sticas hacia diferentes regiones del pa\u00eds.<\/p>\n<p class=\"wp-block-paragraph\">La programaci\u00f3n contempla conexiones desde Caracas con destinos como La Fr\u00eda, El Vig\u00eda, Valera, Canaima, Los Roques, Porlamar, Cuman\u00e1, Las Piedras, Barquisimeto, Matur\u00edn, San Antonio y Santo Domingo del T\u00e1chira, Maracaibo, Valera, Puerto Ordaz, Barcelona, Barinas y Puerto Ayacucho.<\/p>\n<p class=\"wp-block-paragraph\">A estas operaciones se suman rutas previstas\u00a0<a href=\"https:\/\/ultimasnoticias.com.ve\/mas-vida\/aeropuerto-internacional-de-maiquetia-simon-bolivar-reinicia-operaciones-temporales\/\">por Conviasa, Rutaca, Laser Airlines y Estelar\u00a0<\/a>hacia distintos destinos nacionales, como parte del proceso de reorganizaci\u00f3n de la conectividad a\u00e9rea.<\/p>\n<p class=\"wp-block-paragraph\">Garc\u00e9s se\u00f1al\u00f3 que el incremento de las operaciones ser\u00e1 paulatino y depender\u00e1 de la adecuaci\u00f3n de las instalaciones y de los ajustes que realicen las aerol\u00edneas en sus respectivas programaciones.<\/p>\n<h2 id=\"terminales-temporales-funcionar-aacute-n-durante-2026\" class=\"wp-block-heading\">Terminales temporales funcionar\u00e1n durante 2026<\/h2>\n<p class=\"wp-block-paragraph\">El ministro confirm\u00f3 que los terminales temporales permanecer\u00e1n operativos durante lo que resta de este a\u00f1o, mientras avanza la recuperaci\u00f3n del terminal original.<\/p>\n<p class=\"wp-block-paragraph\">Aunque no estableci\u00f3 una fecha definitiva para el retorno de las operaciones al aeropuerto principal, asegur\u00f3 que la estructura puede ser recuperada y que las evaluaciones realizadas determinan que presenta condiciones estructurales competentes.<\/p>\n<p class=\"wp-block-paragraph\">El mayor trabajo est\u00e1 en la restituci\u00f3n de los servicios conexos necesarios para garantizar el funcionamiento integral del terminal.<\/p>\n<p class=\"wp-block-paragraph\">Seg\u00fan explic\u00f3, los trabajos abarcan m\u00e1s de un kil\u00f3metro de instalaciones afectadas, incluyendo paredes, cielorrasos y otros componentes operativos.<\/p>\n<p class=\"wp-block-paragraph\">A esto se suma la presencia de una traza de falla geol\u00f3gica en el \u00e1rea de la pista, evidencia de la magnitud del evento s\u00edsmico ocurrido el 24 de junio.<\/p>\n<p class=\"wp-block-paragraph\">Por ello, Garc\u00e9s consider\u00f3 prematuro establecer una fecha para la reapertura definitiva del terminal original, debido a que las evaluaciones t\u00e9cnicas pueden revelar nuevos elementos que incidan en los tiempos de recuperaci\u00f3n.<\/p>\n<h2 id=\"terminal-original-tendr-iacute-a-etiqueta-amarilla\" class=\"wp-block-heading\">Terminal original tendr\u00eda etiqueta amarilla<\/h2>\n<p class=\"wp-block-paragraph\">Respecto a la clasificaci\u00f3n de da\u00f1os utilizada para evaluar las edificaciones afectadas por los terremotos, Garc\u00e9s indic\u00f3 que el aeropuerto original tendr\u00eda principalmente una etiqueta amarilla, correspondiente a da\u00f1os estructurales moderados.<\/p>\n<p class=\"wp-block-paragraph\">Sin embargo, debido a la extensi\u00f3n del complejo aeroportuario, se\u00f1al\u00f3 que algunas \u00e1reas podr\u00edan eventualmente ser consideradas dentro de una clasificaci\u00f3n roja, mientras que otras mantendr\u00edan la condici\u00f3n amarilla.<\/p>\n<p class=\"wp-block-paragraph\">Las estructuras temporales, por su parte, fueron calculadas bajo normas sismorresistentes y permanecen sometidas a evaluaciones t\u00e9cnicas.<\/p>\n<h2 id=\"capacidad-aumentar-aacute-progresivamente\" class=\"wp-block-heading\">Capacidad aumentar\u00e1 progresivamente<\/h2>\n<p class=\"wp-block-paragraph\">La capacidad de las terminales temporales ser\u00e1 ampliada de manera progresiva, mientras se estudian alternativas para reforzar las operaciones durante el per\u00edodo de transici\u00f3n.<\/p>\n<p class=\"wp-block-paragraph\">La proyecci\u00f3n planteada por el Ministerio de Transporte es alcanzar alrededor de 40% de la capacidad previa en los pr\u00f3ximos meses y avanzar posteriormente hacia niveles de entre 50% y 60%, de acuerdo con la evoluci\u00f3n de los trabajos y la reorganizaci\u00f3n de las aerol\u00edneas.<\/p>\n<h2 id=\"recomiendan-verificar-vuelos-antes-de-viajar\" class=\"wp-block-heading\">Recomiendan verificar vuelos antes de viajar<\/h2>\n<p class=\"wp-block-paragraph\">Ante la reorganizaci\u00f3n de las operaciones, Garc\u00e9s recomend\u00f3 a los pasajeros consultar directamente con sus aerol\u00edneas el aeropuerto, horario y lugar de salida o llegada de sus vuelos.<\/p>\n<p class=\"wp-block-paragraph\">Tambi\u00e9n pidi\u00f3 evitar llegar con demasiada anticipaci\u00f3n a las instalaciones. Para vuelos internacionales recomend\u00f3 una llegada de tres a tres horas y media antes, mientras que para las operaciones nacionales consider\u00f3 suficiente un margen de hasta dos horas.<\/p>\n<h2 id=\"reconocimiento-a-los-trabajadores\" class=\"wp-block-heading\">Reconocimiento a los trabajadores<\/h2>\n<p class=\"wp-block-paragraph\">A 69 d\u00edas de los terremotos, Garc\u00e9s destac\u00f3 el esfuerzo de los trabajadores aeroportuarios que participaron en la recuperaci\u00f3n de las instalaciones.<\/p>\n<p class=\"wp-block-paragraph\">Se\u00f1al\u00f3 que varios de ellos enfrentaron p\u00e9rdidas personales durante la emergencia, incluidos compa\u00f1eros fallecidos, trabajadores heridos y otros que perdieron sus viviendas, pero continuaron incorporados a las labores.<\/p>\n<p class=\"wp-block-paragraph\">\u201cEstamos reconstruyendo las cosas, pero sobre todo lo estamos haciendo mejor\u201d, afirm\u00f3.<\/p>\n<p class=\"wp-block-paragraph\">El ministro sostuvo que esta etapa debe sustentarse en estudios cient\u00edficos, transparencia en la ejecuci\u00f3n y el cumplimiento de las normas sismorresistentes, con el objetivo de recuperar progresivamente la capacidad operativa de Maiquet\u00eda y fortalecer la conectividad a\u00e9rea nacional.<\/p>\n<div class=\"pvc_clear\"><\/div>\n<p id=\"pvc_stats_41897\" class=\"pvc_stats all  \" data-element-id=\"41897\" style=\"\"><i class=\"pvc-stats-icon large\" aria-hidden=\"true\"><svg xmlns=\"http:\/\/www.w3.org\/2000\/svg\" version=\"1.0\" viewBox=\"0 0 502 315\" preserveAspectRatio=\"xMidYMid meet\"><g transform=\"translate(0,332) scale(0.1,-0.1)\" fill=\"\" stroke=\"none\"><path d=\"M2394 3279 l-29 -30 -3 -207 c-2 -182 0 -211 15 -242 39 -76 157 -76 196 0 15 31 17 60 15 243 l-3 209 -33 29 c-26 23 -41 29 -80 29 -41 0 -53 -5 -78 -31z\"\/><path d=\"M3085 3251 c-45 -19 -58 -50 -96 -229 -47 -217 -49 -260 -13 -295 52 -53 146 -42 177 20 16 31 87 366 87 410 0 70 -86 122 -155 94z\"\/><path d=\"M1751 3234 c-13 -9 -29 -31 -37 -50 -12 -29 -10 -49 21 -204 19 -94 39 -189 45 -210 14 -50 54 -80 110 -80 34 0 48 6 76 34 21 21 34 44 34 59 0 14 -18 113 -40 219 -37 178 -43 195 -70 221 -36 32 -101 37 -139 11z\"\/><path d=\"M1163 3073 c-36 -7 -73 -59 -73 -102 0 -56 133 -378 171 -413 34 -32 83 -37 129 -13 70 36 67 87 -16 290 -86 209 -89 214 -129 231 -35 14 -42 15 -82 7z\"\/><path d=\"M3689 3066 c-15 -9 -33 -30 -42 -48 -48 -103 -147 -355 -147 -375 0 -98 131 -148 192 -74 13 15 57 108 97 206 80 196 84 226 37 273 -30 30 -99 39 -137 18z\"\/><path d=\"M583 2784 c-38 -19 -67 -74 -58 -113 9 -42 211 -354 242 -373 16 -10 45 -18 66 -18 51 0 107 52 107 100 0 39 -1 41 -124 234 -80 126 -108 162 -133 173 -41 17 -61 16 -100 -3z\"\/><path d=\"M4250 2784 c-14 -9 -74 -91 -133 -183 -95 -150 -107 -173 -107 -213 0 -55 33 -94 87 -104 67 -13 90 8 211 198 130 202 137 225 78 284 -27 27 -42 34 -72 34 -22 0 -50 -8 -64 -16z\"\/><path d=\"M2275 2693 c-553 -48 -1095 -270 -1585 -649 -135 -104 -459 -423 -483 -476 -23 -49 -22 -139 2 -186 73 -142 361 -457 571 -626 285 -228 642 -407 990 -497 242 -63 336 -73 660 -74 310 0 370 5 595 52 535 111 1045 392 1455 803 122 121 250 273 275 326 19 41 19 137 0 174 -41 79 -309 363 -465 492 -447 370 -946 591 -1479 653 -113 14 -422 18 -536 8z m395 -428 c171 -34 330 -124 456 -258 112 -119 167 -219 211 -378 27 -96 24 -300 -5 -401 -72 -255 -236 -447 -474 -557 -132 -62 -201 -76 -368 -76 -167 0 -236 14 -368 76 -213 98 -373 271 -451 485 -162 444 86 934 547 1084 153 49 292 57 452 25z m909 -232 c222 -123 408 -262 593 -441 76 -74 138 -139 138 -144 0 -16 -233 -242 -330 -319 -155 -123 -309 -223 -461 -299 l-81 -41 32 46 c18 26 49 83 70 128 143 306 141 649 -6 957 -25 52 -61 116 -79 142 l-34 47 45 -20 c26 -10 76 -36 113 -56z m-2057 25 c-40 -58 -105 -190 -130 -263 -110 -324 -59 -707 132 -981 25 -35 42 -64 37 -64 -19 0 -241 119 -326 174 -188 122 -406 314 -532 468 l-58 71 108 103 c185 178 428 349 672 473 66 33 121 60 123 61 2 0 -10 -19 -26 -42z\"\/><path d=\"M2375 1950 c-198 -44 -350 -190 -395 -379 -18 -76 -8 -221 19 -290 114 -284 457 -406 731 -260 98 52 188 154 231 260 27 69 37 214 19 290 -38 163 -166 304 -326 360 -67 23 -215 33 -279 19z\"\/><\/g><\/svg><\/i> <img decoding=\"async\" width=\"16\" height=\"16\" alt=\"Loading\" src=\"https:\/\/esviafm.com\/wp-content\/plugins\/page-views-count\/ajax-loader-2x.gif\" border=0 \/><\/p>\n<div class=\"pvc_clear\"><\/div>\n","protected":false},"excerpt":{"rendered":"<p>El Aeropuerto Internacional Sim\u00f3n Bol\u00edvar de Maiquet\u00eda retom\u00f3 este martes sus operaciones comerciales al 25% de la capacidad que ten\u00eda antes de los sismos del pasado 24 de junio, con una jornada inicial que moviliz\u00f3 a m\u00e1s de 2.400 pasajeros y activ\u00f3 conexiones nacionales e internacionales. El ministro de Transporte, Francisco Garc\u00e9s, inform\u00f3 que durante [&hellip;]<\/p>\n<div class=\"pvc_clear\"><\/div>\n<p id=\"pvc_stats_41897\" class=\"pvc_stats all  \" data-element-id=\"41897\" style=\"\"><i class=\"pvc-stats-icon large\" aria-hidden=\"true\"><svg xmlns=\"http:\/\/www.w3.org\/2000\/svg\" version=\"1.0\" viewBox=\"0 0 502 315\" preserveAspectRatio=\"xMidYMid meet\"><g transform=\"translate(0,332) scale(0.1,-0.1)\" fill=\"\" stroke=\"none\"><path d=\"M2394 3279 l-29 -30 -3 -207 c-2 -182 0 -211 15 -242 39 -76 157 -76 196 0 15 31 17 60 15 243 l-3 209 -33 29 c-26 23 -41 29 -80 29 -41 0 -53 -5 -78 -31z\"\/><path d=\"M3085 3251 c-45 -19 -58 -50 -96 -229 -47 -217 -49 -260 -13 -295 52 -53 146 -42 177 20 16 31 87 366 87 410 0 70 -86 122 -155 94z\"\/><path d=\"M1751 3234 c-13 -9 -29 -31 -37 -50 -12 -29 -10 -49 21 -204 19 -94 39 -189 45 -210 14 -50 54 -80 110 -80 34 0 48 6 76 34 21 21 34 44 34 59 0 14 -18 113 -40 219 -37 178 -43 195 -70 221 -36 32 -101 37 -139 11z\"\/><path d=\"M1163 3073 c-36 -7 -73 -59 -73 -102 0 -56 133 -378 171 -413 34 -32 83 -37 129 -13 70 36 67 87 -16 290 -86 209 -89 214 -129 231 -35 14 -42 15 -82 7z\"\/><path d=\"M3689 3066 c-15 -9 -33 -30 -42 -48 -48 -103 -147 -355 -147 -375 0 -98 131 -148 192 -74 13 15 57 108 97 206 80 196 84 226 37 273 -30 30 -99 39 -137 18z\"\/><path d=\"M583 2784 c-38 -19 -67 -74 -58 -113 9 -42 211 -354 242 -373 16 -10 45 -18 66 -18 51 0 107 52 107 100 0 39 -1 41 -124 234 -80 126 -108 162 -133 173 -41 17 -61 16 -100 -3z\"\/><path d=\"M4250 2784 c-14 -9 -74 -91 -133 -183 -95 -150 -107 -173 -107 -213 0 -55 33 -94 87 -104 67 -13 90 8 211 198 130 202 137 225 78 284 -27 27 -42 34 -72 34 -22 0 -50 -8 -64 -16z\"\/><path d=\"M2275 2693 c-553 -48 -1095 -270 -1585 -649 -135 -104 -459 -423 -483 -476 -23 -49 -22 -139 2 -186 73 -142 361 -457 571 -626 285 -228 642 -407 990 -497 242 -63 336 -73 660 -74 310 0 370 5 595 52 535 111 1045 392 1455 803 122 121 250 273 275 326 19 41 19 137 0 174 -41 79 -309 363 -465 492 -447 370 -946 591 -1479 653 -113 14 -422 18 -536 8z m395 -428 c171 -34 330 -124 456 -258 112 -119 167 -219 211 -378 27 -96 24 -300 -5 -401 -72 -255 -236 -447 -474 -557 -132 -62 -201 -76 -368 -76 -167 0 -236 14 -368 76 -213 98 -373 271 -451 485 -162 444 86 934 547 1084 153 49 292 57 452 25z m909 -232 c222 -123 408 -262 593 -441 76 -74 138 -139 138 -144 0 -16 -233 -242 -330 -319 -155 -123 -309 -223 -461 -299 l-81 -41 32 46 c18 26 49 83 70 128 143 306 141 649 -6 957 -25 52 -61 116 -79 142 l-34 47 45 -20 c26 -10 76 -36 113 -56z m-2057 25 c-40 -58 -105 -190 -130 -263 -110 -324 -59 -707 132 -981 25 -35 42 -64 37 -64 -19 0 -241 119 -326 174 -188 122 -406 314 -532 468 l-58 71 108 103 c185 178 428 349 672 473 66 33 121 60 123 61 2 0 -10 -19 -26 -42z\"\/><path d=\"M2375 1950 c-198 -44 -350 -190 -395 -379 -18 -76 -8 -221 19 -290 114 -284 457 -406 731 -260 98 52 188 154 231 260 27 69 37 214 19 290 -38 163 -166 304 -326 360 -67 23 -215 33 -279 19z\"\/><\/g><\/svg><\/i> <img decoding=\"async\" width=\"16\" height=\"16\" alt=\"Loading\" src=\"https:\/\/esviafm.com\/wp-content\/plugins\/page-views-count\/ajax-loader-2x.gif\" border=0 \/><\/p>\n<div class=\"pvc_clear\"><\/div>\n","protected":false},"author":2,"featured_media":41898,"comment_status":"open","ping_status":"open","sticky":false,"template":"","format":"standard","meta":{"_et_pb_use_builder":"","_et_pb_old_content":"","_et_gb_content_width":"","footnotes":""},"categories":[25],"tags":[],"class_list":["post-41897","post","type-post","status-publish","format-standard","has-post-thumbnail","hentry","category-nacionales"],"a3_pvc":{"activated":true,"total_views":2,"today_views":0},"_links":{"self":[{"href":"https:\/\/esviafm.com\/index.php\/wp-json\/wp\/v2\/posts\/41897","targetHints":{"allow":["GET"]}}],"collection":[{"href":"https:\/\/esviafm.com\/index.php\/wp-json\/wp\/v2\/posts"}],"about":[{"href":"https:\/\/esviafm.com\/index.php\/wp-json\/wp\/v2\/types\/post"}],"author":[{"embeddable":true,"href":"https:\/\/esviafm.com\/index.php\/wp-json\/wp\/v2\/users\/2"}],"replies":[{"embeddable":true,"href":"https:\/\/esviafm.com\/index.php\/wp-json\/wp\/v2\/comments?post=41897"}],"version-history":[{"count":1,"href":"https:\/\/esviafm.com\/index.php\/wp-json\/wp\/v2\/posts\/41897\/revisions"}],"predecessor-version":[{"id":41899,"href":"https:\/\/esviafm.com\/index.php\/wp-json\/wp\/v2\/posts\/41897\/revisions\/41899"}],"wp:featuredmedia":[{"embeddable":true,"href":"https:\/\/esviafm.com\/index.php\/wp-json\/wp\/v2\/media\/41898"}],"wp:attachment":[{"href":"https:\/\/esviafm.com\/index.php\/wp-json\/wp\/v2\/media?parent=41897"}],"wp:term":[{"taxonomy":"category","embeddable":true,"href":"https:\/\/esviafm.com\/index.php\/wp-json\/wp\/v2\/categories?post=41897"},{"taxonomy":"post_tag","embeddable":true,"href":"https:\/\/esviafm.com\/index.php\/wp-json\/wp\/v2\/tags?post=41897"}],"curies":[{"name":"wp","href":"https:\/\/api.w.org\/{rel}","templated":true}]}}