{"id":41864,"date":"2026-09-01T06:41:40","date_gmt":"2026-09-01T11:11:40","guid":{"rendered":"https:\/\/esviafm.com\/?p=41864"},"modified":"2026-09-01T06:41:40","modified_gmt":"2026-09-01T11:11:40","slug":"ong-denuncia-desaparicion-forzada-de-23-opositores-en-nicaragua","status":"publish","type":"post","link":"https:\/\/esviafm.com\/index.php\/ong-denuncia-desaparicion-forzada-de-23-opositores-en-nicaragua\/","title":{"rendered":"ONG denuncia desaparici\u00f3n forzada de 23 opositores en Nicaragua"},"content":{"rendered":"<p>Al menos\u00a0<strong>23 opositores y cr\u00edticos del Gobierno de Nicaragua permanecen en condici\u00f3n de desaparici\u00f3n forzada<\/strong>, seg\u00fan denunci\u00f3 este domingo el Colectivo de Derechos Humanos para la Memoria Hist\u00f3rica de Nicaragua, con motivo del D\u00eda Internacional de las V\u00edctimas de Desapariciones Forzadas.<\/p>\n<p>En un comunicado, la organizaci\u00f3n afirm\u00f3 que esta pr\u00e1ctica constituye un crimen de lesa humanidad y una grave violaci\u00f3n de los derechos humanos que, a su juicio, contin\u00faa siendo utilizada por el Gobierno de Daniel Ortega y Rosario Murillo contra personas consideradas opositoras o cr\u00edticas.<\/p>\n<p>Represi\u00f3n se habr\u00eda intensificado desde abril de 2018, cuando comenzaron las protestas contra el Gobierno. Desde entonces, el colectivo asegura que\u00a0<strong>las detenciones arbitrarias, la incomunicaci\u00f3n y el ocultamiento de personas privadas de libertad<\/strong>\u00a0se han convertido en mecanismos recurrentes dentro de la pol\u00edtica represiva estatal.<\/p>\n<p>Organizaci\u00f3n, integrada principalmente por activistas nicarag\u00fcenses en el exilio y con sede en San Jos\u00e9, Costa Rica, sostiene que esa represi\u00f3n ha dejado al menos 355 nicarag\u00fcenses asesinados por grupos paraestatales, polic\u00edas y miembros del Ej\u00e9rcito.<\/p>\n<p>Familiares de los detenidos, seg\u00fan la denuncia, enfrentan dificultades para obtener informaci\u00f3n sobre sus seres queridos. Autoridades tambi\u00e9n impedir\u00edan el contacto con familiares y abogados, adem\u00e1s de restringir el acceso a medicamentos y atenci\u00f3n m\u00e9dica independiente y mantener bajo reserva las condiciones en las que permanecen los detenidos.<\/p>\n<p>Registro del Mecanismo para el Reconocimiento de Personas Presas Pol\u00edticas en Nicaragua contabiliza actualmente\u00a0<strong>al menos 60 presos pol\u00edticos<\/strong>, de los cuales 23 se encontrar\u00edan en situaci\u00f3n de desaparici\u00f3n forzada.<\/p>\n<p>Entre los casos se\u00f1alados est\u00e1 el de\u00a0<strong>Ricardo Jos\u00e9 Mendoza Irigoyen<\/strong>, de 64 a\u00f1os, quien fue detenido el pasado 23 de enero. Desde entonces, de acuerdo con la organizaci\u00f3n, sus familiares no han podido determinar d\u00f3nde se encuentra pese a las gestiones realizadas ante organismos policiales, judiciales y penitenciarios.<\/p>\n<p>Tambi\u00e9n permanecen desaparecidos el excoronel sandinista\u00a0<strong>Carlos Brenes<\/strong>\u00a0y su esposa, Salvadora Mart\u00ednez, detenidos en agosto de 2025. A ellos se suma el militar retirado V\u00edctor Boitano Coleman. Los tres tienen m\u00e1s de 60 a\u00f1os.<\/p>\n<h4>Muerte de Brooklyn Rivera<\/h4>\n<p>Caso del exdiputado ind\u00edgena miskito\u00a0<strong>Brooklyn Rivera Bryan<\/strong>\u00a0fue presentado por la ONG como uno de los ejemplos m\u00e1s graves de las consecuencias de las desapariciones prolongadas.<\/p>\n<p>Rivera muri\u00f3 bajo custodia estatal el pasado 30 de mayo, despu\u00e9s de haber permanecido desaparecido durante m\u00e1s de 970 d\u00edas. Seg\u00fan el colectivo, su estado de salud ya era cr\u00edtico cuando fue mostrado p\u00fablicamente y falleci\u00f3 pocos d\u00edas despu\u00e9s.<\/p>\n<p>Organizaci\u00f3n consider\u00f3 que su muerte demuestra los riesgos asociados con mantener a una persona incomunicada durante largos per\u00edodos, debido a que esta situaci\u00f3n dificulta conocer oportunamente un deterioro de salud y solicitar atenci\u00f3n m\u00e9dica.<\/p>\n<p>De acuerdo con la denuncia,\u00a0<strong>nueve opositores y cr\u00edticos del Gobierno nicarag\u00fcense han muerto bajo custodia estatal durante los \u00faltimos siete a\u00f1os<\/strong>.<\/p>\n<p>Ante esta situaci\u00f3n, el colectivo exigi\u00f3 la liberaci\u00f3n de todas las personas consideradas presas pol\u00edticas y reclam\u00f3 a las autoridades informar de inmediato sobre el paradero y las condiciones de quienes contin\u00faan detenidos.<\/p>\n<p>Tambi\u00e9n solicit\u00f3\u00a0<strong>pruebas de vida verificables y acceso regular de familiares y representantes legales<\/strong>\u00a0a las personas privadas de libertad.<\/p>\n<div class=\"pvc_clear\"><\/div>\n<p id=\"pvc_stats_41864\" class=\"pvc_stats all  \" data-element-id=\"41864\" style=\"\"><i class=\"pvc-stats-icon large\" aria-hidden=\"true\"><svg xmlns=\"http:\/\/www.w3.org\/2000\/svg\" version=\"1.0\" viewBox=\"0 0 502 315\" preserveAspectRatio=\"xMidYMid meet\"><g transform=\"translate(0,332) scale(0.1,-0.1)\" fill=\"\" stroke=\"none\"><path d=\"M2394 3279 l-29 -30 -3 -207 c-2 -182 0 -211 15 -242 39 -76 157 -76 196 0 15 31 17 60 15 243 l-3 209 -33 29 c-26 23 -41 29 -80 29 -41 0 -53 -5 -78 -31z\"\/><path d=\"M3085 3251 c-45 -19 -58 -50 -96 -229 -47 -217 -49 -260 -13 -295 52 -53 146 -42 177 20 16 31 87 366 87 410 0 70 -86 122 -155 94z\"\/><path d=\"M1751 3234 c-13 -9 -29 -31 -37 -50 -12 -29 -10 -49 21 -204 19 -94 39 -189 45 -210 14 -50 54 -80 110 -80 34 0 48 6 76 34 21 21 34 44 34 59 0 14 -18 113 -40 219 -37 178 -43 195 -70 221 -36 32 -101 37 -139 11z\"\/><path d=\"M1163 3073 c-36 -7 -73 -59 -73 -102 0 -56 133 -378 171 -413 34 -32 83 -37 129 -13 70 36 67 87 -16 290 -86 209 -89 214 -129 231 -35 14 -42 15 -82 7z\"\/><path d=\"M3689 3066 c-15 -9 -33 -30 -42 -48 -48 -103 -147 -355 -147 -375 0 -98 131 -148 192 -74 13 15 57 108 97 206 80 196 84 226 37 273 -30 30 -99 39 -137 18z\"\/><path d=\"M583 2784 c-38 -19 -67 -74 -58 -113 9 -42 211 -354 242 -373 16 -10 45 -18 66 -18 51 0 107 52 107 100 0 39 -1 41 -124 234 -80 126 -108 162 -133 173 -41 17 -61 16 -100 -3z\"\/><path d=\"M4250 2784 c-14 -9 -74 -91 -133 -183 -95 -150 -107 -173 -107 -213 0 -55 33 -94 87 -104 67 -13 90 8 211 198 130 202 137 225 78 284 -27 27 -42 34 -72 34 -22 0 -50 -8 -64 -16z\"\/><path d=\"M2275 2693 c-553 -48 -1095 -270 -1585 -649 -135 -104 -459 -423 -483 -476 -23 -49 -22 -139 2 -186 73 -142 361 -457 571 -626 285 -228 642 -407 990 -497 242 -63 336 -73 660 -74 310 0 370 5 595 52 535 111 1045 392 1455 803 122 121 250 273 275 326 19 41 19 137 0 174 -41 79 -309 363 -465 492 -447 370 -946 591 -1479 653 -113 14 -422 18 -536 8z m395 -428 c171 -34 330 -124 456 -258 112 -119 167 -219 211 -378 27 -96 24 -300 -5 -401 -72 -255 -236 -447 -474 -557 -132 -62 -201 -76 -368 -76 -167 0 -236 14 -368 76 -213 98 -373 271 -451 485 -162 444 86 934 547 1084 153 49 292 57 452 25z m909 -232 c222 -123 408 -262 593 -441 76 -74 138 -139 138 -144 0 -16 -233 -242 -330 -319 -155 -123 -309 -223 -461 -299 l-81 -41 32 46 c18 26 49 83 70 128 143 306 141 649 -6 957 -25 52 -61 116 -79 142 l-34 47 45 -20 c26 -10 76 -36 113 -56z m-2057 25 c-40 -58 -105 -190 -130 -263 -110 -324 -59 -707 132 -981 25 -35 42 -64 37 -64 -19 0 -241 119 -326 174 -188 122 -406 314 -532 468 l-58 71 108 103 c185 178 428 349 672 473 66 33 121 60 123 61 2 0 -10 -19 -26 -42z\"\/><path d=\"M2375 1950 c-198 -44 -350 -190 -395 -379 -18 -76 -8 -221 19 -290 114 -284 457 -406 731 -260 98 52 188 154 231 260 27 69 37 214 19 290 -38 163 -166 304 -326 360 -67 23 -215 33 -279 19z\"\/><\/g><\/svg><\/i> <img decoding=\"async\" width=\"16\" height=\"16\" alt=\"Loading\" src=\"https:\/\/esviafm.com\/wp-content\/plugins\/page-views-count\/ajax-loader-2x.gif\" border=0 \/><\/p>\n<div class=\"pvc_clear\"><\/div>\n","protected":false},"excerpt":{"rendered":"<p>Al menos\u00a023 opositores y cr\u00edticos del Gobierno de Nicaragua permanecen en condici\u00f3n de desaparici\u00f3n forzada, seg\u00fan denunci\u00f3 este domingo el Colectivo de Derechos Humanos para la Memoria Hist\u00f3rica de Nicaragua, con motivo del D\u00eda Internacional de las V\u00edctimas de Desapariciones Forzadas. En un comunicado, la organizaci\u00f3n afirm\u00f3 que esta pr\u00e1ctica constituye un crimen de lesa [&hellip;]<\/p>\n<div class=\"pvc_clear\"><\/div>\n<p id=\"pvc_stats_41864\" class=\"pvc_stats all  \" data-element-id=\"41864\" style=\"\"><i class=\"pvc-stats-icon large\" aria-hidden=\"true\"><svg xmlns=\"http:\/\/www.w3.org\/2000\/svg\" version=\"1.0\" viewBox=\"0 0 502 315\" preserveAspectRatio=\"xMidYMid meet\"><g transform=\"translate(0,332) scale(0.1,-0.1)\" fill=\"\" stroke=\"none\"><path d=\"M2394 3279 l-29 -30 -3 -207 c-2 -182 0 -211 15 -242 39 -76 157 -76 196 0 15 31 17 60 15 243 l-3 209 -33 29 c-26 23 -41 29 -80 29 -41 0 -53 -5 -78 -31z\"\/><path d=\"M3085 3251 c-45 -19 -58 -50 -96 -229 -47 -217 -49 -260 -13 -295 52 -53 146 -42 177 20 16 31 87 366 87 410 0 70 -86 122 -155 94z\"\/><path d=\"M1751 3234 c-13 -9 -29 -31 -37 -50 -12 -29 -10 -49 21 -204 19 -94 39 -189 45 -210 14 -50 54 -80 110 -80 34 0 48 6 76 34 21 21 34 44 34 59 0 14 -18 113 -40 219 -37 178 -43 195 -70 221 -36 32 -101 37 -139 11z\"\/><path d=\"M1163 3073 c-36 -7 -73 -59 -73 -102 0 -56 133 -378 171 -413 34 -32 83 -37 129 -13 70 36 67 87 -16 290 -86 209 -89 214 -129 231 -35 14 -42 15 -82 7z\"\/><path d=\"M3689 3066 c-15 -9 -33 -30 -42 -48 -48 -103 -147 -355 -147 -375 0 -98 131 -148 192 -74 13 15 57 108 97 206 80 196 84 226 37 273 -30 30 -99 39 -137 18z\"\/><path d=\"M583 2784 c-38 -19 -67 -74 -58 -113 9 -42 211 -354 242 -373 16 -10 45 -18 66 -18 51 0 107 52 107 100 0 39 -1 41 -124 234 -80 126 -108 162 -133 173 -41 17 -61 16 -100 -3z\"\/><path d=\"M4250 2784 c-14 -9 -74 -91 -133 -183 -95 -150 -107 -173 -107 -213 0 -55 33 -94 87 -104 67 -13 90 8 211 198 130 202 137 225 78 284 -27 27 -42 34 -72 34 -22 0 -50 -8 -64 -16z\"\/><path d=\"M2275 2693 c-553 -48 -1095 -270 -1585 -649 -135 -104 -459 -423 -483 -476 -23 -49 -22 -139 2 -186 73 -142 361 -457 571 -626 285 -228 642 -407 990 -497 242 -63 336 -73 660 -74 310 0 370 5 595 52 535 111 1045 392 1455 803 122 121 250 273 275 326 19 41 19 137 0 174 -41 79 -309 363 -465 492 -447 370 -946 591 -1479 653 -113 14 -422 18 -536 8z m395 -428 c171 -34 330 -124 456 -258 112 -119 167 -219 211 -378 27 -96 24 -300 -5 -401 -72 -255 -236 -447 -474 -557 -132 -62 -201 -76 -368 -76 -167 0 -236 14 -368 76 -213 98 -373 271 -451 485 -162 444 86 934 547 1084 153 49 292 57 452 25z m909 -232 c222 -123 408 -262 593 -441 76 -74 138 -139 138 -144 0 -16 -233 -242 -330 -319 -155 -123 -309 -223 -461 -299 l-81 -41 32 46 c18 26 49 83 70 128 143 306 141 649 -6 957 -25 52 -61 116 -79 142 l-34 47 45 -20 c26 -10 76 -36 113 -56z m-2057 25 c-40 -58 -105 -190 -130 -263 -110 -324 -59 -707 132 -981 25 -35 42 -64 37 -64 -19 0 -241 119 -326 174 -188 122 -406 314 -532 468 l-58 71 108 103 c185 178 428 349 672 473 66 33 121 60 123 61 2 0 -10 -19 -26 -42z\"\/><path d=\"M2375 1950 c-198 -44 -350 -190 -395 -379 -18 -76 -8 -221 19 -290 114 -284 457 -406 731 -260 98 52 188 154 231 260 27 69 37 214 19 290 -38 163 -166 304 -326 360 -67 23 -215 33 -279 19z\"\/><\/g><\/svg><\/i> <img decoding=\"async\" width=\"16\" height=\"16\" alt=\"Loading\" src=\"https:\/\/esviafm.com\/wp-content\/plugins\/page-views-count\/ajax-loader-2x.gif\" border=0 \/><\/p>\n<div class=\"pvc_clear\"><\/div>\n","protected":false},"author":2,"featured_media":41865,"comment_status":"open","ping_status":"open","sticky":false,"template":"","format":"standard","meta":{"_et_pb_use_builder":"","_et_pb_old_content":"","_et_gb_content_width":"","footnotes":""},"categories":[17],"tags":[],"class_list":["post-41864","post","type-post","status-publish","format-standard","has-post-thumbnail","hentry","category-internacionales"],"a3_pvc":{"activated":true,"total_views":4,"today_views":0},"_links":{"self":[{"href":"https:\/\/esviafm.com\/index.php\/wp-json\/wp\/v2\/posts\/41864","targetHints":{"allow":["GET"]}}],"collection":[{"href":"https:\/\/esviafm.com\/index.php\/wp-json\/wp\/v2\/posts"}],"about":[{"href":"https:\/\/esviafm.com\/index.php\/wp-json\/wp\/v2\/types\/post"}],"author":[{"embeddable":true,"href":"https:\/\/esviafm.com\/index.php\/wp-json\/wp\/v2\/users\/2"}],"replies":[{"embeddable":true,"href":"https:\/\/esviafm.com\/index.php\/wp-json\/wp\/v2\/comments?post=41864"}],"version-history":[{"count":1,"href":"https:\/\/esviafm.com\/index.php\/wp-json\/wp\/v2\/posts\/41864\/revisions"}],"predecessor-version":[{"id":41866,"href":"https:\/\/esviafm.com\/index.php\/wp-json\/wp\/v2\/posts\/41864\/revisions\/41866"}],"wp:featuredmedia":[{"embeddable":true,"href":"https:\/\/esviafm.com\/index.php\/wp-json\/wp\/v2\/media\/41865"}],"wp:attachment":[{"href":"https:\/\/esviafm.com\/index.php\/wp-json\/wp\/v2\/media?parent=41864"}],"wp:term":[{"taxonomy":"category","embeddable":true,"href":"https:\/\/esviafm.com\/index.php\/wp-json\/wp\/v2\/categories?post=41864"},{"taxonomy":"post_tag","embeddable":true,"href":"https:\/\/esviafm.com\/index.php\/wp-json\/wp\/v2\/tags?post=41864"}],"curies":[{"name":"wp","href":"https:\/\/api.w.org\/{rel}","templated":true}]}}