{"id":35078,"date":"2026-02-12T06:24:10","date_gmt":"2026-02-12T10:54:10","guid":{"rendered":"https:\/\/esviafm.com\/?p=35078"},"modified":"2026-02-12T06:24:10","modified_gmt":"2026-02-12T10:54:10","slug":"ruben-blades-anuncio-el-fin-de-sus-giras-en-2027-y-su-regreso-permanente-a-panama-a-mas-tardar-en-2028%e2%80%b3","status":"publish","type":"post","link":"https:\/\/esviafm.com\/index.php\/ruben-blades-anuncio-el-fin-de-sus-giras-en-2027-y-su-regreso-permanente-a-panama-a-mas-tardar-en-2028%e2%80%b3\/","title":{"rendered":"Rub\u00e9n Blades anunci\u00f3 el fin de sus giras en 2027 y su regreso permanente a Panam\u00e1 \u201ca m\u00e1s tardar en 2028\u2033"},"content":{"rendered":"<p>A los 77 a\u00f1os, Rub\u00e9n Blades anunci\u00f3 que en 2027 dar\u00e1 por cerrada su actividad en vivo, dejando las giras internacionales a partir de ese a\u00f1o.<\/p>\n<p>Seg\u00fan dio a conocer el paname\u00f1o, uno de los m\u00e1ximos referentes de la salsa a lo largo de su historia, la decisi\u00f3n obedece a su intenci\u00f3n de radicarse en su pa\u00eds a partir de 2028, priorizando su salud en este momento de su vida y carrera musical.<\/p>\n<p>\u201c<b>He decidido no seguir en el traj\u00edn de las presentaciones musicales personales. Voy para 78 a\u00f1os y espero que me quede salud y la voz para mantenerme activo un par de a\u00f1os m\u00e1<\/b>s, mientras a\u00fan pueda mantener la calidad que siempre he tratado de presentar al p\u00fablico que nos apoya en los conciertos\u201d, escribi\u00f3 Blades en un mensaje difundido en las \u00faltimas horas.<\/p>\n<p class=\"paragraph\" data-mrf-recirculation=\"Links inline\"><b>\u201cEl 2027 ser\u00eda mi \u00faltimo a\u00f1o activo en giras con la banda de Roberto Delgado, aunque es posible que continuemos grabando juntos. Anhelo estar de regreso y de manera m\u00e1s permanente en Panam\u00e1, a m\u00e1s tardar en 2028\u201d<\/b>, se\u00f1al\u00f3. La decisi\u00f3n, precis\u00f3, obedece a su deseo de regresar a su pa\u00eds de origen luego de una extensa carrera que lo llev\u00f3 a escenarios de todo el mundo.<\/p>\n<div class=\"visual__image\"><picture><source srcset=\"https:\/\/www.infobae.com\/resizer\/v2\/Z5G6VLNYEBCGLIBQSMRW2WIRAI.jpg?auth=789ae055492a9f5efd26dcc8556eb74249119f39e85a762ae8b28c5d6742ac94&amp;smart=true&amp;width=992&amp;height=660&amp;quality=85\" media=\"(min-width: 1000px)\" \/><source srcset=\"https:\/\/www.infobae.com\/resizer\/v2\/Z5G6VLNYEBCGLIBQSMRW2WIRAI.jpg?auth=789ae055492a9f5efd26dcc8556eb74249119f39e85a762ae8b28c5d6742ac94&amp;smart=true&amp;width=768&amp;height=511&amp;quality=85\" media=\"(min-width: 768px)\" \/><source srcset=\"https:\/\/www.infobae.com\/resizer\/v2\/Z5G6VLNYEBCGLIBQSMRW2WIRAI.jpg?auth=789ae055492a9f5efd26dcc8556eb74249119f39e85a762ae8b28c5d6742ac94&amp;smart=true&amp;width=577&amp;height=384&amp;quality=85\" media=\"(min-width: 580px)\" \/><source srcset=\"https:\/\/www.infobae.com\/resizer\/v2\/Z5G6VLNYEBCGLIBQSMRW2WIRAI.jpg?auth=789ae055492a9f5efd26dcc8556eb74249119f39e85a762ae8b28c5d6742ac94&amp;smart=true&amp;width=420&amp;height=279&amp;quality=85\" media=\"(min-width: 350px)\" \/><source srcset=\"https:\/\/www.infobae.com\/resizer\/v2\/Z5G6VLNYEBCGLIBQSMRW2WIRAI.jpg?auth=789ae055492a9f5efd26dcc8556eb74249119f39e85a762ae8b28c5d6742ac94&amp;smart=true&amp;width=350&amp;height=233&amp;quality=85\" media=\"(min-width: 80px)\" \/><img fetchpriority=\"high\" fetchpriority=\"high\" decoding=\"async\" class=\"global-image\" src=\"https:\/\/www.infobae.com\/resizer\/v2\/Z5G6VLNYEBCGLIBQSMRW2WIRAI.jpg?auth=789ae055492a9f5efd26dcc8556eb74249119f39e85a762ae8b28c5d6742ac94&amp;smart=true&amp;width=350&amp;height=233&amp;quality=85\" alt=\"Adem\u00e1s de su faceta musical,\" width=\"4020\" height=\"2675\" \/><\/picture>Adem\u00e1s de su faceta musical, el &#8216;Poeta de la salsa&#8217; prepara una edici\u00f3n comentada de todas las letras de sus canciones emblem\u00e1ticas &#8211; cr\u00e9dito Bienvenido Velasco\/EFE<\/div>\n<p class=\"paragraph\" data-mrf-recirculation=\"Links inline\">En los pr\u00f3ximos meses, su agenda estar\u00e1 marcada no solo por la m\u00fasica sino tambi\u00e9n por el cine:\u00a0<b>Blades comenzar\u00e1 el rodaje de la pel\u00edcula\u00a0<\/b><i><b>Armadillo United<\/b><\/i><b>\u00a0en Austin, Estados Unidos, proyecto que lo reunir\u00e1 con int\u00e9rpretes como Antonio Banderas, Danay Garc\u00eda, Danny Trejo y Luba Mason.<\/b>\u00a0Sobre este filme, el propio m\u00fasico adelant\u00f3: \u201cTrata sobre f\u00fatbol y j\u00f3venes jugadores (ojo con la estrella de la pel\u00edcula, un chico llamado Dante)\u201d.<\/p>\n<p class=\"paragraph\" data-mrf-recirculation=\"Links inline\">Adem\u00e1s de su carrera en el escenario, el \u2018Poeta de la salsa\u2019 trabaja en una serie de proyectos literarios y musicales.\u00a0<b>Detall\u00f3 que prepara \u201cuna edici\u00f3n de todas las letras\u201d de sus canciones, que incluir\u00e1 una explicaci\u00f3n sobre los temas, \u00e1lbumes y vivencias que inspiraron cada composici\u00f3n<\/b>, y agreg\u00f3 que revisa una serie de cuentos cortos escritos hace d\u00e9cadas y ambientados en \u201cHispania\u201d, un universo ficticio donde transcurren las historias de sus composiciones.<\/p>\n<p class=\"paragraph\" data-mrf-recirculation=\"Links inline\">En lo musical,\u00a0<b>Blades anunci\u00f3 que se encuentra trabajando en nueva m\u00fasica.<\/b>\u00a0\u201cEstoy trabajando en dos \u00e1lbumes de \u2018salsa\u2019 con Roberto (uno de ellos es un subgrupo dentro de la misma orquesta) y finalizando otro \u00e1lbum, en el estilo \u2018Mixtura\u2019, con mi colega, amigo y coproductor, Luis Enrique Becerra, c\u00f3mplice de mi otro grupo, Para\u00edso Road Gang\u201d, explic\u00f3.<\/p>\n<div class=\"visual__image\"><picture><source srcset=\"https:\/\/www.infobae.com\/resizer\/v2\/2N3T5X44IJELZMC6A4TJYNNOBQ.jpg?auth=e3c8b1eb38f226b5a6c15e57fb1246d75a599770fc336a29df5646db04d2044f&amp;smart=true&amp;width=992&amp;height=660&amp;quality=85\" media=\"(min-width: 1000px)\" \/><source srcset=\"https:\/\/www.infobae.com\/resizer\/v2\/2N3T5X44IJELZMC6A4TJYNNOBQ.jpg?auth=e3c8b1eb38f226b5a6c15e57fb1246d75a599770fc336a29df5646db04d2044f&amp;smart=true&amp;width=768&amp;height=511&amp;quality=85\" media=\"(min-width: 768px)\" \/><source srcset=\"https:\/\/www.infobae.com\/resizer\/v2\/2N3T5X44IJELZMC6A4TJYNNOBQ.jpg?auth=e3c8b1eb38f226b5a6c15e57fb1246d75a599770fc336a29df5646db04d2044f&amp;smart=true&amp;width=577&amp;height=384&amp;quality=85\" media=\"(min-width: 580px)\" \/><source srcset=\"https:\/\/www.infobae.com\/resizer\/v2\/2N3T5X44IJELZMC6A4TJYNNOBQ.jpg?auth=e3c8b1eb38f226b5a6c15e57fb1246d75a599770fc336a29df5646db04d2044f&amp;smart=true&amp;width=420&amp;height=279&amp;quality=85\" media=\"(min-width: 350px)\" \/><source srcset=\"https:\/\/www.infobae.com\/resizer\/v2\/2N3T5X44IJELZMC6A4TJYNNOBQ.jpg?auth=e3c8b1eb38f226b5a6c15e57fb1246d75a599770fc336a29df5646db04d2044f&amp;smart=true&amp;width=350&amp;height=233&amp;quality=85\" media=\"(min-width: 80px)\" \/><img decoding=\"async\" class=\"global-image\" src=\"https:\/\/www.infobae.com\/resizer\/v2\/2N3T5X44IJELZMC6A4TJYNNOBQ.jpg?auth=e3c8b1eb38f226b5a6c15e57fb1246d75a599770fc336a29df5646db04d2044f&amp;smart=true&amp;width=350&amp;height=233&amp;quality=85\" alt=\"Rub\u00e9n Blades trabaja en dos\" width=\"4064\" height=\"2704\" \/><\/picture>Rub\u00e9n Blades trabaja en dos nuevos \u00e1lbumes de salsa junto a Roberto Delgado y un disco en estilo &#8216;Mixtura&#8217; con Luis Enrique Becerra &#8211; cr\u00e9dito Fernando Alvarado\/EFE<\/div>\n<p class=\"paragraph\" data-mrf-recirculation=\"Links inline\">El int\u00e9rprete de cl\u00e1sicos de la m\u00fasica latinoamericana como\u00a0<i>Amor y Control<\/i>\u00a0o\u00a0<i>Pedro Navaja<\/i>\u00a0no dio detalles sobre las futuras presentaciones en vivo, pero se espera que durante los pr\u00f3ximos dos a\u00f1os vuelva a recorrer Am\u00e9rica y Europa con los cl\u00e1sicos de su repertorio.<\/p>\n<p class=\"paragraph\" data-mrf-recirculation=\"Links inline\">A lo largo de su carrera, Blades cant\u00f3 para Fania All Stars y Ray Barretto,\u00a0<b>antes de iniciar su m\u00e1s fruct\u00edfera colaboraci\u00f3n con Willie Col\u00f3n de la que se desprendieron\u00a0<\/b><i><b>Siembra<\/b><\/i><b>\u00a0y\u00a0<\/b><i><b>Maestra Vida<\/b><\/i><b>, dos de los LPs m\u00e1s exitosos de la era dorada de la salsa<\/b>.<\/p>\n<p class=\"paragraph\" data-mrf-recirculation=\"Links inline\">A partir de 1983 inici\u00f3 su carrera solista en la que destac\u00f3 la publicaci\u00f3n de\u00a0<i>Buscando Am\u00e9rica<\/i>\u00a0(1984), con el que fusion\u00f3 la salsa con distintos ritmos y dej\u00f3 ver el punto m\u00e1ximo de su compromiso sociopol\u00edtico en temas como\u00a0<i>Decisiones<\/i>,\u00a0<i>Desapariciones<\/i>,\u00a0<i>El Padre Antonio y el Monaquillo Andr\u00e9s<\/i>, o el tema que da nombre al disco.<\/p>\n<p class=\"paragraph\" data-mrf-recirculation=\"Links inline\">Cabe recordar que la \u00faltima visita de Blades a Colombia se produjo durante el Festival Cordillera 2025, donde fue una de las principales atracciones en una alineaci\u00f3n que incluy\u00f3 a Zo\u00e9, Los Bunkers, Carlos Vives, Fito P\u00e1ez, Miguel Bos\u00e9 o Illya Kuryaki And The Valderramas, entre otros.<\/p>\n<div class=\"pvc_clear\"><\/div>\n<p id=\"pvc_stats_35078\" class=\"pvc_stats all  \" data-element-id=\"35078\" style=\"\"><i class=\"pvc-stats-icon large\" aria-hidden=\"true\"><svg xmlns=\"http:\/\/www.w3.org\/2000\/svg\" version=\"1.0\" viewBox=\"0 0 502 315\" preserveAspectRatio=\"xMidYMid meet\"><g transform=\"translate(0,332) scale(0.1,-0.1)\" fill=\"\" stroke=\"none\"><path d=\"M2394 3279 l-29 -30 -3 -207 c-2 -182 0 -211 15 -242 39 -76 157 -76 196 0 15 31 17 60 15 243 l-3 209 -33 29 c-26 23 -41 29 -80 29 -41 0 -53 -5 -78 -31z\"\/><path d=\"M3085 3251 c-45 -19 -58 -50 -96 -229 -47 -217 -49 -260 -13 -295 52 -53 146 -42 177 20 16 31 87 366 87 410 0 70 -86 122 -155 94z\"\/><path d=\"M1751 3234 c-13 -9 -29 -31 -37 -50 -12 -29 -10 -49 21 -204 19 -94 39 -189 45 -210 14 -50 54 -80 110 -80 34 0 48 6 76 34 21 21 34 44 34 59 0 14 -18 113 -40 219 -37 178 -43 195 -70 221 -36 32 -101 37 -139 11z\"\/><path d=\"M1163 3073 c-36 -7 -73 -59 -73 -102 0 -56 133 -378 171 -413 34 -32 83 -37 129 -13 70 36 67 87 -16 290 -86 209 -89 214 -129 231 -35 14 -42 15 -82 7z\"\/><path d=\"M3689 3066 c-15 -9 -33 -30 -42 -48 -48 -103 -147 -355 -147 -375 0 -98 131 -148 192 -74 13 15 57 108 97 206 80 196 84 226 37 273 -30 30 -99 39 -137 18z\"\/><path d=\"M583 2784 c-38 -19 -67 -74 -58 -113 9 -42 211 -354 242 -373 16 -10 45 -18 66 -18 51 0 107 52 107 100 0 39 -1 41 -124 234 -80 126 -108 162 -133 173 -41 17 -61 16 -100 -3z\"\/><path d=\"M4250 2784 c-14 -9 -74 -91 -133 -183 -95 -150 -107 -173 -107 -213 0 -55 33 -94 87 -104 67 -13 90 8 211 198 130 202 137 225 78 284 -27 27 -42 34 -72 34 -22 0 -50 -8 -64 -16z\"\/><path d=\"M2275 2693 c-553 -48 -1095 -270 -1585 -649 -135 -104 -459 -423 -483 -476 -23 -49 -22 -139 2 -186 73 -142 361 -457 571 -626 285 -228 642 -407 990 -497 242 -63 336 -73 660 -74 310 0 370 5 595 52 535 111 1045 392 1455 803 122 121 250 273 275 326 19 41 19 137 0 174 -41 79 -309 363 -465 492 -447 370 -946 591 -1479 653 -113 14 -422 18 -536 8z m395 -428 c171 -34 330 -124 456 -258 112 -119 167 -219 211 -378 27 -96 24 -300 -5 -401 -72 -255 -236 -447 -474 -557 -132 -62 -201 -76 -368 -76 -167 0 -236 14 -368 76 -213 98 -373 271 -451 485 -162 444 86 934 547 1084 153 49 292 57 452 25z m909 -232 c222 -123 408 -262 593 -441 76 -74 138 -139 138 -144 0 -16 -233 -242 -330 -319 -155 -123 -309 -223 -461 -299 l-81 -41 32 46 c18 26 49 83 70 128 143 306 141 649 -6 957 -25 52 -61 116 -79 142 l-34 47 45 -20 c26 -10 76 -36 113 -56z m-2057 25 c-40 -58 -105 -190 -130 -263 -110 -324 -59 -707 132 -981 25 -35 42 -64 37 -64 -19 0 -241 119 -326 174 -188 122 -406 314 -532 468 l-58 71 108 103 c185 178 428 349 672 473 66 33 121 60 123 61 2 0 -10 -19 -26 -42z\"\/><path d=\"M2375 1950 c-198 -44 -350 -190 -395 -379 -18 -76 -8 -221 19 -290 114 -284 457 -406 731 -260 98 52 188 154 231 260 27 69 37 214 19 290 -38 163 -166 304 -326 360 -67 23 -215 33 -279 19z\"\/><\/g><\/svg><\/i> <img decoding=\"async\" width=\"16\" height=\"16\" alt=\"Loading\" src=\"https:\/\/esviafm.com\/wp-content\/plugins\/page-views-count\/ajax-loader-2x.gif\" border=0 \/><\/p>\n<div class=\"pvc_clear\"><\/div>\n","protected":false},"excerpt":{"rendered":"<p>A los 77 a\u00f1os, Rub\u00e9n Blades anunci\u00f3 que en 2027 dar\u00e1 por cerrada su actividad en vivo, dejando las giras internacionales a partir de ese a\u00f1o. Seg\u00fan dio a conocer el paname\u00f1o, uno de los m\u00e1ximos referentes de la salsa a lo largo de su historia, la decisi\u00f3n obedece a su intenci\u00f3n de radicarse en [&hellip;]<\/p>\n<div class=\"pvc_clear\"><\/div>\n<p id=\"pvc_stats_35078\" class=\"pvc_stats all  \" data-element-id=\"35078\" style=\"\"><i class=\"pvc-stats-icon large\" aria-hidden=\"true\"><svg xmlns=\"http:\/\/www.w3.org\/2000\/svg\" version=\"1.0\" viewBox=\"0 0 502 315\" preserveAspectRatio=\"xMidYMid meet\"><g transform=\"translate(0,332) scale(0.1,-0.1)\" fill=\"\" stroke=\"none\"><path d=\"M2394 3279 l-29 -30 -3 -207 c-2 -182 0 -211 15 -242 39 -76 157 -76 196 0 15 31 17 60 15 243 l-3 209 -33 29 c-26 23 -41 29 -80 29 -41 0 -53 -5 -78 -31z\"\/><path d=\"M3085 3251 c-45 -19 -58 -50 -96 -229 -47 -217 -49 -260 -13 -295 52 -53 146 -42 177 20 16 31 87 366 87 410 0 70 -86 122 -155 94z\"\/><path d=\"M1751 3234 c-13 -9 -29 -31 -37 -50 -12 -29 -10 -49 21 -204 19 -94 39 -189 45 -210 14 -50 54 -80 110 -80 34 0 48 6 76 34 21 21 34 44 34 59 0 14 -18 113 -40 219 -37 178 -43 195 -70 221 -36 32 -101 37 -139 11z\"\/><path d=\"M1163 3073 c-36 -7 -73 -59 -73 -102 0 -56 133 -378 171 -413 34 -32 83 -37 129 -13 70 36 67 87 -16 290 -86 209 -89 214 -129 231 -35 14 -42 15 -82 7z\"\/><path d=\"M3689 3066 c-15 -9 -33 -30 -42 -48 -48 -103 -147 -355 -147 -375 0 -98 131 -148 192 -74 13 15 57 108 97 206 80 196 84 226 37 273 -30 30 -99 39 -137 18z\"\/><path d=\"M583 2784 c-38 -19 -67 -74 -58 -113 9 -42 211 -354 242 -373 16 -10 45 -18 66 -18 51 0 107 52 107 100 0 39 -1 41 -124 234 -80 126 -108 162 -133 173 -41 17 -61 16 -100 -3z\"\/><path d=\"M4250 2784 c-14 -9 -74 -91 -133 -183 -95 -150 -107 -173 -107 -213 0 -55 33 -94 87 -104 67 -13 90 8 211 198 130 202 137 225 78 284 -27 27 -42 34 -72 34 -22 0 -50 -8 -64 -16z\"\/><path d=\"M2275 2693 c-553 -48 -1095 -270 -1585 -649 -135 -104 -459 -423 -483 -476 -23 -49 -22 -139 2 -186 73 -142 361 -457 571 -626 285 -228 642 -407 990 -497 242 -63 336 -73 660 -74 310 0 370 5 595 52 535 111 1045 392 1455 803 122 121 250 273 275 326 19 41 19 137 0 174 -41 79 -309 363 -465 492 -447 370 -946 591 -1479 653 -113 14 -422 18 -536 8z m395 -428 c171 -34 330 -124 456 -258 112 -119 167 -219 211 -378 27 -96 24 -300 -5 -401 -72 -255 -236 -447 -474 -557 -132 -62 -201 -76 -368 -76 -167 0 -236 14 -368 76 -213 98 -373 271 -451 485 -162 444 86 934 547 1084 153 49 292 57 452 25z m909 -232 c222 -123 408 -262 593 -441 76 -74 138 -139 138 -144 0 -16 -233 -242 -330 -319 -155 -123 -309 -223 -461 -299 l-81 -41 32 46 c18 26 49 83 70 128 143 306 141 649 -6 957 -25 52 -61 116 -79 142 l-34 47 45 -20 c26 -10 76 -36 113 -56z m-2057 25 c-40 -58 -105 -190 -130 -263 -110 -324 -59 -707 132 -981 25 -35 42 -64 37 -64 -19 0 -241 119 -326 174 -188 122 -406 314 -532 468 l-58 71 108 103 c185 178 428 349 672 473 66 33 121 60 123 61 2 0 -10 -19 -26 -42z\"\/><path d=\"M2375 1950 c-198 -44 -350 -190 -395 -379 -18 -76 -8 -221 19 -290 114 -284 457 -406 731 -260 98 52 188 154 231 260 27 69 37 214 19 290 -38 163 -166 304 -326 360 -67 23 -215 33 -279 19z\"\/><\/g><\/svg><\/i> <img decoding=\"async\" width=\"16\" height=\"16\" alt=\"Loading\" src=\"https:\/\/esviafm.com\/wp-content\/plugins\/page-views-count\/ajax-loader-2x.gif\" border=0 \/><\/p>\n<div class=\"pvc_clear\"><\/div>\n","protected":false},"author":7,"featured_media":35079,"comment_status":"open","ping_status":"open","sticky":false,"template":"","format":"standard","meta":{"_et_pb_use_builder":"","_et_pb_old_content":"","_et_gb_content_width":"","footnotes":""},"categories":[7],"tags":[],"class_list":["post-35078","post","type-post","status-publish","format-standard","has-post-thumbnail","hentry","category-farandula"],"_links":{"self":[{"href":"https:\/\/esviafm.com\/index.php\/wp-json\/wp\/v2\/posts\/35078","targetHints":{"allow":["GET"]}}],"collection":[{"href":"https:\/\/esviafm.com\/index.php\/wp-json\/wp\/v2\/posts"}],"about":[{"href":"https:\/\/esviafm.com\/index.php\/wp-json\/wp\/v2\/types\/post"}],"author":[{"embeddable":true,"href":"https:\/\/esviafm.com\/index.php\/wp-json\/wp\/v2\/users\/7"}],"replies":[{"embeddable":true,"href":"https:\/\/esviafm.com\/index.php\/wp-json\/wp\/v2\/comments?post=35078"}],"version-history":[{"count":1,"href":"https:\/\/esviafm.com\/index.php\/wp-json\/wp\/v2\/posts\/35078\/revisions"}],"predecessor-version":[{"id":35080,"href":"https:\/\/esviafm.com\/index.php\/wp-json\/wp\/v2\/posts\/35078\/revisions\/35080"}],"wp:featuredmedia":[{"embeddable":true,"href":"https:\/\/esviafm.com\/index.php\/wp-json\/wp\/v2\/media\/35079"}],"wp:attachment":[{"href":"https:\/\/esviafm.com\/index.php\/wp-json\/wp\/v2\/media?parent=35078"}],"wp:term":[{"taxonomy":"category","embeddable":true,"href":"https:\/\/esviafm.com\/index.php\/wp-json\/wp\/v2\/categories?post=35078"},{"taxonomy":"post_tag","embeddable":true,"href":"https:\/\/esviafm.com\/index.php\/wp-json\/wp\/v2\/tags?post=35078"}],"curies":[{"name":"wp","href":"https:\/\/api.w.org\/{rel}","templated":true}]}}