{"id":34935,"date":"2026-02-10T06:03:26","date_gmt":"2026-02-10T10:33:26","guid":{"rendered":"https:\/\/esviafm.com\/?p=34935"},"modified":"2026-02-10T06:03:26","modified_gmt":"2026-02-10T10:33:26","slug":"con-lagrimas-y-gaitas-el-pueblo-junto-a-los-chiquinquirenos-dicen-adios-a-renato-aguirre","status":"publish","type":"post","link":"https:\/\/esviafm.com\/index.php\/con-lagrimas-y-gaitas-el-pueblo-junto-a-los-chiquinquirenos-dicen-adios-a-renato-aguirre\/","title":{"rendered":"Con l\u00e1grimas y gaitas, el pueblo junto a los Chiquinquire\u00f1os dicen adi\u00f3s a Renato Aguirre"},"content":{"rendered":"<p>La Bas\u00edlica del Rosario de Chiquinquir\u00e1 fue el escenario de una emotiva misa de exequias en la que el pueblo zuliano, junto a los Chiquinquire\u00f1os, despidi\u00f3 con respeto y amor a Renato Aguirre, el \u00abPoeta Diamantino\u00bb.<\/p>\n<p><strong>Familiares, amigos y seguidores del gaitero se unieron en un \u00faltimo adi\u00f3s<\/strong>\u00a0en el mismo lugar que inspir\u00f3 tantas de sus canciones.<\/p>\n<p><strong>El f\u00e9retro de Aguirre fue llevado con solemnidad por sus seres queridos y servidores de Mar\u00eda<\/strong>, quienes lo acompa\u00f1aron en su \u00faltimo recorrido hacia la paz eterna.<\/p>\n<p>La ceremonia, presidida por el presb\u00edtero Jos\u00e9 Miguel Hern\u00e1ndez, fue un acto lleno de emoci\u00f3n, donde se evoc\u00f3 su legado musical y cultural.<\/p>\n<p>Durante la misa, el sacerdote record\u00f3:\u00a0<strong>\u00abSu vida fue un canto que dej\u00f3 la identidad de nuestro pueblo y de nuestra amada Virgen de Chiquinquir\u00e1\u00bb.<\/strong>\u00a0Con voz quebrada, continu\u00f3: \u00abSu voz sigue viva en cada verso de la gaita. Tu voz no se apaga, tu gaita permanece. Descansa en la paz del Se\u00f1or y que la Virgen de Chiquinquir\u00e1 te reciba en su regazo\u00bb, fueron palabras que resonaron en los corazones de todos los presentes, marcando el final de una era para la m\u00fasica gaitera.<\/p>\n<p><img fetchpriority=\"high\" fetchpriority=\"high\" decoding=\"async\" class=\"aligncenter wp-image-1411552 size-full\" src=\"https:\/\/media.diarioversionfinal.com\/wp-content\/uploads\/2026\/02\/WhatsApp-Image-2026-02-09-at-2.41.36-PM.jpeg\" sizes=\"(max-width: 1000px) 100vw, 1000px\" srcset=\"https:\/\/media.diarioversionfinal.com\/wp-content\/uploads\/2026\/02\/WhatsApp-Image-2026-02-09-at-2.41.36-PM-303x227.jpeg 303w, https:\/\/media.diarioversionfinal.com\/wp-content\/uploads\/2026\/02\/WhatsApp-Image-2026-02-09-at-2.41.36-PM-768x576.jpeg 768w, https:\/\/media.diarioversionfinal.com\/wp-content\/uploads\/2026\/02\/WhatsApp-Image-2026-02-09-at-2.41.36-PM-86x64.jpeg 86w, https:\/\/media.diarioversionfinal.com\/wp-content\/uploads\/2026\/02\/WhatsApp-Image-2026-02-09-at-2.41.36-PM.jpeg 1000w\" alt=\"\" width=\"1000\" height=\"750\" \/><\/p>\n<p><strong>El gobernador Luis Caldera y el alcalde Giancarlo Di Martino tambi\u00e9n se unieron a la ceremonia<\/strong>, destacando el inmenso legado cultural que Aguirre dej\u00f3 al Zulia. Caldera expres\u00f3: \u00abEstamos despidiendo a un orgullo zuliano\u00bb, mientras que Di Martino resalt\u00f3 que \u00ablos ni\u00f1os y ni\u00f1as deben ser como Renato, alegres y grandes como \u00e9l\u00bb.<\/p>\n<p>Asimismo, el Ministro de Comunicaci\u00f3n e informaci\u00f3n y vicepresidente sectorial de Comunicaci\u00f3n y Cultural, Miguel P\u00e9rez Pirela, expres\u00f3 que es \u00abun honor estar aqu\u00ed junto a la familia de Renato, quien fue un pilar fundamental de la identidad zuliana\u00bb.<\/p>\n<p><img decoding=\"async\" class=\"aligncenter wp-image-1411553 size-full\" src=\"https:\/\/media.diarioversionfinal.com\/wp-content\/uploads\/2026\/02\/WhatsApp-Image-2026-02-09-at-2.41.38-PM.jpeg\" sizes=\"(max-width: 1000px) 100vw, 1000px\" srcset=\"https:\/\/media.diarioversionfinal.com\/wp-content\/uploads\/2026\/02\/WhatsApp-Image-2026-02-09-at-2.41.38-PM-303x227.jpeg 303w, https:\/\/media.diarioversionfinal.com\/wp-content\/uploads\/2026\/02\/WhatsApp-Image-2026-02-09-at-2.41.38-PM-768x576.jpeg 768w, https:\/\/media.diarioversionfinal.com\/wp-content\/uploads\/2026\/02\/WhatsApp-Image-2026-02-09-at-2.41.38-PM-86x64.jpeg 86w, https:\/\/media.diarioversionfinal.com\/wp-content\/uploads\/2026\/02\/WhatsApp-Image-2026-02-09-at-2.41.38-PM.jpeg 1000w\" alt=\"\" width=\"1000\" height=\"750\" \/><\/p>\n<p>El pueblo de Chiquinquir\u00e1, unido en su pena y gratitud, despidi\u00f3 a su querido \u00abPoeta Diamantino\u00bb, sabiendo que su m\u00fasica y su legado vivir\u00e1n por siempre en el alma de la regi\u00f3n.<\/p>\n<div class=\"pvc_clear\"><\/div>\n<p id=\"pvc_stats_34935\" class=\"pvc_stats all  \" data-element-id=\"34935\" style=\"\"><i class=\"pvc-stats-icon large\" aria-hidden=\"true\"><svg xmlns=\"http:\/\/www.w3.org\/2000\/svg\" version=\"1.0\" viewBox=\"0 0 502 315\" preserveAspectRatio=\"xMidYMid meet\"><g transform=\"translate(0,332) scale(0.1,-0.1)\" fill=\"\" stroke=\"none\"><path d=\"M2394 3279 l-29 -30 -3 -207 c-2 -182 0 -211 15 -242 39 -76 157 -76 196 0 15 31 17 60 15 243 l-3 209 -33 29 c-26 23 -41 29 -80 29 -41 0 -53 -5 -78 -31z\"\/><path d=\"M3085 3251 c-45 -19 -58 -50 -96 -229 -47 -217 -49 -260 -13 -295 52 -53 146 -42 177 20 16 31 87 366 87 410 0 70 -86 122 -155 94z\"\/><path d=\"M1751 3234 c-13 -9 -29 -31 -37 -50 -12 -29 -10 -49 21 -204 19 -94 39 -189 45 -210 14 -50 54 -80 110 -80 34 0 48 6 76 34 21 21 34 44 34 59 0 14 -18 113 -40 219 -37 178 -43 195 -70 221 -36 32 -101 37 -139 11z\"\/><path d=\"M1163 3073 c-36 -7 -73 -59 -73 -102 0 -56 133 -378 171 -413 34 -32 83 -37 129 -13 70 36 67 87 -16 290 -86 209 -89 214 -129 231 -35 14 -42 15 -82 7z\"\/><path d=\"M3689 3066 c-15 -9 -33 -30 -42 -48 -48 -103 -147 -355 -147 -375 0 -98 131 -148 192 -74 13 15 57 108 97 206 80 196 84 226 37 273 -30 30 -99 39 -137 18z\"\/><path d=\"M583 2784 c-38 -19 -67 -74 -58 -113 9 -42 211 -354 242 -373 16 -10 45 -18 66 -18 51 0 107 52 107 100 0 39 -1 41 -124 234 -80 126 -108 162 -133 173 -41 17 -61 16 -100 -3z\"\/><path d=\"M4250 2784 c-14 -9 -74 -91 -133 -183 -95 -150 -107 -173 -107 -213 0 -55 33 -94 87 -104 67 -13 90 8 211 198 130 202 137 225 78 284 -27 27 -42 34 -72 34 -22 0 -50 -8 -64 -16z\"\/><path d=\"M2275 2693 c-553 -48 -1095 -270 -1585 -649 -135 -104 -459 -423 -483 -476 -23 -49 -22 -139 2 -186 73 -142 361 -457 571 -626 285 -228 642 -407 990 -497 242 -63 336 -73 660 -74 310 0 370 5 595 52 535 111 1045 392 1455 803 122 121 250 273 275 326 19 41 19 137 0 174 -41 79 -309 363 -465 492 -447 370 -946 591 -1479 653 -113 14 -422 18 -536 8z m395 -428 c171 -34 330 -124 456 -258 112 -119 167 -219 211 -378 27 -96 24 -300 -5 -401 -72 -255 -236 -447 -474 -557 -132 -62 -201 -76 -368 -76 -167 0 -236 14 -368 76 -213 98 -373 271 -451 485 -162 444 86 934 547 1084 153 49 292 57 452 25z m909 -232 c222 -123 408 -262 593 -441 76 -74 138 -139 138 -144 0 -16 -233 -242 -330 -319 -155 -123 -309 -223 -461 -299 l-81 -41 32 46 c18 26 49 83 70 128 143 306 141 649 -6 957 -25 52 -61 116 -79 142 l-34 47 45 -20 c26 -10 76 -36 113 -56z m-2057 25 c-40 -58 -105 -190 -130 -263 -110 -324 -59 -707 132 -981 25 -35 42 -64 37 -64 -19 0 -241 119 -326 174 -188 122 -406 314 -532 468 l-58 71 108 103 c185 178 428 349 672 473 66 33 121 60 123 61 2 0 -10 -19 -26 -42z\"\/><path d=\"M2375 1950 c-198 -44 -350 -190 -395 -379 -18 -76 -8 -221 19 -290 114 -284 457 -406 731 -260 98 52 188 154 231 260 27 69 37 214 19 290 -38 163 -166 304 -326 360 -67 23 -215 33 -279 19z\"\/><\/g><\/svg><\/i> <img decoding=\"async\" width=\"16\" height=\"16\" alt=\"Loading\" src=\"https:\/\/esviafm.com\/wp-content\/plugins\/page-views-count\/ajax-loader-2x.gif\" border=0 \/><\/p>\n<div class=\"pvc_clear\"><\/div>\n","protected":false},"excerpt":{"rendered":"<p>La Bas\u00edlica del Rosario de Chiquinquir\u00e1 fue el escenario de una emotiva misa de exequias en la que el pueblo zuliano, junto a los Chiquinquire\u00f1os, despidi\u00f3 con respeto y amor a Renato Aguirre, el \u00abPoeta Diamantino\u00bb. Familiares, amigos y seguidores del gaitero se unieron en un \u00faltimo adi\u00f3s\u00a0en el mismo lugar que inspir\u00f3 tantas de [&hellip;]<\/p>\n<div class=\"pvc_clear\"><\/div>\n<p id=\"pvc_stats_34935\" class=\"pvc_stats all  \" data-element-id=\"34935\" style=\"\"><i class=\"pvc-stats-icon large\" aria-hidden=\"true\"><svg xmlns=\"http:\/\/www.w3.org\/2000\/svg\" version=\"1.0\" viewBox=\"0 0 502 315\" preserveAspectRatio=\"xMidYMid meet\"><g transform=\"translate(0,332) scale(0.1,-0.1)\" fill=\"\" stroke=\"none\"><path d=\"M2394 3279 l-29 -30 -3 -207 c-2 -182 0 -211 15 -242 39 -76 157 -76 196 0 15 31 17 60 15 243 l-3 209 -33 29 c-26 23 -41 29 -80 29 -41 0 -53 -5 -78 -31z\"\/><path d=\"M3085 3251 c-45 -19 -58 -50 -96 -229 -47 -217 -49 -260 -13 -295 52 -53 146 -42 177 20 16 31 87 366 87 410 0 70 -86 122 -155 94z\"\/><path d=\"M1751 3234 c-13 -9 -29 -31 -37 -50 -12 -29 -10 -49 21 -204 19 -94 39 -189 45 -210 14 -50 54 -80 110 -80 34 0 48 6 76 34 21 21 34 44 34 59 0 14 -18 113 -40 219 -37 178 -43 195 -70 221 -36 32 -101 37 -139 11z\"\/><path d=\"M1163 3073 c-36 -7 -73 -59 -73 -102 0 -56 133 -378 171 -413 34 -32 83 -37 129 -13 70 36 67 87 -16 290 -86 209 -89 214 -129 231 -35 14 -42 15 -82 7z\"\/><path d=\"M3689 3066 c-15 -9 -33 -30 -42 -48 -48 -103 -147 -355 -147 -375 0 -98 131 -148 192 -74 13 15 57 108 97 206 80 196 84 226 37 273 -30 30 -99 39 -137 18z\"\/><path d=\"M583 2784 c-38 -19 -67 -74 -58 -113 9 -42 211 -354 242 -373 16 -10 45 -18 66 -18 51 0 107 52 107 100 0 39 -1 41 -124 234 -80 126 -108 162 -133 173 -41 17 -61 16 -100 -3z\"\/><path d=\"M4250 2784 c-14 -9 -74 -91 -133 -183 -95 -150 -107 -173 -107 -213 0 -55 33 -94 87 -104 67 -13 90 8 211 198 130 202 137 225 78 284 -27 27 -42 34 -72 34 -22 0 -50 -8 -64 -16z\"\/><path d=\"M2275 2693 c-553 -48 -1095 -270 -1585 -649 -135 -104 -459 -423 -483 -476 -23 -49 -22 -139 2 -186 73 -142 361 -457 571 -626 285 -228 642 -407 990 -497 242 -63 336 -73 660 -74 310 0 370 5 595 52 535 111 1045 392 1455 803 122 121 250 273 275 326 19 41 19 137 0 174 -41 79 -309 363 -465 492 -447 370 -946 591 -1479 653 -113 14 -422 18 -536 8z m395 -428 c171 -34 330 -124 456 -258 112 -119 167 -219 211 -378 27 -96 24 -300 -5 -401 -72 -255 -236 -447 -474 -557 -132 -62 -201 -76 -368 -76 -167 0 -236 14 -368 76 -213 98 -373 271 -451 485 -162 444 86 934 547 1084 153 49 292 57 452 25z m909 -232 c222 -123 408 -262 593 -441 76 -74 138 -139 138 -144 0 -16 -233 -242 -330 -319 -155 -123 -309 -223 -461 -299 l-81 -41 32 46 c18 26 49 83 70 128 143 306 141 649 -6 957 -25 52 -61 116 -79 142 l-34 47 45 -20 c26 -10 76 -36 113 -56z m-2057 25 c-40 -58 -105 -190 -130 -263 -110 -324 -59 -707 132 -981 25 -35 42 -64 37 -64 -19 0 -241 119 -326 174 -188 122 -406 314 -532 468 l-58 71 108 103 c185 178 428 349 672 473 66 33 121 60 123 61 2 0 -10 -19 -26 -42z\"\/><path d=\"M2375 1950 c-198 -44 -350 -190 -395 -379 -18 -76 -8 -221 19 -290 114 -284 457 -406 731 -260 98 52 188 154 231 260 27 69 37 214 19 290 -38 163 -166 304 -326 360 -67 23 -215 33 -279 19z\"\/><\/g><\/svg><\/i> <img decoding=\"async\" width=\"16\" height=\"16\" alt=\"Loading\" src=\"https:\/\/esviafm.com\/wp-content\/plugins\/page-views-count\/ajax-loader-2x.gif\" border=0 \/><\/p>\n<div class=\"pvc_clear\"><\/div>\n","protected":false},"author":7,"featured_media":34936,"comment_status":"open","ping_status":"open","sticky":false,"template":"","format":"standard","meta":{"_et_pb_use_builder":"","_et_pb_old_content":"","_et_gb_content_width":"","footnotes":""},"categories":[7],"tags":[],"class_list":["post-34935","post","type-post","status-publish","format-standard","has-post-thumbnail","hentry","category-farandula"],"_links":{"self":[{"href":"https:\/\/esviafm.com\/index.php\/wp-json\/wp\/v2\/posts\/34935","targetHints":{"allow":["GET"]}}],"collection":[{"href":"https:\/\/esviafm.com\/index.php\/wp-json\/wp\/v2\/posts"}],"about":[{"href":"https:\/\/esviafm.com\/index.php\/wp-json\/wp\/v2\/types\/post"}],"author":[{"embeddable":true,"href":"https:\/\/esviafm.com\/index.php\/wp-json\/wp\/v2\/users\/7"}],"replies":[{"embeddable":true,"href":"https:\/\/esviafm.com\/index.php\/wp-json\/wp\/v2\/comments?post=34935"}],"version-history":[{"count":1,"href":"https:\/\/esviafm.com\/index.php\/wp-json\/wp\/v2\/posts\/34935\/revisions"}],"predecessor-version":[{"id":34937,"href":"https:\/\/esviafm.com\/index.php\/wp-json\/wp\/v2\/posts\/34935\/revisions\/34937"}],"wp:featuredmedia":[{"embeddable":true,"href":"https:\/\/esviafm.com\/index.php\/wp-json\/wp\/v2\/media\/34936"}],"wp:attachment":[{"href":"https:\/\/esviafm.com\/index.php\/wp-json\/wp\/v2\/media?parent=34935"}],"wp:term":[{"taxonomy":"category","embeddable":true,"href":"https:\/\/esviafm.com\/index.php\/wp-json\/wp\/v2\/categories?post=34935"},{"taxonomy":"post_tag","embeddable":true,"href":"https:\/\/esviafm.com\/index.php\/wp-json\/wp\/v2\/tags?post=34935"}],"curies":[{"name":"wp","href":"https:\/\/api.w.org\/{rel}","templated":true}]}}