{"id":34893,"date":"2026-02-09T06:41:00","date_gmt":"2026-02-09T11:11:00","guid":{"rendered":"https:\/\/esviafm.com\/?p=34893"},"modified":"2026-02-09T06:41:00","modified_gmt":"2026-02-09T11:11:00","slug":"nacionalesimpulsan-politica-nacional-de-siembra-de-agua-para-la-recuperacion-hidrica","status":"publish","type":"post","link":"https:\/\/esviafm.com\/index.php\/nacionalesimpulsan-politica-nacional-de-siembra-de-agua-para-la-recuperacion-hidrica\/","title":{"rendered":"NacionalesImpulsan pol\u00edtica nacional de siembra de agua para la recuperaci\u00f3n h\u00eddrica"},"content":{"rendered":"<p>En un esfuerzo articulado por transformar la gesti\u00f3n h\u00eddrica del pa\u00eds, el ministro del Poder Popular para el Ecosocialismo,\u00a0<strong>Freddy<\/strong>\u00a0<strong>Nazareth \u00d1\u00e1\u00f1ez<\/strong>, formaliz\u00f3 el lanzamiento de la \u201c<em>Siembra de Agua\u201d<\/em>\u00a0como pol\u00edtica nacional de recuperaci\u00f3n ambiental.<\/p>\n<p>A trav\u00e9s de un encuentro estrat\u00e9gico con redes ambientalistas y el Poder Popular, el Ejecutivo nacional inici\u00f3 la sistematizaci\u00f3n de experiencias comunitarias exitosas para escalarlas a un modelo de preservaci\u00f3n sustentable que\u00a0<a id=\"https:\/\/www.minec.gob.ve\/venezuela-impulsa-la-siembra-de-agua-como-politica-nacional-para-la-recuperacion-hidrica-y-ambiental\/\" href=\"https:\/\/www.minec.gob.ve\/venezuela-impulsa-la-siembra-de-agua-como-politica-nacional-para-la-recuperacion-hidrica-y-ambiental\/\">garantice la seguridad h\u00eddrica<\/a>\u00a0en todo el territorio venezolano.<\/p>\n<p>Durante la jornada celebrada en Caracas, se definieron los pilares de esta pr\u00e1ctica, la cual amalgama principios pedag\u00f3gicos, culturales y cient\u00edficos.<\/p>\n<p>El objetivo central es la recuperaci\u00f3n de fuentes naturales mediante la reforestaci\u00f3n estrat\u00e9gica, la conservaci\u00f3n de suelos y el manejo sustentable de las cuencas.<\/p>\n<blockquote class=\"wp-block-quote is-layout-flow wp-block-quote-is-layout-flow\"><p>\u201cEste ser\u00e1 el a\u00f1o de la Siembra del Agua para demostrar al mundo lo que Venezuela viene adelantando en la materia, con experiencias que integran la totalidad de la vida humana\u201d, puntualiz\u00f3 el ministro \u00d1\u00e1\u00f1ez.<\/p><\/blockquote>\n<p>Como parte de este despliegue, el titular de la cartera ambiental anunci\u00f3 que la Universidad Popular del Ambiente \u2018Fruto Vivas\u2019 asumir\u00e1 el rol de plataforma formativa acad\u00e9mica para masificar la defensa de la naturaleza y los recursos h\u00eddricos.<\/p>\n<h2 class=\"wp-block-heading\">Resultados territoriales<\/h2>\n<p>La reuni\u00f3n permiti\u00f3 visibilizar logros de m\u00e1s de una d\u00e9cada de gesti\u00f3n comunitaria en diversas biorregiones:<\/p>\n<ul class=\"wp-block-list\">\n<li>Regi\u00f3n Caribe y Yaracuy: Se destac\u00f3 la consolidaci\u00f3n de \u00abEscuelas de Cuencas\u00bb y la participaci\u00f3n docente para instaurar una pol\u00edtica ciudadana de gesti\u00f3n h\u00eddrica.<\/li>\n<li>Regi\u00f3n Andina (Trujillo): Se resalt\u00f3 la organizaci\u00f3n del Encuentro Nacional de Sembradores de Agua como espacio clave para el intercambio de saberes ancestrales.<\/li>\n<li>Estado Sucre: Voceros reportaron la recuperaci\u00f3n efectiva de manantiales y pozos.<\/li>\n<li>Adem\u00e1s, asegur\u00f3 que la restauraci\u00f3n de la capa vegetal es la principal barrera contra sequ\u00edas e incendios forestales.<\/li>\n<\/ul>\n<p>&nbsp;<\/p>\n<p>Los resultados de estas mesas de trabajo ser\u00e1n el eje central de las acciones programadas para el D\u00eda Mundial del Agua, el pr\u00f3ximo 22 de marzo.<\/p>\n<p>En dicha fecha, el Estado venezolano ratificar\u00e1 su compromiso con una gesti\u00f3n participativa que combine el conocimiento tradicional con el respaldo t\u00e9cnico-institucional.<\/p>\n<figure class=\"wp-block-image size-large\"><img fetchpriority=\"high\" fetchpriority=\"high\" decoding=\"async\" class=\"wp-image-162250\" src=\"https:\/\/radiomiraflores.net.ve\/wp-content\/uploads\/2026\/02\/1001539231-600x800.jpg\" sizes=\"(max-width: 600px) 100vw, 600px\" srcset=\"https:\/\/radiomiraflores.net.ve\/wp-content\/uploads\/2026\/02\/1001539231-600x800.jpg 600w, https:\/\/radiomiraflores.net.ve\/wp-content\/uploads\/2026\/02\/1001539231-300x400.jpg 300w, https:\/\/radiomiraflores.net.ve\/wp-content\/uploads\/2026\/02\/1001539231-768x1024.jpg 768w, https:\/\/radiomiraflores.net.ve\/wp-content\/uploads\/2026\/02\/1001539231.jpg 960w\" alt=\"\" width=\"600\" height=\"800\" \/><\/figure>\n<div class=\"pvc_clear\"><\/div>\n<p id=\"pvc_stats_34893\" class=\"pvc_stats all  \" data-element-id=\"34893\" style=\"\"><i class=\"pvc-stats-icon large\" aria-hidden=\"true\"><svg xmlns=\"http:\/\/www.w3.org\/2000\/svg\" version=\"1.0\" viewBox=\"0 0 502 315\" preserveAspectRatio=\"xMidYMid meet\"><g transform=\"translate(0,332) scale(0.1,-0.1)\" fill=\"\" stroke=\"none\"><path d=\"M2394 3279 l-29 -30 -3 -207 c-2 -182 0 -211 15 -242 39 -76 157 -76 196 0 15 31 17 60 15 243 l-3 209 -33 29 c-26 23 -41 29 -80 29 -41 0 -53 -5 -78 -31z\"\/><path d=\"M3085 3251 c-45 -19 -58 -50 -96 -229 -47 -217 -49 -260 -13 -295 52 -53 146 -42 177 20 16 31 87 366 87 410 0 70 -86 122 -155 94z\"\/><path d=\"M1751 3234 c-13 -9 -29 -31 -37 -50 -12 -29 -10 -49 21 -204 19 -94 39 -189 45 -210 14 -50 54 -80 110 -80 34 0 48 6 76 34 21 21 34 44 34 59 0 14 -18 113 -40 219 -37 178 -43 195 -70 221 -36 32 -101 37 -139 11z\"\/><path d=\"M1163 3073 c-36 -7 -73 -59 -73 -102 0 -56 133 -378 171 -413 34 -32 83 -37 129 -13 70 36 67 87 -16 290 -86 209 -89 214 -129 231 -35 14 -42 15 -82 7z\"\/><path d=\"M3689 3066 c-15 -9 -33 -30 -42 -48 -48 -103 -147 -355 -147 -375 0 -98 131 -148 192 -74 13 15 57 108 97 206 80 196 84 226 37 273 -30 30 -99 39 -137 18z\"\/><path d=\"M583 2784 c-38 -19 -67 -74 -58 -113 9 -42 211 -354 242 -373 16 -10 45 -18 66 -18 51 0 107 52 107 100 0 39 -1 41 -124 234 -80 126 -108 162 -133 173 -41 17 -61 16 -100 -3z\"\/><path d=\"M4250 2784 c-14 -9 -74 -91 -133 -183 -95 -150 -107 -173 -107 -213 0 -55 33 -94 87 -104 67 -13 90 8 211 198 130 202 137 225 78 284 -27 27 -42 34 -72 34 -22 0 -50 -8 -64 -16z\"\/><path d=\"M2275 2693 c-553 -48 -1095 -270 -1585 -649 -135 -104 -459 -423 -483 -476 -23 -49 -22 -139 2 -186 73 -142 361 -457 571 -626 285 -228 642 -407 990 -497 242 -63 336 -73 660 -74 310 0 370 5 595 52 535 111 1045 392 1455 803 122 121 250 273 275 326 19 41 19 137 0 174 -41 79 -309 363 -465 492 -447 370 -946 591 -1479 653 -113 14 -422 18 -536 8z m395 -428 c171 -34 330 -124 456 -258 112 -119 167 -219 211 -378 27 -96 24 -300 -5 -401 -72 -255 -236 -447 -474 -557 -132 -62 -201 -76 -368 -76 -167 0 -236 14 -368 76 -213 98 -373 271 -451 485 -162 444 86 934 547 1084 153 49 292 57 452 25z m909 -232 c222 -123 408 -262 593 -441 76 -74 138 -139 138 -144 0 -16 -233 -242 -330 -319 -155 -123 -309 -223 -461 -299 l-81 -41 32 46 c18 26 49 83 70 128 143 306 141 649 -6 957 -25 52 -61 116 -79 142 l-34 47 45 -20 c26 -10 76 -36 113 -56z m-2057 25 c-40 -58 -105 -190 -130 -263 -110 -324 -59 -707 132 -981 25 -35 42 -64 37 -64 -19 0 -241 119 -326 174 -188 122 -406 314 -532 468 l-58 71 108 103 c185 178 428 349 672 473 66 33 121 60 123 61 2 0 -10 -19 -26 -42z\"\/><path d=\"M2375 1950 c-198 -44 -350 -190 -395 -379 -18 -76 -8 -221 19 -290 114 -284 457 -406 731 -260 98 52 188 154 231 260 27 69 37 214 19 290 -38 163 -166 304 -326 360 -67 23 -215 33 -279 19z\"\/><\/g><\/svg><\/i> <img decoding=\"async\" width=\"16\" height=\"16\" alt=\"Loading\" src=\"https:\/\/esviafm.com\/wp-content\/plugins\/page-views-count\/ajax-loader-2x.gif\" border=0 \/><\/p>\n<div class=\"pvc_clear\"><\/div>\n","protected":false},"excerpt":{"rendered":"<p>En un esfuerzo articulado por transformar la gesti\u00f3n h\u00eddrica del pa\u00eds, el ministro del Poder Popular para el Ecosocialismo,\u00a0Freddy\u00a0Nazareth \u00d1\u00e1\u00f1ez, formaliz\u00f3 el lanzamiento de la \u201cSiembra de Agua\u201d\u00a0como pol\u00edtica nacional de recuperaci\u00f3n ambiental. A trav\u00e9s de un encuentro estrat\u00e9gico con redes ambientalistas y el Poder Popular, el Ejecutivo nacional inici\u00f3 la sistematizaci\u00f3n de experiencias comunitarias [&hellip;]<\/p>\n<div class=\"pvc_clear\"><\/div>\n<p id=\"pvc_stats_34893\" class=\"pvc_stats all  \" data-element-id=\"34893\" style=\"\"><i class=\"pvc-stats-icon large\" aria-hidden=\"true\"><svg xmlns=\"http:\/\/www.w3.org\/2000\/svg\" version=\"1.0\" viewBox=\"0 0 502 315\" preserveAspectRatio=\"xMidYMid meet\"><g transform=\"translate(0,332) scale(0.1,-0.1)\" fill=\"\" stroke=\"none\"><path d=\"M2394 3279 l-29 -30 -3 -207 c-2 -182 0 -211 15 -242 39 -76 157 -76 196 0 15 31 17 60 15 243 l-3 209 -33 29 c-26 23 -41 29 -80 29 -41 0 -53 -5 -78 -31z\"\/><path d=\"M3085 3251 c-45 -19 -58 -50 -96 -229 -47 -217 -49 -260 -13 -295 52 -53 146 -42 177 20 16 31 87 366 87 410 0 70 -86 122 -155 94z\"\/><path d=\"M1751 3234 c-13 -9 -29 -31 -37 -50 -12 -29 -10 -49 21 -204 19 -94 39 -189 45 -210 14 -50 54 -80 110 -80 34 0 48 6 76 34 21 21 34 44 34 59 0 14 -18 113 -40 219 -37 178 -43 195 -70 221 -36 32 -101 37 -139 11z\"\/><path d=\"M1163 3073 c-36 -7 -73 -59 -73 -102 0 -56 133 -378 171 -413 34 -32 83 -37 129 -13 70 36 67 87 -16 290 -86 209 -89 214 -129 231 -35 14 -42 15 -82 7z\"\/><path d=\"M3689 3066 c-15 -9 -33 -30 -42 -48 -48 -103 -147 -355 -147 -375 0 -98 131 -148 192 -74 13 15 57 108 97 206 80 196 84 226 37 273 -30 30 -99 39 -137 18z\"\/><path d=\"M583 2784 c-38 -19 -67 -74 -58 -113 9 -42 211 -354 242 -373 16 -10 45 -18 66 -18 51 0 107 52 107 100 0 39 -1 41 -124 234 -80 126 -108 162 -133 173 -41 17 -61 16 -100 -3z\"\/><path d=\"M4250 2784 c-14 -9 -74 -91 -133 -183 -95 -150 -107 -173 -107 -213 0 -55 33 -94 87 -104 67 -13 90 8 211 198 130 202 137 225 78 284 -27 27 -42 34 -72 34 -22 0 -50 -8 -64 -16z\"\/><path d=\"M2275 2693 c-553 -48 -1095 -270 -1585 -649 -135 -104 -459 -423 -483 -476 -23 -49 -22 -139 2 -186 73 -142 361 -457 571 -626 285 -228 642 -407 990 -497 242 -63 336 -73 660 -74 310 0 370 5 595 52 535 111 1045 392 1455 803 122 121 250 273 275 326 19 41 19 137 0 174 -41 79 -309 363 -465 492 -447 370 -946 591 -1479 653 -113 14 -422 18 -536 8z m395 -428 c171 -34 330 -124 456 -258 112 -119 167 -219 211 -378 27 -96 24 -300 -5 -401 -72 -255 -236 -447 -474 -557 -132 -62 -201 -76 -368 -76 -167 0 -236 14 -368 76 -213 98 -373 271 -451 485 -162 444 86 934 547 1084 153 49 292 57 452 25z m909 -232 c222 -123 408 -262 593 -441 76 -74 138 -139 138 -144 0 -16 -233 -242 -330 -319 -155 -123 -309 -223 -461 -299 l-81 -41 32 46 c18 26 49 83 70 128 143 306 141 649 -6 957 -25 52 -61 116 -79 142 l-34 47 45 -20 c26 -10 76 -36 113 -56z m-2057 25 c-40 -58 -105 -190 -130 -263 -110 -324 -59 -707 132 -981 25 -35 42 -64 37 -64 -19 0 -241 119 -326 174 -188 122 -406 314 -532 468 l-58 71 108 103 c185 178 428 349 672 473 66 33 121 60 123 61 2 0 -10 -19 -26 -42z\"\/><path d=\"M2375 1950 c-198 -44 -350 -190 -395 -379 -18 -76 -8 -221 19 -290 114 -284 457 -406 731 -260 98 52 188 154 231 260 27 69 37 214 19 290 -38 163 -166 304 -326 360 -67 23 -215 33 -279 19z\"\/><\/g><\/svg><\/i> <img decoding=\"async\" width=\"16\" height=\"16\" alt=\"Loading\" src=\"https:\/\/esviafm.com\/wp-content\/plugins\/page-views-count\/ajax-loader-2x.gif\" border=0 \/><\/p>\n<div class=\"pvc_clear\"><\/div>\n","protected":false},"author":7,"featured_media":34894,"comment_status":"open","ping_status":"open","sticky":false,"template":"","format":"standard","meta":{"_et_pb_use_builder":"","_et_pb_old_content":"","_et_gb_content_width":"","footnotes":""},"categories":[25],"tags":[],"class_list":["post-34893","post","type-post","status-publish","format-standard","has-post-thumbnail","hentry","category-nacionales"],"_links":{"self":[{"href":"https:\/\/esviafm.com\/index.php\/wp-json\/wp\/v2\/posts\/34893","targetHints":{"allow":["GET"]}}],"collection":[{"href":"https:\/\/esviafm.com\/index.php\/wp-json\/wp\/v2\/posts"}],"about":[{"href":"https:\/\/esviafm.com\/index.php\/wp-json\/wp\/v2\/types\/post"}],"author":[{"embeddable":true,"href":"https:\/\/esviafm.com\/index.php\/wp-json\/wp\/v2\/users\/7"}],"replies":[{"embeddable":true,"href":"https:\/\/esviafm.com\/index.php\/wp-json\/wp\/v2\/comments?post=34893"}],"version-history":[{"count":1,"href":"https:\/\/esviafm.com\/index.php\/wp-json\/wp\/v2\/posts\/34893\/revisions"}],"predecessor-version":[{"id":34895,"href":"https:\/\/esviafm.com\/index.php\/wp-json\/wp\/v2\/posts\/34893\/revisions\/34895"}],"wp:featuredmedia":[{"embeddable":true,"href":"https:\/\/esviafm.com\/index.php\/wp-json\/wp\/v2\/media\/34894"}],"wp:attachment":[{"href":"https:\/\/esviafm.com\/index.php\/wp-json\/wp\/v2\/media?parent=34893"}],"wp:term":[{"taxonomy":"category","embeddable":true,"href":"https:\/\/esviafm.com\/index.php\/wp-json\/wp\/v2\/categories?post=34893"},{"taxonomy":"post_tag","embeddable":true,"href":"https:\/\/esviafm.com\/index.php\/wp-json\/wp\/v2\/tags?post=34893"}],"curies":[{"name":"wp","href":"https:\/\/api.w.org\/{rel}","templated":true}]}}