{"id":34607,"date":"2026-02-03T06:43:12","date_gmt":"2026-02-03T11:13:12","guid":{"rendered":"https:\/\/esviafm.com\/?p=34607"},"modified":"2026-02-03T06:43:12","modified_gmt":"2026-02-03T11:13:12","slug":"estudiantes-de-la-ucv-convocan-protesta-para-exigir-amnistia-total-para-presos-politicos","status":"publish","type":"post","link":"https:\/\/esviafm.com\/index.php\/estudiantes-de-la-ucv-convocan-protesta-para-exigir-amnistia-total-para-presos-politicos\/","title":{"rendered":"Estudiantes de la UCV convocan protesta para exigir amnist\u00eda total para presos pol\u00edticos"},"content":{"rendered":"<p>El movimiento estudiantil de la Universidad Central de Venezuela (UCV) convoc\u00f3 para el martes 3 de febrero una\u00a0<strong>protesta en los espacios de la casa de estudios con el fin de exigir\u00a0<a href=\"https:\/\/www.elnacional.com\/2026\/02\/foro-penal-contabiliza-344-excarcelaciones-de-presos-politicos-en-venezuela-desde-el-8-de-enero\/\" target=\"_blank\" rel=\"noreferrer noopener\">amnist\u00eda total para los presos pol\u00edticos del pa\u00eds<\/a>.<\/strong><\/p>\n<p>A trav\u00e9s de\u00a0<a href=\"https:\/\/www.instagram.com\/p\/DUMsUGREcp4\/?utm_source=ig_web_copy_link&amp;igsh=MzRlODBiNWFlZA==\" target=\"_blank\" rel=\"noreferrer noopener\">redes sociales<\/a>, los estudiantes indicaron que el punto de encuentro ser\u00e1 la Federaci\u00f3n de Centros Universitarios de la UCV a las 10:00 am.<\/p>\n<p>Los estudiantes recordaron que la UCV es una casa con m\u00e1s de 300 a\u00f1os de historia que ha sido escenario de luchas democr\u00e1ticas, por lo que afirmaron que su comunidad no permanecer\u00e1 en silencio ante las detenciones que consideran arbitrarias.<\/p>\n<h2 id=\"h-reclamo-por-amnistia-no-selectiva\" class=\"wp-block-heading\">Reclamo por amnist\u00eda \u201cno selectiva\u201d<\/h2>\n<p>\u201cSomos parte de una comunidad que cree en la libertad, en la justicia y en la dignidad humana. Tambi\u00e9n somos madres, esposas, hermanos e hijos de venezolanos que est\u00e1n presos solo por pensar distinto\u201d, expresaron los convocantes, al subrayar que\u00a0<strong>la ley de amnist\u00eda no puede ser selectiva y debe constituir un paso hacia la reconciliaci\u00f3n nacional.<\/strong><\/p>\n<p>La convocatoria est\u00e1 dirigida no solo a estudiantes, sino tambi\u00e9n a profesores, trabajadores, familiares de presos pol\u00edticos y a la ciudadan\u00eda en general que respalda la exigencia de justicia y libertad plena para los presos pol\u00edticos.<\/p>\n<p>\u201cEste martes nos encontramos en la Universidad Central de Venezuela. Por la libertad. Por la justicia. Por Venezuela\u201d, concluyeron los estudiantes en su llamado a la movilizaci\u00f3n.<\/p>\n<p><iframe id=\"instagram-embed-0\" class=\"instagram-media instagram-media-rendered\" src=\"https:\/\/www.instagram.com\/p\/DUMsUGREcp4\/embed\/?cr=1&amp;v=14&amp;wp=580&amp;rd=https%3A%2F%2Fwww.elnacional.com&amp;rp=%2F2026%2F02%2Festudiantes-de-la-ucv-convocan-protesta-por-los-presos-politicos%2F#%7B%22ci%22%3A0%2C%22os%22%3A1113.2000000001863%2C%22ls%22%3A427.60000000009313%2C%22le%22%3A1064.4000000003725%7D\" height=\"833\" frameborder=\"0\" scrolling=\"no\" allowfullscreen=\"allowfullscreen\" data-instgrm-payload-id=\"instagram-media-payload-0\" data-mce-fragment=\"1\"><\/iframe><\/p>\n<h2 id=\"h-propuesta-de-amnistia-para-presos-politicos\" class=\"wp-block-heading\">Propuesta de amnist\u00eda para presos pol\u00edticos<\/h2>\n<p>El llamado estudiantil ocurre en medio de un proceso de excarcelaciones de presos pol\u00edticos desde el 8 de enero y luego de que\u00a0<strong>el gobierno encargado de Delcy Rodr\u00edguez anunciara una ley de amnist\u00eda general que busca liberar a personas detenidas desde 1999 hasta la actualidad<\/strong>, excluyendo a quienes hayan cometido homicidio, otros delitos graves o violaciones de derechos humanos.<\/p>\n<p>La ONG Foro Penal ha verificado excarcelaciones durante las \u00faltimas semanas, aunque a\u00fan quedan cientos de detenidos, y ha insistido en que la ley de amnist\u00eda sea redactada con claridad para garantizar libertad plena y no solo medidas cautelares o restricciones.<\/p>\n<p>Organizaciones de derechos humanos han se\u00f1alado que muchos de los liberados enfrentan prohibici\u00f3n de salida del pa\u00eds, obligaci\u00f3n de presentarse ante tribunales y restricci\u00f3n para hablar con medios de comunicaci\u00f3n, por lo que no consideran estas salidas como libertad plena.<\/p>\n<div class=\"pvc_clear\"><\/div>\n<p id=\"pvc_stats_34607\" class=\"pvc_stats all  \" data-element-id=\"34607\" style=\"\"><i class=\"pvc-stats-icon large\" aria-hidden=\"true\"><svg xmlns=\"http:\/\/www.w3.org\/2000\/svg\" version=\"1.0\" viewBox=\"0 0 502 315\" preserveAspectRatio=\"xMidYMid meet\"><g transform=\"translate(0,332) scale(0.1,-0.1)\" fill=\"\" stroke=\"none\"><path d=\"M2394 3279 l-29 -30 -3 -207 c-2 -182 0 -211 15 -242 39 -76 157 -76 196 0 15 31 17 60 15 243 l-3 209 -33 29 c-26 23 -41 29 -80 29 -41 0 -53 -5 -78 -31z\"\/><path d=\"M3085 3251 c-45 -19 -58 -50 -96 -229 -47 -217 -49 -260 -13 -295 52 -53 146 -42 177 20 16 31 87 366 87 410 0 70 -86 122 -155 94z\"\/><path d=\"M1751 3234 c-13 -9 -29 -31 -37 -50 -12 -29 -10 -49 21 -204 19 -94 39 -189 45 -210 14 -50 54 -80 110 -80 34 0 48 6 76 34 21 21 34 44 34 59 0 14 -18 113 -40 219 -37 178 -43 195 -70 221 -36 32 -101 37 -139 11z\"\/><path d=\"M1163 3073 c-36 -7 -73 -59 -73 -102 0 -56 133 -378 171 -413 34 -32 83 -37 129 -13 70 36 67 87 -16 290 -86 209 -89 214 -129 231 -35 14 -42 15 -82 7z\"\/><path d=\"M3689 3066 c-15 -9 -33 -30 -42 -48 -48 -103 -147 -355 -147 -375 0 -98 131 -148 192 -74 13 15 57 108 97 206 80 196 84 226 37 273 -30 30 -99 39 -137 18z\"\/><path d=\"M583 2784 c-38 -19 -67 -74 -58 -113 9 -42 211 -354 242 -373 16 -10 45 -18 66 -18 51 0 107 52 107 100 0 39 -1 41 -124 234 -80 126 -108 162 -133 173 -41 17 -61 16 -100 -3z\"\/><path d=\"M4250 2784 c-14 -9 -74 -91 -133 -183 -95 -150 -107 -173 -107 -213 0 -55 33 -94 87 -104 67 -13 90 8 211 198 130 202 137 225 78 284 -27 27 -42 34 -72 34 -22 0 -50 -8 -64 -16z\"\/><path d=\"M2275 2693 c-553 -48 -1095 -270 -1585 -649 -135 -104 -459 -423 -483 -476 -23 -49 -22 -139 2 -186 73 -142 361 -457 571 -626 285 -228 642 -407 990 -497 242 -63 336 -73 660 -74 310 0 370 5 595 52 535 111 1045 392 1455 803 122 121 250 273 275 326 19 41 19 137 0 174 -41 79 -309 363 -465 492 -447 370 -946 591 -1479 653 -113 14 -422 18 -536 8z m395 -428 c171 -34 330 -124 456 -258 112 -119 167 -219 211 -378 27 -96 24 -300 -5 -401 -72 -255 -236 -447 -474 -557 -132 -62 -201 -76 -368 -76 -167 0 -236 14 -368 76 -213 98 -373 271 -451 485 -162 444 86 934 547 1084 153 49 292 57 452 25z m909 -232 c222 -123 408 -262 593 -441 76 -74 138 -139 138 -144 0 -16 -233 -242 -330 -319 -155 -123 -309 -223 -461 -299 l-81 -41 32 46 c18 26 49 83 70 128 143 306 141 649 -6 957 -25 52 -61 116 -79 142 l-34 47 45 -20 c26 -10 76 -36 113 -56z m-2057 25 c-40 -58 -105 -190 -130 -263 -110 -324 -59 -707 132 -981 25 -35 42 -64 37 -64 -19 0 -241 119 -326 174 -188 122 -406 314 -532 468 l-58 71 108 103 c185 178 428 349 672 473 66 33 121 60 123 61 2 0 -10 -19 -26 -42z\"\/><path d=\"M2375 1950 c-198 -44 -350 -190 -395 -379 -18 -76 -8 -221 19 -290 114 -284 457 -406 731 -260 98 52 188 154 231 260 27 69 37 214 19 290 -38 163 -166 304 -326 360 -67 23 -215 33 -279 19z\"\/><\/g><\/svg><\/i> <img decoding=\"async\" width=\"16\" height=\"16\" alt=\"Loading\" src=\"https:\/\/esviafm.com\/wp-content\/plugins\/page-views-count\/ajax-loader-2x.gif\" border=0 \/><\/p>\n<div class=\"pvc_clear\"><\/div>\n","protected":false},"excerpt":{"rendered":"<p>El movimiento estudiantil de la Universidad Central de Venezuela (UCV) convoc\u00f3 para el martes 3 de febrero una\u00a0protesta en los espacios de la casa de estudios con el fin de exigir\u00a0amnist\u00eda total para los presos pol\u00edticos del pa\u00eds. A trav\u00e9s de\u00a0redes sociales, los estudiantes indicaron que el punto de encuentro ser\u00e1 la Federaci\u00f3n de Centros [&hellip;]<\/p>\n<div class=\"pvc_clear\"><\/div>\n<p id=\"pvc_stats_34607\" class=\"pvc_stats all  \" data-element-id=\"34607\" style=\"\"><i class=\"pvc-stats-icon large\" aria-hidden=\"true\"><svg xmlns=\"http:\/\/www.w3.org\/2000\/svg\" version=\"1.0\" viewBox=\"0 0 502 315\" preserveAspectRatio=\"xMidYMid meet\"><g transform=\"translate(0,332) scale(0.1,-0.1)\" fill=\"\" stroke=\"none\"><path d=\"M2394 3279 l-29 -30 -3 -207 c-2 -182 0 -211 15 -242 39 -76 157 -76 196 0 15 31 17 60 15 243 l-3 209 -33 29 c-26 23 -41 29 -80 29 -41 0 -53 -5 -78 -31z\"\/><path d=\"M3085 3251 c-45 -19 -58 -50 -96 -229 -47 -217 -49 -260 -13 -295 52 -53 146 -42 177 20 16 31 87 366 87 410 0 70 -86 122 -155 94z\"\/><path d=\"M1751 3234 c-13 -9 -29 -31 -37 -50 -12 -29 -10 -49 21 -204 19 -94 39 -189 45 -210 14 -50 54 -80 110 -80 34 0 48 6 76 34 21 21 34 44 34 59 0 14 -18 113 -40 219 -37 178 -43 195 -70 221 -36 32 -101 37 -139 11z\"\/><path d=\"M1163 3073 c-36 -7 -73 -59 -73 -102 0 -56 133 -378 171 -413 34 -32 83 -37 129 -13 70 36 67 87 -16 290 -86 209 -89 214 -129 231 -35 14 -42 15 -82 7z\"\/><path d=\"M3689 3066 c-15 -9 -33 -30 -42 -48 -48 -103 -147 -355 -147 -375 0 -98 131 -148 192 -74 13 15 57 108 97 206 80 196 84 226 37 273 -30 30 -99 39 -137 18z\"\/><path d=\"M583 2784 c-38 -19 -67 -74 -58 -113 9 -42 211 -354 242 -373 16 -10 45 -18 66 -18 51 0 107 52 107 100 0 39 -1 41 -124 234 -80 126 -108 162 -133 173 -41 17 -61 16 -100 -3z\"\/><path d=\"M4250 2784 c-14 -9 -74 -91 -133 -183 -95 -150 -107 -173 -107 -213 0 -55 33 -94 87 -104 67 -13 90 8 211 198 130 202 137 225 78 284 -27 27 -42 34 -72 34 -22 0 -50 -8 -64 -16z\"\/><path d=\"M2275 2693 c-553 -48 -1095 -270 -1585 -649 -135 -104 -459 -423 -483 -476 -23 -49 -22 -139 2 -186 73 -142 361 -457 571 -626 285 -228 642 -407 990 -497 242 -63 336 -73 660 -74 310 0 370 5 595 52 535 111 1045 392 1455 803 122 121 250 273 275 326 19 41 19 137 0 174 -41 79 -309 363 -465 492 -447 370 -946 591 -1479 653 -113 14 -422 18 -536 8z m395 -428 c171 -34 330 -124 456 -258 112 -119 167 -219 211 -378 27 -96 24 -300 -5 -401 -72 -255 -236 -447 -474 -557 -132 -62 -201 -76 -368 -76 -167 0 -236 14 -368 76 -213 98 -373 271 -451 485 -162 444 86 934 547 1084 153 49 292 57 452 25z m909 -232 c222 -123 408 -262 593 -441 76 -74 138 -139 138 -144 0 -16 -233 -242 -330 -319 -155 -123 -309 -223 -461 -299 l-81 -41 32 46 c18 26 49 83 70 128 143 306 141 649 -6 957 -25 52 -61 116 -79 142 l-34 47 45 -20 c26 -10 76 -36 113 -56z m-2057 25 c-40 -58 -105 -190 -130 -263 -110 -324 -59 -707 132 -981 25 -35 42 -64 37 -64 -19 0 -241 119 -326 174 -188 122 -406 314 -532 468 l-58 71 108 103 c185 178 428 349 672 473 66 33 121 60 123 61 2 0 -10 -19 -26 -42z\"\/><path d=\"M2375 1950 c-198 -44 -350 -190 -395 -379 -18 -76 -8 -221 19 -290 114 -284 457 -406 731 -260 98 52 188 154 231 260 27 69 37 214 19 290 -38 163 -166 304 -326 360 -67 23 -215 33 -279 19z\"\/><\/g><\/svg><\/i> <img decoding=\"async\" width=\"16\" height=\"16\" alt=\"Loading\" src=\"https:\/\/esviafm.com\/wp-content\/plugins\/page-views-count\/ajax-loader-2x.gif\" border=0 \/><\/p>\n<div class=\"pvc_clear\"><\/div>\n","protected":false},"author":7,"featured_media":34608,"comment_status":"open","ping_status":"open","sticky":false,"template":"","format":"standard","meta":{"_et_pb_use_builder":"","_et_pb_old_content":"","_et_gb_content_width":"","footnotes":""},"categories":[25],"tags":[],"class_list":["post-34607","post","type-post","status-publish","format-standard","has-post-thumbnail","hentry","category-nacionales"],"_links":{"self":[{"href":"https:\/\/esviafm.com\/index.php\/wp-json\/wp\/v2\/posts\/34607","targetHints":{"allow":["GET"]}}],"collection":[{"href":"https:\/\/esviafm.com\/index.php\/wp-json\/wp\/v2\/posts"}],"about":[{"href":"https:\/\/esviafm.com\/index.php\/wp-json\/wp\/v2\/types\/post"}],"author":[{"embeddable":true,"href":"https:\/\/esviafm.com\/index.php\/wp-json\/wp\/v2\/users\/7"}],"replies":[{"embeddable":true,"href":"https:\/\/esviafm.com\/index.php\/wp-json\/wp\/v2\/comments?post=34607"}],"version-history":[{"count":1,"href":"https:\/\/esviafm.com\/index.php\/wp-json\/wp\/v2\/posts\/34607\/revisions"}],"predecessor-version":[{"id":34609,"href":"https:\/\/esviafm.com\/index.php\/wp-json\/wp\/v2\/posts\/34607\/revisions\/34609"}],"wp:featuredmedia":[{"embeddable":true,"href":"https:\/\/esviafm.com\/index.php\/wp-json\/wp\/v2\/media\/34608"}],"wp:attachment":[{"href":"https:\/\/esviafm.com\/index.php\/wp-json\/wp\/v2\/media?parent=34607"}],"wp:term":[{"taxonomy":"category","embeddable":true,"href":"https:\/\/esviafm.com\/index.php\/wp-json\/wp\/v2\/categories?post=34607"},{"taxonomy":"post_tag","embeddable":true,"href":"https:\/\/esviafm.com\/index.php\/wp-json\/wp\/v2\/tags?post=34607"}],"curies":[{"name":"wp","href":"https:\/\/api.w.org\/{rel}","templated":true}]}}