{"id":34529,"date":"2026-02-02T06:43:40","date_gmt":"2026-02-02T11:13:40","guid":{"rendered":"https:\/\/esviafm.com\/?p=34529"},"modified":"2026-02-02T06:43:40","modified_gmt":"2026-02-02T11:13:40","slug":"republica-dominicana-y-venezuela-acuerdan-reactivar-los-servicios-consulares-y-reconexion-aerea","status":"publish","type":"post","link":"https:\/\/esviafm.com\/index.php\/republica-dominicana-y-venezuela-acuerdan-reactivar-los-servicios-consulares-y-reconexion-aerea\/","title":{"rendered":"Rep\u00fablica Dominicana y Venezuela acuerdan reactivar los servicios consulares y reconexi\u00f3n a\u00e9rea"},"content":{"rendered":"<p id=\"m91490-91489-91491\">A trav\u00e9s de sus redes sociales, el canciller de Venezuela,\u00a0<b>Yvan Gil<\/b>, anunci\u00f3 la pronta reactivaci\u00f3n de los<b>\u00a0servicios consulares<\/b>\u00a0entre Rep\u00fablica Dominicana y el pa\u00eds suramericano, adem\u00e1s del restablecimiento de la\u00a0<b>conexi\u00f3n a\u00e9rea<\/b>\u00a0entre ambas naciones.<\/p>\n<div id=\"standard_2\" class=\"st-placement standard_2 inArticle\"><\/div>\n<p id=\"m91495-91494-91496\">El acuerdo responde al trabajo conjunto de ambas partes con el objetivo de atender a las respectivas comunidades, logrando facilitar los\u00a0<b>tr\u00e1mites migratorios y consulares<\/b>\u00a0que fueron suspendidos hace m\u00e1s de un a\u00f1o.<\/p>\n<p id=\"m91500-91499-91501\">\u201cLas Canciller\u00edas de la Rep\u00fablica Bolivariana de Venezuela y de la Rep\u00fablica Dominicana informan a la opini\u00f3n p\u00fablica que, como resultado del trabajo conjunto entre ambas partes,\u00a0<b>se ha decidido reactivar en los pr\u00f3ximos d\u00edas los servicios consulares de Rep\u00fablica Dominicana en Caracas y de Venezuela en Santo Domingo<\/b>, para atender las respectivas comunidades\u201d, expresa parte del comunicado.<\/p>\n<figure id=\"m91505-91504-91506\" class=\"c-detail__media \"><picture class=\"c-detail__media__thumb\" data-size=\"w:544,h:267\" data-full-src=\"https:\/\/listindiario.com\/uploads\/2026\/02\/01\/697fa09bd8b7a.png\"><img decoding=\"async\" class=\"vertical\" src=\"https:\/\/listindiario.com\/files\/vertical_main_image\/uploads\/2026\/02\/01\/697fa09bd8b7a.png\" alt=\"Comunicado publicado por Yvan Gil, canciller de Venezuela.\" data-index=\"\" data-full=\"[object Object]\" data-original=\"[object Object]\" data-full-src=\"https:\/\/listindiario.com\/uploads\/2026\/02\/01\/697fa09bd8b7a.png\" \/><\/picture><figcaption class=\"detail__media__txt\">\n<p class=\"c-detail__media__subtitle\"><span id=\"m91594-91593-91595\" class=\"c-detail__media__credit \">Comunicado publicado por Yvan Gil, canciller de Venezuela.<\/span><span id=\"m91599-91598-91600\" class=\"c-detail__media__author \">Fuente Externa<\/span><\/p>\n<p>&nbsp;<\/p>\n<\/figcaption><\/figure>\n<p id=\"m91517-91516-91518\">De igual forma, indicaron que ambos gobiernos instruir\u00edan a las autoridades aeron\u00e1uticas para la conexi\u00f3n a\u00e9rea.<\/p>\n<h3 class=\"c-detail__destacado\">Venezuela y RD<\/h3>\n<p id=\"m91522-91521-91523\">La ruptura de las relaciones entre ambos pa\u00edses ocurri\u00f3 tras un comunicado oficial del ejecutivo\u00a0<b>Nicol\u00e1s Maduro<\/b>\u00a0en agosto del 2024, donde decidi\u00f3 \u201c<a href=\"https:\/\/listindiario.com\/las-mundiales\/venezuela\/20240729\/venezuela-exige-siete-paises-retirar-inmediato-personal-diplomatico-caracas_819171.html\" data-mrf-link=\"https:\/\/listindiario.com\/las-mundiales\/venezuela\/20240729\/venezuela-exige-siete-paises-retirar-inmediato-personal-diplomatico-caracas_819171.html\"><b>retirar todo el personal diplom\u00e1tico<\/b><\/a>\u00a0de las misiones\u201d en el pa\u00eds, asegurando que \u00abVenezuela se reserva todas las acciones legales y pol\u00edticas para hacer respetar, preservar y defender nuestro derecho inalienable a la autodeterminaci\u00f3n\u00bb.<\/p>\n<p id=\"m91527-91526-91528\">El contexto de estas declaraciones surgi\u00f3 luego de que los Gobiernos de Uruguay, Argentina, Costa Rica, Ecuador, Guatemala, Panam\u00e1, Paraguay, Per\u00fa y Rep\u00fablica Dominicana manifestaran su profunda preocupaci\u00f3n por el desarrollo de las presidenciales donde se declaraba a Maduro como\u00a0<b>presidente de Venezuela<\/b>.<\/p>\n<p id=\"m91532-91531-91533\">El pa\u00eds caribe\u00f1o, junto con los dem\u00e1s, exigi\u00f3 la revisi\u00f3n completa de los resultados, adem\u00e1s de una reuni\u00f3n urgente con la<b>\u00a0Organizaci\u00f3n de Estados Americanos<\/b>\u00a0(OEA).<\/p>\n<div class=\"pvc_clear\"><\/div>\n<p id=\"pvc_stats_34529\" class=\"pvc_stats all  \" data-element-id=\"34529\" style=\"\"><i class=\"pvc-stats-icon large\" aria-hidden=\"true\"><svg xmlns=\"http:\/\/www.w3.org\/2000\/svg\" version=\"1.0\" viewBox=\"0 0 502 315\" preserveAspectRatio=\"xMidYMid meet\"><g transform=\"translate(0,332) scale(0.1,-0.1)\" fill=\"\" stroke=\"none\"><path d=\"M2394 3279 l-29 -30 -3 -207 c-2 -182 0 -211 15 -242 39 -76 157 -76 196 0 15 31 17 60 15 243 l-3 209 -33 29 c-26 23 -41 29 -80 29 -41 0 -53 -5 -78 -31z\"\/><path d=\"M3085 3251 c-45 -19 -58 -50 -96 -229 -47 -217 -49 -260 -13 -295 52 -53 146 -42 177 20 16 31 87 366 87 410 0 70 -86 122 -155 94z\"\/><path d=\"M1751 3234 c-13 -9 -29 -31 -37 -50 -12 -29 -10 -49 21 -204 19 -94 39 -189 45 -210 14 -50 54 -80 110 -80 34 0 48 6 76 34 21 21 34 44 34 59 0 14 -18 113 -40 219 -37 178 -43 195 -70 221 -36 32 -101 37 -139 11z\"\/><path d=\"M1163 3073 c-36 -7 -73 -59 -73 -102 0 -56 133 -378 171 -413 34 -32 83 -37 129 -13 70 36 67 87 -16 290 -86 209 -89 214 -129 231 -35 14 -42 15 -82 7z\"\/><path d=\"M3689 3066 c-15 -9 -33 -30 -42 -48 -48 -103 -147 -355 -147 -375 0 -98 131 -148 192 -74 13 15 57 108 97 206 80 196 84 226 37 273 -30 30 -99 39 -137 18z\"\/><path d=\"M583 2784 c-38 -19 -67 -74 -58 -113 9 -42 211 -354 242 -373 16 -10 45 -18 66 -18 51 0 107 52 107 100 0 39 -1 41 -124 234 -80 126 -108 162 -133 173 -41 17 -61 16 -100 -3z\"\/><path d=\"M4250 2784 c-14 -9 -74 -91 -133 -183 -95 -150 -107 -173 -107 -213 0 -55 33 -94 87 -104 67 -13 90 8 211 198 130 202 137 225 78 284 -27 27 -42 34 -72 34 -22 0 -50 -8 -64 -16z\"\/><path d=\"M2275 2693 c-553 -48 -1095 -270 -1585 -649 -135 -104 -459 -423 -483 -476 -23 -49 -22 -139 2 -186 73 -142 361 -457 571 -626 285 -228 642 -407 990 -497 242 -63 336 -73 660 -74 310 0 370 5 595 52 535 111 1045 392 1455 803 122 121 250 273 275 326 19 41 19 137 0 174 -41 79 -309 363 -465 492 -447 370 -946 591 -1479 653 -113 14 -422 18 -536 8z m395 -428 c171 -34 330 -124 456 -258 112 -119 167 -219 211 -378 27 -96 24 -300 -5 -401 -72 -255 -236 -447 -474 -557 -132 -62 -201 -76 -368 -76 -167 0 -236 14 -368 76 -213 98 -373 271 -451 485 -162 444 86 934 547 1084 153 49 292 57 452 25z m909 -232 c222 -123 408 -262 593 -441 76 -74 138 -139 138 -144 0 -16 -233 -242 -330 -319 -155 -123 -309 -223 -461 -299 l-81 -41 32 46 c18 26 49 83 70 128 143 306 141 649 -6 957 -25 52 -61 116 -79 142 l-34 47 45 -20 c26 -10 76 -36 113 -56z m-2057 25 c-40 -58 -105 -190 -130 -263 -110 -324 -59 -707 132 -981 25 -35 42 -64 37 -64 -19 0 -241 119 -326 174 -188 122 -406 314 -532 468 l-58 71 108 103 c185 178 428 349 672 473 66 33 121 60 123 61 2 0 -10 -19 -26 -42z\"\/><path d=\"M2375 1950 c-198 -44 -350 -190 -395 -379 -18 -76 -8 -221 19 -290 114 -284 457 -406 731 -260 98 52 188 154 231 260 27 69 37 214 19 290 -38 163 -166 304 -326 360 -67 23 -215 33 -279 19z\"\/><\/g><\/svg><\/i> <img decoding=\"async\" width=\"16\" height=\"16\" alt=\"Loading\" src=\"https:\/\/esviafm.com\/wp-content\/plugins\/page-views-count\/ajax-loader-2x.gif\" border=0 \/><\/p>\n<div class=\"pvc_clear\"><\/div>\n","protected":false},"excerpt":{"rendered":"<p>A trav\u00e9s de sus redes sociales, el canciller de Venezuela,\u00a0Yvan Gil, anunci\u00f3 la pronta reactivaci\u00f3n de los\u00a0servicios consulares\u00a0entre Rep\u00fablica Dominicana y el pa\u00eds suramericano, adem\u00e1s del restablecimiento de la\u00a0conexi\u00f3n a\u00e9rea\u00a0entre ambas naciones. El acuerdo responde al trabajo conjunto de ambas partes con el objetivo de atender a las respectivas comunidades, logrando facilitar los\u00a0tr\u00e1mites migratorios y [&hellip;]<\/p>\n<div class=\"pvc_clear\"><\/div>\n<p id=\"pvc_stats_34529\" class=\"pvc_stats all  \" data-element-id=\"34529\" style=\"\"><i class=\"pvc-stats-icon large\" aria-hidden=\"true\"><svg xmlns=\"http:\/\/www.w3.org\/2000\/svg\" version=\"1.0\" viewBox=\"0 0 502 315\" preserveAspectRatio=\"xMidYMid meet\"><g transform=\"translate(0,332) scale(0.1,-0.1)\" fill=\"\" stroke=\"none\"><path d=\"M2394 3279 l-29 -30 -3 -207 c-2 -182 0 -211 15 -242 39 -76 157 -76 196 0 15 31 17 60 15 243 l-3 209 -33 29 c-26 23 -41 29 -80 29 -41 0 -53 -5 -78 -31z\"\/><path d=\"M3085 3251 c-45 -19 -58 -50 -96 -229 -47 -217 -49 -260 -13 -295 52 -53 146 -42 177 20 16 31 87 366 87 410 0 70 -86 122 -155 94z\"\/><path d=\"M1751 3234 c-13 -9 -29 -31 -37 -50 -12 -29 -10 -49 21 -204 19 -94 39 -189 45 -210 14 -50 54 -80 110 -80 34 0 48 6 76 34 21 21 34 44 34 59 0 14 -18 113 -40 219 -37 178 -43 195 -70 221 -36 32 -101 37 -139 11z\"\/><path d=\"M1163 3073 c-36 -7 -73 -59 -73 -102 0 -56 133 -378 171 -413 34 -32 83 -37 129 -13 70 36 67 87 -16 290 -86 209 -89 214 -129 231 -35 14 -42 15 -82 7z\"\/><path d=\"M3689 3066 c-15 -9 -33 -30 -42 -48 -48 -103 -147 -355 -147 -375 0 -98 131 -148 192 -74 13 15 57 108 97 206 80 196 84 226 37 273 -30 30 -99 39 -137 18z\"\/><path d=\"M583 2784 c-38 -19 -67 -74 -58 -113 9 -42 211 -354 242 -373 16 -10 45 -18 66 -18 51 0 107 52 107 100 0 39 -1 41 -124 234 -80 126 -108 162 -133 173 -41 17 -61 16 -100 -3z\"\/><path d=\"M4250 2784 c-14 -9 -74 -91 -133 -183 -95 -150 -107 -173 -107 -213 0 -55 33 -94 87 -104 67 -13 90 8 211 198 130 202 137 225 78 284 -27 27 -42 34 -72 34 -22 0 -50 -8 -64 -16z\"\/><path d=\"M2275 2693 c-553 -48 -1095 -270 -1585 -649 -135 -104 -459 -423 -483 -476 -23 -49 -22 -139 2 -186 73 -142 361 -457 571 -626 285 -228 642 -407 990 -497 242 -63 336 -73 660 -74 310 0 370 5 595 52 535 111 1045 392 1455 803 122 121 250 273 275 326 19 41 19 137 0 174 -41 79 -309 363 -465 492 -447 370 -946 591 -1479 653 -113 14 -422 18 -536 8z m395 -428 c171 -34 330 -124 456 -258 112 -119 167 -219 211 -378 27 -96 24 -300 -5 -401 -72 -255 -236 -447 -474 -557 -132 -62 -201 -76 -368 -76 -167 0 -236 14 -368 76 -213 98 -373 271 -451 485 -162 444 86 934 547 1084 153 49 292 57 452 25z m909 -232 c222 -123 408 -262 593 -441 76 -74 138 -139 138 -144 0 -16 -233 -242 -330 -319 -155 -123 -309 -223 -461 -299 l-81 -41 32 46 c18 26 49 83 70 128 143 306 141 649 -6 957 -25 52 -61 116 -79 142 l-34 47 45 -20 c26 -10 76 -36 113 -56z m-2057 25 c-40 -58 -105 -190 -130 -263 -110 -324 -59 -707 132 -981 25 -35 42 -64 37 -64 -19 0 -241 119 -326 174 -188 122 -406 314 -532 468 l-58 71 108 103 c185 178 428 349 672 473 66 33 121 60 123 61 2 0 -10 -19 -26 -42z\"\/><path d=\"M2375 1950 c-198 -44 -350 -190 -395 -379 -18 -76 -8 -221 19 -290 114 -284 457 -406 731 -260 98 52 188 154 231 260 27 69 37 214 19 290 -38 163 -166 304 -326 360 -67 23 -215 33 -279 19z\"\/><\/g><\/svg><\/i> <img decoding=\"async\" width=\"16\" height=\"16\" alt=\"Loading\" src=\"https:\/\/esviafm.com\/wp-content\/plugins\/page-views-count\/ajax-loader-2x.gif\" border=0 \/><\/p>\n<div class=\"pvc_clear\"><\/div>\n","protected":false},"author":7,"featured_media":34530,"comment_status":"open","ping_status":"open","sticky":false,"template":"","format":"standard","meta":{"_et_pb_use_builder":"","_et_pb_old_content":"","_et_gb_content_width":"","footnotes":""},"categories":[25],"tags":[],"class_list":["post-34529","post","type-post","status-publish","format-standard","has-post-thumbnail","hentry","category-nacionales"],"_links":{"self":[{"href":"https:\/\/esviafm.com\/index.php\/wp-json\/wp\/v2\/posts\/34529","targetHints":{"allow":["GET"]}}],"collection":[{"href":"https:\/\/esviafm.com\/index.php\/wp-json\/wp\/v2\/posts"}],"about":[{"href":"https:\/\/esviafm.com\/index.php\/wp-json\/wp\/v2\/types\/post"}],"author":[{"embeddable":true,"href":"https:\/\/esviafm.com\/index.php\/wp-json\/wp\/v2\/users\/7"}],"replies":[{"embeddable":true,"href":"https:\/\/esviafm.com\/index.php\/wp-json\/wp\/v2\/comments?post=34529"}],"version-history":[{"count":1,"href":"https:\/\/esviafm.com\/index.php\/wp-json\/wp\/v2\/posts\/34529\/revisions"}],"predecessor-version":[{"id":34531,"href":"https:\/\/esviafm.com\/index.php\/wp-json\/wp\/v2\/posts\/34529\/revisions\/34531"}],"wp:featuredmedia":[{"embeddable":true,"href":"https:\/\/esviafm.com\/index.php\/wp-json\/wp\/v2\/media\/34530"}],"wp:attachment":[{"href":"https:\/\/esviafm.com\/index.php\/wp-json\/wp\/v2\/media?parent=34529"}],"wp:term":[{"taxonomy":"category","embeddable":true,"href":"https:\/\/esviafm.com\/index.php\/wp-json\/wp\/v2\/categories?post=34529"},{"taxonomy":"post_tag","embeddable":true,"href":"https:\/\/esviafm.com\/index.php\/wp-json\/wp\/v2\/tags?post=34529"}],"curies":[{"name":"wp","href":"https:\/\/api.w.org\/{rel}","templated":true}]}}