{"id":34461,"date":"2026-01-30T06:38:43","date_gmt":"2026-01-30T11:08:43","guid":{"rendered":"https:\/\/esviafm.com\/?p=34461"},"modified":"2026-01-30T06:38:43","modified_gmt":"2026-01-30T11:08:43","slug":"foro-penal-reporta-nuevas-excarcelaciones-en-venezuela-y-llega-a-300-confirmadas-en-enero","status":"publish","type":"post","link":"https:\/\/esviafm.com\/index.php\/foro-penal-reporta-nuevas-excarcelaciones-en-venezuela-y-llega-a-300-confirmadas-en-enero\/","title":{"rendered":"Foro Penal reporta nuevas excarcelaciones en Venezuela y llega a 300 confirmadas en enero"},"content":{"rendered":"<p class=\"paragraph inline-placeholder vossi-paragraph\" data-uri=\"es.cms.cnn.com\/_components\/paragraph\/instances\/cmkzfgyc0001k26p35kyn6vmi@published\" data-editable=\"text\" data-component-name=\"paragraph\" data-article-gutter=\"true\" data-analytics-observe=\"on\">La organizaci\u00f3n Foro Penal report\u00f3 este mi\u00e9rcoles nuevas excarcelaciones en Venezuela, con las que lleg\u00f3 a 300 casos desde que el 8 de enero el Gobierno anunci\u00f3 que liberar\u00eda a un \u201cn\u00famero importante\u201d de personas detenidas, aunque la cifra se mantiene alejada de las m\u00e1s de 800 reportadas por las autoridades.<\/p>\n<p class=\"paragraph inline-placeholder vossi-paragraph\" data-uri=\"es.cms.cnn.com\/_components\/paragraph\/instances\/cmkzfh9qe0004356p8cs4g7ls@published\" data-editable=\"text\" data-component-name=\"paragraph\" data-article-gutter=\"true\" data-analytics-observe=\"on\">Gonzalo Himiob, vicepresidente de la ONG, report\u00f3 la tarde del mi\u00e9rcoles que confirmaron 19 excarcelaciones en El Rodeo I, en el estado Miranda, y una en el estado Amazonas, con las que el conteo llegaba a 297. Por la noche, Himiob agreg\u00f3 la verificaci\u00f3n de la excarcelaci\u00f3n de tres mujeres en la c\u00e1rcel La Cris\u00e1lida, en el estado Miranda.<\/p>\n<div class=\"related-content vossi-related-content related-content--article\" data-uri=\"es.cms.cnn.com\/_components\/related-content\/instances\/cmkzfucj3000d356pxmjkyf1u@published\" data-component-name=\"related-content\" data-article-gutter=\"true\" data-analytics-observe=\"on\">\n<div class=\"related-content__image image__related-content\">\n<div class=\"image image__hide-placeholder image--eq-extra-small\" data-uri=\"es.cms.cnn.com\/_components\/image\/instances\/cmkyqazyo000n27p45qma0mqs@published\" data-image-variation=\"image\" data-name=\"c-whatsapp-image-2026-01-28-at-17-51-49-1.jpg\" data-component-name=\"image\" data-observe-resizes=\"\" data-breakpoints=\"{&quot;image--eq-extra-small&quot;: 115, &quot;image--eq-small&quot;: 300, &quot;image--eq-large&quot;: 660}\" data-original-ratio=\"0.5625\" data-original-height=\"675\" data-original-width=\"1200\" data-url=\"https:\/\/media.cnn.com\/api\/v1\/images\/stellar\/prod\/c-whatsapp-image-2026-01-28-at-17-51-49-1-20260129004919547.jpg?c=original\" data-editable=\"settings\">\n<div class=\"image__metadata\">Diversas organizaciones civiles que trabajan en contacto con los familiares tienen diferentes criterios para definir qu\u00e9 casos corresponden a presos pol\u00edticos. Hasta el mi\u00e9rcoles por la ma\u00f1ana, la ONG Justicia, Encuentro y Perd\u00f3n divulg\u00f3 una lista con los nombres de 294 personas excarceladas, mientras que la coalici\u00f3n opositora Plataforma Unitaria Democr\u00e1tica report\u00f3 por la noche un listado de 303 personas.<\/div>\n<\/div>\n<\/div>\n<\/div>\n<div class=\"ad-slot-dynamic ad-slot-dynamic--1\" data-uri=\"es.cms.cnn.com\/_components\/ad-slot-dynamic\/instances\/sharethrough@published\" data-placement=\"{&quot;mobile&quot;:{&quot;position&quot;:5},&quot;desktop&quot;:{&quot;position&quot;:3}}\" data-unselectable=\"true\"><\/div>\n<p class=\"paragraph inline-placeholder vossi-paragraph\" data-uri=\"es.cms.cnn.com\/_components\/paragraph\/instances\/cmkzfh9qe0006356p7a8k3dt0@published\" data-editable=\"text\" data-component-name=\"paragraph\" data-article-gutter=\"true\" data-analytics-observe=\"off\">El ministro de Interior y Justicia, Diosdado Cabello,\u00a0<a href=\"https:\/\/cnnespanol.cnn.com\/2026\/01\/26\/venezuela\/diosdado-cabello-808-excarceladas-diciembre-orix\" target=\"_blank\" rel=\"noopener\">asegur\u00f3<\/a>\u00a0esta semana que 808 personas han sido excarceladas desde \u201cantes de diciembre\u201d, teniendo en cuenta que decenas de detenidos salieron de prisi\u00f3n en Navidad y A\u00f1o Nuevo, y neg\u00f3 la existencia de presos pol\u00edticos en el pa\u00eds sudamericano.<\/p>\n<p class=\"paragraph inline-placeholder vossi-paragraph\" data-uri=\"es.cms.cnn.com\/_components\/paragraph\/instances\/cmkzfh9qe0007356phgdqonsl@published\" data-editable=\"text\" data-component-name=\"paragraph\" data-article-gutter=\"true\" data-analytics-observe=\"off\">En tanto, activistas y familiares contin\u00faan realizando manifestaciones afuera de varias c\u00e1rceles en reclamo de informaci\u00f3n y para exigir la libertad plena de los detenidos.<\/p>\n<p class=\"paragraph inline-placeholder vossi-paragraph\" data-uri=\"es.cms.cnn.com\/_components\/paragraph\/instances\/cmkzfh9qe0008356p1y77z8rr@published\" data-editable=\"text\" data-component-name=\"paragraph\" data-article-gutter=\"true\" data-analytics-observe=\"off\">D\u00edas atr\u00e1s, la presidenta Delcy Rodr\u00edguez afirm\u00f3 que contactar\u00eda a la oficina del Alto Comisionado de las Naciones Unidas para que verifique la lista de los liberados, pero hasta ahora el Gobierno no ha difundido un listado oficial con las identidades.<\/p>\n<div class=\"pvc_clear\"><\/div>\n<p id=\"pvc_stats_34461\" class=\"pvc_stats all  \" data-element-id=\"34461\" style=\"\"><i class=\"pvc-stats-icon large\" aria-hidden=\"true\"><svg xmlns=\"http:\/\/www.w3.org\/2000\/svg\" version=\"1.0\" viewBox=\"0 0 502 315\" preserveAspectRatio=\"xMidYMid meet\"><g transform=\"translate(0,332) scale(0.1,-0.1)\" fill=\"\" stroke=\"none\"><path d=\"M2394 3279 l-29 -30 -3 -207 c-2 -182 0 -211 15 -242 39 -76 157 -76 196 0 15 31 17 60 15 243 l-3 209 -33 29 c-26 23 -41 29 -80 29 -41 0 -53 -5 -78 -31z\"\/><path d=\"M3085 3251 c-45 -19 -58 -50 -96 -229 -47 -217 -49 -260 -13 -295 52 -53 146 -42 177 20 16 31 87 366 87 410 0 70 -86 122 -155 94z\"\/><path d=\"M1751 3234 c-13 -9 -29 -31 -37 -50 -12 -29 -10 -49 21 -204 19 -94 39 -189 45 -210 14 -50 54 -80 110 -80 34 0 48 6 76 34 21 21 34 44 34 59 0 14 -18 113 -40 219 -37 178 -43 195 -70 221 -36 32 -101 37 -139 11z\"\/><path d=\"M1163 3073 c-36 -7 -73 -59 -73 -102 0 -56 133 -378 171 -413 34 -32 83 -37 129 -13 70 36 67 87 -16 290 -86 209 -89 214 -129 231 -35 14 -42 15 -82 7z\"\/><path d=\"M3689 3066 c-15 -9 -33 -30 -42 -48 -48 -103 -147 -355 -147 -375 0 -98 131 -148 192 -74 13 15 57 108 97 206 80 196 84 226 37 273 -30 30 -99 39 -137 18z\"\/><path d=\"M583 2784 c-38 -19 -67 -74 -58 -113 9 -42 211 -354 242 -373 16 -10 45 -18 66 -18 51 0 107 52 107 100 0 39 -1 41 -124 234 -80 126 -108 162 -133 173 -41 17 -61 16 -100 -3z\"\/><path d=\"M4250 2784 c-14 -9 -74 -91 -133 -183 -95 -150 -107 -173 -107 -213 0 -55 33 -94 87 -104 67 -13 90 8 211 198 130 202 137 225 78 284 -27 27 -42 34 -72 34 -22 0 -50 -8 -64 -16z\"\/><path d=\"M2275 2693 c-553 -48 -1095 -270 -1585 -649 -135 -104 -459 -423 -483 -476 -23 -49 -22 -139 2 -186 73 -142 361 -457 571 -626 285 -228 642 -407 990 -497 242 -63 336 -73 660 -74 310 0 370 5 595 52 535 111 1045 392 1455 803 122 121 250 273 275 326 19 41 19 137 0 174 -41 79 -309 363 -465 492 -447 370 -946 591 -1479 653 -113 14 -422 18 -536 8z m395 -428 c171 -34 330 -124 456 -258 112 -119 167 -219 211 -378 27 -96 24 -300 -5 -401 -72 -255 -236 -447 -474 -557 -132 -62 -201 -76 -368 -76 -167 0 -236 14 -368 76 -213 98 -373 271 -451 485 -162 444 86 934 547 1084 153 49 292 57 452 25z m909 -232 c222 -123 408 -262 593 -441 76 -74 138 -139 138 -144 0 -16 -233 -242 -330 -319 -155 -123 -309 -223 -461 -299 l-81 -41 32 46 c18 26 49 83 70 128 143 306 141 649 -6 957 -25 52 -61 116 -79 142 l-34 47 45 -20 c26 -10 76 -36 113 -56z m-2057 25 c-40 -58 -105 -190 -130 -263 -110 -324 -59 -707 132 -981 25 -35 42 -64 37 -64 -19 0 -241 119 -326 174 -188 122 -406 314 -532 468 l-58 71 108 103 c185 178 428 349 672 473 66 33 121 60 123 61 2 0 -10 -19 -26 -42z\"\/><path d=\"M2375 1950 c-198 -44 -350 -190 -395 -379 -18 -76 -8 -221 19 -290 114 -284 457 -406 731 -260 98 52 188 154 231 260 27 69 37 214 19 290 -38 163 -166 304 -326 360 -67 23 -215 33 -279 19z\"\/><\/g><\/svg><\/i> <img decoding=\"async\" width=\"16\" height=\"16\" alt=\"Loading\" src=\"https:\/\/esviafm.com\/wp-content\/plugins\/page-views-count\/ajax-loader-2x.gif\" border=0 \/><\/p>\n<div class=\"pvc_clear\"><\/div>\n","protected":false},"excerpt":{"rendered":"<p>La organizaci\u00f3n Foro Penal report\u00f3 este mi\u00e9rcoles nuevas excarcelaciones en Venezuela, con las que lleg\u00f3 a 300 casos desde que el 8 de enero el Gobierno anunci\u00f3 que liberar\u00eda a un \u201cn\u00famero importante\u201d de personas detenidas, aunque la cifra se mantiene alejada de las m\u00e1s de 800 reportadas por las autoridades. Gonzalo Himiob, vicepresidente de [&hellip;]<\/p>\n<div class=\"pvc_clear\"><\/div>\n<p id=\"pvc_stats_34461\" class=\"pvc_stats all  \" data-element-id=\"34461\" style=\"\"><i class=\"pvc-stats-icon large\" aria-hidden=\"true\"><svg xmlns=\"http:\/\/www.w3.org\/2000\/svg\" version=\"1.0\" viewBox=\"0 0 502 315\" preserveAspectRatio=\"xMidYMid meet\"><g transform=\"translate(0,332) scale(0.1,-0.1)\" fill=\"\" stroke=\"none\"><path d=\"M2394 3279 l-29 -30 -3 -207 c-2 -182 0 -211 15 -242 39 -76 157 -76 196 0 15 31 17 60 15 243 l-3 209 -33 29 c-26 23 -41 29 -80 29 -41 0 -53 -5 -78 -31z\"\/><path d=\"M3085 3251 c-45 -19 -58 -50 -96 -229 -47 -217 -49 -260 -13 -295 52 -53 146 -42 177 20 16 31 87 366 87 410 0 70 -86 122 -155 94z\"\/><path d=\"M1751 3234 c-13 -9 -29 -31 -37 -50 -12 -29 -10 -49 21 -204 19 -94 39 -189 45 -210 14 -50 54 -80 110 -80 34 0 48 6 76 34 21 21 34 44 34 59 0 14 -18 113 -40 219 -37 178 -43 195 -70 221 -36 32 -101 37 -139 11z\"\/><path d=\"M1163 3073 c-36 -7 -73 -59 -73 -102 0 -56 133 -378 171 -413 34 -32 83 -37 129 -13 70 36 67 87 -16 290 -86 209 -89 214 -129 231 -35 14 -42 15 -82 7z\"\/><path d=\"M3689 3066 c-15 -9 -33 -30 -42 -48 -48 -103 -147 -355 -147 -375 0 -98 131 -148 192 -74 13 15 57 108 97 206 80 196 84 226 37 273 -30 30 -99 39 -137 18z\"\/><path d=\"M583 2784 c-38 -19 -67 -74 -58 -113 9 -42 211 -354 242 -373 16 -10 45 -18 66 -18 51 0 107 52 107 100 0 39 -1 41 -124 234 -80 126 -108 162 -133 173 -41 17 -61 16 -100 -3z\"\/><path d=\"M4250 2784 c-14 -9 -74 -91 -133 -183 -95 -150 -107 -173 -107 -213 0 -55 33 -94 87 -104 67 -13 90 8 211 198 130 202 137 225 78 284 -27 27 -42 34 -72 34 -22 0 -50 -8 -64 -16z\"\/><path d=\"M2275 2693 c-553 -48 -1095 -270 -1585 -649 -135 -104 -459 -423 -483 -476 -23 -49 -22 -139 2 -186 73 -142 361 -457 571 -626 285 -228 642 -407 990 -497 242 -63 336 -73 660 -74 310 0 370 5 595 52 535 111 1045 392 1455 803 122 121 250 273 275 326 19 41 19 137 0 174 -41 79 -309 363 -465 492 -447 370 -946 591 -1479 653 -113 14 -422 18 -536 8z m395 -428 c171 -34 330 -124 456 -258 112 -119 167 -219 211 -378 27 -96 24 -300 -5 -401 -72 -255 -236 -447 -474 -557 -132 -62 -201 -76 -368 -76 -167 0 -236 14 -368 76 -213 98 -373 271 -451 485 -162 444 86 934 547 1084 153 49 292 57 452 25z m909 -232 c222 -123 408 -262 593 -441 76 -74 138 -139 138 -144 0 -16 -233 -242 -330 -319 -155 -123 -309 -223 -461 -299 l-81 -41 32 46 c18 26 49 83 70 128 143 306 141 649 -6 957 -25 52 -61 116 -79 142 l-34 47 45 -20 c26 -10 76 -36 113 -56z m-2057 25 c-40 -58 -105 -190 -130 -263 -110 -324 -59 -707 132 -981 25 -35 42 -64 37 -64 -19 0 -241 119 -326 174 -188 122 -406 314 -532 468 l-58 71 108 103 c185 178 428 349 672 473 66 33 121 60 123 61 2 0 -10 -19 -26 -42z\"\/><path d=\"M2375 1950 c-198 -44 -350 -190 -395 -379 -18 -76 -8 -221 19 -290 114 -284 457 -406 731 -260 98 52 188 154 231 260 27 69 37 214 19 290 -38 163 -166 304 -326 360 -67 23 -215 33 -279 19z\"\/><\/g><\/svg><\/i> <img decoding=\"async\" width=\"16\" height=\"16\" alt=\"Loading\" src=\"https:\/\/esviafm.com\/wp-content\/plugins\/page-views-count\/ajax-loader-2x.gif\" border=0 \/><\/p>\n<div class=\"pvc_clear\"><\/div>\n","protected":false},"author":7,"featured_media":34462,"comment_status":"open","ping_status":"open","sticky":false,"template":"","format":"standard","meta":{"_et_pb_use_builder":"","_et_pb_old_content":"","_et_gb_content_width":"","footnotes":""},"categories":[25],"tags":[],"class_list":["post-34461","post","type-post","status-publish","format-standard","has-post-thumbnail","hentry","category-nacionales"],"_links":{"self":[{"href":"https:\/\/esviafm.com\/index.php\/wp-json\/wp\/v2\/posts\/34461","targetHints":{"allow":["GET"]}}],"collection":[{"href":"https:\/\/esviafm.com\/index.php\/wp-json\/wp\/v2\/posts"}],"about":[{"href":"https:\/\/esviafm.com\/index.php\/wp-json\/wp\/v2\/types\/post"}],"author":[{"embeddable":true,"href":"https:\/\/esviafm.com\/index.php\/wp-json\/wp\/v2\/users\/7"}],"replies":[{"embeddable":true,"href":"https:\/\/esviafm.com\/index.php\/wp-json\/wp\/v2\/comments?post=34461"}],"version-history":[{"count":1,"href":"https:\/\/esviafm.com\/index.php\/wp-json\/wp\/v2\/posts\/34461\/revisions"}],"predecessor-version":[{"id":34463,"href":"https:\/\/esviafm.com\/index.php\/wp-json\/wp\/v2\/posts\/34461\/revisions\/34463"}],"wp:featuredmedia":[{"embeddable":true,"href":"https:\/\/esviafm.com\/index.php\/wp-json\/wp\/v2\/media\/34462"}],"wp:attachment":[{"href":"https:\/\/esviafm.com\/index.php\/wp-json\/wp\/v2\/media?parent=34461"}],"wp:term":[{"taxonomy":"category","embeddable":true,"href":"https:\/\/esviafm.com\/index.php\/wp-json\/wp\/v2\/categories?post=34461"},{"taxonomy":"post_tag","embeddable":true,"href":"https:\/\/esviafm.com\/index.php\/wp-json\/wp\/v2\/tags?post=34461"}],"curies":[{"name":"wp","href":"https:\/\/api.w.org\/{rel}","templated":true}]}}