{"id":34394,"date":"2026-01-29T06:48:47","date_gmt":"2026-01-29T11:18:47","guid":{"rendered":"https:\/\/esviafm.com\/?p=34394"},"modified":"2026-01-29T06:48:47","modified_gmt":"2026-01-29T11:18:47","slug":"comite-reporta-excarcelacion-de-22-presos-politicos-recluidos-en-el-rodeo-i","status":"publish","type":"post","link":"https:\/\/esviafm.com\/index.php\/comite-reporta-excarcelacion-de-22-presos-politicos-recluidos-en-el-rodeo-i\/","title":{"rendered":"Comit\u00e9 reporta excarcelaci\u00f3n de 22 presos pol\u00edticos recluidos en El Rodeo I"},"content":{"rendered":"<p>El Comit\u00e9 por la Libertad de los Presos Pol\u00edticos inform\u00f3 que la noche de este 27 de enero se concretaron las excarcelaciones de 22 personas que se encontraban detenidas por motivos pol\u00edticos dentro de la c\u00e1rcel de m\u00e1xima seguridad El Rodeo I, ubicada en el estado Miranda.<\/p>\n<p>Uno de los excarcelados es Keberth Alberto Barcel\u00f3 Torres, quien fue apresado el 12 de diciembre de 2024 por la Guardia Nacional, durante unas horas, en una alcabala cerca de Maicao, en la frontera del estado Zulia con Colombia. Luego fue entregado a funcionarios de la Direcci\u00f3n General de Contrainteligencia Militar (Dgcim), pero liberado al d\u00eda siguiente.<\/p>\n<p>D\u00edas despu\u00e9s, fue arrestado nuevamente de forma arbitraria y acusado de terrorismo tras la supuesta incautaci\u00f3n de armas no letales (pistolas de balas de goma) encontradas en una mudanza debido a su antiguo trabajo como escolta. Su madre denunci\u00f3 su caso ante tribunales, Ministerio P\u00fablico y Defensor\u00eda del Pueblo, pero no recibi\u00f3 respuestas.<\/p>\n<p>Clippve indic\u00f3 que tambi\u00e9n fueron excarcelados Jorge Granado, V\u00edctor Manuel Seijas, Yosmar Jos\u00e9 Tabares Mar\u00edn, Diego Mej\u00edas, Luis Chirinos, Douglas Merch\u00e1n y Kevin Leonardo \u00c1lvarez. Al igual que en otras oportunidades, los presos pol\u00edticos recluidos en El Rodeo I son entregados a sus\u00a0<strong><a title=\"\" href=\"https:\/\/correodelcaroni.com\/pais-politico\/la-libertad-no-es-un-privilegio-familiares-claman-por-presos-politicos-en-bolivar\/\" target=\"_blank\" rel=\"noopener\"><mark class=\"has-inline-color has-luminous-vivid-amber-color\">parientes<\/mark><\/a><\/strong>\u00a0en lugares distantes a la prisi\u00f3n.<\/p>\n<p>Por su parte, el abogado Gonzalo Himiob, vicepresidente del Foro Penal, indic\u00f3 en redes sociales que la organizaci\u00f3n verificaba la liberaci\u00f3n de 19\u00a0<strong><a title=\"\" href=\"https:\/\/correodelcaroni.com\/pais-politico\/comite-de-madres-presenta-propuesta-de-ley-de-amnistia-para-presos-politicos\/\" target=\"_blank\" rel=\"noopener\"><mark class=\"has-inline-color has-luminous-vivid-amber-color\">presos pol\u00edticos<\/mark><\/a><\/strong>\u00a0detenidos en El Rodeo I. Asimismo confirmaron la liberaci\u00f3n bajo medidas cautelares de Jos\u00e9 Alain Linares Lima, quien pertenece al pueblo ind\u00edgena Puinave y estaba detenido de forma arbitraria desde el 16 de octubre de 2025.<\/p>\n<p>Seg\u00fan el ministro de Interior y Justicia, Diosdado Cabello, hasta el lunes se hab\u00edan otorgado\u00a0<strong><a title=\"\" href=\"https:\/\/correodelcaroni.com\/pais-politico\/cabello-asegura-que-van-808-excarcelaciones-que-venga-el-alto-comisionado-de-la-onu\/\" target=\"_blank\" rel=\"noopener\"><mark class=\"has-inline-color has-luminous-vivid-amber-color\">808 liberaciones<\/mark><\/a><\/strong>\u00a0bajo medidas cautelares ordenadas desde \u201cantes de diciembre\u201d.<\/p>\n<div class=\"pvc_clear\"><\/div>\n<p id=\"pvc_stats_34394\" class=\"pvc_stats all  \" data-element-id=\"34394\" style=\"\"><i class=\"pvc-stats-icon large\" aria-hidden=\"true\"><svg xmlns=\"http:\/\/www.w3.org\/2000\/svg\" version=\"1.0\" viewBox=\"0 0 502 315\" preserveAspectRatio=\"xMidYMid meet\"><g transform=\"translate(0,332) scale(0.1,-0.1)\" fill=\"\" stroke=\"none\"><path d=\"M2394 3279 l-29 -30 -3 -207 c-2 -182 0 -211 15 -242 39 -76 157 -76 196 0 15 31 17 60 15 243 l-3 209 -33 29 c-26 23 -41 29 -80 29 -41 0 -53 -5 -78 -31z\"\/><path d=\"M3085 3251 c-45 -19 -58 -50 -96 -229 -47 -217 -49 -260 -13 -295 52 -53 146 -42 177 20 16 31 87 366 87 410 0 70 -86 122 -155 94z\"\/><path d=\"M1751 3234 c-13 -9 -29 -31 -37 -50 -12 -29 -10 -49 21 -204 19 -94 39 -189 45 -210 14 -50 54 -80 110 -80 34 0 48 6 76 34 21 21 34 44 34 59 0 14 -18 113 -40 219 -37 178 -43 195 -70 221 -36 32 -101 37 -139 11z\"\/><path d=\"M1163 3073 c-36 -7 -73 -59 -73 -102 0 -56 133 -378 171 -413 34 -32 83 -37 129 -13 70 36 67 87 -16 290 -86 209 -89 214 -129 231 -35 14 -42 15 -82 7z\"\/><path d=\"M3689 3066 c-15 -9 -33 -30 -42 -48 -48 -103 -147 -355 -147 -375 0 -98 131 -148 192 -74 13 15 57 108 97 206 80 196 84 226 37 273 -30 30 -99 39 -137 18z\"\/><path d=\"M583 2784 c-38 -19 -67 -74 -58 -113 9 -42 211 -354 242 -373 16 -10 45 -18 66 -18 51 0 107 52 107 100 0 39 -1 41 -124 234 -80 126 -108 162 -133 173 -41 17 -61 16 -100 -3z\"\/><path d=\"M4250 2784 c-14 -9 -74 -91 -133 -183 -95 -150 -107 -173 -107 -213 0 -55 33 -94 87 -104 67 -13 90 8 211 198 130 202 137 225 78 284 -27 27 -42 34 -72 34 -22 0 -50 -8 -64 -16z\"\/><path d=\"M2275 2693 c-553 -48 -1095 -270 -1585 -649 -135 -104 -459 -423 -483 -476 -23 -49 -22 -139 2 -186 73 -142 361 -457 571 -626 285 -228 642 -407 990 -497 242 -63 336 -73 660 -74 310 0 370 5 595 52 535 111 1045 392 1455 803 122 121 250 273 275 326 19 41 19 137 0 174 -41 79 -309 363 -465 492 -447 370 -946 591 -1479 653 -113 14 -422 18 -536 8z m395 -428 c171 -34 330 -124 456 -258 112 -119 167 -219 211 -378 27 -96 24 -300 -5 -401 -72 -255 -236 -447 -474 -557 -132 -62 -201 -76 -368 -76 -167 0 -236 14 -368 76 -213 98 -373 271 -451 485 -162 444 86 934 547 1084 153 49 292 57 452 25z m909 -232 c222 -123 408 -262 593 -441 76 -74 138 -139 138 -144 0 -16 -233 -242 -330 -319 -155 -123 -309 -223 -461 -299 l-81 -41 32 46 c18 26 49 83 70 128 143 306 141 649 -6 957 -25 52 -61 116 -79 142 l-34 47 45 -20 c26 -10 76 -36 113 -56z m-2057 25 c-40 -58 -105 -190 -130 -263 -110 -324 -59 -707 132 -981 25 -35 42 -64 37 -64 -19 0 -241 119 -326 174 -188 122 -406 314 -532 468 l-58 71 108 103 c185 178 428 349 672 473 66 33 121 60 123 61 2 0 -10 -19 -26 -42z\"\/><path d=\"M2375 1950 c-198 -44 -350 -190 -395 -379 -18 -76 -8 -221 19 -290 114 -284 457 -406 731 -260 98 52 188 154 231 260 27 69 37 214 19 290 -38 163 -166 304 -326 360 -67 23 -215 33 -279 19z\"\/><\/g><\/svg><\/i> <img decoding=\"async\" width=\"16\" height=\"16\" alt=\"Loading\" src=\"https:\/\/esviafm.com\/wp-content\/plugins\/page-views-count\/ajax-loader-2x.gif\" border=0 \/><\/p>\n<div class=\"pvc_clear\"><\/div>\n","protected":false},"excerpt":{"rendered":"<p>El Comit\u00e9 por la Libertad de los Presos Pol\u00edticos inform\u00f3 que la noche de este 27 de enero se concretaron las excarcelaciones de 22 personas que se encontraban detenidas por motivos pol\u00edticos dentro de la c\u00e1rcel de m\u00e1xima seguridad El Rodeo I, ubicada en el estado Miranda. Uno de los excarcelados es Keberth Alberto Barcel\u00f3 [&hellip;]<\/p>\n<div class=\"pvc_clear\"><\/div>\n<p id=\"pvc_stats_34394\" class=\"pvc_stats all  \" data-element-id=\"34394\" style=\"\"><i class=\"pvc-stats-icon large\" aria-hidden=\"true\"><svg xmlns=\"http:\/\/www.w3.org\/2000\/svg\" version=\"1.0\" viewBox=\"0 0 502 315\" preserveAspectRatio=\"xMidYMid meet\"><g transform=\"translate(0,332) scale(0.1,-0.1)\" fill=\"\" stroke=\"none\"><path d=\"M2394 3279 l-29 -30 -3 -207 c-2 -182 0 -211 15 -242 39 -76 157 -76 196 0 15 31 17 60 15 243 l-3 209 -33 29 c-26 23 -41 29 -80 29 -41 0 -53 -5 -78 -31z\"\/><path d=\"M3085 3251 c-45 -19 -58 -50 -96 -229 -47 -217 -49 -260 -13 -295 52 -53 146 -42 177 20 16 31 87 366 87 410 0 70 -86 122 -155 94z\"\/><path d=\"M1751 3234 c-13 -9 -29 -31 -37 -50 -12 -29 -10 -49 21 -204 19 -94 39 -189 45 -210 14 -50 54 -80 110 -80 34 0 48 6 76 34 21 21 34 44 34 59 0 14 -18 113 -40 219 -37 178 -43 195 -70 221 -36 32 -101 37 -139 11z\"\/><path d=\"M1163 3073 c-36 -7 -73 -59 -73 -102 0 -56 133 -378 171 -413 34 -32 83 -37 129 -13 70 36 67 87 -16 290 -86 209 -89 214 -129 231 -35 14 -42 15 -82 7z\"\/><path d=\"M3689 3066 c-15 -9 -33 -30 -42 -48 -48 -103 -147 -355 -147 -375 0 -98 131 -148 192 -74 13 15 57 108 97 206 80 196 84 226 37 273 -30 30 -99 39 -137 18z\"\/><path d=\"M583 2784 c-38 -19 -67 -74 -58 -113 9 -42 211 -354 242 -373 16 -10 45 -18 66 -18 51 0 107 52 107 100 0 39 -1 41 -124 234 -80 126 -108 162 -133 173 -41 17 -61 16 -100 -3z\"\/><path d=\"M4250 2784 c-14 -9 -74 -91 -133 -183 -95 -150 -107 -173 -107 -213 0 -55 33 -94 87 -104 67 -13 90 8 211 198 130 202 137 225 78 284 -27 27 -42 34 -72 34 -22 0 -50 -8 -64 -16z\"\/><path d=\"M2275 2693 c-553 -48 -1095 -270 -1585 -649 -135 -104 -459 -423 -483 -476 -23 -49 -22 -139 2 -186 73 -142 361 -457 571 -626 285 -228 642 -407 990 -497 242 -63 336 -73 660 -74 310 0 370 5 595 52 535 111 1045 392 1455 803 122 121 250 273 275 326 19 41 19 137 0 174 -41 79 -309 363 -465 492 -447 370 -946 591 -1479 653 -113 14 -422 18 -536 8z m395 -428 c171 -34 330 -124 456 -258 112 -119 167 -219 211 -378 27 -96 24 -300 -5 -401 -72 -255 -236 -447 -474 -557 -132 -62 -201 -76 -368 -76 -167 0 -236 14 -368 76 -213 98 -373 271 -451 485 -162 444 86 934 547 1084 153 49 292 57 452 25z m909 -232 c222 -123 408 -262 593 -441 76 -74 138 -139 138 -144 0 -16 -233 -242 -330 -319 -155 -123 -309 -223 -461 -299 l-81 -41 32 46 c18 26 49 83 70 128 143 306 141 649 -6 957 -25 52 -61 116 -79 142 l-34 47 45 -20 c26 -10 76 -36 113 -56z m-2057 25 c-40 -58 -105 -190 -130 -263 -110 -324 -59 -707 132 -981 25 -35 42 -64 37 -64 -19 0 -241 119 -326 174 -188 122 -406 314 -532 468 l-58 71 108 103 c185 178 428 349 672 473 66 33 121 60 123 61 2 0 -10 -19 -26 -42z\"\/><path d=\"M2375 1950 c-198 -44 -350 -190 -395 -379 -18 -76 -8 -221 19 -290 114 -284 457 -406 731 -260 98 52 188 154 231 260 27 69 37 214 19 290 -38 163 -166 304 -326 360 -67 23 -215 33 -279 19z\"\/><\/g><\/svg><\/i> <img decoding=\"async\" width=\"16\" height=\"16\" alt=\"Loading\" src=\"https:\/\/esviafm.com\/wp-content\/plugins\/page-views-count\/ajax-loader-2x.gif\" border=0 \/><\/p>\n<div class=\"pvc_clear\"><\/div>\n","protected":false},"author":7,"featured_media":34395,"comment_status":"open","ping_status":"open","sticky":false,"template":"","format":"standard","meta":{"_et_pb_use_builder":"","_et_pb_old_content":"","_et_gb_content_width":"","footnotes":""},"categories":[25],"tags":[],"class_list":["post-34394","post","type-post","status-publish","format-standard","has-post-thumbnail","hentry","category-nacionales"],"_links":{"self":[{"href":"https:\/\/esviafm.com\/index.php\/wp-json\/wp\/v2\/posts\/34394","targetHints":{"allow":["GET"]}}],"collection":[{"href":"https:\/\/esviafm.com\/index.php\/wp-json\/wp\/v2\/posts"}],"about":[{"href":"https:\/\/esviafm.com\/index.php\/wp-json\/wp\/v2\/types\/post"}],"author":[{"embeddable":true,"href":"https:\/\/esviafm.com\/index.php\/wp-json\/wp\/v2\/users\/7"}],"replies":[{"embeddable":true,"href":"https:\/\/esviafm.com\/index.php\/wp-json\/wp\/v2\/comments?post=34394"}],"version-history":[{"count":1,"href":"https:\/\/esviafm.com\/index.php\/wp-json\/wp\/v2\/posts\/34394\/revisions"}],"predecessor-version":[{"id":34396,"href":"https:\/\/esviafm.com\/index.php\/wp-json\/wp\/v2\/posts\/34394\/revisions\/34396"}],"wp:featuredmedia":[{"embeddable":true,"href":"https:\/\/esviafm.com\/index.php\/wp-json\/wp\/v2\/media\/34395"}],"wp:attachment":[{"href":"https:\/\/esviafm.com\/index.php\/wp-json\/wp\/v2\/media?parent=34394"}],"wp:term":[{"taxonomy":"category","embeddable":true,"href":"https:\/\/esviafm.com\/index.php\/wp-json\/wp\/v2\/categories?post=34394"},{"taxonomy":"post_tag","embeddable":true,"href":"https:\/\/esviafm.com\/index.php\/wp-json\/wp\/v2\/tags?post=34394"}],"curies":[{"name":"wp","href":"https:\/\/api.w.org\/{rel}","templated":true}]}}