{"id":34366,"date":"2026-01-29T06:32:07","date_gmt":"2026-01-29T11:02:07","guid":{"rendered":"https:\/\/esviafm.com\/?p=34366"},"modified":"2026-01-29T06:32:07","modified_gmt":"2026-01-29T11:02:07","slug":"delcy-rodriguez-recibe-insignias-de-comandante-en-jefe-de-la-fanb","status":"publish","type":"post","link":"https:\/\/esviafm.com\/index.php\/delcy-rodriguez-recibe-insignias-de-comandante-en-jefe-de-la-fanb\/","title":{"rendered":"Delcy Rodr\u00edguez recibe insignias de comandante en jefe de la FANB"},"content":{"rendered":"<p>La presidenta encargada de Venezuela, Delcy Rodr\u00edguez, recibi\u00f3 este mi\u00e9rcoles las insignias, bast\u00f3n de mando y la espada de Sim\u00f3n Bol\u00edvar, que la acreditan como comandante en jefe de la Fuerza Armada Nacional Bolivariana (FANB).<\/p>\n<p>En las inmediaciones de la Universidad Militar Bolivariana de Venezuela (UMBV), el vicepresidente sectorial de Defensa y Soberan\u00eda y ministro del Poder Popular para la Defensa, Vladimir Padrino, fue el encargado de la rendici\u00f3n de honores junto a los componentes castrenses.<\/p>\n<figure class=\"wp-block-image size-large\"><img fetchpriority=\"high\" fetchpriority=\"high\" decoding=\"async\" class=\"wp-image-69333 lazyloaded\" src=\"https:\/\/elfoco.ve\/wp-content\/uploads\/2026\/01\/IMG_20260128_221848-1024x827.jpg\" sizes=\"(max-width: 1024px) 100vw, 1024px\" srcset=\"https:\/\/elfoco.ve\/wp-content\/uploads\/2026\/01\/IMG_20260128_221848-1024x827.jpg 1024w, https:\/\/elfoco.ve\/wp-content\/uploads\/2026\/01\/IMG_20260128_221848-300x242.jpg 300w, https:\/\/elfoco.ve\/wp-content\/uploads\/2026\/01\/IMG_20260128_221848-768x620.jpg 768w, https:\/\/elfoco.ve\/wp-content\/uploads\/2026\/01\/IMG_20260128_221848.jpg 1080w\" alt=\"\" width=\"1024\" height=\"827\" data-src=\"https:\/\/elfoco.ve\/wp-content\/uploads\/2026\/01\/IMG_20260128_221848-1024x827.jpg\" data-srcset=\"https:\/\/elfoco.ve\/wp-content\/uploads\/2026\/01\/IMG_20260128_221848-1024x827.jpg 1024w, https:\/\/elfoco.ve\/wp-content\/uploads\/2026\/01\/IMG_20260128_221848-300x242.jpg 300w, https:\/\/elfoco.ve\/wp-content\/uploads\/2026\/01\/IMG_20260128_221848-768x620.jpg 768w, https:\/\/elfoco.ve\/wp-content\/uploads\/2026\/01\/IMG_20260128_221848.jpg 1080w\" data-sizes=\"(max-width: 1024px) 100vw, 1024px\" \/><figcaption class=\"wp-element-caption\">Presidenta encargada, Delcy Rodr\u00edguez, con el bast\u00f3n de mando<\/figcaption><\/figure>\n<p>Las primeras palabras fueron dirigidas por el vicepresidente de Seguridad Ciudadana y ministro de Relaciones Interiores, Justicia y Paz, Diosdado Cabello, quien sentenci\u00f3 que \u00abhoy m\u00e1s que nunca resuena en cada comando: unidad, lucha, batalla y victoria\u00bb.<\/p>\n<p>\u00abDefender la gesti\u00f3n de Delcy Rodr\u00edguez es defender la Patria y la paz. La reconocemos a usted, Delcy Elo\u00edna Rodr\u00edguez G\u00f3mez, como la presidenta encargada de la Rep\u00fablica Bolivariana de Venezuela y comandante en jefe de la Fuerza Armada Nacional Bolivariana y de los cuerpos policiales\u00bb, exclam\u00f3 Cabello.<\/p>\n<figure class=\"wp-block-image size-large\"><img decoding=\"async\" class=\"wp-image-69298 lazyloaded\" src=\"https:\/\/elfoco.ve\/wp-content\/uploads\/2026\/01\/41MG_L8558_P-1024x683.jpg\" sizes=\"(max-width: 1024px) 100vw, 1024px\" srcset=\"https:\/\/elfoco.ve\/wp-content\/uploads\/2026\/01\/41MG_L8558_P-1024x683.jpg 1024w, https:\/\/elfoco.ve\/wp-content\/uploads\/2026\/01\/41MG_L8558_P-300x200.jpg 300w, https:\/\/elfoco.ve\/wp-content\/uploads\/2026\/01\/41MG_L8558_P-768x512.jpg 768w, https:\/\/elfoco.ve\/wp-content\/uploads\/2026\/01\/41MG_L8558_P-1536x1024.jpg 1536w, https:\/\/elfoco.ve\/wp-content\/uploads\/2026\/01\/41MG_L8558_P-2048x1365.jpg 2048w\" alt=\"\" width=\"1024\" height=\"683\" data-src=\"https:\/\/elfoco.ve\/wp-content\/uploads\/2026\/01\/41MG_L8558_P-1024x683.jpg\" data-srcset=\"https:\/\/elfoco.ve\/wp-content\/uploads\/2026\/01\/41MG_L8558_P-1024x683.jpg 1024w, https:\/\/elfoco.ve\/wp-content\/uploads\/2026\/01\/41MG_L8558_P-300x200.jpg 300w, https:\/\/elfoco.ve\/wp-content\/uploads\/2026\/01\/41MG_L8558_P-768x512.jpg 768w, https:\/\/elfoco.ve\/wp-content\/uploads\/2026\/01\/41MG_L8558_P-1536x1024.jpg 1536w, https:\/\/elfoco.ve\/wp-content\/uploads\/2026\/01\/41MG_L8558_P-2048x1365.jpg 2048w\" data-sizes=\"(max-width: 1024px) 100vw, 1024px\" \/><\/figure>\n<p>M\u00e1s temprano, en las redes sociales, Padrino destac\u00f3 la legitimidad de la mandataria encargada, tanto de origen como de ejercicio, y ratific\u00f3 el respaldo pleno de la instituci\u00f3n para la defensa del pa\u00eds, la preservaci\u00f3n de la paz y el impulso de procesos de reconciliaci\u00f3n y democracia.<\/p>\n<p>En nombre de la FANB, el ministro de la Defensa expres\u00f3 tambi\u00e9n su lealtad y respaldo a este reto que le ha tocado asumir a Rodr\u00edguez en un escenario in\u00e9dito en el pa\u00eds.<\/p>\n<p>Asimismo, Padrino reiter\u00f3 la exigencia de liberar al presidente Nicol\u00e1s Maduro y a la primera dama Cilia Flores. \u00abReconocemos lealtad y subordinaci\u00f3n absoluta a nuestra comandante en jefe, Delcy Rodr\u00edguez\u00bb, subray\u00f3.<\/p>\n<figure class=\"wp-block-image size-large\"><img decoding=\"async\" class=\"wp-image-69300 lazyloaded\" src=\"https:\/\/elfoco.ve\/wp-content\/uploads\/2026\/01\/06_WOL4645_P-1024x683.jpg\" sizes=\"(max-width: 1024px) 100vw, 1024px\" srcset=\"https:\/\/elfoco.ve\/wp-content\/uploads\/2026\/01\/06_WOL4645_P-1024x683.jpg 1024w, https:\/\/elfoco.ve\/wp-content\/uploads\/2026\/01\/06_WOL4645_P-300x200.jpg 300w, https:\/\/elfoco.ve\/wp-content\/uploads\/2026\/01\/06_WOL4645_P-768x512.jpg 768w, https:\/\/elfoco.ve\/wp-content\/uploads\/2026\/01\/06_WOL4645_P-1536x1024.jpg 1536w, https:\/\/elfoco.ve\/wp-content\/uploads\/2026\/01\/06_WOL4645_P-2048x1365.jpg 2048w\" alt=\"\" width=\"1024\" height=\"683\" data-src=\"https:\/\/elfoco.ve\/wp-content\/uploads\/2026\/01\/06_WOL4645_P-1024x683.jpg\" data-srcset=\"https:\/\/elfoco.ve\/wp-content\/uploads\/2026\/01\/06_WOL4645_P-1024x683.jpg 1024w, https:\/\/elfoco.ve\/wp-content\/uploads\/2026\/01\/06_WOL4645_P-300x200.jpg 300w, https:\/\/elfoco.ve\/wp-content\/uploads\/2026\/01\/06_WOL4645_P-768x512.jpg 768w, https:\/\/elfoco.ve\/wp-content\/uploads\/2026\/01\/06_WOL4645_P-1536x1024.jpg 1536w, https:\/\/elfoco.ve\/wp-content\/uploads\/2026\/01\/06_WOL4645_P-2048x1365.jpg 2048w\" data-sizes=\"(max-width: 1024px) 100vw, 1024px\" \/><\/figure>\n<div class=\"pvc_clear\"><\/div>\n<p id=\"pvc_stats_34366\" class=\"pvc_stats all  \" data-element-id=\"34366\" style=\"\"><i class=\"pvc-stats-icon large\" aria-hidden=\"true\"><svg xmlns=\"http:\/\/www.w3.org\/2000\/svg\" version=\"1.0\" viewBox=\"0 0 502 315\" preserveAspectRatio=\"xMidYMid meet\"><g transform=\"translate(0,332) scale(0.1,-0.1)\" fill=\"\" stroke=\"none\"><path d=\"M2394 3279 l-29 -30 -3 -207 c-2 -182 0 -211 15 -242 39 -76 157 -76 196 0 15 31 17 60 15 243 l-3 209 -33 29 c-26 23 -41 29 -80 29 -41 0 -53 -5 -78 -31z\"\/><path d=\"M3085 3251 c-45 -19 -58 -50 -96 -229 -47 -217 -49 -260 -13 -295 52 -53 146 -42 177 20 16 31 87 366 87 410 0 70 -86 122 -155 94z\"\/><path d=\"M1751 3234 c-13 -9 -29 -31 -37 -50 -12 -29 -10 -49 21 -204 19 -94 39 -189 45 -210 14 -50 54 -80 110 -80 34 0 48 6 76 34 21 21 34 44 34 59 0 14 -18 113 -40 219 -37 178 -43 195 -70 221 -36 32 -101 37 -139 11z\"\/><path d=\"M1163 3073 c-36 -7 -73 -59 -73 -102 0 -56 133 -378 171 -413 34 -32 83 -37 129 -13 70 36 67 87 -16 290 -86 209 -89 214 -129 231 -35 14 -42 15 -82 7z\"\/><path d=\"M3689 3066 c-15 -9 -33 -30 -42 -48 -48 -103 -147 -355 -147 -375 0 -98 131 -148 192 -74 13 15 57 108 97 206 80 196 84 226 37 273 -30 30 -99 39 -137 18z\"\/><path d=\"M583 2784 c-38 -19 -67 -74 -58 -113 9 -42 211 -354 242 -373 16 -10 45 -18 66 -18 51 0 107 52 107 100 0 39 -1 41 -124 234 -80 126 -108 162 -133 173 -41 17 -61 16 -100 -3z\"\/><path d=\"M4250 2784 c-14 -9 -74 -91 -133 -183 -95 -150 -107 -173 -107 -213 0 -55 33 -94 87 -104 67 -13 90 8 211 198 130 202 137 225 78 284 -27 27 -42 34 -72 34 -22 0 -50 -8 -64 -16z\"\/><path d=\"M2275 2693 c-553 -48 -1095 -270 -1585 -649 -135 -104 -459 -423 -483 -476 -23 -49 -22 -139 2 -186 73 -142 361 -457 571 -626 285 -228 642 -407 990 -497 242 -63 336 -73 660 -74 310 0 370 5 595 52 535 111 1045 392 1455 803 122 121 250 273 275 326 19 41 19 137 0 174 -41 79 -309 363 -465 492 -447 370 -946 591 -1479 653 -113 14 -422 18 -536 8z m395 -428 c171 -34 330 -124 456 -258 112 -119 167 -219 211 -378 27 -96 24 -300 -5 -401 -72 -255 -236 -447 -474 -557 -132 -62 -201 -76 -368 -76 -167 0 -236 14 -368 76 -213 98 -373 271 -451 485 -162 444 86 934 547 1084 153 49 292 57 452 25z m909 -232 c222 -123 408 -262 593 -441 76 -74 138 -139 138 -144 0 -16 -233 -242 -330 -319 -155 -123 -309 -223 -461 -299 l-81 -41 32 46 c18 26 49 83 70 128 143 306 141 649 -6 957 -25 52 -61 116 -79 142 l-34 47 45 -20 c26 -10 76 -36 113 -56z m-2057 25 c-40 -58 -105 -190 -130 -263 -110 -324 -59 -707 132 -981 25 -35 42 -64 37 -64 -19 0 -241 119 -326 174 -188 122 -406 314 -532 468 l-58 71 108 103 c185 178 428 349 672 473 66 33 121 60 123 61 2 0 -10 -19 -26 -42z\"\/><path d=\"M2375 1950 c-198 -44 -350 -190 -395 -379 -18 -76 -8 -221 19 -290 114 -284 457 -406 731 -260 98 52 188 154 231 260 27 69 37 214 19 290 -38 163 -166 304 -326 360 -67 23 -215 33 -279 19z\"\/><\/g><\/svg><\/i> <img loading=\"lazy\" loading=\"lazy\" decoding=\"async\" width=\"16\" height=\"16\" alt=\"Loading\" src=\"https:\/\/esviafm.com\/wp-content\/plugins\/page-views-count\/ajax-loader-2x.gif\" border=0 \/><\/p>\n<div class=\"pvc_clear\"><\/div>\n","protected":false},"excerpt":{"rendered":"<p>La presidenta encargada de Venezuela, Delcy Rodr\u00edguez, recibi\u00f3 este mi\u00e9rcoles las insignias, bast\u00f3n de mando y la espada de Sim\u00f3n Bol\u00edvar, que la acreditan como comandante en jefe de la Fuerza Armada Nacional Bolivariana (FANB). En las inmediaciones de la Universidad Militar Bolivariana de Venezuela (UMBV), el vicepresidente sectorial de Defensa y Soberan\u00eda y ministro [&hellip;]<\/p>\n<div class=\"pvc_clear\"><\/div>\n<p id=\"pvc_stats_34366\" class=\"pvc_stats all  \" data-element-id=\"34366\" style=\"\"><i class=\"pvc-stats-icon large\" aria-hidden=\"true\"><svg xmlns=\"http:\/\/www.w3.org\/2000\/svg\" version=\"1.0\" viewBox=\"0 0 502 315\" preserveAspectRatio=\"xMidYMid meet\"><g transform=\"translate(0,332) scale(0.1,-0.1)\" fill=\"\" stroke=\"none\"><path d=\"M2394 3279 l-29 -30 -3 -207 c-2 -182 0 -211 15 -242 39 -76 157 -76 196 0 15 31 17 60 15 243 l-3 209 -33 29 c-26 23 -41 29 -80 29 -41 0 -53 -5 -78 -31z\"\/><path d=\"M3085 3251 c-45 -19 -58 -50 -96 -229 -47 -217 -49 -260 -13 -295 52 -53 146 -42 177 20 16 31 87 366 87 410 0 70 -86 122 -155 94z\"\/><path d=\"M1751 3234 c-13 -9 -29 -31 -37 -50 -12 -29 -10 -49 21 -204 19 -94 39 -189 45 -210 14 -50 54 -80 110 -80 34 0 48 6 76 34 21 21 34 44 34 59 0 14 -18 113 -40 219 -37 178 -43 195 -70 221 -36 32 -101 37 -139 11z\"\/><path d=\"M1163 3073 c-36 -7 -73 -59 -73 -102 0 -56 133 -378 171 -413 34 -32 83 -37 129 -13 70 36 67 87 -16 290 -86 209 -89 214 -129 231 -35 14 -42 15 -82 7z\"\/><path d=\"M3689 3066 c-15 -9 -33 -30 -42 -48 -48 -103 -147 -355 -147 -375 0 -98 131 -148 192 -74 13 15 57 108 97 206 80 196 84 226 37 273 -30 30 -99 39 -137 18z\"\/><path d=\"M583 2784 c-38 -19 -67 -74 -58 -113 9 -42 211 -354 242 -373 16 -10 45 -18 66 -18 51 0 107 52 107 100 0 39 -1 41 -124 234 -80 126 -108 162 -133 173 -41 17 -61 16 -100 -3z\"\/><path d=\"M4250 2784 c-14 -9 -74 -91 -133 -183 -95 -150 -107 -173 -107 -213 0 -55 33 -94 87 -104 67 -13 90 8 211 198 130 202 137 225 78 284 -27 27 -42 34 -72 34 -22 0 -50 -8 -64 -16z\"\/><path d=\"M2275 2693 c-553 -48 -1095 -270 -1585 -649 -135 -104 -459 -423 -483 -476 -23 -49 -22 -139 2 -186 73 -142 361 -457 571 -626 285 -228 642 -407 990 -497 242 -63 336 -73 660 -74 310 0 370 5 595 52 535 111 1045 392 1455 803 122 121 250 273 275 326 19 41 19 137 0 174 -41 79 -309 363 -465 492 -447 370 -946 591 -1479 653 -113 14 -422 18 -536 8z m395 -428 c171 -34 330 -124 456 -258 112 -119 167 -219 211 -378 27 -96 24 -300 -5 -401 -72 -255 -236 -447 -474 -557 -132 -62 -201 -76 -368 -76 -167 0 -236 14 -368 76 -213 98 -373 271 -451 485 -162 444 86 934 547 1084 153 49 292 57 452 25z m909 -232 c222 -123 408 -262 593 -441 76 -74 138 -139 138 -144 0 -16 -233 -242 -330 -319 -155 -123 -309 -223 -461 -299 l-81 -41 32 46 c18 26 49 83 70 128 143 306 141 649 -6 957 -25 52 -61 116 -79 142 l-34 47 45 -20 c26 -10 76 -36 113 -56z m-2057 25 c-40 -58 -105 -190 -130 -263 -110 -324 -59 -707 132 -981 25 -35 42 -64 37 -64 -19 0 -241 119 -326 174 -188 122 -406 314 -532 468 l-58 71 108 103 c185 178 428 349 672 473 66 33 121 60 123 61 2 0 -10 -19 -26 -42z\"\/><path d=\"M2375 1950 c-198 -44 -350 -190 -395 -379 -18 -76 -8 -221 19 -290 114 -284 457 -406 731 -260 98 52 188 154 231 260 27 69 37 214 19 290 -38 163 -166 304 -326 360 -67 23 -215 33 -279 19z\"\/><\/g><\/svg><\/i> <img loading=\"lazy\" decoding=\"async\" width=\"16\" height=\"16\" alt=\"Loading\" src=\"https:\/\/esviafm.com\/wp-content\/plugins\/page-views-count\/ajax-loader-2x.gif\" border=0 \/><\/p>\n<div class=\"pvc_clear\"><\/div>\n","protected":false},"author":7,"featured_media":34367,"comment_status":"open","ping_status":"open","sticky":false,"template":"","format":"standard","meta":{"_et_pb_use_builder":"","_et_pb_old_content":"","_et_gb_content_width":"","footnotes":""},"categories":[25],"tags":[],"class_list":["post-34366","post","type-post","status-publish","format-standard","has-post-thumbnail","hentry","category-nacionales"],"_links":{"self":[{"href":"https:\/\/esviafm.com\/index.php\/wp-json\/wp\/v2\/posts\/34366","targetHints":{"allow":["GET"]}}],"collection":[{"href":"https:\/\/esviafm.com\/index.php\/wp-json\/wp\/v2\/posts"}],"about":[{"href":"https:\/\/esviafm.com\/index.php\/wp-json\/wp\/v2\/types\/post"}],"author":[{"embeddable":true,"href":"https:\/\/esviafm.com\/index.php\/wp-json\/wp\/v2\/users\/7"}],"replies":[{"embeddable":true,"href":"https:\/\/esviafm.com\/index.php\/wp-json\/wp\/v2\/comments?post=34366"}],"version-history":[{"count":1,"href":"https:\/\/esviafm.com\/index.php\/wp-json\/wp\/v2\/posts\/34366\/revisions"}],"predecessor-version":[{"id":34368,"href":"https:\/\/esviafm.com\/index.php\/wp-json\/wp\/v2\/posts\/34366\/revisions\/34368"}],"wp:featuredmedia":[{"embeddable":true,"href":"https:\/\/esviafm.com\/index.php\/wp-json\/wp\/v2\/media\/34367"}],"wp:attachment":[{"href":"https:\/\/esviafm.com\/index.php\/wp-json\/wp\/v2\/media?parent=34366"}],"wp:term":[{"taxonomy":"category","embeddable":true,"href":"https:\/\/esviafm.com\/index.php\/wp-json\/wp\/v2\/categories?post=34366"},{"taxonomy":"post_tag","embeddable":true,"href":"https:\/\/esviafm.com\/index.php\/wp-json\/wp\/v2\/tags?post=34366"}],"curies":[{"name":"wp","href":"https:\/\/api.w.org\/{rel}","templated":true}]}}