{"id":34115,"date":"2026-01-23T07:00:56","date_gmt":"2026-01-23T11:30:56","guid":{"rendered":"https:\/\/esviafm.com\/?p=34115"},"modified":"2026-01-23T07:00:56","modified_gmt":"2026-01-23T11:30:56","slug":"colombia-impone-arancel-reciproco-del-30-a-20-productos-de-ecuador-y-suspende-venta-de-energia","status":"publish","type":"post","link":"https:\/\/esviafm.com\/index.php\/colombia-impone-arancel-reciproco-del-30-a-20-productos-de-ecuador-y-suspende-venta-de-energia\/","title":{"rendered":"Colombia impone arancel rec\u00edproco del 30% a 20 productos de Ecuador y suspende venta de energ\u00eda"},"content":{"rendered":"<p>El Ministerio de Comercio de Colombia anunci\u00f3 este jueves 22 de enero que impondr\u00e1 un arancel del 30% a 20 productos de Ecuador, un d\u00eda despu\u00e9s de que el pa\u00eds vecino anunciara una medida similar debido a la supuesta falta de cooperaci\u00f3n de Colombia contra el narcotr\u00e1fico, una acusaci\u00f3n que el Gobierno de Gustavo Petro ha rechazado rotundamente. Poco antes, el Ministerio de Minas y Energ\u00eda inform\u00f3 que suspende temporalmente la venta de electricidad a Quito.<\/p>\n<p>De discrepancias ante el narcotr\u00e1fico a un enfrentamiento comercial.<\/p>\n<p>Colombia y Ecuador, dos pa\u00edses vecinos y socios en materia econ\u00f3mica, entraron en una fase de tensiones, luego de que el Ministerio de Comercio anunciara este jueves 22 de enero que impondr\u00e1 aranceles del 30% a 20 productos de Ecuador.<\/p>\n<p>\u201cEl Gobierno de Colombia aplicar\u00e1 un gravamen del 30 % a la importaci\u00f3n de 20 productos provenientes de Ecuador, con la posibilidad de extender la medida a un grupo m\u00e1s amplio, como respuesta a la alteraci\u00f3n de las condiciones del comercio bilateral generada por la decisi\u00f3n unilateral adoptada por ese pa\u00eds de imponer un arancel del 30 % a productos colombianos a partir del mes de febrero\u201d, se\u00f1ala un comunicado de la cartera de Comercio.<\/p>\n<div id=\"em-WBMZ364233-F24-ES-20260122\" class=\"m-em-flash\">\n<div class=\"twitter-tweet twitter-tweet-rendered\"><iframe id=\"twitter-widget-0\" class=\"\" title=\"X Post\" src=\"https:\/\/platform.twitter.com\/embed\/Tweet.html?creatorScreenName=France24_es&amp;dnt=false&amp;embedId=twitter-widget-0&amp;features=eyJ0ZndfdGltZWxpbmVfbGlzdCI6eyJidWNrZXQiOltdLCJ2ZXJzaW9uIjpudWxsfSwidGZ3X2ZvbGxvd2VyX2NvdW50X3N1bnNldCI6eyJidWNrZXQiOnRydWUsInZlcnNpb24iOm51bGx9LCJ0ZndfdHdlZXRfZWRpdF9iYWNrZW5kIjp7ImJ1Y2tldCI6Im9uIiwidmVyc2lvbiI6bnVsbH0sInRmd19yZWZzcmNfc2Vzc2lvbiI6eyJidWNrZXQiOiJvbiIsInZlcnNpb24iOm51bGx9LCJ0ZndfZm9zbnJfc29mdF9pbnRlcnZlbnRpb25zX2VuYWJsZWQiOnsiYnVja2V0Ijoib24iLCJ2ZXJzaW9uIjpudWxsfSwidGZ3X21peGVkX21lZGlhXzE1ODk3Ijp7ImJ1Y2tldCI6InRyZWF0bWVudCIsInZlcnNpb24iOm51bGx9LCJ0ZndfZXhwZXJpbWVudHNfY29va2llX2V4cGlyYXRpb24iOnsiYnVja2V0IjoxMjA5NjAwLCJ2ZXJzaW9uIjpudWxsfSwidGZ3X3Nob3dfYmlyZHdhdGNoX3Bpdm90c19lbmFibGVkIjp7ImJ1Y2tldCI6Im9uIiwidmVyc2lvbiI6bnVsbH0sInRmd19kdXBsaWNhdGVfc2NyaWJlc190b19zZXR0aW5ncyI6eyJidWNrZXQiOiJvbiIsInZlcnNpb24iOm51bGx9LCJ0ZndfdXNlX3Byb2ZpbGVfaW1hZ2Vfc2hhcGVfZW5hYmxlZCI6eyJidWNrZXQiOiJvbiIsInZlcnNpb24iOm51bGx9LCJ0ZndfdmlkZW9faGxzX2R5bmFtaWNfbWFuaWZlc3RzXzE1MDgyIjp7ImJ1Y2tldCI6InRydWVfYml0cmF0ZSIsInZlcnNpb24iOm51bGx9LCJ0ZndfbGVnYWN5X3RpbWVsaW5lX3N1bnNldCI6eyJidWNrZXQiOnRydWUsInZlcnNpb24iOm51bGx9LCJ0ZndfdHdlZXRfZWRpdF9mcm9udGVuZCI6eyJidWNrZXQiOiJvbiIsInZlcnNpb24iOm51bGx9fQ%3D%3D&amp;frame=false&amp;hideCard=false&amp;hideThread=false&amp;id=2014214105997955129&amp;lang=es&amp;origin=https%3A%2F%2Fwww.france24.com%2Fes%2Fam%25C3%25A9rica-latina%2F20260122-colombia-impone-arancel-rec%25C3%25ADproco-del-30-a-20-productos-de-ecuador-y-suspende-venta-de-energ%25C3%25ADa&amp;sessionId=32fedf1f5438021aa637c97c21a2a9d61ff15844&amp;siteScreenName=France24_es&amp;theme=light&amp;widgetsVersion=2615f7e52b7e0%3A1702314776716&amp;width=550px\" frameborder=\"0\" scrolling=\"no\" allowfullscreen=\"allowfullscreen\" data-tweet-id=\"2014214105997955129\" data-mce-fragment=\"1\"><\/iframe><\/div>\n<\/div>\n<p>Si bien desde\u00a0<a href=\"https:\/\/www.france24.com\/es\/tag\/bogot%C3%A1\/\" target=\"_self\">Bogot\u00e1<\/a>\u00a0no especificaron la veintena de productos sujetos al arancel, adelantaron que\u00a0sus importaciones suman 250 millones de\u00a0<a href=\"https:\/\/www.france24.com\/es\/tag\/d%C3%B3lares\/\" target=\"_self\">d\u00f3lares<\/a>\u00a0anuales, lo que a juicio del Gobierno \u00abrefleja la magnitud del intercambio comercial impactado\u00bb, seg\u00fan el\u00a0<a href=\"https:\/\/www.mincit.gov.co\/prensa\/noticias\/comercio\/colombia-aplicara-gravamen-a-productos-de-ecuador\" target=\"_blank\" rel=\"noopener\">comunicado difundido por el Ministerio de Comercio.<\/a><\/p>\n<p>La Administraci\u00f3n de Gustavo Petro no descarta que esta medida puede extenderse \u00aba un grupo m\u00e1s amplio\u00bb de art\u00edculos.<\/p>\n<p><strong>Se trata de una medida rec\u00edproca que llega justo un d\u00eda despu\u00e9s de que Quito anunciara un arancel del 30% a los productos procedentes del territorio colombiano,\u00a0<\/strong>a partir del pr\u00f3ximo 1 de febrero, seg\u00fan anunci\u00f3 el presidente ecuatoriano, Daniel Noboa. Una situaci\u00f3n que\u00a0podr\u00eda desencadenar una\u00a0<a href=\"https:\/\/www.france24.com\/es\/tag\/guerra-comercial\/\" target=\"_self\">guerra comercial<\/a>\u00a0entre pa\u00edses vecinos.<\/p>\n<p>Noboa, asegur\u00f3 que esas tasas se mantendr\u00e1n vigentes hasta que \u201cexista un compromiso real para combatir conjuntamente el narcotr\u00e1fico y la miner\u00eda ilegal en la frontera, con la misma seriedad y determinaci\u00f3n que Ecuador est\u00e1 demostrando actualmente\u00bb.<\/p>\n<p>\u00abHemos hecho esfuerzos reales de cooperaci\u00f3n con Colombia, incluso con un d\u00e9ficit comercial que supera los 1.000 millones de d\u00f3lares anuales. Pero mientras hemos insistido en el di\u00e1logo, nuestros militares siguen enfrentando a grupos criminales atados al narcotr\u00e1fico en la frontera sin cooperaci\u00f3n alguna\u00bb,\u00a0<a href=\"https:\/\/x.com\/DanielNoboaOk\" target=\"_blank\" rel=\"noopener\">se\u00f1al\u00f3 el mi\u00e9rcoles Noboa en su cuenta de X.<\/a><\/p>\n<div id=\"em-WBMZ364221-F24-ES-20260122\" class=\"m-em-flash\">\n<div class=\"twitter-tweet twitter-tweet-rendered\"><iframe id=\"twitter-widget-1\" class=\"\" title=\"X Post\" src=\"https:\/\/platform.twitter.com\/embed\/Tweet.html?creatorScreenName=France24_es&amp;dnt=false&amp;embedId=twitter-widget-1&amp;features=eyJ0ZndfdGltZWxpbmVfbGlzdCI6eyJidWNrZXQiOltdLCJ2ZXJzaW9uIjpudWxsfSwidGZ3X2ZvbGxvd2VyX2NvdW50X3N1bnNldCI6eyJidWNrZXQiOnRydWUsInZlcnNpb24iOm51bGx9LCJ0ZndfdHdlZXRfZWRpdF9iYWNrZW5kIjp7ImJ1Y2tldCI6Im9uIiwidmVyc2lvbiI6bnVsbH0sInRmd19yZWZzcmNfc2Vzc2lvbiI6eyJidWNrZXQiOiJvbiIsInZlcnNpb24iOm51bGx9LCJ0ZndfZm9zbnJfc29mdF9pbnRlcnZlbnRpb25zX2VuYWJsZWQiOnsiYnVja2V0Ijoib24iLCJ2ZXJzaW9uIjpudWxsfSwidGZ3X21peGVkX21lZGlhXzE1ODk3Ijp7ImJ1Y2tldCI6InRyZWF0bWVudCIsInZlcnNpb24iOm51bGx9LCJ0ZndfZXhwZXJpbWVudHNfY29va2llX2V4cGlyYXRpb24iOnsiYnVja2V0IjoxMjA5NjAwLCJ2ZXJzaW9uIjpudWxsfSwidGZ3X3Nob3dfYmlyZHdhdGNoX3Bpdm90c19lbmFibGVkIjp7ImJ1Y2tldCI6Im9uIiwidmVyc2lvbiI6bnVsbH0sInRmd19kdXBsaWNhdGVfc2NyaWJlc190b19zZXR0aW5ncyI6eyJidWNrZXQiOiJvbiIsInZlcnNpb24iOm51bGx9LCJ0ZndfdXNlX3Byb2ZpbGVfaW1hZ2Vfc2hhcGVfZW5hYmxlZCI6eyJidWNrZXQiOiJvbiIsInZlcnNpb24iOm51bGx9LCJ0ZndfdmlkZW9faGxzX2R5bmFtaWNfbWFuaWZlc3RzXzE1MDgyIjp7ImJ1Y2tldCI6InRydWVfYml0cmF0ZSIsInZlcnNpb24iOm51bGx9LCJ0ZndfbGVnYWN5X3RpbWVsaW5lX3N1bnNldCI6eyJidWNrZXQiOnRydWUsInZlcnNpb24iOm51bGx9LCJ0ZndfdHdlZXRfZWRpdF9mcm9udGVuZCI6eyJidWNrZXQiOiJvbiIsInZlcnNpb24iOm51bGx9fQ%3D%3D&amp;frame=false&amp;hideCard=false&amp;hideThread=false&amp;id=2014006136785994093&amp;lang=es&amp;origin=https%3A%2F%2Fwww.france24.com%2Fes%2Fam%25C3%25A9rica-latina%2F20260122-colombia-impone-arancel-rec%25C3%25ADproco-del-30-a-20-productos-de-ecuador-y-suspende-venta-de-energ%25C3%25ADa&amp;sessionId=32fedf1f5438021aa637c97c21a2a9d61ff15844&amp;siteScreenName=France24_es&amp;theme=light&amp;widgetsVersion=2615f7e52b7e0%3A1702314776716&amp;width=550px\" frameborder=\"0\" scrolling=\"no\" allowfullscreen=\"allowfullscreen\" data-tweet-id=\"2014006136785994093\" data-mce-fragment=\"1\"><\/iframe><\/div>\n<\/div>\n<p>Esas acusaciones fueron rechazadas enf\u00e1ticamente por Bogot\u00e1.<\/p>\n<p>Entre enero y noviembre de 2025, Ecuador\u00a0export\u00f3 productos a Colombia por un valor de por 808 millones de d\u00f3lares, mientras que en el mismo per\u00edodo las\u00a0importaciones provenientes de Colombia rondan los 1.700 millones, seg\u00fan el Banco Central del Ecuador y el Departamento Administrativo Nacional de Estad\u00edstica de Colombia (DANE). Las cifras reflejan una utilidad<\/p>\n<p>Los principales productos colombianos exportados a Ecuador son cosm\u00e9ticos, productos farmac\u00e9uticos, pl\u00e1sticos o veh\u00edculos.\u00a0El sector\u00a0<a href=\"https:\/\/www.google.com\/search?q=petroqu%C3%ADmico&amp;sca_esv=3f6bccc33179d1b9&amp;rlz=1C5CHFA_enES1054ES1054&amp;sxsrf=ANbL-n6x52tIVPx86kIR78mbrcIxeaYQvg:1769084809852&amp;ei=iRdyaYHnM_rY7M8PopWzoAo&amp;ved=2ahUKEwiC7Ka4k5-SAxU1Q6QEHWOACBoQgK4QegQIARAB&amp;uact=5&amp;oq=El+sector+petroqu%C3%ADmico+(combustibles,+cosm%C3%A9ticos,+farmac%C3%A9uticos,+qu%C3%ADmicos,+jabones)+representa+aproximadamente+el+49%+de+las+exportaciones+colombianas+hacia+Ecuador.&amp;gs_lp=Egxnd3Mtd2l6LXNlcnAiqQFFbCBzZWN0b3IgcGV0cm9xdcOtbWljbyAoY29tYnVzdGlibGVzLCBjb3Ntw6l0aWNvcywgZmFybWFjw6l1dGljb3MsIHF1w61taWNvcywgamFib25lcykgcmVwcmVzZW50YSBhcHJveGltYWRhbWVudGUgZWwgNDklIGRlIGxhcyBleHBvcnRhY2lvbmVzIGNvbG9tYmlhbmFzIGhhY2lhIEVjdWFkb3IuMgoQABiwAxjWBBhHMgoQABiwAxjWBBhHMgoQABiwAxjWBBhHMgoQABiwAxjWBBhHMgoQABiwAxjWBBhHMgoQABiwAxjWBBhHMgoQABiwAxjWBBhHMgoQABiwAxjWBBhHMg0QABiABBiwAxhDGIoFMg0QABiABBiwAxhDGIoFMg0QABiABBiwAxhDGIoFMg0QABiABBiwAxhDGIoFSIYEUIsDWIsDcAN4AZABAJgBAKABAKoBALgBA8gBAPgBAvgBAZgCA6ACHJgDAIgGAZAGDJIHATOgBwCyBwC4BwDCBwUyLTEuMsgHF4AIAA&amp;sclient=gws-wiz-serp&amp;mstk=AUtExfDK0bPqLG4Y6VVfvtrozM2ERkdIf3z7uCnuuZc_x6sAgLCUImbc9nNW7IGWPhwti1O6THGrBxQOAw6f3hw_8CDpbKbSrBYQv7Nxn2W5B7mn-QzGFSzTBn_4-M8TlYQC4weXIFVOgVGnxntOWDW681mMBSBS-Mt6V31AQ921XXfvUdTwhtvUih1l1J-nRbpDJZEnHxsBH4Gy-lA-wROjyoDuvHwHVr5tdH5wVy28wmLA_PgSfeaaEMeCxoW1cyfsyPAZlH84WT_TSES9o2LolNyw1rnwqyfUoiN991MxMYqs8Hg5us9-05--ut3M_FIgrCnPV0zzUn7h7a7GJRjvRLuy8pVIAmJPLhZsvE3pzSad&amp;csui=3\" target=\"_blank\" rel=\"noopener\">petroqu\u00edmico<\/a>\u00a0(combustibles, cosm\u00e9ticos, farmac\u00e9uticos, qu\u00edmicos y jabones) constituye cerca de la mitad de las exportaciones.<\/p>\n<h2><strong>Colombia suspende venta de energ\u00eda a Ecuador<\/strong><\/h2>\n<p>A la medida arancelaria se suma el anuncio del Ministerio de Minas y Energ\u00eda del Gobierno de Gustavo Petro que se\u00f1al\u00f3 que suspende la venta de energ\u00eda a Ecuador, aunque en su comunicado no especific\u00f3 si tambi\u00e9n se trata como respuesta a la medida de Quito.<\/p>\n<p>\u201cLa resoluci\u00f3n faculta al Ministerio de Minas y Energ\u00eda para modificar, suspender o reactivar las exportaciones de energ\u00eda mediante circulares, de acuerdo con la evoluci\u00f3n de las variables clim\u00e1ticas y energ\u00e9ticas, y deja claro que las exportaciones solo se retomar\u00e1n cuando existan condiciones t\u00e9cnicas, energ\u00e9ticas y comerciales adecuadas\u201d, se\u00f1al\u00f3 la nota oficial de la cartera.<\/p>\n<p>\u201cCuando se restablezcan las condiciones de seguridad energ\u00e9tica y se reconstruya un marco de confianza y buena fe entre ambos pa\u00edses, Colombia estar\u00e1 dispuesta a retomar los intercambios el\u00e9ctricos. La integraci\u00f3n no puede construirse a costa de la soberan\u00eda ni del bienestar de nuestro pueblo\u201d, concluy\u00f3.<\/p>\n<div id=\"em-WBMZ364234-F24-ES-20260122\" class=\"m-em-flash\">\n<div class=\"twitter-tweet twitter-tweet-rendered\"><iframe id=\"twitter-widget-2\" class=\"\" title=\"X Post\" src=\"https:\/\/platform.twitter.com\/embed\/Tweet.html?creatorScreenName=France24_es&amp;dnt=false&amp;embedId=twitter-widget-2&amp;features=eyJ0ZndfdGltZWxpbmVfbGlzdCI6eyJidWNrZXQiOltdLCJ2ZXJzaW9uIjpudWxsfSwidGZ3X2ZvbGxvd2VyX2NvdW50X3N1bnNldCI6eyJidWNrZXQiOnRydWUsInZlcnNpb24iOm51bGx9LCJ0ZndfdHdlZXRfZWRpdF9iYWNrZW5kIjp7ImJ1Y2tldCI6Im9uIiwidmVyc2lvbiI6bnVsbH0sInRmd19yZWZzcmNfc2Vzc2lvbiI6eyJidWNrZXQiOiJvbiIsInZlcnNpb24iOm51bGx9LCJ0ZndfZm9zbnJfc29mdF9pbnRlcnZlbnRpb25zX2VuYWJsZWQiOnsiYnVja2V0Ijoib24iLCJ2ZXJzaW9uIjpudWxsfSwidGZ3X21peGVkX21lZGlhXzE1ODk3Ijp7ImJ1Y2tldCI6InRyZWF0bWVudCIsInZlcnNpb24iOm51bGx9LCJ0ZndfZXhwZXJpbWVudHNfY29va2llX2V4cGlyYXRpb24iOnsiYnVja2V0IjoxMjA5NjAwLCJ2ZXJzaW9uIjpudWxsfSwidGZ3X3Nob3dfYmlyZHdhdGNoX3Bpdm90c19lbmFibGVkIjp7ImJ1Y2tldCI6Im9uIiwidmVyc2lvbiI6bnVsbH0sInRmd19kdXBsaWNhdGVfc2NyaWJlc190b19zZXR0aW5ncyI6eyJidWNrZXQiOiJvbiIsInZlcnNpb24iOm51bGx9LCJ0ZndfdXNlX3Byb2ZpbGVfaW1hZ2Vfc2hhcGVfZW5hYmxlZCI6eyJidWNrZXQiOiJvbiIsInZlcnNpb24iOm51bGx9LCJ0ZndfdmlkZW9faGxzX2R5bmFtaWNfbWFuaWZlc3RzXzE1MDgyIjp7ImJ1Y2tldCI6InRydWVfYml0cmF0ZSIsInZlcnNpb24iOm51bGx9LCJ0ZndfbGVnYWN5X3RpbWVsaW5lX3N1bnNldCI6eyJidWNrZXQiOnRydWUsInZlcnNpb24iOm51bGx9LCJ0ZndfdHdlZXRfZWRpdF9mcm9udGVuZCI6eyJidWNrZXQiOiJvbiIsInZlcnNpb24iOm51bGx9fQ%3D%3D&amp;frame=false&amp;hideCard=false&amp;hideThread=false&amp;id=2014310085321732559&amp;lang=es&amp;origin=https%3A%2F%2Fwww.france24.com%2Fes%2Fam%25C3%25A9rica-latina%2F20260122-colombia-impone-arancel-rec%25C3%25ADproco-del-30-a-20-productos-de-ecuador-y-suspende-venta-de-energ%25C3%25ADa&amp;sessionId=32fedf1f5438021aa637c97c21a2a9d61ff15844&amp;siteScreenName=France24_es&amp;theme=light&amp;widgetsVersion=2615f7e52b7e0%3A1702314776716&amp;width=550px\" frameborder=\"0\" scrolling=\"no\" allowfullscreen=\"allowfullscreen\" data-tweet-id=\"2014310085321732559\" data-mce-fragment=\"1\"><\/iframe><\/div>\n<\/div>\n<p>Entre enero y noviembre de 2025, el costo de la energ\u00eda importada desde Colombia hacia Ecuador fue de 67 millones de d\u00f3lares, seg\u00fan el Operador Nacional de Electricidad Cenace. Un a\u00f1o antes, en medio de\u00a0<a href=\"https:\/\/www.france24.com\/es\/programas\/enlace\/20241207-crisis-el%C3%A9ctrica-y-apagones-la-vida-a-oscuras-de-los-ecuatorianos\" target=\"_self\">la crisis energ\u00e9tica y apagones que sufri\u00f3 Ecuador<\/a>, la importaci\u00f3n energ\u00e9tica alcanz\u00f3 los 230 millones de d\u00f3lares.<\/p>\n<p>En la actualidad, Ecuador depende de Colombia para cubrir hasta el 9% de su demanda energ\u00e9tica \u2014un porcentaje que var\u00eda en funci\u00f3n de la capacidad productiva ecuatoriana y condiciones ambientales\u2014, por detr\u00e1s de las fuentes hidroel\u00e9ctricas y termoel\u00e9ctricas, seg\u00fan estimaciones de Cenace.<\/p>\n<p>En \u00abreciprocidad\u00bb por el corte del suministro el\u00e9ctrico, la ministra de Ambiente y Energ\u00eda de Ecuador, In\u00e9s Manzano,\u00a0<a href=\"https:\/\/x.com\/inesmanzano\/status\/2014300953977978974\" target=\"_blank\" rel=\"noopener\">adelant\u00f3 este jueves<\/a>\u00a0que\u00a0<strong>habr\u00e1 una modificaci\u00f3n en la tarifa de transporte del crudo colombiano que pasa por el Oleoducto de Crudos Pesados (OCP).<\/strong><\/p>\n<h2><strong>Pol\u00edtica de presi\u00f3n arancelaria<\/strong><\/h2>\n<p>El arancel justificado por Noboa como una condena a la falta de implicaci\u00f3n del Gobierno de Petro en la lucha contra el narcotr\u00e1fico llega meses despu\u00e9s de que\u00a0<a href=\"https:\/\/www.france24.com\/es\/am%C3%A9rica-latina\/20250916-amonestado-pero-financiado-qu%C3%A9-implica-la-descertificaci%C3%B3n-condicionada-de-ee-uu-a-colombia\" target=\"_self\">Estados Unidos descertificara a Colombia<\/a>\u00a0en su lucha contra las drogas, al considerar que \u00abno ha conseguido cumplir sus obligaciones para el control de drogas\u201d.<\/p>\n<p>La medida precedi\u00f3 la inclusi\u00f3n del mandatario colombiano y miembros de su c\u00edrculo cercano\u00a0<a href=\"https:\/\/www.france24.com\/es\/am%C3%A9rica-latina\/20251024-el-tesoro-estadounidense-sanciona-a-gustavo-petro-por-presuntos-v%C3%ADnculos-con-el-narcotr%C3%A1fico\" target=\"_self\">en la denominada &#8216;lista Clinton&#8217;,<\/a>\u00a0en la que Washington a\u00f1ade a personas a las que asocia con el narcotr\u00e1fico.<\/p>\n<p>El jefe de Estado ecuatoriano, simpatizante de la Administraci\u00f3n Trump, ha recurrido a la imposici\u00f3n de aranceles, a juego con la pol\u00edtica del republicano de Washington, aludiendo a un argumentario con la que el Partido Republicano ha ejercido presi\u00f3n contra Petro.<\/p>\n<div class=\"m-em-image\">\n<figure class=\"m-item-image m-item-image--original m-item-image--has-caption\"><picture class=\"a-picture a-picture--original\"><source srcset=\"https:\/\/s.france24.com\/media\/display\/d3880bea-f6f6-11f0-8bd1-005056a90284\/w:246\/17b3f657bd71d60a6269b65075faef4dd17e12e2.webp 246w,https:\/\/s.france24.com\/media\/display\/d3880bea-f6f6-11f0-8bd1-005056a90284\/w:388\/17b3f657bd71d60a6269b65075faef4dd17e12e2.webp 388w,https:\/\/s.france24.com\/media\/display\/d3880bea-f6f6-11f0-8bd1-005056a90284\/w:720\/17b3f657bd71d60a6269b65075faef4dd17e12e2.webp 720w,https:\/\/s.france24.com\/media\/display\/d3880bea-f6f6-11f0-8bd1-005056a90284\/w:980\/17b3f657bd71d60a6269b65075faef4dd17e12e2.webp 980w\" type=\"image\/webp\" sizes=\"(max-width: 1023px) calc(100vw - 32px), (min-width: 1024px) 850px\" \/><img decoding=\"async\" class=\"a-img \" src=\"https:\/\/s.france24.com\/media\/display\/d3880bea-f6f6-11f0-8bd1-005056a90284\/w:980\/17b3f657bd71d60a6269b65075faef4dd17e12e2.jpg\" sizes=\"(max-width: 1023px) calc(100vw - 32px), (min-width: 1024px) 850px\" srcset=\"https:\/\/s.france24.com\/media\/display\/d3880bea-f6f6-11f0-8bd1-005056a90284\/w:246\/17b3f657bd71d60a6269b65075faef4dd17e12e2.jpg 246w,https:\/\/s.france24.com\/media\/display\/d3880bea-f6f6-11f0-8bd1-005056a90284\/w:388\/17b3f657bd71d60a6269b65075faef4dd17e12e2.jpg 388w,https:\/\/s.france24.com\/media\/display\/d3880bea-f6f6-11f0-8bd1-005056a90284\/w:720\/17b3f657bd71d60a6269b65075faef4dd17e12e2.jpg 720w,https:\/\/s.france24.com\/media\/display\/d3880bea-f6f6-11f0-8bd1-005056a90284\/w:980\/17b3f657bd71d60a6269b65075faef4dd17e12e2.jpg 980w\" alt=\"Los presidentes ecuatoriano, Daniel Noboa (izq), y colombiano, Gustavo Petro, participan en una sesi\u00f3n de la cumbre sobre el clima COP16, el 29 de octubre de 2024 en la ciudad de Cali (Colombia)\" data-ll-status=\"native\" \/><\/picture><figcaption class=\"a-figcaption\">Los presidentes ecuatoriano, Daniel Noboa (izq), y colombiano, Gustavo Petro, participan en una sesi\u00f3n de la cumbre sobre el clima COP16, el 29 de octubre de 2024 en la ciudad de Cali (Colombia)\u00a0\u00a9 Luis Acosta \/ AFP\/Archivos<\/figcaption><div class=\"m-item-image__overlay-wrapper\"><\/div>\n<\/figure>\n<\/div>\n<p>No obstante, el presidente colombiano remarc\u00f3 en la noche del mi\u00e9rcoles que su Gobierno ha incautado 200 toneladas de coca\u00edna en la frontera y ha participado activamente en la desarticulaci\u00f3n de carteles de la droga.<\/p>\n<p>\u00abLa colaboraci\u00f3n con las Fuerzas Armadas de Ecuador es estrecha\u00bb, escribi\u00f3 Petro, antes de expresar su disposici\u00f3n a ampliar los esfuerzos conjuntos para combatir el fentanilo.<\/p>\n<p>El expresidente ecuatoriano Rafael Correa, una de las figuras m\u00e1s visibles de la oposici\u00f3n en Ecuador, llam\u00f3 a Noboa \u00abTrumpito, una miniatura c\u00f3mica y mal hecha de Trump\u00bb, en una\u00a0<a href=\"https:\/\/x.com\/MashiRafael\/status\/2014031483950805455\" target=\"_blank\" rel=\"noopener\">publicaci\u00f3n en X,<\/a>\u00a0en la que ofrec\u00eda disculpas al Gobierno de Petro, un aliado ideol\u00f3gico en la regi\u00f3n.<\/p>\n<p>El uso de aranceles como medida coercitiva entre Estados, popularizado por Donald Trump tras su regreso a la Casa Blanca, parece haber eclosionado en la pol\u00edtica sudamericana.<\/p>\n<div class=\"pvc_clear\"><\/div>\n<p id=\"pvc_stats_34115\" class=\"pvc_stats all  \" data-element-id=\"34115\" style=\"\"><i class=\"pvc-stats-icon large\" aria-hidden=\"true\"><svg xmlns=\"http:\/\/www.w3.org\/2000\/svg\" version=\"1.0\" viewBox=\"0 0 502 315\" preserveAspectRatio=\"xMidYMid meet\"><g transform=\"translate(0,332) scale(0.1,-0.1)\" fill=\"\" stroke=\"none\"><path d=\"M2394 3279 l-29 -30 -3 -207 c-2 -182 0 -211 15 -242 39 -76 157 -76 196 0 15 31 17 60 15 243 l-3 209 -33 29 c-26 23 -41 29 -80 29 -41 0 -53 -5 -78 -31z\"\/><path d=\"M3085 3251 c-45 -19 -58 -50 -96 -229 -47 -217 -49 -260 -13 -295 52 -53 146 -42 177 20 16 31 87 366 87 410 0 70 -86 122 -155 94z\"\/><path d=\"M1751 3234 c-13 -9 -29 -31 -37 -50 -12 -29 -10 -49 21 -204 19 -94 39 -189 45 -210 14 -50 54 -80 110 -80 34 0 48 6 76 34 21 21 34 44 34 59 0 14 -18 113 -40 219 -37 178 -43 195 -70 221 -36 32 -101 37 -139 11z\"\/><path d=\"M1163 3073 c-36 -7 -73 -59 -73 -102 0 -56 133 -378 171 -413 34 -32 83 -37 129 -13 70 36 67 87 -16 290 -86 209 -89 214 -129 231 -35 14 -42 15 -82 7z\"\/><path d=\"M3689 3066 c-15 -9 -33 -30 -42 -48 -48 -103 -147 -355 -147 -375 0 -98 131 -148 192 -74 13 15 57 108 97 206 80 196 84 226 37 273 -30 30 -99 39 -137 18z\"\/><path d=\"M583 2784 c-38 -19 -67 -74 -58 -113 9 -42 211 -354 242 -373 16 -10 45 -18 66 -18 51 0 107 52 107 100 0 39 -1 41 -124 234 -80 126 -108 162 -133 173 -41 17 -61 16 -100 -3z\"\/><path d=\"M4250 2784 c-14 -9 -74 -91 -133 -183 -95 -150 -107 -173 -107 -213 0 -55 33 -94 87 -104 67 -13 90 8 211 198 130 202 137 225 78 284 -27 27 -42 34 -72 34 -22 0 -50 -8 -64 -16z\"\/><path d=\"M2275 2693 c-553 -48 -1095 -270 -1585 -649 -135 -104 -459 -423 -483 -476 -23 -49 -22 -139 2 -186 73 -142 361 -457 571 -626 285 -228 642 -407 990 -497 242 -63 336 -73 660 -74 310 0 370 5 595 52 535 111 1045 392 1455 803 122 121 250 273 275 326 19 41 19 137 0 174 -41 79 -309 363 -465 492 -447 370 -946 591 -1479 653 -113 14 -422 18 -536 8z m395 -428 c171 -34 330 -124 456 -258 112 -119 167 -219 211 -378 27 -96 24 -300 -5 -401 -72 -255 -236 -447 -474 -557 -132 -62 -201 -76 -368 -76 -167 0 -236 14 -368 76 -213 98 -373 271 -451 485 -162 444 86 934 547 1084 153 49 292 57 452 25z m909 -232 c222 -123 408 -262 593 -441 76 -74 138 -139 138 -144 0 -16 -233 -242 -330 -319 -155 -123 -309 -223 -461 -299 l-81 -41 32 46 c18 26 49 83 70 128 143 306 141 649 -6 957 -25 52 -61 116 -79 142 l-34 47 45 -20 c26 -10 76 -36 113 -56z m-2057 25 c-40 -58 -105 -190 -130 -263 -110 -324 -59 -707 132 -981 25 -35 42 -64 37 -64 -19 0 -241 119 -326 174 -188 122 -406 314 -532 468 l-58 71 108 103 c185 178 428 349 672 473 66 33 121 60 123 61 2 0 -10 -19 -26 -42z\"\/><path d=\"M2375 1950 c-198 -44 -350 -190 -395 -379 -18 -76 -8 -221 19 -290 114 -284 457 -406 731 -260 98 52 188 154 231 260 27 69 37 214 19 290 -38 163 -166 304 -326 360 -67 23 -215 33 -279 19z\"\/><\/g><\/svg><\/i> <img decoding=\"async\" width=\"16\" height=\"16\" alt=\"Loading\" src=\"https:\/\/esviafm.com\/wp-content\/plugins\/page-views-count\/ajax-loader-2x.gif\" border=0 \/><\/p>\n<div class=\"pvc_clear\"><\/div>\n","protected":false},"excerpt":{"rendered":"<p>El Ministerio de Comercio de Colombia anunci\u00f3 este jueves 22 de enero que impondr\u00e1 un arancel del 30% a 20 productos de Ecuador, un d\u00eda despu\u00e9s de que el pa\u00eds vecino anunciara una medida similar debido a la supuesta falta de cooperaci\u00f3n de Colombia contra el narcotr\u00e1fico, una acusaci\u00f3n que el Gobierno de Gustavo Petro [&hellip;]<\/p>\n<div class=\"pvc_clear\"><\/div>\n<p id=\"pvc_stats_34115\" class=\"pvc_stats all  \" data-element-id=\"34115\" style=\"\"><i class=\"pvc-stats-icon large\" aria-hidden=\"true\"><svg xmlns=\"http:\/\/www.w3.org\/2000\/svg\" version=\"1.0\" viewBox=\"0 0 502 315\" preserveAspectRatio=\"xMidYMid meet\"><g transform=\"translate(0,332) scale(0.1,-0.1)\" fill=\"\" stroke=\"none\"><path d=\"M2394 3279 l-29 -30 -3 -207 c-2 -182 0 -211 15 -242 39 -76 157 -76 196 0 15 31 17 60 15 243 l-3 209 -33 29 c-26 23 -41 29 -80 29 -41 0 -53 -5 -78 -31z\"\/><path d=\"M3085 3251 c-45 -19 -58 -50 -96 -229 -47 -217 -49 -260 -13 -295 52 -53 146 -42 177 20 16 31 87 366 87 410 0 70 -86 122 -155 94z\"\/><path d=\"M1751 3234 c-13 -9 -29 -31 -37 -50 -12 -29 -10 -49 21 -204 19 -94 39 -189 45 -210 14 -50 54 -80 110 -80 34 0 48 6 76 34 21 21 34 44 34 59 0 14 -18 113 -40 219 -37 178 -43 195 -70 221 -36 32 -101 37 -139 11z\"\/><path d=\"M1163 3073 c-36 -7 -73 -59 -73 -102 0 -56 133 -378 171 -413 34 -32 83 -37 129 -13 70 36 67 87 -16 290 -86 209 -89 214 -129 231 -35 14 -42 15 -82 7z\"\/><path d=\"M3689 3066 c-15 -9 -33 -30 -42 -48 -48 -103 -147 -355 -147 -375 0 -98 131 -148 192 -74 13 15 57 108 97 206 80 196 84 226 37 273 -30 30 -99 39 -137 18z\"\/><path d=\"M583 2784 c-38 -19 -67 -74 -58 -113 9 -42 211 -354 242 -373 16 -10 45 -18 66 -18 51 0 107 52 107 100 0 39 -1 41 -124 234 -80 126 -108 162 -133 173 -41 17 -61 16 -100 -3z\"\/><path d=\"M4250 2784 c-14 -9 -74 -91 -133 -183 -95 -150 -107 -173 -107 -213 0 -55 33 -94 87 -104 67 -13 90 8 211 198 130 202 137 225 78 284 -27 27 -42 34 -72 34 -22 0 -50 -8 -64 -16z\"\/><path d=\"M2275 2693 c-553 -48 -1095 -270 -1585 -649 -135 -104 -459 -423 -483 -476 -23 -49 -22 -139 2 -186 73 -142 361 -457 571 -626 285 -228 642 -407 990 -497 242 -63 336 -73 660 -74 310 0 370 5 595 52 535 111 1045 392 1455 803 122 121 250 273 275 326 19 41 19 137 0 174 -41 79 -309 363 -465 492 -447 370 -946 591 -1479 653 -113 14 -422 18 -536 8z m395 -428 c171 -34 330 -124 456 -258 112 -119 167 -219 211 -378 27 -96 24 -300 -5 -401 -72 -255 -236 -447 -474 -557 -132 -62 -201 -76 -368 -76 -167 0 -236 14 -368 76 -213 98 -373 271 -451 485 -162 444 86 934 547 1084 153 49 292 57 452 25z m909 -232 c222 -123 408 -262 593 -441 76 -74 138 -139 138 -144 0 -16 -233 -242 -330 -319 -155 -123 -309 -223 -461 -299 l-81 -41 32 46 c18 26 49 83 70 128 143 306 141 649 -6 957 -25 52 -61 116 -79 142 l-34 47 45 -20 c26 -10 76 -36 113 -56z m-2057 25 c-40 -58 -105 -190 -130 -263 -110 -324 -59 -707 132 -981 25 -35 42 -64 37 -64 -19 0 -241 119 -326 174 -188 122 -406 314 -532 468 l-58 71 108 103 c185 178 428 349 672 473 66 33 121 60 123 61 2 0 -10 -19 -26 -42z\"\/><path d=\"M2375 1950 c-198 -44 -350 -190 -395 -379 -18 -76 -8 -221 19 -290 114 -284 457 -406 731 -260 98 52 188 154 231 260 27 69 37 214 19 290 -38 163 -166 304 -326 360 -67 23 -215 33 -279 19z\"\/><\/g><\/svg><\/i> <img decoding=\"async\" width=\"16\" height=\"16\" alt=\"Loading\" src=\"https:\/\/esviafm.com\/wp-content\/plugins\/page-views-count\/ajax-loader-2x.gif\" border=0 \/><\/p>\n<div class=\"pvc_clear\"><\/div>\n","protected":false},"author":7,"featured_media":34117,"comment_status":"open","ping_status":"open","sticky":false,"template":"","format":"standard","meta":{"_et_pb_use_builder":"","_et_pb_old_content":"","_et_gb_content_width":"","footnotes":""},"categories":[17],"tags":[],"class_list":["post-34115","post","type-post","status-publish","format-standard","has-post-thumbnail","hentry","category-internacionales"],"_links":{"self":[{"href":"https:\/\/esviafm.com\/index.php\/wp-json\/wp\/v2\/posts\/34115","targetHints":{"allow":["GET"]}}],"collection":[{"href":"https:\/\/esviafm.com\/index.php\/wp-json\/wp\/v2\/posts"}],"about":[{"href":"https:\/\/esviafm.com\/index.php\/wp-json\/wp\/v2\/types\/post"}],"author":[{"embeddable":true,"href":"https:\/\/esviafm.com\/index.php\/wp-json\/wp\/v2\/users\/7"}],"replies":[{"embeddable":true,"href":"https:\/\/esviafm.com\/index.php\/wp-json\/wp\/v2\/comments?post=34115"}],"version-history":[{"count":1,"href":"https:\/\/esviafm.com\/index.php\/wp-json\/wp\/v2\/posts\/34115\/revisions"}],"predecessor-version":[{"id":34118,"href":"https:\/\/esviafm.com\/index.php\/wp-json\/wp\/v2\/posts\/34115\/revisions\/34118"}],"wp:featuredmedia":[{"embeddable":true,"href":"https:\/\/esviafm.com\/index.php\/wp-json\/wp\/v2\/media\/34117"}],"wp:attachment":[{"href":"https:\/\/esviafm.com\/index.php\/wp-json\/wp\/v2\/media?parent=34115"}],"wp:term":[{"taxonomy":"category","embeddable":true,"href":"https:\/\/esviafm.com\/index.php\/wp-json\/wp\/v2\/categories?post=34115"},{"taxonomy":"post_tag","embeddable":true,"href":"https:\/\/esviafm.com\/index.php\/wp-json\/wp\/v2\/tags?post=34115"}],"curies":[{"name":"wp","href":"https:\/\/api.w.org\/{rel}","templated":true}]}}