{"id":33132,"date":"2025-11-27T06:45:58","date_gmt":"2025-11-27T11:15:58","guid":{"rendered":"https:\/\/esviafm.com\/?p=33132"},"modified":"2025-11-27T06:45:58","modified_gmt":"2025-11-27T11:15:58","slug":"pj-condena-a-martin-vizcarra-a-14-anos-de-prision-por-el-caso-lomas-de-ilo","status":"publish","type":"post","link":"https:\/\/esviafm.com\/index.php\/pj-condena-a-martin-vizcarra-a-14-anos-de-prision-por-el-caso-lomas-de-ilo\/","title":{"rendered":"PJ condena a Mart\u00edn Vizcarra a 14 a\u00f1os de prisi\u00f3n por el caso Lomas de Ilo"},"content":{"rendered":"<p>El\u00a0<b>Cuarto Juzgado Penal Colegiado Nacional<\/b>\u00a0conden\u00f3 a 14 a\u00f1os de prisi\u00f3n al\u00a0<a title=\"https:\/\/www.infobae.com\/peru\/2025\/11\/26\/martin-vizcarra-se-convierte-en-el-cuarto-expresidente-en-prision-en-que-penal-afrontara-los-14-anos-de-carcel\/\" href=\"https:\/\/www.infobae.com\/peru\/2025\/11\/26\/martin-vizcarra-se-convierte-en-el-cuarto-expresidente-en-prision-en-que-penal-afrontara-los-14-anos-de-carcel\/\" target=\"_blank\" rel=\"noopener noreferrer\" data-mrf-link=\"https:\/\/www.infobae.com\/peru\/2025\/11\/26\/martin-vizcarra-se-convierte-en-el-cuarto-expresidente-en-prision-en-que-penal-afrontara-los-14-anos-de-carcel\/\">expresidente\u00a0<b>Mart\u00edn Vizcarra<\/b><\/a>\u00a0por el caso\u00a0<b>Lomas de Ilo<\/b>\u00a0y\u00a0<b>Hospital de Moquegua<\/b>. La pena ser\u00e1 de ejecuci\u00f3n inmediata ya que no se cumplen los requisitos para que sea suspendida.<\/p>\n<p class=\"paragraph\" data-mrf-recirculation=\"Links inline\">Adem\u00e1s de pena privativa de la libertad, el tribunal dict\u00f3 9 a\u00f1os de inhabilitaci\u00f3n para ejercer cargos p\u00fablicos contra\u00a0<b>Vizcarra<\/b>\u00a0y una reparaci\u00f3n civil de 2,3 millones de soles. Dicho monto deber\u00e1 ser pagado por el exmandatario y las empresas involucradas a excepci\u00f3n de\u00a0<b>ICCGSA<\/b>, que fue excluida del pedido por contar con una sentencia de colaboraci\u00f3n eficaz.<\/p>\n<div class=\"inline ad-wrapper\">\n<div class=\"dfpAd ad-inline\">Durante la lectura de la sentencia, el Juzgado Penal determin\u00f3 que, al amparo de las pruebas presentadas por la Fiscal\u00eda, el\u00a0<a title=\"https:\/\/www.infobae.com\/peru\/2025\/11\/26\/asi-reacciono-martin-vizcarra-al-conocer-su-condena-de-14-anos-de-carcel-por-el-caso-lomas-de-ilo\/\" href=\"https:\/\/www.infobae.com\/peru\/2025\/11\/26\/asi-reacciono-martin-vizcarra-al-conocer-su-condena-de-14-anos-de-carcel-por-el-caso-lomas-de-ilo\/\" target=\"_blank\" rel=\"noopener noreferrer\" data-mrf-link=\"https:\/\/www.infobae.com\/peru\/2025\/11\/26\/asi-reacciono-martin-vizcarra-al-conocer-su-condena-de-14-anos-de-carcel-por-el-caso-lomas-de-ilo\/\">exmandatario s\u00ed pidi\u00f3\u00a0<b>2,3 millones de soles\u00a0<\/b>en coimas<\/a>\u00a0a\u00a0<b>Obrainsa<\/b>\u00a0e\u00a0<b>ICCGSA\u00a0<\/b>para otorgar la adjudicaci\u00f3n de las obras\u00a0<b>Lomas de Ilo<\/b>\u00a0y\u00a0<b>Hospital de Moquegua<\/b>, respectivamente.<\/div>\n<div>\n<h2 class=\"header headline-class-h2 headline\">Hechos probados<\/h2>\n<p class=\"paragraph\" data-mrf-recirculation=\"Links inline\">Los jueces del\u00a0<b>Cuarto Juzgado Penal Colegiado Nacional<\/b>\u00a0consideraron probado que\u00a0<b>Mart\u00edn Vizcarra<\/b>\u00a0solicit\u00f3 2% del presupuesto de la obra\u00a0<b>Lomas de Ilo<\/b>\u00a0a\u00a0<b>Paul Tejada<\/b>, exgerente de\u00a0<b>Obrainsa<\/b>, para no objetar la adjudicaci\u00f3n y otorgar la buena pro. Obrainsa pag\u00f3 esta esta coima pagando el alquiler de una avioneta y un mill\u00f3n de soles<\/p>\n<p class=\"paragraph\" data-mrf-recirculation=\"Links inline\"><a title=\"https:\/\/www.infobae.com\/peru\/2025\/11\/26\/expresidente-peruano-martin-vizcarra-es-condenado-a-14-anos-de-prision-por-corrupcion\/\" href=\"https:\/\/www.infobae.com\/peru\/2025\/11\/26\/expresidente-peruano-martin-vizcarra-es-condenado-a-14-anos-de-prision-por-corrupcion\/\" target=\"_blank\" rel=\"noopener noreferrer\" data-mrf-link=\"https:\/\/www.infobae.com\/peru\/2025\/11\/26\/expresidente-peruano-martin-vizcarra-es-condenado-a-14-anos-de-prision-por-corrupcion\/\"><b>Vizcarra\u00a0<\/b>pidi\u00f3 la coima en noviembre de 2013<\/a>\u00a0en las oficinas de\u00a0<b>Obrainsa<\/b>. El expresidente asegur\u00f3 que en los d\u00edas de la reuni\u00f3n con Tejeda estuvo en Lima, pero tres testigos lo desmintieron. Adem\u00e1s, los documentos del GORE Moquegua para presentar que supuestamente estuvo en la regi\u00f3n no fueron firmados por \u00e9l.<\/p>\n<p class=\"paragraph\" data-mrf-recirculation=\"Links inline\">La entrega de dinero se realiz\u00f3 en dos tandas: una de 400 mil soles en enero de 2014 y otra de 600 mil soles en abril de 2014. En ambas ocasiones, el monto fue entregado por\u00a0<b>Paul Tejeda<\/b>\u00a0en folders manila.<\/p>\n<p class=\"paragraph\" data-mrf-recirculation=\"Links inline\">Sobre el Hospital de Moquegua, el\u00a0<b>Juzgado Penal Colegiado<\/b>\u00a0tambi\u00e9n dio por probado que\u00a0<b>Vizcarra\u00a0<\/b>solicit\u00f3 una coima a\u00a0<b>Rafael Granados<\/b>, gerente de\u00a0<b>ICCGSA<\/b>, para asegurar la buena pro.\u00a0<b>Granados\u00a0<\/b>declar\u00f3 en juicio que se accedi\u00f3 al pedido ilegal para no perder la millonaria obra.<\/p>\n<div class=\"visual__image\"><picture><source srcset=\"https:\/\/www.infobae.com\/resizer\/v2\/MQYWPPID6BBATJF3MAAT2LJW5A.JPG?auth=54952bd7cf20c5e75d735103f708916ab8620cf31a3f6ba8daf78712c0579b91&amp;smart=true&amp;width=992&amp;height=619&amp;quality=85\" media=\"(min-width: 1000px)\" \/><source srcset=\"https:\/\/www.infobae.com\/resizer\/v2\/MQYWPPID6BBATJF3MAAT2LJW5A.JPG?auth=54952bd7cf20c5e75d735103f708916ab8620cf31a3f6ba8daf78712c0579b91&amp;smart=true&amp;width=768&amp;height=480&amp;quality=85\" media=\"(min-width: 768px)\" \/><source srcset=\"https:\/\/www.infobae.com\/resizer\/v2\/MQYWPPID6BBATJF3MAAT2LJW5A.JPG?auth=54952bd7cf20c5e75d735103f708916ab8620cf31a3f6ba8daf78712c0579b91&amp;smart=true&amp;width=577&amp;height=360&amp;quality=85\" media=\"(min-width: 580px)\" \/><source srcset=\"https:\/\/www.infobae.com\/resizer\/v2\/MQYWPPID6BBATJF3MAAT2LJW5A.JPG?auth=54952bd7cf20c5e75d735103f708916ab8620cf31a3f6ba8daf78712c0579b91&amp;smart=true&amp;width=420&amp;height=262&amp;quality=85\" media=\"(min-width: 350px)\" \/><source srcset=\"https:\/\/www.infobae.com\/resizer\/v2\/MQYWPPID6BBATJF3MAAT2LJW5A.JPG?auth=54952bd7cf20c5e75d735103f708916ab8620cf31a3f6ba8daf78712c0579b91&amp;smart=true&amp;width=350&amp;height=219&amp;quality=85\" media=\"(min-width: 80px)\" \/><img fetchpriority=\"high\" fetchpriority=\"high\" decoding=\"async\" class=\"global-image\" src=\"https:\/\/www.infobae.com\/resizer\/v2\/MQYWPPID6BBATJF3MAAT2LJW5A.JPG?auth=54952bd7cf20c5e75d735103f708916ab8620cf31a3f6ba8daf78712c0579b91&amp;smart=true&amp;width=350&amp;height=219&amp;quality=85\" alt=\"El juez Giovanni Felix Palma,\" width=\"5500\" height=\"3434\" \/><\/picture>El juez Giovanni Felix Palma, la magistrada Fernanda Ayasta Nassif y el juez Andy Junior Rodriguez Dominguez asisten a la lectura de la sentencia para el expresidente peruano Martin Vizcarra en los casos de corrupci\u00f3n vinculados a los proyectos de construcci\u00f3n del Hospital de Moquegua y Lomas de Ilo, en los que fue acusado de recibir sobornos mientras se desempe\u00f1aba como gobernador, en Lima, Per\u00fa. 26 de noviembre de 2025. REUTERS\/Gerardo Marin<\/div>\n<p class=\"paragraph\" data-mrf-recirculation=\"Links inline\">En este caso, el pago de la coima se realiz\u00f3 a trav\u00e9s del examigo de\u00a0<b>Vizcarra<\/b>\u00a0y exministro de Transportes,\u00a0<b>Jos\u00e9 Manuel Hern\u00e1ndez<\/b>, quien confes\u00f3 el hecho al acogerse a la colaboraci\u00f3n eficaz.<\/p>\n<h2 class=\"header headline-class-h2 headline\">Mart\u00edn Vizcarra se pronuncia<\/h2>\n<p class=\"paragraph\" data-mrf-recirculation=\"Links inline\">El expresidente\u00a0<b>Mart\u00edn Vizcarra<\/b>\u00a0public\u00f3 un mensaje en su cuenta de X (antes Twitter) cuando se desarrollaba la lectura de la sentencia.<\/p>\n<p class=\"paragraph\" data-mrf-recirculation=\"Links inline\">\u201cMe han sentenciado por enfrentar al pacto mafioso. No es justicia, es venganza. Pero no me van a doblegar. La respuesta est\u00e1 en las urnas. Mi hermano Mario Vizcarra continuar\u00e1 esta lucha por ustedes. El Per\u00fa es primero y nadie podr\u00e1 silenciarlo\u201d, manifest\u00f3.<\/p>\n<p class=\"paragraph\" data-mrf-recirculation=\"Links inline\">Momentos despu\u00e9s, public\u00f3 un segundo mensaje: \u201cMe han vacado. Me han inhabilitado. Me han sacado de mi partido. Y ahora me meten a la c\u00e1rcel. \u00bfTanto miedo tienen a Vizcarra?\u201c.<\/p>\n<p class=\"paragraph\" data-mrf-recirculation=\"Links inline\">Tras culminar la lectura del fallo,\u00a0<b>Mart\u00edn Vizcarra<\/b>\u00a0qued\u00f3 detenido por los efectivos policiales que llegaron a la sala de audiencias. El\u00a0<b>Instituto Nacional Penitenciario<\/b>\u00a0(INPE) determinar\u00e1 en las pr\u00f3ximas horas el penal en el que ser\u00e1 recluido el exmandatario. Se espera que sea Barbadillo.<\/p>\n<\/div>\n<\/div>\n<div class=\"pvc_clear\"><\/div>\n<p id=\"pvc_stats_33132\" class=\"pvc_stats all  \" data-element-id=\"33132\" style=\"\"><i class=\"pvc-stats-icon large\" aria-hidden=\"true\"><svg xmlns=\"http:\/\/www.w3.org\/2000\/svg\" version=\"1.0\" viewBox=\"0 0 502 315\" preserveAspectRatio=\"xMidYMid meet\"><g transform=\"translate(0,332) scale(0.1,-0.1)\" fill=\"\" stroke=\"none\"><path d=\"M2394 3279 l-29 -30 -3 -207 c-2 -182 0 -211 15 -242 39 -76 157 -76 196 0 15 31 17 60 15 243 l-3 209 -33 29 c-26 23 -41 29 -80 29 -41 0 -53 -5 -78 -31z\"\/><path d=\"M3085 3251 c-45 -19 -58 -50 -96 -229 -47 -217 -49 -260 -13 -295 52 -53 146 -42 177 20 16 31 87 366 87 410 0 70 -86 122 -155 94z\"\/><path d=\"M1751 3234 c-13 -9 -29 -31 -37 -50 -12 -29 -10 -49 21 -204 19 -94 39 -189 45 -210 14 -50 54 -80 110 -80 34 0 48 6 76 34 21 21 34 44 34 59 0 14 -18 113 -40 219 -37 178 -43 195 -70 221 -36 32 -101 37 -139 11z\"\/><path d=\"M1163 3073 c-36 -7 -73 -59 -73 -102 0 -56 133 -378 171 -413 34 -32 83 -37 129 -13 70 36 67 87 -16 290 -86 209 -89 214 -129 231 -35 14 -42 15 -82 7z\"\/><path d=\"M3689 3066 c-15 -9 -33 -30 -42 -48 -48 -103 -147 -355 -147 -375 0 -98 131 -148 192 -74 13 15 57 108 97 206 80 196 84 226 37 273 -30 30 -99 39 -137 18z\"\/><path d=\"M583 2784 c-38 -19 -67 -74 -58 -113 9 -42 211 -354 242 -373 16 -10 45 -18 66 -18 51 0 107 52 107 100 0 39 -1 41 -124 234 -80 126 -108 162 -133 173 -41 17 -61 16 -100 -3z\"\/><path d=\"M4250 2784 c-14 -9 -74 -91 -133 -183 -95 -150 -107 -173 -107 -213 0 -55 33 -94 87 -104 67 -13 90 8 211 198 130 202 137 225 78 284 -27 27 -42 34 -72 34 -22 0 -50 -8 -64 -16z\"\/><path d=\"M2275 2693 c-553 -48 -1095 -270 -1585 -649 -135 -104 -459 -423 -483 -476 -23 -49 -22 -139 2 -186 73 -142 361 -457 571 -626 285 -228 642 -407 990 -497 242 -63 336 -73 660 -74 310 0 370 5 595 52 535 111 1045 392 1455 803 122 121 250 273 275 326 19 41 19 137 0 174 -41 79 -309 363 -465 492 -447 370 -946 591 -1479 653 -113 14 -422 18 -536 8z m395 -428 c171 -34 330 -124 456 -258 112 -119 167 -219 211 -378 27 -96 24 -300 -5 -401 -72 -255 -236 -447 -474 -557 -132 -62 -201 -76 -368 -76 -167 0 -236 14 -368 76 -213 98 -373 271 -451 485 -162 444 86 934 547 1084 153 49 292 57 452 25z m909 -232 c222 -123 408 -262 593 -441 76 -74 138 -139 138 -144 0 -16 -233 -242 -330 -319 -155 -123 -309 -223 -461 -299 l-81 -41 32 46 c18 26 49 83 70 128 143 306 141 649 -6 957 -25 52 -61 116 -79 142 l-34 47 45 -20 c26 -10 76 -36 113 -56z m-2057 25 c-40 -58 -105 -190 -130 -263 -110 -324 -59 -707 132 -981 25 -35 42 -64 37 -64 -19 0 -241 119 -326 174 -188 122 -406 314 -532 468 l-58 71 108 103 c185 178 428 349 672 473 66 33 121 60 123 61 2 0 -10 -19 -26 -42z\"\/><path d=\"M2375 1950 c-198 -44 -350 -190 -395 -379 -18 -76 -8 -221 19 -290 114 -284 457 -406 731 -260 98 52 188 154 231 260 27 69 37 214 19 290 -38 163 -166 304 -326 360 -67 23 -215 33 -279 19z\"\/><\/g><\/svg><\/i> <img decoding=\"async\" width=\"16\" height=\"16\" alt=\"Loading\" src=\"https:\/\/esviafm.com\/wp-content\/plugins\/page-views-count\/ajax-loader-2x.gif\" border=0 \/><\/p>\n<div class=\"pvc_clear\"><\/div>\n","protected":false},"excerpt":{"rendered":"<p>El\u00a0Cuarto Juzgado Penal Colegiado Nacional\u00a0conden\u00f3 a 14 a\u00f1os de prisi\u00f3n al\u00a0expresidente\u00a0Mart\u00edn Vizcarra\u00a0por el caso\u00a0Lomas de Ilo\u00a0y\u00a0Hospital de Moquegua. La pena ser\u00e1 de ejecuci\u00f3n inmediata ya que no se cumplen los requisitos para que sea suspendida. Adem\u00e1s de pena privativa de la libertad, el tribunal dict\u00f3 9 a\u00f1os de inhabilitaci\u00f3n para ejercer cargos p\u00fablicos contra\u00a0Vizcarra\u00a0y una [&hellip;]<\/p>\n<div class=\"pvc_clear\"><\/div>\n<p id=\"pvc_stats_33132\" class=\"pvc_stats all  \" data-element-id=\"33132\" style=\"\"><i class=\"pvc-stats-icon large\" aria-hidden=\"true\"><svg xmlns=\"http:\/\/www.w3.org\/2000\/svg\" version=\"1.0\" viewBox=\"0 0 502 315\" preserveAspectRatio=\"xMidYMid meet\"><g transform=\"translate(0,332) scale(0.1,-0.1)\" fill=\"\" stroke=\"none\"><path d=\"M2394 3279 l-29 -30 -3 -207 c-2 -182 0 -211 15 -242 39 -76 157 -76 196 0 15 31 17 60 15 243 l-3 209 -33 29 c-26 23 -41 29 -80 29 -41 0 -53 -5 -78 -31z\"\/><path d=\"M3085 3251 c-45 -19 -58 -50 -96 -229 -47 -217 -49 -260 -13 -295 52 -53 146 -42 177 20 16 31 87 366 87 410 0 70 -86 122 -155 94z\"\/><path d=\"M1751 3234 c-13 -9 -29 -31 -37 -50 -12 -29 -10 -49 21 -204 19 -94 39 -189 45 -210 14 -50 54 -80 110 -80 34 0 48 6 76 34 21 21 34 44 34 59 0 14 -18 113 -40 219 -37 178 -43 195 -70 221 -36 32 -101 37 -139 11z\"\/><path d=\"M1163 3073 c-36 -7 -73 -59 -73 -102 0 -56 133 -378 171 -413 34 -32 83 -37 129 -13 70 36 67 87 -16 290 -86 209 -89 214 -129 231 -35 14 -42 15 -82 7z\"\/><path d=\"M3689 3066 c-15 -9 -33 -30 -42 -48 -48 -103 -147 -355 -147 -375 0 -98 131 -148 192 -74 13 15 57 108 97 206 80 196 84 226 37 273 -30 30 -99 39 -137 18z\"\/><path d=\"M583 2784 c-38 -19 -67 -74 -58 -113 9 -42 211 -354 242 -373 16 -10 45 -18 66 -18 51 0 107 52 107 100 0 39 -1 41 -124 234 -80 126 -108 162 -133 173 -41 17 -61 16 -100 -3z\"\/><path d=\"M4250 2784 c-14 -9 -74 -91 -133 -183 -95 -150 -107 -173 -107 -213 0 -55 33 -94 87 -104 67 -13 90 8 211 198 130 202 137 225 78 284 -27 27 -42 34 -72 34 -22 0 -50 -8 -64 -16z\"\/><path d=\"M2275 2693 c-553 -48 -1095 -270 -1585 -649 -135 -104 -459 -423 -483 -476 -23 -49 -22 -139 2 -186 73 -142 361 -457 571 -626 285 -228 642 -407 990 -497 242 -63 336 -73 660 -74 310 0 370 5 595 52 535 111 1045 392 1455 803 122 121 250 273 275 326 19 41 19 137 0 174 -41 79 -309 363 -465 492 -447 370 -946 591 -1479 653 -113 14 -422 18 -536 8z m395 -428 c171 -34 330 -124 456 -258 112 -119 167 -219 211 -378 27 -96 24 -300 -5 -401 -72 -255 -236 -447 -474 -557 -132 -62 -201 -76 -368 -76 -167 0 -236 14 -368 76 -213 98 -373 271 -451 485 -162 444 86 934 547 1084 153 49 292 57 452 25z m909 -232 c222 -123 408 -262 593 -441 76 -74 138 -139 138 -144 0 -16 -233 -242 -330 -319 -155 -123 -309 -223 -461 -299 l-81 -41 32 46 c18 26 49 83 70 128 143 306 141 649 -6 957 -25 52 -61 116 -79 142 l-34 47 45 -20 c26 -10 76 -36 113 -56z m-2057 25 c-40 -58 -105 -190 -130 -263 -110 -324 -59 -707 132 -981 25 -35 42 -64 37 -64 -19 0 -241 119 -326 174 -188 122 -406 314 -532 468 l-58 71 108 103 c185 178 428 349 672 473 66 33 121 60 123 61 2 0 -10 -19 -26 -42z\"\/><path d=\"M2375 1950 c-198 -44 -350 -190 -395 -379 -18 -76 -8 -221 19 -290 114 -284 457 -406 731 -260 98 52 188 154 231 260 27 69 37 214 19 290 -38 163 -166 304 -326 360 -67 23 -215 33 -279 19z\"\/><\/g><\/svg><\/i> <img decoding=\"async\" width=\"16\" height=\"16\" alt=\"Loading\" src=\"https:\/\/esviafm.com\/wp-content\/plugins\/page-views-count\/ajax-loader-2x.gif\" border=0 \/><\/p>\n<div class=\"pvc_clear\"><\/div>\n","protected":false},"author":7,"featured_media":0,"comment_status":"open","ping_status":"open","sticky":false,"template":"","format":"standard","meta":{"_et_pb_use_builder":"","_et_pb_old_content":"","_et_gb_content_width":"","footnotes":""},"categories":[17],"tags":[],"class_list":["post-33132","post","type-post","status-publish","format-standard","hentry","category-internacionales"],"_links":{"self":[{"href":"https:\/\/esviafm.com\/index.php\/wp-json\/wp\/v2\/posts\/33132","targetHints":{"allow":["GET"]}}],"collection":[{"href":"https:\/\/esviafm.com\/index.php\/wp-json\/wp\/v2\/posts"}],"about":[{"href":"https:\/\/esviafm.com\/index.php\/wp-json\/wp\/v2\/types\/post"}],"author":[{"embeddable":true,"href":"https:\/\/esviafm.com\/index.php\/wp-json\/wp\/v2\/users\/7"}],"replies":[{"embeddable":true,"href":"https:\/\/esviafm.com\/index.php\/wp-json\/wp\/v2\/comments?post=33132"}],"version-history":[{"count":1,"href":"https:\/\/esviafm.com\/index.php\/wp-json\/wp\/v2\/posts\/33132\/revisions"}],"predecessor-version":[{"id":33135,"href":"https:\/\/esviafm.com\/index.php\/wp-json\/wp\/v2\/posts\/33132\/revisions\/33135"}],"wp:attachment":[{"href":"https:\/\/esviafm.com\/index.php\/wp-json\/wp\/v2\/media?parent=33132"}],"wp:term":[{"taxonomy":"category","embeddable":true,"href":"https:\/\/esviafm.com\/index.php\/wp-json\/wp\/v2\/categories?post=33132"},{"taxonomy":"post_tag","embeddable":true,"href":"https:\/\/esviafm.com\/index.php\/wp-json\/wp\/v2\/tags?post=33132"}],"curies":[{"name":"wp","href":"https:\/\/api.w.org\/{rel}","templated":true}]}}