{"id":33072,"date":"2025-11-26T08:22:10","date_gmt":"2025-11-26T12:52:10","guid":{"rendered":"https:\/\/esviafm.com\/?p=33072"},"modified":"2025-11-26T08:22:10","modified_gmt":"2025-11-26T12:52:10","slug":"justicia-de-colombia-condena-a-hermano-de-expresidente-uribe","status":"publish","type":"post","link":"https:\/\/esviafm.com\/index.php\/justicia-de-colombia-condena-a-hermano-de-expresidente-uribe\/","title":{"rendered":"Justicia de Colombia condena a hermano de expresidente Uribe"},"content":{"rendered":"<p>El Tribunal Superior de Antioquia revoc\u00f3 este martes (25.11.2025) la absoluci\u00f3n del ganadero Santiago Uribe, hermano del\u00a0<a class=\"internal-link\" href=\"https:\/\/www.dw.com\/es\/uribe-v%C3%A9lez-%C3%A1lvaro\/t-19481106\">expresidente colombiano \u00c1lvaro Uribe<\/a>\u00a0(2002-2010), y lo conden\u00f3 en segunda instancia a 28 a\u00f1os y tres meses de prisi\u00f3n por crear y financiar el grupo paramilitar de ultraderecha &#8216;Los doce ap\u00f3stoles&#8217;, responsable de masacres y otros cr\u00edmenes atroces en su guerra contra las organizaciones insurgentes de izquierda.<\/p>\n<p>De esta forma, la alta instancia resolvi\u00f3 los recursos de apelaci\u00f3n presentados por la Fiscal\u00eda, la Procuradur\u00eda (Ministerio P\u00fablico) y la parte civil del caso y declar\u00f3 \u00abpenalmente responsable a Santiago Uribe V\u00e9lez por un concurso de delitos de lesa humanidad, uno de homicidio agravado\u00bb y otro de \u00abconcierto para delinquir agravado\u00bb. Esta decisi\u00f3n revoca la\u00a0<a class=\"internal-link\" href=\"https:\/\/www.dw.com\/es\/justicia-de-colombia-absuelve-a-santiago-uribe-de-homicidio\/a-70774031\">absoluci\u00f3n decretada en noviembre de 2024<\/a>.<\/p>\n<p>\u00abEn consecuencia, el condenado cumplir\u00e1 la pena de 340 meses de prisi\u00f3n\u00bb, precis\u00f3 el Tribunal, que agreg\u00f3 que el hermano del exmandatario tambi\u00e9n deber\u00e1 pagar una multa de 6.500 salarios m\u00ednimos legales mensuales, es decir m\u00e1s de 10.500 millones de pesos colombianos (unos 2,7 millones de d\u00f3lares). Igualmente, el Tribunal lo inhabilit\u00f3 para el ejercicio de derechos y funciones p\u00fablicas por 20 a\u00f1os y deneg\u00f3 la prisi\u00f3n domiciliaria.<\/p>\n<div class=\"render-container rich-text-ad\"><\/div>\n<h2>Habr\u00e1 apelaci\u00f3n<\/h2>\n<p>\u00abUna vez en firme esta decisi\u00f3n se proferir\u00e1 orden de captura para el cumplimiento de la sentencia\u00bb, agreg\u00f3 la informaci\u00f3n emitida por el tribunal. El grupo &#8216;Los doce ap\u00f3stoles&#8217; naci\u00f3 en Yarumal, en el departamento de Antioquia (noroeste). A Santiago Uribe, que tambi\u00e9n fue senador, se le acusa asimismo de estar implicado en el asesinato de Camilo Barrientos, ocurrido en 1994 en esa poblaci\u00f3n.<\/p>\n<p>\u00abSiento profundo dolor por la condena contra mi hermano. Dios nos ayude\u00bb, escribi\u00f3 \u00c1lvaro Uribe en X (Twitter) al conocer la decisi\u00f3n judicial. \u00cdcono de la derecha en Colombia, el expresidente est\u00e1 en campa\u00f1a de cara a las elecciones presidenciales de 2026 en las que su partido aspira a sacar a la izquierda del poder. \u00c9l mismo ha sido denunciado por sus presuntos v\u00ednculos con los paramilitares, incluida una acusaci\u00f3n que lo relaciona indirectamente con la masacre de El Aro, en la que fueron asesinados 17 campesinos en octubre de 1997.<\/p>\n<p>\u00abExcelente noticia para las v\u00edctimas, la Verdad y la Justicia en\u00a0<a class=\"internal-link\" href=\"https:\/\/www.dw.com\/es\/colombia\/t-17411736\">Colombia<\/a>\u00ab, celebr\u00f3, por su parte, y tambi\u00e9n en X, el senador y candidato presidencial izquierdista Iv\u00e1n Cepeda, que denunci\u00f3 la relaci\u00f3n de los Uribe con los paramilitares.<\/p>\n<p>La defensa de Santiago Uribe, en tanto, anunci\u00f3 por medio de un comunicado que apelar\u00e1 ante la Corte Suprema. \u00abDentro de los t\u00e9rminos y canales legales, la defensa t\u00e9cnica y material de\u00a0Santiago Uribe V\u00e9lez\u00a0interpondr\u00e1 y sustentar\u00e1 la impugnaci\u00f3n especial a fin de que el caso sea conocido por la\u00a0Honorable Sala de Casaci\u00f3n Penal de la Corte Suprema de Justicia,\u00a0en donde confiamos prevalezca la verdad y la justicia\u00bb, indica el texto.<\/p>\n<div class=\"pvc_clear\"><\/div>\n<p id=\"pvc_stats_33072\" class=\"pvc_stats all  \" data-element-id=\"33072\" style=\"\"><i class=\"pvc-stats-icon large\" aria-hidden=\"true\"><svg xmlns=\"http:\/\/www.w3.org\/2000\/svg\" version=\"1.0\" viewBox=\"0 0 502 315\" preserveAspectRatio=\"xMidYMid meet\"><g transform=\"translate(0,332) scale(0.1,-0.1)\" fill=\"\" stroke=\"none\"><path d=\"M2394 3279 l-29 -30 -3 -207 c-2 -182 0 -211 15 -242 39 -76 157 -76 196 0 15 31 17 60 15 243 l-3 209 -33 29 c-26 23 -41 29 -80 29 -41 0 -53 -5 -78 -31z\"\/><path d=\"M3085 3251 c-45 -19 -58 -50 -96 -229 -47 -217 -49 -260 -13 -295 52 -53 146 -42 177 20 16 31 87 366 87 410 0 70 -86 122 -155 94z\"\/><path d=\"M1751 3234 c-13 -9 -29 -31 -37 -50 -12 -29 -10 -49 21 -204 19 -94 39 -189 45 -210 14 -50 54 -80 110 -80 34 0 48 6 76 34 21 21 34 44 34 59 0 14 -18 113 -40 219 -37 178 -43 195 -70 221 -36 32 -101 37 -139 11z\"\/><path d=\"M1163 3073 c-36 -7 -73 -59 -73 -102 0 -56 133 -378 171 -413 34 -32 83 -37 129 -13 70 36 67 87 -16 290 -86 209 -89 214 -129 231 -35 14 -42 15 -82 7z\"\/><path d=\"M3689 3066 c-15 -9 -33 -30 -42 -48 -48 -103 -147 -355 -147 -375 0 -98 131 -148 192 -74 13 15 57 108 97 206 80 196 84 226 37 273 -30 30 -99 39 -137 18z\"\/><path d=\"M583 2784 c-38 -19 -67 -74 -58 -113 9 -42 211 -354 242 -373 16 -10 45 -18 66 -18 51 0 107 52 107 100 0 39 -1 41 -124 234 -80 126 -108 162 -133 173 -41 17 -61 16 -100 -3z\"\/><path d=\"M4250 2784 c-14 -9 -74 -91 -133 -183 -95 -150 -107 -173 -107 -213 0 -55 33 -94 87 -104 67 -13 90 8 211 198 130 202 137 225 78 284 -27 27 -42 34 -72 34 -22 0 -50 -8 -64 -16z\"\/><path d=\"M2275 2693 c-553 -48 -1095 -270 -1585 -649 -135 -104 -459 -423 -483 -476 -23 -49 -22 -139 2 -186 73 -142 361 -457 571 -626 285 -228 642 -407 990 -497 242 -63 336 -73 660 -74 310 0 370 5 595 52 535 111 1045 392 1455 803 122 121 250 273 275 326 19 41 19 137 0 174 -41 79 -309 363 -465 492 -447 370 -946 591 -1479 653 -113 14 -422 18 -536 8z m395 -428 c171 -34 330 -124 456 -258 112 -119 167 -219 211 -378 27 -96 24 -300 -5 -401 -72 -255 -236 -447 -474 -557 -132 -62 -201 -76 -368 -76 -167 0 -236 14 -368 76 -213 98 -373 271 -451 485 -162 444 86 934 547 1084 153 49 292 57 452 25z m909 -232 c222 -123 408 -262 593 -441 76 -74 138 -139 138 -144 0 -16 -233 -242 -330 -319 -155 -123 -309 -223 -461 -299 l-81 -41 32 46 c18 26 49 83 70 128 143 306 141 649 -6 957 -25 52 -61 116 -79 142 l-34 47 45 -20 c26 -10 76 -36 113 -56z m-2057 25 c-40 -58 -105 -190 -130 -263 -110 -324 -59 -707 132 -981 25 -35 42 -64 37 -64 -19 0 -241 119 -326 174 -188 122 -406 314 -532 468 l-58 71 108 103 c185 178 428 349 672 473 66 33 121 60 123 61 2 0 -10 -19 -26 -42z\"\/><path d=\"M2375 1950 c-198 -44 -350 -190 -395 -379 -18 -76 -8 -221 19 -290 114 -284 457 -406 731 -260 98 52 188 154 231 260 27 69 37 214 19 290 -38 163 -166 304 -326 360 -67 23 -215 33 -279 19z\"\/><\/g><\/svg><\/i> <img decoding=\"async\" width=\"16\" height=\"16\" alt=\"Loading\" src=\"https:\/\/esviafm.com\/wp-content\/plugins\/page-views-count\/ajax-loader-2x.gif\" border=0 \/><\/p>\n<div class=\"pvc_clear\"><\/div>\n","protected":false},"excerpt":{"rendered":"<p>El Tribunal Superior de Antioquia revoc\u00f3 este martes (25.11.2025) la absoluci\u00f3n del ganadero Santiago Uribe, hermano del\u00a0expresidente colombiano \u00c1lvaro Uribe\u00a0(2002-2010), y lo conden\u00f3 en segunda instancia a 28 a\u00f1os y tres meses de prisi\u00f3n por crear y financiar el grupo paramilitar de ultraderecha &#8216;Los doce ap\u00f3stoles&#8217;, responsable de masacres y otros cr\u00edmenes atroces en su [&hellip;]<\/p>\n<div class=\"pvc_clear\"><\/div>\n<p id=\"pvc_stats_33072\" class=\"pvc_stats all  \" data-element-id=\"33072\" style=\"\"><i class=\"pvc-stats-icon large\" aria-hidden=\"true\"><svg xmlns=\"http:\/\/www.w3.org\/2000\/svg\" version=\"1.0\" viewBox=\"0 0 502 315\" preserveAspectRatio=\"xMidYMid meet\"><g transform=\"translate(0,332) scale(0.1,-0.1)\" fill=\"\" stroke=\"none\"><path d=\"M2394 3279 l-29 -30 -3 -207 c-2 -182 0 -211 15 -242 39 -76 157 -76 196 0 15 31 17 60 15 243 l-3 209 -33 29 c-26 23 -41 29 -80 29 -41 0 -53 -5 -78 -31z\"\/><path d=\"M3085 3251 c-45 -19 -58 -50 -96 -229 -47 -217 -49 -260 -13 -295 52 -53 146 -42 177 20 16 31 87 366 87 410 0 70 -86 122 -155 94z\"\/><path d=\"M1751 3234 c-13 -9 -29 -31 -37 -50 -12 -29 -10 -49 21 -204 19 -94 39 -189 45 -210 14 -50 54 -80 110 -80 34 0 48 6 76 34 21 21 34 44 34 59 0 14 -18 113 -40 219 -37 178 -43 195 -70 221 -36 32 -101 37 -139 11z\"\/><path d=\"M1163 3073 c-36 -7 -73 -59 -73 -102 0 -56 133 -378 171 -413 34 -32 83 -37 129 -13 70 36 67 87 -16 290 -86 209 -89 214 -129 231 -35 14 -42 15 -82 7z\"\/><path d=\"M3689 3066 c-15 -9 -33 -30 -42 -48 -48 -103 -147 -355 -147 -375 0 -98 131 -148 192 -74 13 15 57 108 97 206 80 196 84 226 37 273 -30 30 -99 39 -137 18z\"\/><path d=\"M583 2784 c-38 -19 -67 -74 -58 -113 9 -42 211 -354 242 -373 16 -10 45 -18 66 -18 51 0 107 52 107 100 0 39 -1 41 -124 234 -80 126 -108 162 -133 173 -41 17 -61 16 -100 -3z\"\/><path d=\"M4250 2784 c-14 -9 -74 -91 -133 -183 -95 -150 -107 -173 -107 -213 0 -55 33 -94 87 -104 67 -13 90 8 211 198 130 202 137 225 78 284 -27 27 -42 34 -72 34 -22 0 -50 -8 -64 -16z\"\/><path d=\"M2275 2693 c-553 -48 -1095 -270 -1585 -649 -135 -104 -459 -423 -483 -476 -23 -49 -22 -139 2 -186 73 -142 361 -457 571 -626 285 -228 642 -407 990 -497 242 -63 336 -73 660 -74 310 0 370 5 595 52 535 111 1045 392 1455 803 122 121 250 273 275 326 19 41 19 137 0 174 -41 79 -309 363 -465 492 -447 370 -946 591 -1479 653 -113 14 -422 18 -536 8z m395 -428 c171 -34 330 -124 456 -258 112 -119 167 -219 211 -378 27 -96 24 -300 -5 -401 -72 -255 -236 -447 -474 -557 -132 -62 -201 -76 -368 -76 -167 0 -236 14 -368 76 -213 98 -373 271 -451 485 -162 444 86 934 547 1084 153 49 292 57 452 25z m909 -232 c222 -123 408 -262 593 -441 76 -74 138 -139 138 -144 0 -16 -233 -242 -330 -319 -155 -123 -309 -223 -461 -299 l-81 -41 32 46 c18 26 49 83 70 128 143 306 141 649 -6 957 -25 52 -61 116 -79 142 l-34 47 45 -20 c26 -10 76 -36 113 -56z m-2057 25 c-40 -58 -105 -190 -130 -263 -110 -324 -59 -707 132 -981 25 -35 42 -64 37 -64 -19 0 -241 119 -326 174 -188 122 -406 314 -532 468 l-58 71 108 103 c185 178 428 349 672 473 66 33 121 60 123 61 2 0 -10 -19 -26 -42z\"\/><path d=\"M2375 1950 c-198 -44 -350 -190 -395 -379 -18 -76 -8 -221 19 -290 114 -284 457 -406 731 -260 98 52 188 154 231 260 27 69 37 214 19 290 -38 163 -166 304 -326 360 -67 23 -215 33 -279 19z\"\/><\/g><\/svg><\/i> <img decoding=\"async\" width=\"16\" height=\"16\" alt=\"Loading\" src=\"https:\/\/esviafm.com\/wp-content\/plugins\/page-views-count\/ajax-loader-2x.gif\" border=0 \/><\/p>\n<div class=\"pvc_clear\"><\/div>\n","protected":false},"author":7,"featured_media":0,"comment_status":"open","ping_status":"open","sticky":false,"template":"","format":"standard","meta":{"_et_pb_use_builder":"","_et_pb_old_content":"","_et_gb_content_width":"","footnotes":""},"categories":[17],"tags":[],"class_list":["post-33072","post","type-post","status-publish","format-standard","hentry","category-internacionales"],"_links":{"self":[{"href":"https:\/\/esviafm.com\/index.php\/wp-json\/wp\/v2\/posts\/33072","targetHints":{"allow":["GET"]}}],"collection":[{"href":"https:\/\/esviafm.com\/index.php\/wp-json\/wp\/v2\/posts"}],"about":[{"href":"https:\/\/esviafm.com\/index.php\/wp-json\/wp\/v2\/types\/post"}],"author":[{"embeddable":true,"href":"https:\/\/esviafm.com\/index.php\/wp-json\/wp\/v2\/users\/7"}],"replies":[{"embeddable":true,"href":"https:\/\/esviafm.com\/index.php\/wp-json\/wp\/v2\/comments?post=33072"}],"version-history":[{"count":1,"href":"https:\/\/esviafm.com\/index.php\/wp-json\/wp\/v2\/posts\/33072\/revisions"}],"predecessor-version":[{"id":33074,"href":"https:\/\/esviafm.com\/index.php\/wp-json\/wp\/v2\/posts\/33072\/revisions\/33074"}],"wp:attachment":[{"href":"https:\/\/esviafm.com\/index.php\/wp-json\/wp\/v2\/media?parent=33072"}],"wp:term":[{"taxonomy":"category","embeddable":true,"href":"https:\/\/esviafm.com\/index.php\/wp-json\/wp\/v2\/categories?post=33072"},{"taxonomy":"post_tag","embeddable":true,"href":"https:\/\/esviafm.com\/index.php\/wp-json\/wp\/v2\/tags?post=33072"}],"curies":[{"name":"wp","href":"https:\/\/api.w.org\/{rel}","templated":true}]}}