{"id":32988,"date":"2025-11-24T06:54:10","date_gmt":"2025-11-24T11:24:10","guid":{"rendered":"https:\/\/esviafm.com\/?p=32988"},"modified":"2025-11-24T06:54:10","modified_gmt":"2025-11-24T11:24:10","slug":"sismo-se-registro-en-ecuador-este-domingo-23-de-noviembre-este-contenido-ha-sido-publicado-originalmente-por-el-comercio-si-vas-a-hacer-uso-del-mismo-por-favor-cita-la-fuente-y-haz-un-enlace-hacia","status":"publish","type":"post","link":"https:\/\/esviafm.com\/index.php\/sismo-se-registro-en-ecuador-este-domingo-23-de-noviembre-este-contenido-ha-sido-publicado-originalmente-por-el-comercio-si-vas-a-hacer-uso-del-mismo-por-favor-cita-la-fuente-y-haz-un-enlace-hacia\/","title":{"rendered":"Sismo se registr\u00f3 en Ecuador este domingo 23 de noviembre Este contenido ha sido publicado originalmente por EL COMERCIO. Si vas a hacer uso del mismo, por favor, cita la fuente y haz un enlace hacia la nota original en la direcci\u00f3n: https:\/\/www.elcomercio.com\/actualidad\/ecuador\/sismo-se-registro-en-ecuador-este-domingo-23-de-noviembre\/"},"content":{"rendered":"<p>Un\u00a0sismo en Ecuador\u00a0de magnitud 3,9 se registr\u00f3 la ma\u00f1ana de este domingo 23 de noviembre de 2025 en la provincia de\u00a0Morona Santiago, en la Amazon\u00eda sur, seg\u00fan el\u00a0Instituto Geof\u00edsico de la Escuela Polit\u00e9cnica Nacional.<\/p>\n<p>El temblor ocurri\u00f3 a las 08:03, a una profundidad de 20 kil\u00f3metros, y su epicentro se localiz\u00f3 a 37,14 kil\u00f3metros de Suc\u00faa, de acuerdo con el reporte oficial sobre el\u00a0temblor en Morona Santiago.<\/p>\n<p>Hasta el momento, las autoridades se\u00f1alan que no se han reportado da\u00f1os materiales ni v\u00edctimas.<br \/>\nEste contenido ha sido publicado originalmente por EL COMERCIO. Si vas a hacer uso del mismo, por favor, cita la fuente y haz un enlace hacia la nota original en la direcci\u00f3n: https:\/\/www.elcomercio.com\/actualidad\/ecuador\/sismo-se-registro-en-ecuador-este-domingo-23-de-noviembre\/<\/p>\n<p>Ecuador est\u00e1 en el Cintur\u00f3n de Fuego del Pac\u00edfico<br \/>\nEl\u00a0territorio ecuatoriano\u00a0forma parte del\u00a0Cintur\u00f3n de Fuego del Pac\u00edfico, una zona donde se concentra gran parte de los terremotos y la actividad volc\u00e1nica del planeta, lo que explica por qu\u00e9 tiembla con frecuencia en Ecuador.<\/p>\n<p>En esta regi\u00f3n, con forma de herradura, se ubican pa\u00edses como Chile, Per\u00fa, Colombia, M\u00e9xico y Estados Unidos, todos con alta\u00a0actividad s\u00edsmica y volc\u00e1nica.<\/p>\n<p>En el caso de Ecuador, la placa de Nazca se introduce bajo la placa Sudamericana en una zona de subducci\u00f3n, proceso geol\u00f3gico que genera una constante liberaci\u00f3n de energ\u00eda y provoca temblores recurrentes en la Costa, Sierra y Amazon\u00eda, incluyendo eventos como el\u00a0sismo de hoy en Morona Santiago.<\/p>\n<p>Qu\u00e9 hacer durante y despu\u00e9s de un sismo en Ecuador<br \/>\nAnte un\u00a0sismo en Ecuador, las autoridades recomiendan mantener la calma y seguir medidas b\u00e1sicas de prevenci\u00f3n para reducir riesgos en el hogar y en la calle.<\/p>\n<p>Durante el movimiento, se sugiere ubicarse en una zona segura: junto a una columna, bajo una mesa resistente o cerca de una pared estructural, evitando correr o usar ascensores, especialmente en edificios altos donde el\u00a0temblor puede sentirse con m\u00e1s intensidad.<br \/>\nEste contenido ha sido publicado originalmente por EL COMERCIO. Si vas a hacer uso del mismo, por favor, cita la fuente y haz un enlace hacia la nota original en la direcci\u00f3n: https:\/\/www.elcomercio.com\/actualidad\/ecuador\/sismo-se-registro-en-ecuador-este-domingo-23-de-noviembre\/<\/p>\n<p>Si la persona est\u00e1 en la calle, debe alejarse de cables el\u00e9ctricos, vidrios y estructuras que puedan colapsar, siguiendo los protocolos de emergencia difundidos por el\u00a0ECU 911y organismos de socorro.<\/p>\n<p>Despu\u00e9s del sismo, los especialistas recomiendan revisar el estado de la vivienda, verificar si existen grietas, fugas de gas o da\u00f1os en instalaciones el\u00e9ctricas, y reportar cualquier novedad a los canales oficiales.<\/p>\n<p>Contar con un\u00a0kit de emergencia para sismos\u00a0con linterna, radio, agua, medicinas b\u00e1sicas y documentos importantes es clave para la respuesta familiar frente a un posible evento de mayor magnitud.<\/p>\n<p>El Instituto Geof\u00edsico y el ECU 911 recuerdan a la ciudadan\u00eda mantenerse informada \u00fanicamente por fuentes oficiales y medios confiables, como portales de noticias nacionales, para seguir en tiempo real la\u00a0actividad s\u00edsmica en Ecuador\u00a0y las recomendaciones de prevenci\u00f3n.<br \/>\nEste contenido ha sido publicado originalmente por EL COMERCIO. Si vas a hacer uso del mismo, por favor, cita la fuente y haz un enlace hacia la nota original en la direcci\u00f3n: https:\/\/www.elcomercio.com\/actualidad\/ecuador\/sismo-se-registro-en-ecuador-este-domingo-23-de-noviembre\/<\/p>\n<div class=\"pvc_clear\"><\/div>\n<p id=\"pvc_stats_32988\" class=\"pvc_stats all  \" data-element-id=\"32988\" style=\"\"><i class=\"pvc-stats-icon large\" aria-hidden=\"true\"><svg xmlns=\"http:\/\/www.w3.org\/2000\/svg\" version=\"1.0\" viewBox=\"0 0 502 315\" preserveAspectRatio=\"xMidYMid meet\"><g transform=\"translate(0,332) scale(0.1,-0.1)\" fill=\"\" stroke=\"none\"><path d=\"M2394 3279 l-29 -30 -3 -207 c-2 -182 0 -211 15 -242 39 -76 157 -76 196 0 15 31 17 60 15 243 l-3 209 -33 29 c-26 23 -41 29 -80 29 -41 0 -53 -5 -78 -31z\"\/><path d=\"M3085 3251 c-45 -19 -58 -50 -96 -229 -47 -217 -49 -260 -13 -295 52 -53 146 -42 177 20 16 31 87 366 87 410 0 70 -86 122 -155 94z\"\/><path d=\"M1751 3234 c-13 -9 -29 -31 -37 -50 -12 -29 -10 -49 21 -204 19 -94 39 -189 45 -210 14 -50 54 -80 110 -80 34 0 48 6 76 34 21 21 34 44 34 59 0 14 -18 113 -40 219 -37 178 -43 195 -70 221 -36 32 -101 37 -139 11z\"\/><path d=\"M1163 3073 c-36 -7 -73 -59 -73 -102 0 -56 133 -378 171 -413 34 -32 83 -37 129 -13 70 36 67 87 -16 290 -86 209 -89 214 -129 231 -35 14 -42 15 -82 7z\"\/><path d=\"M3689 3066 c-15 -9 -33 -30 -42 -48 -48 -103 -147 -355 -147 -375 0 -98 131 -148 192 -74 13 15 57 108 97 206 80 196 84 226 37 273 -30 30 -99 39 -137 18z\"\/><path d=\"M583 2784 c-38 -19 -67 -74 -58 -113 9 -42 211 -354 242 -373 16 -10 45 -18 66 -18 51 0 107 52 107 100 0 39 -1 41 -124 234 -80 126 -108 162 -133 173 -41 17 -61 16 -100 -3z\"\/><path d=\"M4250 2784 c-14 -9 -74 -91 -133 -183 -95 -150 -107 -173 -107 -213 0 -55 33 -94 87 -104 67 -13 90 8 211 198 130 202 137 225 78 284 -27 27 -42 34 -72 34 -22 0 -50 -8 -64 -16z\"\/><path d=\"M2275 2693 c-553 -48 -1095 -270 -1585 -649 -135 -104 -459 -423 -483 -476 -23 -49 -22 -139 2 -186 73 -142 361 -457 571 -626 285 -228 642 -407 990 -497 242 -63 336 -73 660 -74 310 0 370 5 595 52 535 111 1045 392 1455 803 122 121 250 273 275 326 19 41 19 137 0 174 -41 79 -309 363 -465 492 -447 370 -946 591 -1479 653 -113 14 -422 18 -536 8z m395 -428 c171 -34 330 -124 456 -258 112 -119 167 -219 211 -378 27 -96 24 -300 -5 -401 -72 -255 -236 -447 -474 -557 -132 -62 -201 -76 -368 -76 -167 0 -236 14 -368 76 -213 98 -373 271 -451 485 -162 444 86 934 547 1084 153 49 292 57 452 25z m909 -232 c222 -123 408 -262 593 -441 76 -74 138 -139 138 -144 0 -16 -233 -242 -330 -319 -155 -123 -309 -223 -461 -299 l-81 -41 32 46 c18 26 49 83 70 128 143 306 141 649 -6 957 -25 52 -61 116 -79 142 l-34 47 45 -20 c26 -10 76 -36 113 -56z m-2057 25 c-40 -58 -105 -190 -130 -263 -110 -324 -59 -707 132 -981 25 -35 42 -64 37 -64 -19 0 -241 119 -326 174 -188 122 -406 314 -532 468 l-58 71 108 103 c185 178 428 349 672 473 66 33 121 60 123 61 2 0 -10 -19 -26 -42z\"\/><path d=\"M2375 1950 c-198 -44 -350 -190 -395 -379 -18 -76 -8 -221 19 -290 114 -284 457 -406 731 -260 98 52 188 154 231 260 27 69 37 214 19 290 -38 163 -166 304 -326 360 -67 23 -215 33 -279 19z\"\/><\/g><\/svg><\/i> <img decoding=\"async\" width=\"16\" height=\"16\" alt=\"Loading\" src=\"https:\/\/esviafm.com\/wp-content\/plugins\/page-views-count\/ajax-loader-2x.gif\" border=0 \/><\/p>\n<div class=\"pvc_clear\"><\/div>\n","protected":false},"excerpt":{"rendered":"<p>Un\u00a0sismo en Ecuador\u00a0de magnitud 3,9 se registr\u00f3 la ma\u00f1ana de este domingo 23 de noviembre de 2025 en la provincia de\u00a0Morona Santiago, en la Amazon\u00eda sur, seg\u00fan el\u00a0Instituto Geof\u00edsico de la Escuela Polit\u00e9cnica Nacional. El temblor ocurri\u00f3 a las 08:03, a una profundidad de 20 kil\u00f3metros, y su epicentro se localiz\u00f3 a 37,14 kil\u00f3metros de [&hellip;]<\/p>\n<div class=\"pvc_clear\"><\/div>\n<p id=\"pvc_stats_32988\" class=\"pvc_stats all  \" data-element-id=\"32988\" style=\"\"><i class=\"pvc-stats-icon large\" aria-hidden=\"true\"><svg xmlns=\"http:\/\/www.w3.org\/2000\/svg\" version=\"1.0\" viewBox=\"0 0 502 315\" preserveAspectRatio=\"xMidYMid meet\"><g transform=\"translate(0,332) scale(0.1,-0.1)\" fill=\"\" stroke=\"none\"><path d=\"M2394 3279 l-29 -30 -3 -207 c-2 -182 0 -211 15 -242 39 -76 157 -76 196 0 15 31 17 60 15 243 l-3 209 -33 29 c-26 23 -41 29 -80 29 -41 0 -53 -5 -78 -31z\"\/><path d=\"M3085 3251 c-45 -19 -58 -50 -96 -229 -47 -217 -49 -260 -13 -295 52 -53 146 -42 177 20 16 31 87 366 87 410 0 70 -86 122 -155 94z\"\/><path d=\"M1751 3234 c-13 -9 -29 -31 -37 -50 -12 -29 -10 -49 21 -204 19 -94 39 -189 45 -210 14 -50 54 -80 110 -80 34 0 48 6 76 34 21 21 34 44 34 59 0 14 -18 113 -40 219 -37 178 -43 195 -70 221 -36 32 -101 37 -139 11z\"\/><path d=\"M1163 3073 c-36 -7 -73 -59 -73 -102 0 -56 133 -378 171 -413 34 -32 83 -37 129 -13 70 36 67 87 -16 290 -86 209 -89 214 -129 231 -35 14 -42 15 -82 7z\"\/><path d=\"M3689 3066 c-15 -9 -33 -30 -42 -48 -48 -103 -147 -355 -147 -375 0 -98 131 -148 192 -74 13 15 57 108 97 206 80 196 84 226 37 273 -30 30 -99 39 -137 18z\"\/><path d=\"M583 2784 c-38 -19 -67 -74 -58 -113 9 -42 211 -354 242 -373 16 -10 45 -18 66 -18 51 0 107 52 107 100 0 39 -1 41 -124 234 -80 126 -108 162 -133 173 -41 17 -61 16 -100 -3z\"\/><path d=\"M4250 2784 c-14 -9 -74 -91 -133 -183 -95 -150 -107 -173 -107 -213 0 -55 33 -94 87 -104 67 -13 90 8 211 198 130 202 137 225 78 284 -27 27 -42 34 -72 34 -22 0 -50 -8 -64 -16z\"\/><path d=\"M2275 2693 c-553 -48 -1095 -270 -1585 -649 -135 -104 -459 -423 -483 -476 -23 -49 -22 -139 2 -186 73 -142 361 -457 571 -626 285 -228 642 -407 990 -497 242 -63 336 -73 660 -74 310 0 370 5 595 52 535 111 1045 392 1455 803 122 121 250 273 275 326 19 41 19 137 0 174 -41 79 -309 363 -465 492 -447 370 -946 591 -1479 653 -113 14 -422 18 -536 8z m395 -428 c171 -34 330 -124 456 -258 112 -119 167 -219 211 -378 27 -96 24 -300 -5 -401 -72 -255 -236 -447 -474 -557 -132 -62 -201 -76 -368 -76 -167 0 -236 14 -368 76 -213 98 -373 271 -451 485 -162 444 86 934 547 1084 153 49 292 57 452 25z m909 -232 c222 -123 408 -262 593 -441 76 -74 138 -139 138 -144 0 -16 -233 -242 -330 -319 -155 -123 -309 -223 -461 -299 l-81 -41 32 46 c18 26 49 83 70 128 143 306 141 649 -6 957 -25 52 -61 116 -79 142 l-34 47 45 -20 c26 -10 76 -36 113 -56z m-2057 25 c-40 -58 -105 -190 -130 -263 -110 -324 -59 -707 132 -981 25 -35 42 -64 37 -64 -19 0 -241 119 -326 174 -188 122 -406 314 -532 468 l-58 71 108 103 c185 178 428 349 672 473 66 33 121 60 123 61 2 0 -10 -19 -26 -42z\"\/><path d=\"M2375 1950 c-198 -44 -350 -190 -395 -379 -18 -76 -8 -221 19 -290 114 -284 457 -406 731 -260 98 52 188 154 231 260 27 69 37 214 19 290 -38 163 -166 304 -326 360 -67 23 -215 33 -279 19z\"\/><\/g><\/svg><\/i> <img decoding=\"async\" width=\"16\" height=\"16\" alt=\"Loading\" src=\"https:\/\/esviafm.com\/wp-content\/plugins\/page-views-count\/ajax-loader-2x.gif\" border=0 \/><\/p>\n<div class=\"pvc_clear\"><\/div>\n","protected":false},"author":7,"featured_media":0,"comment_status":"open","ping_status":"open","sticky":false,"template":"","format":"standard","meta":{"_et_pb_use_builder":"","_et_pb_old_content":"","_et_gb_content_width":"","footnotes":""},"categories":[17],"tags":[],"class_list":["post-32988","post","type-post","status-publish","format-standard","hentry","category-internacionales"],"_links":{"self":[{"href":"https:\/\/esviafm.com\/index.php\/wp-json\/wp\/v2\/posts\/32988","targetHints":{"allow":["GET"]}}],"collection":[{"href":"https:\/\/esviafm.com\/index.php\/wp-json\/wp\/v2\/posts"}],"about":[{"href":"https:\/\/esviafm.com\/index.php\/wp-json\/wp\/v2\/types\/post"}],"author":[{"embeddable":true,"href":"https:\/\/esviafm.com\/index.php\/wp-json\/wp\/v2\/users\/7"}],"replies":[{"embeddable":true,"href":"https:\/\/esviafm.com\/index.php\/wp-json\/wp\/v2\/comments?post=32988"}],"version-history":[{"count":2,"href":"https:\/\/esviafm.com\/index.php\/wp-json\/wp\/v2\/posts\/32988\/revisions"}],"predecessor-version":[{"id":32991,"href":"https:\/\/esviafm.com\/index.php\/wp-json\/wp\/v2\/posts\/32988\/revisions\/32991"}],"wp:attachment":[{"href":"https:\/\/esviafm.com\/index.php\/wp-json\/wp\/v2\/media?parent=32988"}],"wp:term":[{"taxonomy":"category","embeddable":true,"href":"https:\/\/esviafm.com\/index.php\/wp-json\/wp\/v2\/categories?post=32988"},{"taxonomy":"post_tag","embeddable":true,"href":"https:\/\/esviafm.com\/index.php\/wp-json\/wp\/v2\/tags?post=32988"}],"curies":[{"name":"wp","href":"https:\/\/api.w.org\/{rel}","templated":true}]}}