{"id":30880,"date":"2025-10-01T06:56:39","date_gmt":"2025-10-01T11:26:39","guid":{"rendered":"https:\/\/esviafm.com\/?p=30880"},"modified":"2025-10-01T06:56:39","modified_gmt":"2025-10-01T11:26:39","slug":"el-gobierno-de-ee-uu-cierra-tras-fracasar-el-acuerdo-sobre-proyecto-de-financiacion-en-el-capitolio","status":"publish","type":"post","link":"https:\/\/esviafm.com\/index.php\/el-gobierno-de-ee-uu-cierra-tras-fracasar-el-acuerdo-sobre-proyecto-de-financiacion-en-el-capitolio\/","title":{"rendered":"El Gobierno de EE.UU. cierra tras fracasar el acuerdo sobre proyecto de financiaci\u00f3n en el Capitolio"},"content":{"rendered":"<section class=\"layout__main layout-with-rail__main\" data-editable=\"main\" data-track-zone=\"main\" data-reorderable=\"main\">\n<article class=\"article\" role=\"main\" data-uri=\"es.cms.cnn.com\/_components\/article\/instances\/cmg7i6ccf001t27pabta63mir@published\" data-drag-disable=\"true\" data-unselectable=\"true\" data-show-regwall=\"false\" data-show-paywall=\"false\" data-subscription-only=\"false\">\n<section class=\"body tabcontent active\" data-tabcontent=\"Content\"><main class=\"article__main\"><\/p>\n<div class=\"article__content-container\">\n<div class=\"article__content\" data-editable=\"content\" data-reorderable=\"content\">\n<p class=\"paragraph inline-placeholder vossi-paragraph\" data-uri=\"es.cms.cnn.com\/_components\/paragraph\/instances\/cmg7i6ccf001s27pagkcpdga9@published\" data-editable=\"text\" data-component-name=\"paragraph\" data-article-gutter=\"true\">El Gobierno de EE.UU.\u00a0<a href=\"https:\/\/www.cnn.com\/politics\/live-news\/government-shutdown-trump-09-30-25\">ha cerrado oficialmente<\/a>\u00a0despu\u00e9s de que un Congreso paralizado no lograra aprobar una medida de financiaci\u00f3n para mantener las luces encendidas, y nadie en el Capitolio sabe\u00a0<a href=\"https:\/\/nam11.safelinks.protection.outlook.com\/?url=https%3A%2F%2Fedition.cnn.com%2F2025%2F09%2F26%2Fpolitics%2Fgovernment-shutdown-september-2025-explained&amp;data=05%7C02%7CClare.Foran%40cnn.com%7C57e514626fd44f79bda708de0097f665%7C0eb48825e8714459bc72d0ecd68f1f39%7C0%7C0%7C638948849822329903%7CUnknown%7CTWFpbGZsb3d8eyJFbXB0eU1hcGkiOnRydWUsIlYiOiIwLjAuMDAwMCIsIlAiOiJXaW4zMiIsIkFOIjoiTWFpbCIsIldUIjoyfQ%3D%3D%7C0%7C%7C%7C&amp;sdata=pk1%2BIlayGy331ilePtvfD4ZFsHkKj3u8Pzv2xXjA%2FFo%3D&amp;reserved=0\" target=\"_blank\" rel=\"noopener\">qu\u00e9 suceder\u00e1 a continuaci\u00f3n.<\/a><\/p>\n<p class=\"paragraph inline-placeholder vossi-paragraph\" data-uri=\"es.cms.cnn.com\/_components\/paragraph\/instances\/cmg7j13jq0007356nvv39hdw9@published\" data-editable=\"text\" data-component-name=\"paragraph\" data-article-gutter=\"true\">Un estancamiento de varias semanas entre republicanos y dem\u00f3cratas sobre el aumento de los subsidios del Obamacare ha desencadenado el primer cierre gubernamental desde 2019.<\/p>\n<p class=\"paragraph inline-placeholder vossi-paragraph\" data-uri=\"es.cms.cnn.com\/_components\/paragraph\/instances\/cmg7j13js0008356n928vzk81@published\" data-editable=\"text\" data-component-name=\"paragraph\" data-article-gutter=\"true\">Los l\u00edderes de ambos partidos se mantienen firmes, tanto en privado como en p\u00fablico, en que no son responsables por la falta de fondos.<\/p>\n<p class=\"paragraph inline-placeholder vossi-paragraph\" data-uri=\"es.cms.cnn.com\/_components\/paragraph\/instances\/cmg7j13js0009356n4ymgoawj@published\" data-editable=\"text\" data-component-name=\"paragraph\" data-article-gutter=\"true\">Los republicanos insisten en que los dem\u00f3cratas simplemente deben aceptar extender los presupuestos actuales por otras siete semanas. Pero los dem\u00f3cratas se niegan a hacerlo sin concesiones importantes a cambio de otorgar sus votos para aprobar cualquier medida de financiaci\u00f3n en el Senado.<\/p>\n<p class=\"paragraph inline-placeholder vossi-paragraph\" data-uri=\"es.cms.cnn.com\/_components\/paragraph\/instances\/cmg7j13js000a356n8kvl3mds@published\" data-editable=\"text\" data-component-name=\"paragraph\" data-article-gutter=\"true\">Los senadores abandonaron el Capitolio el martes por la noche sumidos en una profunda incertidumbre sobre la duraci\u00f3n del cierre.<\/p>\n<p class=\"paragraph inline-placeholder vossi-paragraph\" data-uri=\"es.cms.cnn.com\/_components\/paragraph\/instances\/cmg7j13js000b356nvegoxmud@published\" data-editable=\"text\" data-component-name=\"paragraph\" data-article-gutter=\"true\">El Senado se dispone a votar de nuevo este mi\u00e9rcoles por la ma\u00f1ana sobre el mismo plan de financiaci\u00f3n republicano, que los l\u00edderes conservadores han prometido someter a votaci\u00f3n d\u00eda tras d\u00eda hasta que suficientes dem\u00f3cratas cedan y acepten reabrir el Gobierno.<\/p>\n<p class=\"paragraph inline-placeholder vossi-paragraph\" data-uri=\"es.cms.cnn.com\/_components\/paragraph\/instances\/cmg7j13js000c356ndbnacx6g@published\" data-editable=\"text\" data-component-name=\"paragraph\" data-article-gutter=\"true\">Sin embargo, muchos dem\u00f3cratas han declarado p\u00fablicamente que no ceder\u00e1n, incluso cuando\u00a0<a href=\"https:\/\/www.cnn.com\/politics\/president-donald-trump-47\">el presidente Donald Trump<\/a>\u00a0y su oficina de presupuesto han intensificado las amenazas de usar el cierre para reducir a\u00fan m\u00e1s el tama\u00f1o del aparato gubernamental, en algunos casos de forma permanente.<\/p>\n<div class=\"related-content related-content--live-story\" data-uri=\"es.cms.cnn.com\/_components\/related-content\/instances\/cmg7j5e5t001s356n03hmtmgg@published\" data-component-name=\"related-content\" data-article-gutter=\"true\">\n<div class=\"related-content__image image__related-content\">\n<div class=\"image image__hide-placeholder image--eq-extra-small\" data-uri=\"es.cms.cnn.com\/_components\/image\/instances\/cmg6rpag1000y27nqaggzgypz@published\" data-image-variation=\"image\" data-name=\"capitolio-cierre-gobierno.jpg\" data-component-name=\"image\" data-observe-resizes=\"\" data-breakpoints=\"{&quot;image--eq-extra-small&quot;: 115, &quot;image--eq-small&quot;: 300, &quot;image--eq-large&quot;: 660}\" data-original-ratio=\"0.5625\" data-original-height=\"1080\" data-original-width=\"1920\" data-url=\"https:\/\/media.cnn.com\/api\/v1\/images\/stellar\/prod\/capitolio-cierre-gobierno.jpg?c=original\" data-editable=\"settings\">\n<div class=\"image__container \" data-image-variation=\"image\" data-breakpoints=\"{&quot;image--eq-extra-small&quot;: 115, &quot;image--eq-small&quot;: 300, &quot;image--show-credits&quot;: 525}\"><picture class=\"image__picture\"><img fetchpriority=\"high\" fetchpriority=\"high\" decoding=\"async\" class=\"image__dam-img\" src=\"https:\/\/media.cnn.com\/api\/v1\/images\/stellar\/prod\/capitolio-cierre-gobierno.jpg?c=16x9&amp;q=h_144,w_256,c_fill\" alt=\"El Capitolio de EE.UU., horas antes de que entre en vigor un cierre del Gobierno, en Washington, EE.UU., 30 de septiembre de 2025.\" width=\"1920\" height=\"1080\" \/><\/picture><\/div>\n<\/div>\n<\/div>\n<\/div>\n<p class=\"paragraph inline-placeholder vossi-paragraph\" data-uri=\"es.cms.cnn.com\/_components\/paragraph\/instances\/cmg7j13js000d356ngr2lzv7l@published\" data-editable=\"text\" data-component-name=\"paragraph\" data-article-gutter=\"true\">\u201cVa a ser muy perjudicial para la clase trabajadora\u201d, declar\u00f3 a CNN el senador republicano Josh Hawley, visiblemente exasperado, momentos despu\u00e9s de que los dem\u00f3cratas bloquearan el proyecto de ley. \u201cNo s\u00e9 c\u00f3mo termina. Ellos no saben c\u00f3mo termina\u201d, insisti\u00f3. \u201cLes est\u00e1n pidiendo a millones de personas que paguen un precio muy alto\u201d.<\/p>\n<p class=\"paragraph inline-placeholder vossi-paragraph\" data-uri=\"es.cms.cnn.com\/_components\/paragraph\/instances\/cmg7j13js000e356nbkytj9wm@published\" data-editable=\"text\" data-component-name=\"paragraph\" data-article-gutter=\"true\">En el Partido Dem\u00f3crata, la presi\u00f3n recae ahora sobre el l\u00edder de la minor\u00eda del Senado, Chuck Schumer, para evitar que m\u00e1s miembros cedan a la campa\u00f1a de presi\u00f3n republicana para que apoyen su proyecto de ley de financiaci\u00f3n de siete semanas y acepten negociar posteriormente los subsidios del Obamacare.<\/p>\n<p class=\"paragraph inline-placeholder vossi-paragraph\" data-uri=\"es.cms.cnn.com\/_components\/paragraph\/instances\/cmg7j2to5001o356nzr5gzy9v@published\" data-editable=\"text\" data-component-name=\"paragraph\" data-article-gutter=\"true\">Esta tarea se volver\u00e1 m\u00e1s dif\u00edcil con cada d\u00eda de cierre, sobre todo porque Trump ha amenazado con cancelar programas favorecidos por los dem\u00f3cratas.<\/p>\n<p class=\"paragraph inline-placeholder vossi-paragraph\" data-uri=\"es.cms.cnn.com\/_components\/paragraph\/instances\/cmg7j13js000f356nba0bdig7@published\" data-editable=\"text\" data-component-name=\"paragraph\" data-article-gutter=\"true\">Dentro del partido, crece la preocupaci\u00f3n por el da\u00f1o que la oficina de presupuesto de la Casa Blanca podr\u00eda causar en todo el pa\u00eds, un da\u00f1o que el Congreso no podr\u00e1 revertir f\u00e1cilmente.<\/p>\n<p class=\"paragraph inline-placeholder vossi-paragraph\" data-uri=\"es.cms.cnn.com\/_components\/paragraph\/instances\/cmg7j13js000g356ntuu1nq5h@published\" data-editable=\"text\" data-component-name=\"paragraph\" data-article-gutter=\"true\">Al pregunt\u00e1rsele si le preocupa que la Casa Blanca pueda causar un da\u00f1o permanente al Gobierno, el senador Sheldon Whitehouse declar\u00f3 a CNN: \u201cClaro, \u00bfa qui\u00e9n no le preocupar\u00eda? Tenemos a un loco al mando\u201d.<\/p>\n<p class=\"paragraph inline-placeholder vossi-paragraph\" data-uri=\"es.cms.cnn.com\/_components\/paragraph\/instances\/cmg7j13js000h356nb9kg42ac@published\" data-editable=\"text\" data-component-name=\"paragraph\" data-article-gutter=\"true\">Whitehouse sostuvo que los dem\u00f3cratas ahora necesitan \u201casegurarse de que Trump sea responsable de todo eso y pague el precio por ello\u201d.<\/p>\n<p class=\"paragraph inline-placeholder vossi-paragraph\" data-uri=\"es.cms.cnn.com\/_components\/paragraph\/instances\/cmg7j13js000i356nz2trxwns@published\" data-editable=\"text\" data-component-name=\"paragraph\" data-article-gutter=\"true\">Tambi\u00e9n han empezado a aparecer algunas grietas: dos miembros m\u00e1s cambiaron de postura para respaldar el proyecto de ley republicano el martes por la noche en la votaci\u00f3n final antes del cierre: la senadora dem\u00f3crata Catherine Cortez Masto, de Nevada, y el senador Angus King, de Maine, quien participa en el caucus dem\u00f3crata.<\/p>\n<p class=\"paragraph inline-placeholder vossi-paragraph\" data-uri=\"es.cms.cnn.com\/_components\/paragraph\/instances\/cmg7j13js000j356nspufpyy4@published\" data-editable=\"text\" data-component-name=\"paragraph\" data-article-gutter=\"true\">El senador dem\u00f3crata John Fetterman, de Pensilvania,\u00a0<a href=\"https:\/\/www.cnn.com\/2025\/09\/30\/politics\/government-shutdown-congress-trump\">tambi\u00e9n apoy\u00f3 el proyecto de ley republicano<\/a>\u00a0y ha criticado la estrategia de su partido durante la lucha por el cierre.<\/p>\n<p class=\"paragraph inline-placeholder vossi-paragraph\" data-uri=\"es.cms.cnn.com\/_components\/paragraph\/instances\/cmg7j13js000m356n60mp6wx0@published\" data-editable=\"text\" data-component-name=\"paragraph\" data-article-gutter=\"true\">Al menos otros dos dem\u00f3cratas parecieron estar considerando seriamente su voto en el pleno el martes, lo que los republicanos tomaron como otra se\u00f1al de debilitamiento de la postura del partido.<\/p>\n<p class=\"paragraph inline-placeholder vossi-paragraph\" data-uri=\"es.cms.cnn.com\/_components\/paragraph\/instances\/cmg7j13js000n356ngpueia3z@published\" data-editable=\"text\" data-component-name=\"paragraph\" data-article-gutter=\"true\">Los dem\u00f3cratas de alto rango mantuvieron largas conversaciones con las senadoras Jeanne Shaheen y Maggie Hassan, ambas de New Hampshire, en el pleno antes de votar finalmente con Schumer y el resto de su formaci\u00f3n.<\/p>\n<p class=\"paragraph inline-placeholder vossi-paragraph\" data-uri=\"es.cms.cnn.com\/_components\/paragraph\/instances\/cmg7j13js000o356najvrkxt1@published\" data-editable=\"text\" data-component-name=\"paragraph\" data-article-gutter=\"true\">Tras emitir su voto, Shaheen se dirigi\u00f3 directamente al l\u00edder republicano del Senado, John Thune, y convers\u00f3 con \u00e9l en privado durante varios minutos.<\/p>\n<p class=\"paragraph inline-placeholder vossi-paragraph\" data-uri=\"es.cms.cnn.com\/_components\/paragraph\/instances\/cmg7j13js000p356nui4hxuax@published\" data-editable=\"text\" data-component-name=\"paragraph\" data-article-gutter=\"true\">Cuando m\u00e1s tarde se le pregunt\u00f3 sobre lo que parec\u00eda ser un amplio cabildeo antes de su votaci\u00f3n, Shaheen dijo a los periodistas: \u201cNo, solo estaba teniendo conversaciones con otras personas que est\u00e1n pensando largamente sobre c\u00f3mo seguir adelante\u201d.<\/p>\n<p class=\"paragraph inline-placeholder vossi-paragraph\" data-uri=\"es.cms.cnn.com\/_components\/paragraph\/instances\/cmg7j13js000q356nl6twqm6j@published\" data-editable=\"text\" data-component-name=\"paragraph\" data-article-gutter=\"true\">Shaheen agreg\u00f3 que finalmente decidi\u00f3 votar en contra del proyecto de ley para obligar a los republicanos a negociar los subsidios de la ACA: \u201cPens\u00e9 que lograr esto para que ahora podamos volver a la mesa de negociaciones era el mejor enfoque\u201d.<\/p>\n<p class=\"paragraph inline-placeholder vossi-paragraph\" data-uri=\"es.cms.cnn.com\/_components\/paragraph\/instances\/cmg7j13js000r356nha08akua@published\" data-editable=\"text\" data-component-name=\"paragraph\" data-article-gutter=\"true\">Los subsidios reforzados a las primas, que se aprobaron por primera vez como parte de un paquete de rescate por el covid-19 de la administraci\u00f3n Biden en 2021 y luego se extendieron, hacen que la cobertura de Obamacare sea m\u00e1s asequible para los estadounidenses de bajos ingresos y permiten que m\u00e1s hogares de clase media califiquen para recibir asistencia.<\/p>\n<p class=\"paragraph inline-placeholder vossi-paragraph\" data-uri=\"es.cms.cnn.com\/_components\/paragraph\/instances\/cmg7j13js000s356ny50yrd4q@published\" data-editable=\"text\" data-component-name=\"paragraph\" data-article-gutter=\"true\">Estos resultados impulsaron a un r\u00e9cord de 24 millones de personas a suscribirse a p\u00f3lizas para 2025.<\/p>\n<p class=\"paragraph inline-placeholder vossi-paragraph\" data-uri=\"es.cms.cnn.com\/_components\/paragraph\/instances\/cmg7j13js000t356nw1zn8cfg@published\" data-editable=\"text\" data-component-name=\"paragraph\" data-article-gutter=\"true\">Si se permite que los subsidios mejorados caduquen a fin de a\u00f1o, se espera que las primas se disparen en un 75 %, en promedio, para 2026, seg\u00fan KFF, un grupo de investigaci\u00f3n de pol\u00edticas de salud no partidista.<\/p>\n<p class=\"paragraph inline-placeholder vossi-paragraph\" data-uri=\"es.cms.cnn.com\/_components\/paragraph\/instances\/cmg7j13js000u356nenx98w05@published\" data-editable=\"text\" data-component-name=\"paragraph\" data-article-gutter=\"true\">Mientras tanto, los l\u00edderes del Partido Republicano insistieron en que hay otros dem\u00f3cratas que est\u00e1n nerviosos por un cierre gubernamental y quieren encontrar una salida a la crisis que se avecina.<\/p>\n<p class=\"paragraph inline-placeholder vossi-paragraph\" data-uri=\"es.cms.cnn.com\/_components\/paragraph\/instances\/cmg7j13js000v356n04j9xae5@published\" data-editable=\"text\" data-component-name=\"paragraph\" data-article-gutter=\"true\">\u201cHay dem\u00f3cratas muy descontentos\u201d, declar\u00f3 Thune a la prensa el martes por la noche, a\u00f1adiendo que est\u00e1 \u201cconversando\u201d con algunos miembros de la oposici\u00f3n que prefiri\u00f3 no nombrar.<\/p>\n<div class=\"related-content related-content--article\" data-uri=\"es.cms.cnn.com\/_components\/related-content\/instances\/cmg7j66w1001u356nihtmipg8@published\" data-component-name=\"related-content\" data-article-gutter=\"true\">\n<div class=\"related-content__image image__related-content\">\n<div class=\"image image__hide-placeholder image--eq-extra-small\" data-uri=\"es.cms.cnn.com\/_components\/image\/instances\/cmg6jk0a1004e26qjbh3m1l2m@published\" data-image-variation=\"image\" data-name=\"lider camara.jpeg\" data-component-name=\"image\" data-observe-resizes=\"\" data-breakpoints=\"{&quot;image--eq-extra-small&quot;: 115, &quot;image--eq-small&quot;: 300, &quot;image--eq-large&quot;: 660}\" data-original-ratio=\"0.6662790697674419\" data-original-height=\"573\" data-original-width=\"860\" data-url=\"https:\/\/media.cnn.com\/api\/v1\/images\/stellar\/prod\/lider-camara.jpeg?c=original\" data-editable=\"settings\">\n<div class=\"image__container \" data-image-variation=\"image\" data-breakpoints=\"{&quot;image--eq-extra-small&quot;: 115, &quot;image--eq-small&quot;: 300, &quot;image--show-credits&quot;: 525}\"><picture class=\"image__picture\"><img decoding=\"async\" class=\"image__dam-img\" src=\"https:\/\/media.cnn.com\/api\/v1\/images\/stellar\/prod\/lider-camara.jpeg?c=16x9&amp;q=h_144,w_256,c_fill\" alt=\"El l\u00edder de la minor\u00eda de la C\u00e1mara de Representantes, Hakeem Jeffries (DN.Y.), y el l\u00edder de la minor\u00eda del Senado, Chuck Schumer (DN.Y.), hablan con periodistas despu\u00e9s de una reuni\u00f3n con los republicanos del Congreso y el presidente Donald Trump en la Casa Blanca, el 29 de septiembre de 2025\" width=\"860\" height=\"573\" \/><\/picture><\/div>\n<\/div>\n<\/div>\n<\/div>\n<p class=\"paragraph inline-placeholder vossi-paragraph\" data-uri=\"es.cms.cnn.com\/_components\/paragraph\/instances\/cmg7j13js000w356nin3v2fof@published\" data-editable=\"text\" data-component-name=\"paragraph\" data-article-gutter=\"true\">\u201cCreo que hay otros que no quieren cerrar el Gobierno, pero que sus l\u00edderes los est\u00e1n poniendo en una situaci\u00f3n que deber\u00eda incomodarlos a todos. Esta noche es una prueba de que hay movimiento en ese sentido\u201d, coment\u00f3.<\/p>\n<p class=\"paragraph inline-placeholder vossi-paragraph\" data-uri=\"es.cms.cnn.com\/_components\/paragraph\/instances\/cmg7j13js000x356n9jbrn1ki@published\" data-editable=\"text\" data-component-name=\"paragraph\" data-article-gutter=\"true\">Schumer, sin embargo, fue firme en que el pueblo estadounidense ver\u00eda a los republicanos como los causantes del cierre \u2014no a su propio partido\u2014 debido al inminente abismo en la atenci\u00f3n m\u00e9dica: \u201cA medianoche, el pueblo estadounidense los culpar\u00e1 por paralizar al Gobierno\u201d.<\/p>\n<p class=\"paragraph inline-placeholder vossi-paragraph\" data-uri=\"es.cms.cnn.com\/_components\/paragraph\/instances\/cmg7j13js000y356nn3f3k56h@published\" data-editable=\"text\" data-component-name=\"paragraph\" data-article-gutter=\"true\">Pero cuando CNN le pregunt\u00f3 si pod\u00eda garantizar que nueve de sus dem\u00f3cratas no se unir\u00edan a los republicanos, el dem\u00f3crata de Nueva York no respondi\u00f3.<\/p>\n<p class=\"paragraph inline-placeholder vossi-paragraph\" data-uri=\"es.cms.cnn.com\/_components\/paragraph\/instances\/cmg7j13js000z356n2rw2cqcw@published\" data-editable=\"text\" data-component-name=\"paragraph\" data-article-gutter=\"true\">\u201cNuestra garant\u00eda es para el pueblo estadounidense. Lucharemos con todas nuestras fuerzas por su atenci\u00f3n m\u00e9dica, as\u00ed de simple\u201d, dijo Schumer al ser presionado sobre el plan del Partido Republicano de presentar el mismo proyecto de financiaci\u00f3n una y otra vez hasta que suficientes dem\u00f3cratas cedan.<\/p>\n<p class=\"paragraph inline-placeholder vossi-paragraph\" data-uri=\"es.cms.cnn.com\/_components\/paragraph\/instances\/cmg7j13js0010356nfaof5rs6@published\" data-editable=\"text\" data-component-name=\"paragraph\" data-article-gutter=\"true\">La senadora dem\u00f3crata Mazie Hirono de Hawai se mostr\u00f3 esperanzada, aunque tambi\u00e9n dudosa, de que aumente la presi\u00f3n para llegar a un acuerdo sobre los republicanos por parte de sus propios electores, quienes enfrentar\u00e1n costos de atenci\u00f3n m\u00e9dica m\u00e1s elevados cuando sus subsidios mejorados expiren a fines de este a\u00f1o.<\/p>\n<p class=\"paragraph inline-placeholder vossi-paragraph\" data-uri=\"es.cms.cnn.com\/_components\/paragraph\/instances\/cmg7j13js0011356nfi1zbnb2@published\" data-editable=\"text\" data-component-name=\"paragraph\" data-article-gutter=\"true\">\u201cEsperemos que se den cuenta de que est\u00e1n perjudicando a muchos de sus electores al no negociar el tema de la atenci\u00f3n m\u00e9dica\u201d, indic\u00f3. \u201cPero nunca se sabe, porque aparentemente no les importa\u201d.<\/p>\n<p class=\"paragraph inline-placeholder vossi-paragraph\" data-uri=\"es.cms.cnn.com\/_components\/paragraph\/instances\/cmg7j13js0012356n78z37hg1@published\" data-editable=\"text\" data-component-name=\"paragraph\" data-article-gutter=\"true\">La senadora republicana Lisa Murkowski de Alaska, quien es vista como una potencial negociadora en cualquier acuerdo sobre los subsidios del ACA, dijo a los periodistas que cree que todav\u00eda hay espacio para conversar en materia de atenci\u00f3n m\u00e9dica.<\/p>\n<p class=\"paragraph inline-placeholder vossi-paragraph\" data-uri=\"es.cms.cnn.com\/_components\/paragraph\/instances\/cmg7j13js0013356nox100idf@published\" data-editable=\"text\" data-component-name=\"paragraph\" data-article-gutter=\"true\">\u201cCreo que tenemos que hablar sobre el inminente abismo que estamos viendo con los cr\u00e9ditos fiscales para las primas. C\u00f3mo se ver\u00e1, creo, es sin duda un tema de debate\u201d, apunt\u00f3 Murkowski. \u201cEspero que las personas interesadas en que este cierre termine pronto est\u00e9n dispuestas a hablar sobre las formas en que podr\u00edamos lograrlo\u201d.<\/p>\n<h2 id=\"impacto-del-cierre\" class=\"subheader inline-placeholder subheader vossi-subheader vossi-subheader--size-h2\" data-editable=\"text\" data-uri=\"es.cms.cnn.com\/_components\/subheader\/instances\/cmg7j1wws001k356nju5qza73@published\" data-component-name=\"subheader\" data-article-gutter=\"true\">Impacto del cierre<\/h2>\n<p class=\"paragraph inline-placeholder vossi-paragraph\" data-uri=\"es.cms.cnn.com\/_components\/paragraph\/instances\/cmg7j13js0015356neve3cziu@published\" data-editable=\"text\" data-component-name=\"paragraph\" data-article-gutter=\"true\">El cierre del Gobierno federal significa que cientos de miles de\u00a0<a href=\"https:\/\/nam11.safelinks.protection.outlook.com\/?url=https%3A%2F%2Fwww.cnn.com%2F2025%2F09%2F27%2Fpolitics%2Fgovernment-shutdown-federal-workers-layoffs-fear&amp;data=05%7C02%7CClare.Foran%40cnn.com%7Cc527da6e00e7490c169d08de008c86fe%7C0eb48825e8714459bc72d0ecd68f1f39%7C0%7C0%7C638948800721476014%7CUnknown%7CTWFpbGZsb3d8eyJFbXB0eU1hcGkiOnRydWUsIlYiOiIwLjAuMDAwMCIsIlAiOiJXaW4zMiIsIkFOIjoiTWFpbCIsIldUIjoyfQ%3D%3D%7C0%7C%7C%7C&amp;sdata=ILyXvsMD8oOby3XnGjGK9EroGZFJn62miPswo7RvnL8%3D&amp;reserved=0\" target=\"_blank\" rel=\"noopener\">empleados federales<\/a>\u00a0ser\u00e1n suspendidos temporalmente, mientras que otros considerados esenciales tendr\u00e1n que seguir report\u00e1ndose a trabajar, aunque muchos no recibir\u00e1n su salario hasta que se acabe el impasse.<\/p>\n<p class=\"paragraph inline-placeholder vossi-paragraph\" data-uri=\"es.cms.cnn.com\/_components\/paragraph\/instances\/cmg7j13js0016356nngzd28fr@published\" data-editable=\"text\" data-component-name=\"paragraph\" data-article-gutter=\"true\">Otros, sin embargo, seguir\u00e1n cobrando, ya que sus empleos no se financian con las asignaciones anuales del Congreso.<\/p>\n<p class=\"paragraph inline-placeholder vossi-paragraph\" data-uri=\"es.cms.cnn.com\/_components\/paragraph\/instances\/cmg7j13js0017356ncwk54ns8@published\" data-editable=\"text\" data-component-name=\"paragraph\" data-article-gutter=\"true\">Seg\u00fan la Oficina de Presupuesto del Congreso, unos 750.000 empleados federales, que significan un total aproximado de US$ 400 millones diarios, podr\u00edan ser suspendidos temporalmente de sus funciones. La cifra podr\u00eda variar si el cierre se prolonga.<\/p>\n<p class=\"paragraph inline-placeholder vossi-paragraph\" data-uri=\"es.cms.cnn.com\/_components\/paragraph\/instances\/cmg7j13js0018356ndps42qby@published\" data-editable=\"text\" data-component-name=\"paragraph\" data-article-gutter=\"true\">Los estadounidenses tambi\u00e9n\u00a0<a href=\"https:\/\/nam11.safelinks.protection.outlook.com\/?url=https%3A%2F%2Fwww.cnn.com%2F2025%2F09%2F26%2Fpolitics%2Fgovernment-shutdown-september-2025-explained&amp;data=05%7C02%7CClare.Foran%40cnn.com%7Cc527da6e00e7490c169d08de008c86fe%7C0eb48825e8714459bc72d0ecd68f1f39%7C0%7C0%7C638948800721493003%7CUnknown%7CTWFpbGZsb3d8eyJFbXB0eU1hcGkiOnRydWUsIlYiOiIwLjAuMDAwMCIsIlAiOiJXaW4zMiIsIkFOIjoiTWFpbCIsIldUIjoyfQ%3D%3D%7C0%7C%7C%7C&amp;sdata=eYbKXlodQIKhAMmNCtENq5om%2FdL%2F6%2FeDREDbNC7H%2BOo%3D&amp;reserved=0\" target=\"_blank\" rel=\"noopener\">sentir\u00e1n las consecuencias<\/a> de diversas maneras. Si bien algunas actividades esenciales continuar\u00e1n, otros servicios se suspender\u00e1n.<\/p>\n<p class=\"paragraph inline-placeholder vossi-paragraph\" data-uri=\"es.cms.cnn.com\/_components\/paragraph\/instances\/cmg7j13js0019356n9zmq9ao4@published\" data-editable=\"text\" data-component-name=\"paragraph\" data-article-gutter=\"true\">Aunque los controladores de tr\u00e1fico a\u00e9reo y los empleados de la Administraci\u00f3n de Seguridad del Transporte (TSA) permanecer\u00e1n en sus puestos, la escasez de personal ha provocado\u00a0<a href=\"https:\/\/nam11.safelinks.protection.outlook.com\/?url=https%3A%2F%2Fwww.cnn.com%2F2025%2F09%2F30%2Ftravel%2Ffederal-government-shutdown-travel-impact&amp;data=05%7C02%7CClare.Foran%40cnn.com%7Cc527da6e00e7490c169d08de008c86fe%7C0eb48825e8714459bc72d0ecd68f1f39%7C0%7C0%7C638948800721508995%7CUnknown%7CTWFpbGZsb3d8eyJFbXB0eU1hcGkiOnRydWUsIlYiOiIwLjAuMDAwMCIsIlAiOiJXaW4zMiIsIkFOIjoiTWFpbCIsIldUIjoyfQ%3D%3D%7C0%7C%7C%7C&amp;sdata=VAVHoCSiRHB00Tx03uBZd6ucxRT0fzTgs%2FA7kJuFG0Y%3D&amp;reserved=0\" target=\"_blank\" rel=\"noopener\">retrasos en los vuelos<\/a>\u00a0y filas de seguridad m\u00e1s largas durante confinamientos anteriores.<\/p>\n<p class=\"paragraph inline-placeholder vossi-paragraph\" data-uri=\"es.cms.cnn.com\/_components\/paragraph\/instances\/cmg7j13js001a356n04ht4ttz@published\" data-editable=\"text\" data-component-name=\"paragraph\" data-article-gutter=\"true\">A\u00fan no est\u00e1 claro si los visitantes podr\u00e1n acceder a los m\u00e1s de 400 parques nacionales durante el cierre, pero los museos del Smithsonian y el Zool\u00f3gico Nacional permanecer\u00e1n abiertos al menos hasta el 6 de octubre con fondos presupuestarios de a\u00f1os anteriores.<\/p>\n<p class=\"paragraph inline-placeholder vossi-paragraph\" data-uri=\"es.cms.cnn.com\/_components\/paragraph\/instances\/cmg7j13js001b356n28izfslr@published\" data-editable=\"text\" data-component-name=\"paragraph\" data-article-gutter=\"true\">Anteriormente, algunos estados han anunciado que utilizar\u00e1n sus propios fondos para mantener abiertos sus parques nacionales durante los impasses.<\/p>\n<p class=\"paragraph inline-placeholder vossi-paragraph\" data-uri=\"es.cms.cnn.com\/_components\/paragraph\/instances\/cmg7j13js001c356nghj5llzv@published\" data-editable=\"text\" data-component-name=\"paragraph\" data-article-gutter=\"true\">Las personas mayores, los discapacitados y otros ciudadanos continuar\u00e1n recibiendo sus pagos mensuales del Seguro Social, mientras que los estadounidenses desempleados continuar\u00e1n accediendo a las prestaciones por desempleo siempre que sus agencias estatales cuenten con los fondos administrativos necesarios para procesarlas.<\/p>\n<p class=\"paragraph inline-placeholder vossi-paragraph\" data-uri=\"es.cms.cnn.com\/_components\/paragraph\/instances\/cmg7j13js001d356n3fid5ymm@published\" data-editable=\"text\" data-component-name=\"paragraph\" data-article-gutter=\"true\">Los pagos de Medicare y Medicaid tambi\u00e9n seguir\u00e1n distribuy\u00e9ndose.<\/p>\n<p class=\"paragraph inline-placeholder vossi-paragraph\" data-uri=\"es.cms.cnn.com\/_components\/paragraph\/instances\/cmg7j13js001e356ni8poufx5@published\" data-editable=\"text\" data-component-name=\"paragraph\" data-article-gutter=\"true\">La atenci\u00f3n m\u00e9dica y los servicios esenciales para veteranos no se interrumpir\u00e1n durante el cierre gubernamental. Esto incluye programas de prevenci\u00f3n del suicidio, programas para personas sin hogar, la L\u00ednea de Crisis para Veteranos, el pago de prestaciones y los entierros en cementerios nacionales.<\/p>\n<p class=\"paragraph inline-placeholder vossi-paragraph\" data-uri=\"es.cms.cnn.com\/_components\/paragraph\/instances\/cmg7j13js001f356n6cw4rgoy@published\" data-editable=\"text\" data-component-name=\"paragraph\" data-article-gutter=\"true\">Sin embargo, se suspender\u00e1 la L\u00ednea Directa de la Ley GI, al igual que los programas de asistencia para ayudar a los militares a adaptarse a la vida civil.<\/p>\n<p class=\"paragraph inline-placeholder vossi-paragraph\" data-uri=\"es.cms.cnn.com\/_components\/paragraph\/instances\/cmg7j13js001g356nexeqr1en@published\" data-editable=\"text\" data-component-name=\"paragraph\" data-article-gutter=\"true\">Adem\u00e1s, la instalaci\u00f3n permanente de l\u00e1pidas y el mantenimiento de los terrenos del cementerio no se realizar\u00e1n hasta que finalice el cierre.<\/p>\n<\/div>\n<div class=\"article__copyright\" data-editable=\"copyright\" data-reorderable=\"copyright\"><\/div>\n<\/div>\n<p><\/main><\/section>\n<\/article>\n<\/section>\n<section class=\"layout__end layout-with-rail__end\">\n<div data-editable=\"end\" data-track-zone=\"end\">\n<div class=\"end-of-article\" data-uri=\"es.cms.cnn.com\/_components\/end-of-article\/instances\/article-v1@published\" data-display-rules=\"{}\" data-site=\"es\">\n<div class=\"content-recs\" data-uri=\"es.cms.cnn.com\/_components\/content-recs\/instances\/cnne-content-recs-related-v1@published\" data-editable=\"settings\" data-recs-model=\"related\" data-title=\"Relacionado\" data-number-of-items=\"3\" data-content-types=\"article\" data-sections=\"\" data-layout=\"container_list-headlines-with-read-times\">\n<div class=\"container container_list-headlines-with-read-times  \" data-uri=\"\/_components\/container\/instances\/content-recs\" data-selective-publishing=\"true\" data-collapsed-text=\"Relacionado\" data-recs-model=\"related\" data-title=\"Relacionado\" data-number-of-items=\"3\" data-recs-sections=\"\" data-recs-content-types=\"\" data-layout=\"container_list-headlines-with-read-times\" data-source=\"\" data-content-recs-called=\"false\" data-tenant-id=\"related.es\" data-component-name=\"container\">\n<div class=\"container__ads container_list-headlines-with-read-times__ads\"><\/div>\n<\/div>\n<\/div>\n<\/div>\n<\/div>\n<\/section>\n<div class=\"pvc_clear\"><\/div>\n<p id=\"pvc_stats_30880\" class=\"pvc_stats all  \" data-element-id=\"30880\" style=\"\"><i class=\"pvc-stats-icon large\" aria-hidden=\"true\"><svg xmlns=\"http:\/\/www.w3.org\/2000\/svg\" version=\"1.0\" viewBox=\"0 0 502 315\" preserveAspectRatio=\"xMidYMid meet\"><g transform=\"translate(0,332) scale(0.1,-0.1)\" fill=\"\" stroke=\"none\"><path d=\"M2394 3279 l-29 -30 -3 -207 c-2 -182 0 -211 15 -242 39 -76 157 -76 196 0 15 31 17 60 15 243 l-3 209 -33 29 c-26 23 -41 29 -80 29 -41 0 -53 -5 -78 -31z\"\/><path d=\"M3085 3251 c-45 -19 -58 -50 -96 -229 -47 -217 -49 -260 -13 -295 52 -53 146 -42 177 20 16 31 87 366 87 410 0 70 -86 122 -155 94z\"\/><path d=\"M1751 3234 c-13 -9 -29 -31 -37 -50 -12 -29 -10 -49 21 -204 19 -94 39 -189 45 -210 14 -50 54 -80 110 -80 34 0 48 6 76 34 21 21 34 44 34 59 0 14 -18 113 -40 219 -37 178 -43 195 -70 221 -36 32 -101 37 -139 11z\"\/><path d=\"M1163 3073 c-36 -7 -73 -59 -73 -102 0 -56 133 -378 171 -413 34 -32 83 -37 129 -13 70 36 67 87 -16 290 -86 209 -89 214 -129 231 -35 14 -42 15 -82 7z\"\/><path d=\"M3689 3066 c-15 -9 -33 -30 -42 -48 -48 -103 -147 -355 -147 -375 0 -98 131 -148 192 -74 13 15 57 108 97 206 80 196 84 226 37 273 -30 30 -99 39 -137 18z\"\/><path d=\"M583 2784 c-38 -19 -67 -74 -58 -113 9 -42 211 -354 242 -373 16 -10 45 -18 66 -18 51 0 107 52 107 100 0 39 -1 41 -124 234 -80 126 -108 162 -133 173 -41 17 -61 16 -100 -3z\"\/><path d=\"M4250 2784 c-14 -9 -74 -91 -133 -183 -95 -150 -107 -173 -107 -213 0 -55 33 -94 87 -104 67 -13 90 8 211 198 130 202 137 225 78 284 -27 27 -42 34 -72 34 -22 0 -50 -8 -64 -16z\"\/><path d=\"M2275 2693 c-553 -48 -1095 -270 -1585 -649 -135 -104 -459 -423 -483 -476 -23 -49 -22 -139 2 -186 73 -142 361 -457 571 -626 285 -228 642 -407 990 -497 242 -63 336 -73 660 -74 310 0 370 5 595 52 535 111 1045 392 1455 803 122 121 250 273 275 326 19 41 19 137 0 174 -41 79 -309 363 -465 492 -447 370 -946 591 -1479 653 -113 14 -422 18 -536 8z m395 -428 c171 -34 330 -124 456 -258 112 -119 167 -219 211 -378 27 -96 24 -300 -5 -401 -72 -255 -236 -447 -474 -557 -132 -62 -201 -76 -368 -76 -167 0 -236 14 -368 76 -213 98 -373 271 -451 485 -162 444 86 934 547 1084 153 49 292 57 452 25z m909 -232 c222 -123 408 -262 593 -441 76 -74 138 -139 138 -144 0 -16 -233 -242 -330 -319 -155 -123 -309 -223 -461 -299 l-81 -41 32 46 c18 26 49 83 70 128 143 306 141 649 -6 957 -25 52 -61 116 -79 142 l-34 47 45 -20 c26 -10 76 -36 113 -56z m-2057 25 c-40 -58 -105 -190 -130 -263 -110 -324 -59 -707 132 -981 25 -35 42 -64 37 -64 -19 0 -241 119 -326 174 -188 122 -406 314 -532 468 l-58 71 108 103 c185 178 428 349 672 473 66 33 121 60 123 61 2 0 -10 -19 -26 -42z\"\/><path d=\"M2375 1950 c-198 -44 -350 -190 -395 -379 -18 -76 -8 -221 19 -290 114 -284 457 -406 731 -260 98 52 188 154 231 260 27 69 37 214 19 290 -38 163 -166 304 -326 360 -67 23 -215 33 -279 19z\"\/><\/g><\/svg><\/i> <img decoding=\"async\" width=\"16\" height=\"16\" alt=\"Loading\" src=\"https:\/\/esviafm.com\/wp-content\/plugins\/page-views-count\/ajax-loader-2x.gif\" border=0 \/><\/p>\n<div class=\"pvc_clear\"><\/div>\n","protected":false},"excerpt":{"rendered":"<p>El Gobierno de EE.UU.\u00a0ha cerrado oficialmente\u00a0despu\u00e9s de que un Congreso paralizado no lograra aprobar una medida de financiaci\u00f3n para mantener las luces encendidas, y nadie en el Capitolio sabe\u00a0qu\u00e9 suceder\u00e1 a continuaci\u00f3n. Un estancamiento de varias semanas entre republicanos y dem\u00f3cratas sobre el aumento de los subsidios del Obamacare ha desencadenado el primer cierre gubernamental [&hellip;]<\/p>\n<div class=\"pvc_clear\"><\/div>\n<p id=\"pvc_stats_30880\" class=\"pvc_stats all  \" data-element-id=\"30880\" style=\"\"><i class=\"pvc-stats-icon large\" aria-hidden=\"true\"><svg xmlns=\"http:\/\/www.w3.org\/2000\/svg\" version=\"1.0\" viewBox=\"0 0 502 315\" preserveAspectRatio=\"xMidYMid meet\"><g transform=\"translate(0,332) scale(0.1,-0.1)\" fill=\"\" stroke=\"none\"><path d=\"M2394 3279 l-29 -30 -3 -207 c-2 -182 0 -211 15 -242 39 -76 157 -76 196 0 15 31 17 60 15 243 l-3 209 -33 29 c-26 23 -41 29 -80 29 -41 0 -53 -5 -78 -31z\"\/><path d=\"M3085 3251 c-45 -19 -58 -50 -96 -229 -47 -217 -49 -260 -13 -295 52 -53 146 -42 177 20 16 31 87 366 87 410 0 70 -86 122 -155 94z\"\/><path d=\"M1751 3234 c-13 -9 -29 -31 -37 -50 -12 -29 -10 -49 21 -204 19 -94 39 -189 45 -210 14 -50 54 -80 110 -80 34 0 48 6 76 34 21 21 34 44 34 59 0 14 -18 113 -40 219 -37 178 -43 195 -70 221 -36 32 -101 37 -139 11z\"\/><path d=\"M1163 3073 c-36 -7 -73 -59 -73 -102 0 -56 133 -378 171 -413 34 -32 83 -37 129 -13 70 36 67 87 -16 290 -86 209 -89 214 -129 231 -35 14 -42 15 -82 7z\"\/><path d=\"M3689 3066 c-15 -9 -33 -30 -42 -48 -48 -103 -147 -355 -147 -375 0 -98 131 -148 192 -74 13 15 57 108 97 206 80 196 84 226 37 273 -30 30 -99 39 -137 18z\"\/><path d=\"M583 2784 c-38 -19 -67 -74 -58 -113 9 -42 211 -354 242 -373 16 -10 45 -18 66 -18 51 0 107 52 107 100 0 39 -1 41 -124 234 -80 126 -108 162 -133 173 -41 17 -61 16 -100 -3z\"\/><path d=\"M4250 2784 c-14 -9 -74 -91 -133 -183 -95 -150 -107 -173 -107 -213 0 -55 33 -94 87 -104 67 -13 90 8 211 198 130 202 137 225 78 284 -27 27 -42 34 -72 34 -22 0 -50 -8 -64 -16z\"\/><path d=\"M2275 2693 c-553 -48 -1095 -270 -1585 -649 -135 -104 -459 -423 -483 -476 -23 -49 -22 -139 2 -186 73 -142 361 -457 571 -626 285 -228 642 -407 990 -497 242 -63 336 -73 660 -74 310 0 370 5 595 52 535 111 1045 392 1455 803 122 121 250 273 275 326 19 41 19 137 0 174 -41 79 -309 363 -465 492 -447 370 -946 591 -1479 653 -113 14 -422 18 -536 8z m395 -428 c171 -34 330 -124 456 -258 112 -119 167 -219 211 -378 27 -96 24 -300 -5 -401 -72 -255 -236 -447 -474 -557 -132 -62 -201 -76 -368 -76 -167 0 -236 14 -368 76 -213 98 -373 271 -451 485 -162 444 86 934 547 1084 153 49 292 57 452 25z m909 -232 c222 -123 408 -262 593 -441 76 -74 138 -139 138 -144 0 -16 -233 -242 -330 -319 -155 -123 -309 -223 -461 -299 l-81 -41 32 46 c18 26 49 83 70 128 143 306 141 649 -6 957 -25 52 -61 116 -79 142 l-34 47 45 -20 c26 -10 76 -36 113 -56z m-2057 25 c-40 -58 -105 -190 -130 -263 -110 -324 -59 -707 132 -981 25 -35 42 -64 37 -64 -19 0 -241 119 -326 174 -188 122 -406 314 -532 468 l-58 71 108 103 c185 178 428 349 672 473 66 33 121 60 123 61 2 0 -10 -19 -26 -42z\"\/><path d=\"M2375 1950 c-198 -44 -350 -190 -395 -379 -18 -76 -8 -221 19 -290 114 -284 457 -406 731 -260 98 52 188 154 231 260 27 69 37 214 19 290 -38 163 -166 304 -326 360 -67 23 -215 33 -279 19z\"\/><\/g><\/svg><\/i> <img decoding=\"async\" width=\"16\" height=\"16\" alt=\"Loading\" src=\"https:\/\/esviafm.com\/wp-content\/plugins\/page-views-count\/ajax-loader-2x.gif\" border=0 \/><\/p>\n<div class=\"pvc_clear\"><\/div>\n","protected":false},"author":5,"featured_media":0,"comment_status":"open","ping_status":"open","sticky":false,"template":"","format":"standard","meta":{"_et_pb_use_builder":"","_et_pb_old_content":"","_et_gb_content_width":"","footnotes":""},"categories":[17],"tags":[],"class_list":["post-30880","post","type-post","status-publish","format-standard","hentry","category-internacionales"],"_links":{"self":[{"href":"https:\/\/esviafm.com\/index.php\/wp-json\/wp\/v2\/posts\/30880","targetHints":{"allow":["GET"]}}],"collection":[{"href":"https:\/\/esviafm.com\/index.php\/wp-json\/wp\/v2\/posts"}],"about":[{"href":"https:\/\/esviafm.com\/index.php\/wp-json\/wp\/v2\/types\/post"}],"author":[{"embeddable":true,"href":"https:\/\/esviafm.com\/index.php\/wp-json\/wp\/v2\/users\/5"}],"replies":[{"embeddable":true,"href":"https:\/\/esviafm.com\/index.php\/wp-json\/wp\/v2\/comments?post=30880"}],"version-history":[{"count":1,"href":"https:\/\/esviafm.com\/index.php\/wp-json\/wp\/v2\/posts\/30880\/revisions"}],"predecessor-version":[{"id":30882,"href":"https:\/\/esviafm.com\/index.php\/wp-json\/wp\/v2\/posts\/30880\/revisions\/30882"}],"wp:attachment":[{"href":"https:\/\/esviafm.com\/index.php\/wp-json\/wp\/v2\/media?parent=30880"}],"wp:term":[{"taxonomy":"category","embeddable":true,"href":"https:\/\/esviafm.com\/index.php\/wp-json\/wp\/v2\/categories?post=30880"},{"taxonomy":"post_tag","embeddable":true,"href":"https:\/\/esviafm.com\/index.php\/wp-json\/wp\/v2\/tags?post=30880"}],"curies":[{"name":"wp","href":"https:\/\/api.w.org\/{rel}","templated":true}]}}