{"id":30856,"date":"2025-10-01T06:44:58","date_gmt":"2025-10-01T11:14:58","guid":{"rendered":"https:\/\/esviafm.com\/?p=30856"},"modified":"2025-10-01T06:44:58","modified_gmt":"2025-10-01T11:14:58","slug":"ee-uu-amplia-su-presencia-en-un-pais-suramericano-sumido-en-protestas-sociales","status":"publish","type":"post","link":"https:\/\/esviafm.com\/index.php\/ee-uu-amplia-su-presencia-en-un-pais-suramericano-sumido-en-protestas-sociales\/","title":{"rendered":"EE.UU. ampl\u00eda su presencia en un pa\u00eds suramericano sumido en protestas sociales"},"content":{"rendered":"<p>EE.UU. contin\u00faa su acercamiento con el presidente de Ecuador, Daniel Noboa, en medio de la\u00a0<strong>grave crisis<\/strong>\u00a0que estall\u00f3 a mediados de\u00a0septiembre con un paro nacional provocado por el aumento del di\u00e9sel, pero que ya\u00a0se convirti\u00f3 en un amplio\u00a0<a href=\"https:\/\/actualidad.rt.com\/video\/565211-noboa-estado-excepcion-provincias-ecuador-protestas\" target=\"_blank\" rel=\"noopener noreferrer\">reclamo<\/a>\u00a0contra las pol\u00edticas sociales y econ\u00f3micas del Gobierno.<\/p>\n<p>Pese a la<strong>\u00a0creciente tensi\u00f3n pol\u00edtica<\/strong>,\u00a0la vocera del Gobierno ecuatoriano, Carolina Jaramillo,\u00a0<a href=\"https:\/\/actualidad.rt.com\/actualidad\/566767-noem-viajar-ecuador-definir-ubicaciones-bases\" target=\"_blank\" rel=\"noopener noreferrer\">anunci\u00f3<\/a>\u00a0que\u00a0la secretaria de Seguridad Nacional de EE.UU., Kristi Noem, regresar\u00e1 en las pr\u00f3ximas semanas a este pa\u00eds para\u00a0determinar la ubicaci\u00f3n de las \u00abbases\u00bb que la funcionaria ya acord\u00f3 con Noboa, aunque no aclar\u00f3 si ser\u00e1n de tipo militar.<\/p>\n<p><strong>Este ser\u00eda el segundo viaje de Noem a Quito<\/strong>, ya que reci\u00e9n a fines de julio se\u00a0<a href=\"https:\/\/actualidad.rt.com\/actualidad\/559705-acuerdo-ecuador-eeuu-visita-kristi-noem\" target=\"_blank\" rel=\"noopener noreferrer\">entrevist\u00f3<\/a>\u00a0con el mandatario. En medio de esas cercan\u00edas, los\u00a0gobiernos firmaron un \u00abacuerdo administrativo\u00bb para \u00abfacilitar el intercambio de oficiales de enlace\u00bb y se comprometieron a\u00a0compartir informaci\u00f3n de\u00a0datos biom\u00e9tricos con el objetivo de identificar y judicializar a terroristas, pandilleros y responsables de cr\u00edmenes violentos.<\/p>\n<p>La presencia de funcionarios del Gobierno del presidente de EE.UU., Donald Trump, en el pa\u00eds suramericano se reforz\u00f3 a principios de septiembre con la gira que\u00a0<a href=\"https:\/\/actualidad.rt.com\/actualidad\/563702-eeuu-instalar-tropas-ecuador\" target=\"_blank\" rel=\"noopener noreferrer\">realiz\u00f3<\/a>\u00a0el secretario de Estado,\u00a0<strong>Marco Rubio, quien reconoci\u00f3 su inter\u00e9s en instalar una base militar en Ecuador<\/strong>\u00a0para enfrentar \u00abuna amenaza en com\u00fan\u00bb, en referencia al crimen organizado.<\/p>\n<h3>Refer\u00e9ndum<\/h3>\n<p>Para que se autoricen o no las instalaciones de EE.UU. en Ecuador, es necesario realizar un\u00a0<a href=\"https:\/\/actualidad.rt.com\/video\/565620-polemica-ecuador-noboa-llama-referendum\" target=\"_blank\" rel=\"noopener noreferrer\">refer\u00e9ndum<\/a>\u00a0que Noboa ya\u00a0anunci\u00f3. La consulta quiere\u00a0buscar el apoyo para permitir la\u00a0presencia militar extranjera, como ya ocurri\u00f3 durante el funcionamiento de\u00a0la clausurada\u00a0base en\u00a0Manta.<\/p>\n<p>El presidente ecuatoriano\u00a0alega que la intenci\u00f3n es\u00a0la lucha contra el crimen organizado, pero de momento,\u00a0la Carta Magna\u00a0impide que se acuerde ese tipo de cooperaci\u00f3n.<\/p>\n<p>El art\u00edculo 5 de la\u00a0<a href=\"https:\/\/www.defensa.gob.ec\/wp-content\/uploads\/downloads\/2021\/02\/Constitucion-de-la-Republica-del-Ecuador_act_ene-2021.pdf\" target=\"_blank\" rel=\"noopener noreferrer\">Constituci\u00f3n<\/a>\u00a0afirma: \u00abEcuador es un territorio de paz. No se permitir\u00e1 el establecimiento de bases militares extranjeras ni de instalaciones extranjeras con prop\u00f3sitos militares.\u00a0<strong>Se proh\u00edbe ceder bases militares nacionales a fuerzas armadas o de seguridad extranjeras<\/strong>\u00ab.<\/p>\n<p>La cruzada personal del mandatario es que la Constituci\u00f3n solo establezca que el pa\u00eds es \u00abun territorio de paz\u00bb y que se suprima el resto del art\u00edculo. La modificaci\u00f3n ya fue aprobada por la Asamblea Nacional, pero debe ser validada en un refer\u00e9ndum, lo que consolidar\u00eda la renovada alianza con EE.UU. y convertir\u00eda a\u00a0Noboa\u00a0en el socio estrat\u00e9gico m\u00e1s importante de la regi\u00f3n, junto con el presidente de Argentina, Javier Milei.<\/p>\n<p>En medio de este acercamiento, estallaron las protestas que han desembocado en un clima de violencia e incertidumbre. El domingo pasado, el Gobierno\u00a0<a href=\"https:\/\/actualidad.rt.com\/actualidad\/566804-gobierno-ecuador-afirma-convoy-noboa-ataques\" target=\"_blank\" rel=\"noopener noreferrer\">afirm\u00f3<\/a>\u00a0que\u00a0<strong>una\u00a0<\/strong>\u00ab<strong>caravana humanitaria<\/strong>\u00ab<strong>\u00a0encabezada por Noboa hab\u00eda sido objeto de \u00abataques criminales\u00bb<\/strong>\u00a0en la provincia de Imbabura,\u00a0epicentro de las manifestaciones en su contra.<\/p>\n<h3>Reclamos<\/h3>\n<p>De hecho, Noboa ya militariz\u00f3 la regi\u00f3n pero a\u00fan no logra terminar con el paro nacional. El mismo d\u00eda que el presidente asegur\u00f3 que hab\u00eda sufrido un ataque,\u00a0la Confederaci\u00f3n de Nacionalidades Ind\u00edgenas del Ecuador (Conaie),\u00a0<a href=\"https:\/\/x.com\/CONAIE_Ecuador\/status\/1972345338284683554\" target=\"_blank\" rel=\"noopener noreferrer\">denunci\u00f3<\/a>\u00a0que\u00a0<strong>Efra\u00edn Fuerez<\/strong>, un comunero kichwa de 46 a\u00f1os, hab\u00eda sido\u00a0<strong>\u00abacribillado con tres disparos por las Fuerzas Armadas\u00bb<\/strong>.<\/p>\n<p>Las movilizaciones comenzaron tras la decisi\u00f3n de Noboa de\u00a0<a href=\"https:\/\/actualidad.rt.com\/actualidad\/564851-gobierno-ecuador-elimina-subsidio-diesel\" target=\"_blank\" rel=\"noopener noreferrer\">eliminar<\/a>\u00a0el subsidio al di\u00e9sel en Ecuador, pero con el correr de los d\u00edas los manifestantes ampliaron los reclamos y exigieron soluciones a la crisis que existe en la salud y educaci\u00f3n p\u00fablicas.<\/p>\n<p>Del mismo modo, los descontentos\u00a0exigen el\u00a0<strong>respeto al derecho a la protesta\u00a0y a la organizaci\u00f3n social<\/strong>; el cese de la expansi\u00f3n minera\u00a0y extractivista; garant\u00edas plenas para la vida y seguridad de los pueblos ind\u00edgenas; y la liberaci\u00f3n de las personas detenidas en el marco de las manifestaciones.<\/p>\n<p>Tambi\u00e9n demandan\u00a0la reducci\u00f3n del Impuesto al Valor Agregado (IVA) de 15% a 12%, al tiempo que rechazan la consulta popular que el mandatario\u00a0quiere\u00a0que se lleve a cabo para reformar\u00a0la Constituci\u00f3n. La oposici\u00f3n, por su parte, ya\u00a0<a href=\"https:\/\/actualidad.rt.com\/video\/565846-oposicion-ecuatoriana-denuncia-daniel-noboa\" target=\"_blank\" rel=\"noopener noreferrer\">denunci\u00f3<\/a>\u00a0a Noboa ante la Organizaci\u00f3n de Estados Americanos (OEA) por lo que consideran una alteraci\u00f3n del orden democr\u00e1tico.<\/p>\n<div class=\"pvc_clear\"><\/div>\n<p id=\"pvc_stats_30856\" class=\"pvc_stats all  \" data-element-id=\"30856\" style=\"\"><i class=\"pvc-stats-icon large\" aria-hidden=\"true\"><svg xmlns=\"http:\/\/www.w3.org\/2000\/svg\" version=\"1.0\" viewBox=\"0 0 502 315\" preserveAspectRatio=\"xMidYMid meet\"><g transform=\"translate(0,332) scale(0.1,-0.1)\" fill=\"\" stroke=\"none\"><path d=\"M2394 3279 l-29 -30 -3 -207 c-2 -182 0 -211 15 -242 39 -76 157 -76 196 0 15 31 17 60 15 243 l-3 209 -33 29 c-26 23 -41 29 -80 29 -41 0 -53 -5 -78 -31z\"\/><path d=\"M3085 3251 c-45 -19 -58 -50 -96 -229 -47 -217 -49 -260 -13 -295 52 -53 146 -42 177 20 16 31 87 366 87 410 0 70 -86 122 -155 94z\"\/><path d=\"M1751 3234 c-13 -9 -29 -31 -37 -50 -12 -29 -10 -49 21 -204 19 -94 39 -189 45 -210 14 -50 54 -80 110 -80 34 0 48 6 76 34 21 21 34 44 34 59 0 14 -18 113 -40 219 -37 178 -43 195 -70 221 -36 32 -101 37 -139 11z\"\/><path d=\"M1163 3073 c-36 -7 -73 -59 -73 -102 0 -56 133 -378 171 -413 34 -32 83 -37 129 -13 70 36 67 87 -16 290 -86 209 -89 214 -129 231 -35 14 -42 15 -82 7z\"\/><path d=\"M3689 3066 c-15 -9 -33 -30 -42 -48 -48 -103 -147 -355 -147 -375 0 -98 131 -148 192 -74 13 15 57 108 97 206 80 196 84 226 37 273 -30 30 -99 39 -137 18z\"\/><path d=\"M583 2784 c-38 -19 -67 -74 -58 -113 9 -42 211 -354 242 -373 16 -10 45 -18 66 -18 51 0 107 52 107 100 0 39 -1 41 -124 234 -80 126 -108 162 -133 173 -41 17 -61 16 -100 -3z\"\/><path d=\"M4250 2784 c-14 -9 -74 -91 -133 -183 -95 -150 -107 -173 -107 -213 0 -55 33 -94 87 -104 67 -13 90 8 211 198 130 202 137 225 78 284 -27 27 -42 34 -72 34 -22 0 -50 -8 -64 -16z\"\/><path d=\"M2275 2693 c-553 -48 -1095 -270 -1585 -649 -135 -104 -459 -423 -483 -476 -23 -49 -22 -139 2 -186 73 -142 361 -457 571 -626 285 -228 642 -407 990 -497 242 -63 336 -73 660 -74 310 0 370 5 595 52 535 111 1045 392 1455 803 122 121 250 273 275 326 19 41 19 137 0 174 -41 79 -309 363 -465 492 -447 370 -946 591 -1479 653 -113 14 -422 18 -536 8z m395 -428 c171 -34 330 -124 456 -258 112 -119 167 -219 211 -378 27 -96 24 -300 -5 -401 -72 -255 -236 -447 -474 -557 -132 -62 -201 -76 -368 -76 -167 0 -236 14 -368 76 -213 98 -373 271 -451 485 -162 444 86 934 547 1084 153 49 292 57 452 25z m909 -232 c222 -123 408 -262 593 -441 76 -74 138 -139 138 -144 0 -16 -233 -242 -330 -319 -155 -123 -309 -223 -461 -299 l-81 -41 32 46 c18 26 49 83 70 128 143 306 141 649 -6 957 -25 52 -61 116 -79 142 l-34 47 45 -20 c26 -10 76 -36 113 -56z m-2057 25 c-40 -58 -105 -190 -130 -263 -110 -324 -59 -707 132 -981 25 -35 42 -64 37 -64 -19 0 -241 119 -326 174 -188 122 -406 314 -532 468 l-58 71 108 103 c185 178 428 349 672 473 66 33 121 60 123 61 2 0 -10 -19 -26 -42z\"\/><path d=\"M2375 1950 c-198 -44 -350 -190 -395 -379 -18 -76 -8 -221 19 -290 114 -284 457 -406 731 -260 98 52 188 154 231 260 27 69 37 214 19 290 -38 163 -166 304 -326 360 -67 23 -215 33 -279 19z\"\/><\/g><\/svg><\/i> <img decoding=\"async\" width=\"16\" height=\"16\" alt=\"Loading\" src=\"https:\/\/esviafm.com\/wp-content\/plugins\/page-views-count\/ajax-loader-2x.gif\" border=0 \/><\/p>\n<div class=\"pvc_clear\"><\/div>\n","protected":false},"excerpt":{"rendered":"<p>EE.UU. contin\u00faa su acercamiento con el presidente de Ecuador, Daniel Noboa, en medio de la\u00a0grave crisis\u00a0que estall\u00f3 a mediados de\u00a0septiembre con un paro nacional provocado por el aumento del di\u00e9sel, pero que ya\u00a0se convirti\u00f3 en un amplio\u00a0reclamo\u00a0contra las pol\u00edticas sociales y econ\u00f3micas del Gobierno. Pese a la\u00a0creciente tensi\u00f3n pol\u00edtica,\u00a0la vocera del Gobierno ecuatoriano, Carolina Jaramillo,\u00a0anunci\u00f3\u00a0que\u00a0la [&hellip;]<\/p>\n<div class=\"pvc_clear\"><\/div>\n<p id=\"pvc_stats_30856\" class=\"pvc_stats all  \" data-element-id=\"30856\" style=\"\"><i class=\"pvc-stats-icon large\" aria-hidden=\"true\"><svg xmlns=\"http:\/\/www.w3.org\/2000\/svg\" version=\"1.0\" viewBox=\"0 0 502 315\" preserveAspectRatio=\"xMidYMid meet\"><g transform=\"translate(0,332) scale(0.1,-0.1)\" fill=\"\" stroke=\"none\"><path d=\"M2394 3279 l-29 -30 -3 -207 c-2 -182 0 -211 15 -242 39 -76 157 -76 196 0 15 31 17 60 15 243 l-3 209 -33 29 c-26 23 -41 29 -80 29 -41 0 -53 -5 -78 -31z\"\/><path d=\"M3085 3251 c-45 -19 -58 -50 -96 -229 -47 -217 -49 -260 -13 -295 52 -53 146 -42 177 20 16 31 87 366 87 410 0 70 -86 122 -155 94z\"\/><path d=\"M1751 3234 c-13 -9 -29 -31 -37 -50 -12 -29 -10 -49 21 -204 19 -94 39 -189 45 -210 14 -50 54 -80 110 -80 34 0 48 6 76 34 21 21 34 44 34 59 0 14 -18 113 -40 219 -37 178 -43 195 -70 221 -36 32 -101 37 -139 11z\"\/><path d=\"M1163 3073 c-36 -7 -73 -59 -73 -102 0 -56 133 -378 171 -413 34 -32 83 -37 129 -13 70 36 67 87 -16 290 -86 209 -89 214 -129 231 -35 14 -42 15 -82 7z\"\/><path d=\"M3689 3066 c-15 -9 -33 -30 -42 -48 -48 -103 -147 -355 -147 -375 0 -98 131 -148 192 -74 13 15 57 108 97 206 80 196 84 226 37 273 -30 30 -99 39 -137 18z\"\/><path d=\"M583 2784 c-38 -19 -67 -74 -58 -113 9 -42 211 -354 242 -373 16 -10 45 -18 66 -18 51 0 107 52 107 100 0 39 -1 41 -124 234 -80 126 -108 162 -133 173 -41 17 -61 16 -100 -3z\"\/><path d=\"M4250 2784 c-14 -9 -74 -91 -133 -183 -95 -150 -107 -173 -107 -213 0 -55 33 -94 87 -104 67 -13 90 8 211 198 130 202 137 225 78 284 -27 27 -42 34 -72 34 -22 0 -50 -8 -64 -16z\"\/><path d=\"M2275 2693 c-553 -48 -1095 -270 -1585 -649 -135 -104 -459 -423 -483 -476 -23 -49 -22 -139 2 -186 73 -142 361 -457 571 -626 285 -228 642 -407 990 -497 242 -63 336 -73 660 -74 310 0 370 5 595 52 535 111 1045 392 1455 803 122 121 250 273 275 326 19 41 19 137 0 174 -41 79 -309 363 -465 492 -447 370 -946 591 -1479 653 -113 14 -422 18 -536 8z m395 -428 c171 -34 330 -124 456 -258 112 -119 167 -219 211 -378 27 -96 24 -300 -5 -401 -72 -255 -236 -447 -474 -557 -132 -62 -201 -76 -368 -76 -167 0 -236 14 -368 76 -213 98 -373 271 -451 485 -162 444 86 934 547 1084 153 49 292 57 452 25z m909 -232 c222 -123 408 -262 593 -441 76 -74 138 -139 138 -144 0 -16 -233 -242 -330 -319 -155 -123 -309 -223 -461 -299 l-81 -41 32 46 c18 26 49 83 70 128 143 306 141 649 -6 957 -25 52 -61 116 -79 142 l-34 47 45 -20 c26 -10 76 -36 113 -56z m-2057 25 c-40 -58 -105 -190 -130 -263 -110 -324 -59 -707 132 -981 25 -35 42 -64 37 -64 -19 0 -241 119 -326 174 -188 122 -406 314 -532 468 l-58 71 108 103 c185 178 428 349 672 473 66 33 121 60 123 61 2 0 -10 -19 -26 -42z\"\/><path d=\"M2375 1950 c-198 -44 -350 -190 -395 -379 -18 -76 -8 -221 19 -290 114 -284 457 -406 731 -260 98 52 188 154 231 260 27 69 37 214 19 290 -38 163 -166 304 -326 360 -67 23 -215 33 -279 19z\"\/><\/g><\/svg><\/i> <img decoding=\"async\" width=\"16\" height=\"16\" alt=\"Loading\" src=\"https:\/\/esviafm.com\/wp-content\/plugins\/page-views-count\/ajax-loader-2x.gif\" border=0 \/><\/p>\n<div class=\"pvc_clear\"><\/div>\n","protected":false},"author":5,"featured_media":0,"comment_status":"open","ping_status":"open","sticky":false,"template":"","format":"standard","meta":{"_et_pb_use_builder":"","_et_pb_old_content":"","_et_gb_content_width":"","footnotes":""},"categories":[17],"tags":[],"class_list":["post-30856","post","type-post","status-publish","format-standard","hentry","category-internacionales"],"_links":{"self":[{"href":"https:\/\/esviafm.com\/index.php\/wp-json\/wp\/v2\/posts\/30856","targetHints":{"allow":["GET"]}}],"collection":[{"href":"https:\/\/esviafm.com\/index.php\/wp-json\/wp\/v2\/posts"}],"about":[{"href":"https:\/\/esviafm.com\/index.php\/wp-json\/wp\/v2\/types\/post"}],"author":[{"embeddable":true,"href":"https:\/\/esviafm.com\/index.php\/wp-json\/wp\/v2\/users\/5"}],"replies":[{"embeddable":true,"href":"https:\/\/esviafm.com\/index.php\/wp-json\/wp\/v2\/comments?post=30856"}],"version-history":[{"count":1,"href":"https:\/\/esviafm.com\/index.php\/wp-json\/wp\/v2\/posts\/30856\/revisions"}],"predecessor-version":[{"id":30858,"href":"https:\/\/esviafm.com\/index.php\/wp-json\/wp\/v2\/posts\/30856\/revisions\/30858"}],"wp:attachment":[{"href":"https:\/\/esviafm.com\/index.php\/wp-json\/wp\/v2\/media?parent=30856"}],"wp:term":[{"taxonomy":"category","embeddable":true,"href":"https:\/\/esviafm.com\/index.php\/wp-json\/wp\/v2\/categories?post=30856"},{"taxonomy":"post_tag","embeddable":true,"href":"https:\/\/esviafm.com\/index.php\/wp-json\/wp\/v2\/tags?post=30856"}],"curies":[{"name":"wp","href":"https:\/\/api.w.org\/{rel}","templated":true}]}}