{"id":30853,"date":"2025-10-01T06:43:13","date_gmt":"2025-10-01T11:13:13","guid":{"rendered":"https:\/\/esviafm.com\/?p=30853"},"modified":"2025-10-01T06:43:13","modified_gmt":"2025-10-01T11:13:13","slug":"republica-dominicana-no-invitara-a-las-dictaduras-de-venezuela-nicaragua-y-cuba-a-la-x-cumbre-de-las-americas","status":"publish","type":"post","link":"https:\/\/esviafm.com\/index.php\/republica-dominicana-no-invitara-a-las-dictaduras-de-venezuela-nicaragua-y-cuba-a-la-x-cumbre-de-las-americas\/","title":{"rendered":"Rep\u00fablica Dominicana no invitar\u00e1 a las dictaduras de Venezuela, Nicaragua y Cuba a la X Cumbre de las Am\u00e9ricas"},"content":{"rendered":"<div>\n<div class=\"amp_visual_image\">El dictador de Venezuela, Nicol\u00e1s Maduro, el dictador de Nicaragua, Daniel Ortega, y el dictador de Cuba, Miguel D\u00edaz-Canel, asisten a una reuni\u00f3n de l\u00edderes de los estados miembros de la Alianza Bolivariana para los Pueblos de Nuestra Am\u00e9rica y el Tratado de Comercio y Promoci\u00f3n (ALBA-TCP), en Caracas, Venezuela, el 14 de diciembre de 2024. REUTERS\/Leonardo Fern\u00e1ndez Viloria<\/div>\n<\/div>\n<p class=\"paragraph\">El Gobierno de\u00a0<b>Rep\u00fablica<\/b>\u00a0<b>Dominicana\u00a0<\/b>ha decidido no incluir a las dictaduras de\u00a0<b>Cuba<\/b>,\u00a0<b>Nicaragua<\/b>\u00a0y\u00a0<b>Venezuela\u00a0<\/b>en la lista de pa\u00edses invitados a la X Cumbre de las Am\u00e9ricas. As\u00ed lo confirm\u00f3 el Ministerio de Relaciones Exteriores mediante un comunicado oficial, en el marco de la presidencia pro tempore que ostenta el pa\u00eds caribe\u00f1o en la organizaci\u00f3n del foro regional.<\/p>\n<p class=\"paragraph\">Seg\u00fan el documento, la medida responde al marco normativo que rige este tipo de encuentros multilaterales, as\u00ed como a la b\u00fasqueda de\u00a0<b>asegurar la convocatoria m\u00e1s amplia posible en un contexto de marcada polarizaci\u00f3n pol\u00edtica en la regi\u00f3n.<\/b><\/p>\n<p class=\"paragraph\">La Cumbre de las Am\u00e9ricas, lanzada bajo la iniciativa de Estados Unidos en 1994, est\u00e1 actualmente coordinada junto a la Organizaci\u00f3n de los Estados Americanos (OEA). El comunicado del Ministerio de Relaciones Exteriores dominicano recuerda que el reglamento impone\u00a0<b>limitaciones espec\u00edficas\u00a0<\/b>sobre la participaci\u00f3n de pa\u00edses que no forman parte de ese organismo.<\/p>\n<p class=\"paragraph\">\u201cLa no invitaci\u00f3n a Cuba, Nicaragua y Venezuela \u2014pa\u00edses que, por diversas razones, han decidido no formar parte de la OEA y que tampoco participaron en la pasada edici\u00f3n de la Cumbre de las Am\u00e9ricas\u2014 constituye la decisi\u00f3n que, dadas las circunstancias hemisf\u00e9ricas,\u00a0<b>favorece la mayor convocatoria y asegura el desarrollo del foro<\/b>\u201d, detalla el texto oficial.<\/p>\n<p class=\"paragraph\">En 2023, cuando Rep\u00fablica Dominicana asumi\u00f3 la presidencia pro tempore de la Cumbre, el Gobierno hab\u00eda anunciado la intenci\u00f3n de organizar una cita \u201cinclusiva\u201d. Sin embargo, la actual coyuntura regional llev\u00f3 a un ajuste de esa meta, priorizando el \u00e9xito del foro y el respaldo de una mayor\u00eda de Estados, de acuerdo con el comunicado.<\/p>\n<div>\n<div class=\"amp_visual_image\"><img decoding=\"async\" class=\"i-amphtml-fill-content i-amphtml-replaced-content\" src=\"https:\/\/www.infobae.com\/resizer\/v2\/DBPISVYVTRAHJA7OGAP7G6NWTI.jpg?auth=90ec5d2ed600f541f836929bad59d5a39f67f73346c75395e7cb15f850a4e4c0&amp;smart=true&amp;width=350&amp;height=233&amp;quality=85\" sizes=\"(max-width: 1366px) 1366px, 100vw\" srcset=\"https:\/\/www.infobae.com\/resizer\/v2\/DBPISVYVTRAHJA7OGAP7G6NWTI.jpg?auth=90ec5d2ed600f541f836929bad59d5a39f67f73346c75395e7cb15f850a4e4c0&amp;smart=true&amp;width=350&amp;height=233&amp;quality=85 350w, https:\/\/www.infobae.com\/resizer\/v2\/DBPISVYVTRAHJA7OGAP7G6NWTI.jpg?auth=90ec5d2ed600f541f836929bad59d5a39f67f73346c75395e7cb15f850a4e4c0&amp;smart=true&amp;width=420&amp;height=280&amp;quality=85 420w, https:\/\/www.infobae.com\/resizer\/v2\/DBPISVYVTRAHJA7OGAP7G6NWTI.jpg?auth=90ec5d2ed600f541f836929bad59d5a39f67f73346c75395e7cb15f850a4e4c0&amp;smart=true&amp;width=577&amp;height=385&amp;quality=85 577w, https:\/\/www.infobae.com\/resizer\/v2\/DBPISVYVTRAHJA7OGAP7G6NWTI.jpg?auth=90ec5d2ed600f541f836929bad59d5a39f67f73346c75395e7cb15f850a4e4c0&amp;smart=true&amp;width=768&amp;height=512&amp;quality=85 768w, https:\/\/www.infobae.com\/resizer\/v2\/DBPISVYVTRAHJA7OGAP7G6NWTI.jpg?auth=90ec5d2ed600f541f836929bad59d5a39f67f73346c75395e7cb15f850a4e4c0&amp;smart=true&amp;width=992&amp;height=661&amp;quality=85 992w\" alt=\"Daniel Ortega, Miguel Diaz-Canel and\" data-amp-auto-lightbox-disable=\"true\" data-hero=\"true\" \/>Daniel Ortega, Miguel Diaz-Canel and Nicolas Maduro attend the Alba summit, in Caracas, Venezuela April 24, 2024. REUTERS\/Leonardo Fernandez Viloria<\/div>\n<\/div>\n<p class=\"paragraph\">La experiencia previa muestra un enfoque diferente: en la XXVIII Cumbre Iberoamericana celebrada en Santo Domingo en 2023 y en la Cumbre de la Comunidad de Estados Latinoamericanos y Caribe\u00f1os (CELAC) en 2017, las tres naciones excluidas ahora fueron invitadas y participaron activamente.<\/p>\n<p class=\"paragraph\">El comunicado tambi\u00e9n distingue entre los criterios multilaterales que gu\u00edan la organizaci\u00f3n de la X Cumbre de las Am\u00e9ricas y la naturaleza bilateral de las relaciones dominicanas con los pa\u00edses no invitados. Sobre\u00a0<b>Cuba<\/b>, la Canciller\u00eda dominicana se\u00f1ala que el v\u00ednculo es\u00a0<b>\u201chist\u00f3rico, s\u00f3lido y excelente\u201d<\/b>, con intercambios en diversas \u00e1reas y respeto mutuo frente a diferencias pol\u00edticas. En cuanto a\u00a0<b>Nicaragua<\/b>, el Gobierno califica la relaci\u00f3n como cordial y remarca la frecuente cooperaci\u00f3n en organismos multilaterales como el Sistema de la Integraci\u00f3n Centroamericana (SICA), la CELAC, la Organizaci\u00f3n de las Naciones Unidas (ONU) y la Secretar\u00eda General Iberoamericana (SEGIB), adem\u00e1s de un flujo comercial equilibrado. Respecto a\u00a0<b>Venezuela<\/b>, las autoridades reconocen la existencia de lazos hist\u00f3ricos, aunque puntualizan que\u00a0<b>el Gobierno dominicano no ha reconocido los resultados de las dos \u00faltimas elecciones presidenciales en ese pa\u00eds.<\/b>\u00a0El comunicado recuerda que, tras estos episodios, las autoridades venezolanas\u00a0<b>suspendieron las relaciones diplom\u00e1ticas bilaterales.<\/b><\/p>\n<p class=\"paragraph\">\u201cRep\u00fablica Dominicana ha adoptado la decisi\u00f3n que considera m\u00e1s favorable para garantizar la mayor participaci\u00f3n posible en la D\u00e9cima Cumbre de las Am\u00e9ricas\u201d, concluye el documento institucional. De acuerdo con el Ministerio de Relaciones Exteriores, el objetivo principal es crear las condiciones necesarias para asegurar \u201cel m\u00e1s amplio di\u00e1logo pol\u00edtico, con el m\u00e1s alto nivel de representatividad hemisf\u00e9rica\u201d.<\/p>\n<div class=\"pvc_clear\"><\/div>\n<p id=\"pvc_stats_30853\" class=\"pvc_stats all  \" data-element-id=\"30853\" style=\"\"><i class=\"pvc-stats-icon large\" aria-hidden=\"true\"><svg xmlns=\"http:\/\/www.w3.org\/2000\/svg\" version=\"1.0\" viewBox=\"0 0 502 315\" preserveAspectRatio=\"xMidYMid meet\"><g transform=\"translate(0,332) scale(0.1,-0.1)\" fill=\"\" stroke=\"none\"><path d=\"M2394 3279 l-29 -30 -3 -207 c-2 -182 0 -211 15 -242 39 -76 157 -76 196 0 15 31 17 60 15 243 l-3 209 -33 29 c-26 23 -41 29 -80 29 -41 0 -53 -5 -78 -31z\"\/><path d=\"M3085 3251 c-45 -19 -58 -50 -96 -229 -47 -217 -49 -260 -13 -295 52 -53 146 -42 177 20 16 31 87 366 87 410 0 70 -86 122 -155 94z\"\/><path d=\"M1751 3234 c-13 -9 -29 -31 -37 -50 -12 -29 -10 -49 21 -204 19 -94 39 -189 45 -210 14 -50 54 -80 110 -80 34 0 48 6 76 34 21 21 34 44 34 59 0 14 -18 113 -40 219 -37 178 -43 195 -70 221 -36 32 -101 37 -139 11z\"\/><path d=\"M1163 3073 c-36 -7 -73 -59 -73 -102 0 -56 133 -378 171 -413 34 -32 83 -37 129 -13 70 36 67 87 -16 290 -86 209 -89 214 -129 231 -35 14 -42 15 -82 7z\"\/><path d=\"M3689 3066 c-15 -9 -33 -30 -42 -48 -48 -103 -147 -355 -147 -375 0 -98 131 -148 192 -74 13 15 57 108 97 206 80 196 84 226 37 273 -30 30 -99 39 -137 18z\"\/><path d=\"M583 2784 c-38 -19 -67 -74 -58 -113 9 -42 211 -354 242 -373 16 -10 45 -18 66 -18 51 0 107 52 107 100 0 39 -1 41 -124 234 -80 126 -108 162 -133 173 -41 17 -61 16 -100 -3z\"\/><path d=\"M4250 2784 c-14 -9 -74 -91 -133 -183 -95 -150 -107 -173 -107 -213 0 -55 33 -94 87 -104 67 -13 90 8 211 198 130 202 137 225 78 284 -27 27 -42 34 -72 34 -22 0 -50 -8 -64 -16z\"\/><path d=\"M2275 2693 c-553 -48 -1095 -270 -1585 -649 -135 -104 -459 -423 -483 -476 -23 -49 -22 -139 2 -186 73 -142 361 -457 571 -626 285 -228 642 -407 990 -497 242 -63 336 -73 660 -74 310 0 370 5 595 52 535 111 1045 392 1455 803 122 121 250 273 275 326 19 41 19 137 0 174 -41 79 -309 363 -465 492 -447 370 -946 591 -1479 653 -113 14 -422 18 -536 8z m395 -428 c171 -34 330 -124 456 -258 112 -119 167 -219 211 -378 27 -96 24 -300 -5 -401 -72 -255 -236 -447 -474 -557 -132 -62 -201 -76 -368 -76 -167 0 -236 14 -368 76 -213 98 -373 271 -451 485 -162 444 86 934 547 1084 153 49 292 57 452 25z m909 -232 c222 -123 408 -262 593 -441 76 -74 138 -139 138 -144 0 -16 -233 -242 -330 -319 -155 -123 -309 -223 -461 -299 l-81 -41 32 46 c18 26 49 83 70 128 143 306 141 649 -6 957 -25 52 -61 116 -79 142 l-34 47 45 -20 c26 -10 76 -36 113 -56z m-2057 25 c-40 -58 -105 -190 -130 -263 -110 -324 -59 -707 132 -981 25 -35 42 -64 37 -64 -19 0 -241 119 -326 174 -188 122 -406 314 -532 468 l-58 71 108 103 c185 178 428 349 672 473 66 33 121 60 123 61 2 0 -10 -19 -26 -42z\"\/><path d=\"M2375 1950 c-198 -44 -350 -190 -395 -379 -18 -76 -8 -221 19 -290 114 -284 457 -406 731 -260 98 52 188 154 231 260 27 69 37 214 19 290 -38 163 -166 304 -326 360 -67 23 -215 33 -279 19z\"\/><\/g><\/svg><\/i> <img decoding=\"async\" width=\"16\" height=\"16\" alt=\"Loading\" src=\"https:\/\/esviafm.com\/wp-content\/plugins\/page-views-count\/ajax-loader-2x.gif\" border=0 \/><\/p>\n<div class=\"pvc_clear\"><\/div>\n","protected":false},"excerpt":{"rendered":"<p>El dictador de Venezuela, Nicol\u00e1s Maduro, el dictador de Nicaragua, Daniel Ortega, y el dictador de Cuba, Miguel D\u00edaz-Canel, asisten a una reuni\u00f3n de l\u00edderes de los estados miembros de la Alianza Bolivariana para los Pueblos de Nuestra Am\u00e9rica y el Tratado de Comercio y Promoci\u00f3n (ALBA-TCP), en Caracas, Venezuela, el 14 de diciembre de [&hellip;]<\/p>\n<div class=\"pvc_clear\"><\/div>\n<p id=\"pvc_stats_30853\" class=\"pvc_stats all  \" data-element-id=\"30853\" style=\"\"><i class=\"pvc-stats-icon large\" aria-hidden=\"true\"><svg xmlns=\"http:\/\/www.w3.org\/2000\/svg\" version=\"1.0\" viewBox=\"0 0 502 315\" preserveAspectRatio=\"xMidYMid meet\"><g transform=\"translate(0,332) scale(0.1,-0.1)\" fill=\"\" stroke=\"none\"><path d=\"M2394 3279 l-29 -30 -3 -207 c-2 -182 0 -211 15 -242 39 -76 157 -76 196 0 15 31 17 60 15 243 l-3 209 -33 29 c-26 23 -41 29 -80 29 -41 0 -53 -5 -78 -31z\"\/><path d=\"M3085 3251 c-45 -19 -58 -50 -96 -229 -47 -217 -49 -260 -13 -295 52 -53 146 -42 177 20 16 31 87 366 87 410 0 70 -86 122 -155 94z\"\/><path d=\"M1751 3234 c-13 -9 -29 -31 -37 -50 -12 -29 -10 -49 21 -204 19 -94 39 -189 45 -210 14 -50 54 -80 110 -80 34 0 48 6 76 34 21 21 34 44 34 59 0 14 -18 113 -40 219 -37 178 -43 195 -70 221 -36 32 -101 37 -139 11z\"\/><path d=\"M1163 3073 c-36 -7 -73 -59 -73 -102 0 -56 133 -378 171 -413 34 -32 83 -37 129 -13 70 36 67 87 -16 290 -86 209 -89 214 -129 231 -35 14 -42 15 -82 7z\"\/><path d=\"M3689 3066 c-15 -9 -33 -30 -42 -48 -48 -103 -147 -355 -147 -375 0 -98 131 -148 192 -74 13 15 57 108 97 206 80 196 84 226 37 273 -30 30 -99 39 -137 18z\"\/><path d=\"M583 2784 c-38 -19 -67 -74 -58 -113 9 -42 211 -354 242 -373 16 -10 45 -18 66 -18 51 0 107 52 107 100 0 39 -1 41 -124 234 -80 126 -108 162 -133 173 -41 17 -61 16 -100 -3z\"\/><path d=\"M4250 2784 c-14 -9 -74 -91 -133 -183 -95 -150 -107 -173 -107 -213 0 -55 33 -94 87 -104 67 -13 90 8 211 198 130 202 137 225 78 284 -27 27 -42 34 -72 34 -22 0 -50 -8 -64 -16z\"\/><path d=\"M2275 2693 c-553 -48 -1095 -270 -1585 -649 -135 -104 -459 -423 -483 -476 -23 -49 -22 -139 2 -186 73 -142 361 -457 571 -626 285 -228 642 -407 990 -497 242 -63 336 -73 660 -74 310 0 370 5 595 52 535 111 1045 392 1455 803 122 121 250 273 275 326 19 41 19 137 0 174 -41 79 -309 363 -465 492 -447 370 -946 591 -1479 653 -113 14 -422 18 -536 8z m395 -428 c171 -34 330 -124 456 -258 112 -119 167 -219 211 -378 27 -96 24 -300 -5 -401 -72 -255 -236 -447 -474 -557 -132 -62 -201 -76 -368 -76 -167 0 -236 14 -368 76 -213 98 -373 271 -451 485 -162 444 86 934 547 1084 153 49 292 57 452 25z m909 -232 c222 -123 408 -262 593 -441 76 -74 138 -139 138 -144 0 -16 -233 -242 -330 -319 -155 -123 -309 -223 -461 -299 l-81 -41 32 46 c18 26 49 83 70 128 143 306 141 649 -6 957 -25 52 -61 116 -79 142 l-34 47 45 -20 c26 -10 76 -36 113 -56z m-2057 25 c-40 -58 -105 -190 -130 -263 -110 -324 -59 -707 132 -981 25 -35 42 -64 37 -64 -19 0 -241 119 -326 174 -188 122 -406 314 -532 468 l-58 71 108 103 c185 178 428 349 672 473 66 33 121 60 123 61 2 0 -10 -19 -26 -42z\"\/><path d=\"M2375 1950 c-198 -44 -350 -190 -395 -379 -18 -76 -8 -221 19 -290 114 -284 457 -406 731 -260 98 52 188 154 231 260 27 69 37 214 19 290 -38 163 -166 304 -326 360 -67 23 -215 33 -279 19z\"\/><\/g><\/svg><\/i> <img decoding=\"async\" width=\"16\" height=\"16\" alt=\"Loading\" src=\"https:\/\/esviafm.com\/wp-content\/plugins\/page-views-count\/ajax-loader-2x.gif\" border=0 \/><\/p>\n<div class=\"pvc_clear\"><\/div>\n","protected":false},"author":5,"featured_media":0,"comment_status":"open","ping_status":"open","sticky":false,"template":"","format":"standard","meta":{"_et_pb_use_builder":"","_et_pb_old_content":"","_et_gb_content_width":"","footnotes":""},"categories":[17],"tags":[],"class_list":["post-30853","post","type-post","status-publish","format-standard","hentry","category-internacionales"],"_links":{"self":[{"href":"https:\/\/esviafm.com\/index.php\/wp-json\/wp\/v2\/posts\/30853","targetHints":{"allow":["GET"]}}],"collection":[{"href":"https:\/\/esviafm.com\/index.php\/wp-json\/wp\/v2\/posts"}],"about":[{"href":"https:\/\/esviafm.com\/index.php\/wp-json\/wp\/v2\/types\/post"}],"author":[{"embeddable":true,"href":"https:\/\/esviafm.com\/index.php\/wp-json\/wp\/v2\/users\/5"}],"replies":[{"embeddable":true,"href":"https:\/\/esviafm.com\/index.php\/wp-json\/wp\/v2\/comments?post=30853"}],"version-history":[{"count":1,"href":"https:\/\/esviafm.com\/index.php\/wp-json\/wp\/v2\/posts\/30853\/revisions"}],"predecessor-version":[{"id":30855,"href":"https:\/\/esviafm.com\/index.php\/wp-json\/wp\/v2\/posts\/30853\/revisions\/30855"}],"wp:attachment":[{"href":"https:\/\/esviafm.com\/index.php\/wp-json\/wp\/v2\/media?parent=30853"}],"wp:term":[{"taxonomy":"category","embeddable":true,"href":"https:\/\/esviafm.com\/index.php\/wp-json\/wp\/v2\/categories?post=30853"},{"taxonomy":"post_tag","embeddable":true,"href":"https:\/\/esviafm.com\/index.php\/wp-json\/wp\/v2\/tags?post=30853"}],"curies":[{"name":"wp","href":"https:\/\/api.w.org\/{rel}","templated":true}]}}