{"id":30442,"date":"2025-09-24T06:50:02","date_gmt":"2025-09-24T11:20:02","guid":{"rendered":"https:\/\/esviafm.com\/?p=30442"},"modified":"2025-09-24T06:50:02","modified_gmt":"2025-09-24T11:20:02","slug":"lula-pide-ante-la-onu-mantener-como-zona-de-paz-a-america-latina-el-camino-al-dialogo-no-se-le-debe-cerrar-a-venezuela","status":"publish","type":"post","link":"https:\/\/esviafm.com\/index.php\/lula-pide-ante-la-onu-mantener-como-zona-de-paz-a-america-latina-el-camino-al-dialogo-no-se-le-debe-cerrar-a-venezuela\/","title":{"rendered":"Lula pide ante la ONU mantener como \u201czona de paz\u201d a Am\u00e9rica Latina: \u00abEl camino al di\u00e1logo no se le debe cerrar a Venezuela\u00bb"},"content":{"rendered":"<p>El presidente de Brasil, Luiz In\u00e1cio Lula da Silva, particip\u00f3 este martes en el primer d\u00eda del debate general de la 80.\u00aa sesi\u00f3n de la Asamblea General de las Naciones Unidas, al ser tradicionalmente el primer ponente no solo del Sur Global, sino del evento.<\/p>\n<p>En su intervenci\u00f3n, el jefe de Estado de Brasil afirm\u00f3 que este deber\u00eda ser una oportunidad de celebraci\u00f3n de las Naciones Unidas pero \u00ablos ideales que inspiraron a sus fundadores se ven amenazados como nunca antes en su historia\u00bb.<\/p>\n<p>\u00abEl multilateralismo est\u00e1 ante una nueva encrucijada. La autoridad de esta organizaci\u00f3n est\u00e1 en jaque\u00bb, expres\u00f3 el mandatario brasile\u00f1o, quien realiz\u00f3 la primera intervenci\u00f3n de la jornada.<\/p>\n<p>Al respecto, da Silva considera que el siglo XXI \u00abser\u00e1 cada vez m\u00e1s multipolar\u00bb, para que siga siendo pac\u00edfico, con l\u00edderes que entiendan que \u00abel orden internacional no es un juego de suma cero\u00bb.<\/p>\n<p>\u00abLa voz del Sur Global debe ser respetada y escuchada\u00bb, inst\u00f3.<\/p>\n<div>\n<div><b>\u00abConsolidaci\u00f3n de un desorden internacional\u00bb<\/b><\/div>\n<div>\nDa Silva afirm\u00f3 que el mundo observa la \u00abconsolidaci\u00f3n de un desorden internacional\u00bb que est\u00e1 marcado por \u00abla pol\u00edtica del poder, atentados a la soberan\u00eda, sanciones arbitrarias e intervenciones unilaterales\u00bb.<\/p>\n<p>El jefe de Estado de Brasil estableci\u00f3 una relaci\u00f3n entre el debilitamiento del multilateralismo y la crisis de la democracia, que se ve fortalecida cuando no la \u00absociedad falla en defender la paz, la soberan\u00eda y el derecho\u00bb. \u00abLas consecuencias son tr\u00e1gicas\u00bb, agreg\u00f3.<\/p>\n<p>\u00abBajo un ataque sin precedentes, Brasil opt\u00f3 por resistir y defender su democracia\u00bb, asever\u00f3 y agreg\u00f3 que \u00abno existe justificaci\u00f3n alguna para la imposici\u00f3n de medidas unilaterales y arbitrarias\u00bb, al referirse a los aranceles establecidos por el presidente de EE.UU., Donald Trump, al pa\u00eds suramericano.<\/p><\/div>\n<\/div>\n<div><\/div>\n<div>El mensaje de Brasil a los \u00abaut\u00f3cratas\u00bb<br \/>\nTach\u00f3 de \u00abinaceptable\u00bb y de \u00abinterferencia en asuntos nacionales\u00bb la presi\u00f3n contra el sistema de Justicia, con referencia a las reacciones de los sectores de la derecha tras la sentencia al expresidente Jair Bolsonaro, \u00abpor haber atacado el sistema de derecho democr\u00e1tico\u00bb.<\/p>\n<p>\u00abAnte los ojos del mundo, Brasil envi\u00f3 un mensaje a los aut\u00f3cratas: &#8216;Nuestra democracia y soberan\u00eda no se regatean\u00bb, manifest\u00f3.<\/p>\n<p>Asimismo, dijo que \u00abla pobreza es tan enemiga de la democracia como lo es el extremismo\u00bb.<\/p><\/div>\n<div><\/div>\n<div><b>\u00abEl camino al di\u00e1logo no se le puede cerrar a Venezuela\u00bb<\/b><\/div>\n<div><b><br \/>\n<\/b>El mandatario suramericano afirm\u00f3 que en Am\u00e9rica Latina y el Caribe hay un momento de \u00abpolarizaci\u00f3n e inestabilidad creciente\u00bb, por lo que mantener la regi\u00f3n como zona de paz una prioridad, libre de armas de destrucci\u00f3n masiva y sin conflictos \u00e9tnicos ni religiosos.<\/p>\n<p>En su punto de vista, \u00abla manera m\u00e1s eficaz de luchar contra el narcotr\u00e1fico es cooperar para reprimir el lavado de dinero y constre\u00f1ir el comercio de armas\u00bb.<\/p>\n<p>\u00abEl camino al di\u00e1logo no se le debe cerrar a Venezuela\u00bb, manifest\u00f3 y agreg\u00f3 que es \u00abinaceptable\u00bb que Cuba se encuentre en la lista de pa\u00edses que patrocinan en terrorismo. Asimismo, alert\u00f3 sobre el uso desproporcionado de la fuerza en Palestina y expres\u00f3 que \u00abnada justifica el actual genocidio en Gaza\u00bb.<\/p><\/div>\n<div><\/div>\n<div><b>\u00abEl pueblo palestino corre el riesgo de desaparecer\u00bb<\/b><\/div>\n<div><b><br \/>\n<\/b>\u00abEn Gaza, bajo toneladas de escombros, se encuentran sepultadas decenas de miles de mujeres y ni\u00f1os inocentes, al igual que el derecho internacional y \u00abel mito del excepcionalismo \u00e9tico de Occidente\u00bb.<\/p>\n<p>El jefe de Estado de Brasil tambi\u00e9n expres\u00f3 que \u00abel pueblo palestino corre el riesgo de desaparecer\u00bb y a\u00f1adi\u00f3 que solo ser\u00e1 posible que sobreviva si tiene un Estado independiente integrado a la comunidad internacional, como lo defienden m\u00e1s de 150 Estados miembros de Naciones Unidas.<\/p>\n<p>Da Silva dijo que el grupo de amigos que establecieron China y Brasil \u00abpuede ayudar a promover el di\u00e1logo\u00bb y sostuvo que ni las bombas ni las armas nucleares proteger\u00e1n al mundo de la crisis clim\u00e1tica.<\/p>\n<p>Anteriormente, el mandatario brasile\u00f1o ha subrayado en repetidas ocasiones el papel de los pa\u00edses en desarrollo, la reforma de organismos internacionales y el reconocimiento de Palestina como Estado, as\u00ed como ha denunciado la crisis clim\u00e1tica y la desigualdad.<\/p>\n<p>El gigante latinoamericano fue uno de los primeros pa\u00edses del continente en reconocer el Estado palestino, en 2010, dentro de las fronteras de 1967, que incluye la Franja de Gaza y Cisjordania, con Jerusal\u00e9n Oriental como su capital.<\/p><\/div>\n<div><\/div>\n<div>Entre las cuestiones pendientes que se plantean durante la 80.\u00aa Asamblea General de la ONU, que este a\u00f1o se celebra entre el 21 y el 26 de septiembre en Nueva York, se encuentran la situaci\u00f3n en la Franja de Gaza y el Estado Palestino, Ucrania, Sud\u00e1n y otros conflictos armados, junto con el cambio clim\u00e1tico, la igualdad de la mujer y la inteligencia artificial. Se espera que el evento sea uno de los m\u00e1s importantes para la organizaci\u00f3n de las \u00faltimas d\u00e9cadas.<br \/>\nRepresentantes de los 193 Estados miembros de la ONU, junto con dos delegaciones de observadores, toman la palabra durante el debate general que ha arrancado este martes 23 de septiembre. Los ponentes cuentan con un l\u00edmite de 15 minutos.<\/div>\n<div class=\"pvc_clear\"><\/div>\n<p id=\"pvc_stats_30442\" class=\"pvc_stats all  \" data-element-id=\"30442\" style=\"\"><i class=\"pvc-stats-icon large\" aria-hidden=\"true\"><svg xmlns=\"http:\/\/www.w3.org\/2000\/svg\" version=\"1.0\" viewBox=\"0 0 502 315\" preserveAspectRatio=\"xMidYMid meet\"><g transform=\"translate(0,332) scale(0.1,-0.1)\" fill=\"\" stroke=\"none\"><path d=\"M2394 3279 l-29 -30 -3 -207 c-2 -182 0 -211 15 -242 39 -76 157 -76 196 0 15 31 17 60 15 243 l-3 209 -33 29 c-26 23 -41 29 -80 29 -41 0 -53 -5 -78 -31z\"\/><path d=\"M3085 3251 c-45 -19 -58 -50 -96 -229 -47 -217 -49 -260 -13 -295 52 -53 146 -42 177 20 16 31 87 366 87 410 0 70 -86 122 -155 94z\"\/><path d=\"M1751 3234 c-13 -9 -29 -31 -37 -50 -12 -29 -10 -49 21 -204 19 -94 39 -189 45 -210 14 -50 54 -80 110 -80 34 0 48 6 76 34 21 21 34 44 34 59 0 14 -18 113 -40 219 -37 178 -43 195 -70 221 -36 32 -101 37 -139 11z\"\/><path d=\"M1163 3073 c-36 -7 -73 -59 -73 -102 0 -56 133 -378 171 -413 34 -32 83 -37 129 -13 70 36 67 87 -16 290 -86 209 -89 214 -129 231 -35 14 -42 15 -82 7z\"\/><path d=\"M3689 3066 c-15 -9 -33 -30 -42 -48 -48 -103 -147 -355 -147 -375 0 -98 131 -148 192 -74 13 15 57 108 97 206 80 196 84 226 37 273 -30 30 -99 39 -137 18z\"\/><path d=\"M583 2784 c-38 -19 -67 -74 -58 -113 9 -42 211 -354 242 -373 16 -10 45 -18 66 -18 51 0 107 52 107 100 0 39 -1 41 -124 234 -80 126 -108 162 -133 173 -41 17 -61 16 -100 -3z\"\/><path d=\"M4250 2784 c-14 -9 -74 -91 -133 -183 -95 -150 -107 -173 -107 -213 0 -55 33 -94 87 -104 67 -13 90 8 211 198 130 202 137 225 78 284 -27 27 -42 34 -72 34 -22 0 -50 -8 -64 -16z\"\/><path d=\"M2275 2693 c-553 -48 -1095 -270 -1585 -649 -135 -104 -459 -423 -483 -476 -23 -49 -22 -139 2 -186 73 -142 361 -457 571 -626 285 -228 642 -407 990 -497 242 -63 336 -73 660 -74 310 0 370 5 595 52 535 111 1045 392 1455 803 122 121 250 273 275 326 19 41 19 137 0 174 -41 79 -309 363 -465 492 -447 370 -946 591 -1479 653 -113 14 -422 18 -536 8z m395 -428 c171 -34 330 -124 456 -258 112 -119 167 -219 211 -378 27 -96 24 -300 -5 -401 -72 -255 -236 -447 -474 -557 -132 -62 -201 -76 -368 -76 -167 0 -236 14 -368 76 -213 98 -373 271 -451 485 -162 444 86 934 547 1084 153 49 292 57 452 25z m909 -232 c222 -123 408 -262 593 -441 76 -74 138 -139 138 -144 0 -16 -233 -242 -330 -319 -155 -123 -309 -223 -461 -299 l-81 -41 32 46 c18 26 49 83 70 128 143 306 141 649 -6 957 -25 52 -61 116 -79 142 l-34 47 45 -20 c26 -10 76 -36 113 -56z m-2057 25 c-40 -58 -105 -190 -130 -263 -110 -324 -59 -707 132 -981 25 -35 42 -64 37 -64 -19 0 -241 119 -326 174 -188 122 -406 314 -532 468 l-58 71 108 103 c185 178 428 349 672 473 66 33 121 60 123 61 2 0 -10 -19 -26 -42z\"\/><path d=\"M2375 1950 c-198 -44 -350 -190 -395 -379 -18 -76 -8 -221 19 -290 114 -284 457 -406 731 -260 98 52 188 154 231 260 27 69 37 214 19 290 -38 163 -166 304 -326 360 -67 23 -215 33 -279 19z\"\/><\/g><\/svg><\/i> <img decoding=\"async\" width=\"16\" height=\"16\" alt=\"Loading\" src=\"https:\/\/esviafm.com\/wp-content\/plugins\/page-views-count\/ajax-loader-2x.gif\" border=0 \/><\/p>\n<div class=\"pvc_clear\"><\/div>\n","protected":false},"excerpt":{"rendered":"<p>El presidente de Brasil, Luiz In\u00e1cio Lula da Silva, particip\u00f3 este martes en el primer d\u00eda del debate general de la 80.\u00aa sesi\u00f3n de la Asamblea General de las Naciones Unidas, al ser tradicionalmente el primer ponente no solo del Sur Global, sino del evento. En su intervenci\u00f3n, el jefe de Estado de Brasil afirm\u00f3 [&hellip;]<\/p>\n<div class=\"pvc_clear\"><\/div>\n<p id=\"pvc_stats_30442\" class=\"pvc_stats all  \" data-element-id=\"30442\" style=\"\"><i class=\"pvc-stats-icon large\" aria-hidden=\"true\"><svg xmlns=\"http:\/\/www.w3.org\/2000\/svg\" version=\"1.0\" viewBox=\"0 0 502 315\" preserveAspectRatio=\"xMidYMid meet\"><g transform=\"translate(0,332) scale(0.1,-0.1)\" fill=\"\" stroke=\"none\"><path d=\"M2394 3279 l-29 -30 -3 -207 c-2 -182 0 -211 15 -242 39 -76 157 -76 196 0 15 31 17 60 15 243 l-3 209 -33 29 c-26 23 -41 29 -80 29 -41 0 -53 -5 -78 -31z\"\/><path d=\"M3085 3251 c-45 -19 -58 -50 -96 -229 -47 -217 -49 -260 -13 -295 52 -53 146 -42 177 20 16 31 87 366 87 410 0 70 -86 122 -155 94z\"\/><path d=\"M1751 3234 c-13 -9 -29 -31 -37 -50 -12 -29 -10 -49 21 -204 19 -94 39 -189 45 -210 14 -50 54 -80 110 -80 34 0 48 6 76 34 21 21 34 44 34 59 0 14 -18 113 -40 219 -37 178 -43 195 -70 221 -36 32 -101 37 -139 11z\"\/><path d=\"M1163 3073 c-36 -7 -73 -59 -73 -102 0 -56 133 -378 171 -413 34 -32 83 -37 129 -13 70 36 67 87 -16 290 -86 209 -89 214 -129 231 -35 14 -42 15 -82 7z\"\/><path d=\"M3689 3066 c-15 -9 -33 -30 -42 -48 -48 -103 -147 -355 -147 -375 0 -98 131 -148 192 -74 13 15 57 108 97 206 80 196 84 226 37 273 -30 30 -99 39 -137 18z\"\/><path d=\"M583 2784 c-38 -19 -67 -74 -58 -113 9 -42 211 -354 242 -373 16 -10 45 -18 66 -18 51 0 107 52 107 100 0 39 -1 41 -124 234 -80 126 -108 162 -133 173 -41 17 -61 16 -100 -3z\"\/><path d=\"M4250 2784 c-14 -9 -74 -91 -133 -183 -95 -150 -107 -173 -107 -213 0 -55 33 -94 87 -104 67 -13 90 8 211 198 130 202 137 225 78 284 -27 27 -42 34 -72 34 -22 0 -50 -8 -64 -16z\"\/><path d=\"M2275 2693 c-553 -48 -1095 -270 -1585 -649 -135 -104 -459 -423 -483 -476 -23 -49 -22 -139 2 -186 73 -142 361 -457 571 -626 285 -228 642 -407 990 -497 242 -63 336 -73 660 -74 310 0 370 5 595 52 535 111 1045 392 1455 803 122 121 250 273 275 326 19 41 19 137 0 174 -41 79 -309 363 -465 492 -447 370 -946 591 -1479 653 -113 14 -422 18 -536 8z m395 -428 c171 -34 330 -124 456 -258 112 -119 167 -219 211 -378 27 -96 24 -300 -5 -401 -72 -255 -236 -447 -474 -557 -132 -62 -201 -76 -368 -76 -167 0 -236 14 -368 76 -213 98 -373 271 -451 485 -162 444 86 934 547 1084 153 49 292 57 452 25z m909 -232 c222 -123 408 -262 593 -441 76 -74 138 -139 138 -144 0 -16 -233 -242 -330 -319 -155 -123 -309 -223 -461 -299 l-81 -41 32 46 c18 26 49 83 70 128 143 306 141 649 -6 957 -25 52 -61 116 -79 142 l-34 47 45 -20 c26 -10 76 -36 113 -56z m-2057 25 c-40 -58 -105 -190 -130 -263 -110 -324 -59 -707 132 -981 25 -35 42 -64 37 -64 -19 0 -241 119 -326 174 -188 122 -406 314 -532 468 l-58 71 108 103 c185 178 428 349 672 473 66 33 121 60 123 61 2 0 -10 -19 -26 -42z\"\/><path d=\"M2375 1950 c-198 -44 -350 -190 -395 -379 -18 -76 -8 -221 19 -290 114 -284 457 -406 731 -260 98 52 188 154 231 260 27 69 37 214 19 290 -38 163 -166 304 -326 360 -67 23 -215 33 -279 19z\"\/><\/g><\/svg><\/i> <img decoding=\"async\" width=\"16\" height=\"16\" alt=\"Loading\" src=\"https:\/\/esviafm.com\/wp-content\/plugins\/page-views-count\/ajax-loader-2x.gif\" border=0 \/><\/p>\n<div class=\"pvc_clear\"><\/div>\n","protected":false},"author":5,"featured_media":0,"comment_status":"open","ping_status":"open","sticky":false,"template":"","format":"standard","meta":{"_et_pb_use_builder":"","_et_pb_old_content":"","_et_gb_content_width":"","footnotes":""},"categories":[17],"tags":[],"class_list":["post-30442","post","type-post","status-publish","format-standard","hentry","category-internacionales"],"_links":{"self":[{"href":"https:\/\/esviafm.com\/index.php\/wp-json\/wp\/v2\/posts\/30442","targetHints":{"allow":["GET"]}}],"collection":[{"href":"https:\/\/esviafm.com\/index.php\/wp-json\/wp\/v2\/posts"}],"about":[{"href":"https:\/\/esviafm.com\/index.php\/wp-json\/wp\/v2\/types\/post"}],"author":[{"embeddable":true,"href":"https:\/\/esviafm.com\/index.php\/wp-json\/wp\/v2\/users\/5"}],"replies":[{"embeddable":true,"href":"https:\/\/esviafm.com\/index.php\/wp-json\/wp\/v2\/comments?post=30442"}],"version-history":[{"count":1,"href":"https:\/\/esviafm.com\/index.php\/wp-json\/wp\/v2\/posts\/30442\/revisions"}],"predecessor-version":[{"id":30445,"href":"https:\/\/esviafm.com\/index.php\/wp-json\/wp\/v2\/posts\/30442\/revisions\/30445"}],"wp:attachment":[{"href":"https:\/\/esviafm.com\/index.php\/wp-json\/wp\/v2\/media?parent=30442"}],"wp:term":[{"taxonomy":"category","embeddable":true,"href":"https:\/\/esviafm.com\/index.php\/wp-json\/wp\/v2\/categories?post=30442"},{"taxonomy":"post_tag","embeddable":true,"href":"https:\/\/esviafm.com\/index.php\/wp-json\/wp\/v2\/tags?post=30442"}],"curies":[{"name":"wp","href":"https:\/\/api.w.org\/{rel}","templated":true}]}}