{"id":30409,"date":"2025-09-24T06:31:32","date_gmt":"2025-09-24T11:01:32","guid":{"rendered":"https:\/\/esviafm.com\/?p=30409"},"modified":"2025-09-24T06:31:32","modified_gmt":"2025-09-24T11:01:32","slug":"celac-condena-amenazas-de-eeuu-hacia-venezuela","status":"publish","type":"post","link":"https:\/\/esviafm.com\/index.php\/celac-condena-amenazas-de-eeuu-hacia-venezuela\/","title":{"rendered":"Celac condena amenazas de EEUU hacia Venezuela"},"content":{"rendered":"<p>Este lunes 22 de septiembre, se llev\u00f3 a cabo una reuni\u00f3n con los ministros de Relaciones Exteriores de la<strong>\u00a0<\/strong>Comunidad de Estados Latinoamericanos y Caribe\u00f1os\u00a0(Celac) en Nueva York, en el que condenaron las amenazas de EEUU contra Venezuela y el despliegue militar en el mar Caribe.<\/p>\n<p>En el marco del\u00a080 per\u00edodo de sesiones\u00a0de la Asamblea General de la Organizaci\u00f3n de las Naciones Unidas<strong>\u00a0<\/strong>(ONU), la Celac resalt\u00f3\u00a0fortalecer el multilateralismo y reafirmar la regi\u00f3n como una Zona de Paz.<\/p>\n<p>El encuentro entre cancilleres fue liderado por la representante de Relaciones Exteriores de Colombia, Rosa Yolanda Villavicencio, en ejercicio de la presidencia pro tempore de la Celac, con el fin de unificar la voz de Am\u00e9rica Latina y el Caribe en favor de la\u00a0convivencia pac\u00edfica, cooperaci\u00f3n, integraci\u00f3n y el respeto mutuo entre las naciones.<\/p>\n<p>De acuerdo con informaci\u00f3n de Telesur, el tema central de este encuentro fue el rechazo al despliegue militar de Estados Unidos en el sur del Mar Caribe. Los cancilleres tambi\u00e9n abordaron temas clave de la agenda regional como la transici\u00f3n energ\u00e9tica, la seguridad alimentaria, la gesti\u00f3n de riesgos y la migraci\u00f3n.<\/p>\n<h2 class=\"wp-block-heading\">Voces de apoyo a Venezuela<\/h2>\n<p>El canciller de Cuba, Bruno Rodr\u00edguez, particip\u00f3 en este encuentro en el que ratific\u00f3 la disposici\u00f3n de la mayor de las Antillas de continuar\u00a0\u201ccolaborando con trabajos de la Comunidad para impulsar avances en \u00e1reas de inter\u00e9s regional, con impactos en desarrollo y bienestar de nuestros pueblos\u201d.<\/p>\n<p>Otros representantes de la regi\u00f3n, como el canciller mexicano Juan Ram\u00f3n de la Fuente y el ministro brasile\u00f1o Mauro Vieira, coincidieron en la preocupaci\u00f3n por la injerencia militar extranjera. De la Fuente subray\u00f3 que Am\u00e9rica Latina debe ser preservada como un territorio de paz, bas\u00e1ndose en\u00a0el respeto a la soberan\u00eda, la integridad territorial y el derecho internacional.<\/p>\n<p>Adem\u00e1s de la situaci\u00f3n geopol\u00edtica, los cancilleres avanzaron en la planificaci\u00f3n de la IV Cumbre CELAC-Uni\u00f3n Europea, que se celebrar\u00e1 los d\u00edas 9 y 10 de noviembre.\u00a0Los l\u00edderes regionales expresaron su apoyo a la cumbre y a la Declaraci\u00f3n de Santa Marta, actualmente en negociaci\u00f3n.<\/p>\n<p>La ministra de Relaciones Exteriores de Bolivia, Celinda Sosa, tambi\u00e9n particip\u00f3 de este encuentro de cancilleres CELAC, donde expres\u00f3 la<strong>\u00a0<\/strong>solidaridad de Bolivia con el pueblo y el Gobierno de Venezuela, as\u00ed como con Palestina, en defensa de la paz, la soberan\u00eda y la dignidad de los pueblos.<\/p>\n<p>En su intervenci\u00f3n, Sosa denunci\u00f3 las medidas de hostigamiento por parte de Estados Unidos contra Venezuela: \u201cPoner precio a la captura de un presidente constitucional es una afrenta a la democracia y a la soberan\u00eda. Llenar nuestros mares de buques de guerra es una acci\u00f3n colonialista que no podemos aceptar\u201d,\u00a0afirm\u00f3 la funcionaria boliviana.<\/p>\n<p>Por su parte, Carlos Ramiro Mart\u00ednez Alvarado, canciller de Guatemala, agradeci\u00f3 a la Presidencia pro tempore de Colombia por la convocatoria y destac\u00f3 los avances del Plan de Trabajo 2025, consider\u00e1ndolo clave para impulsar una agenda regional pragm\u00e1tica y de resultados.<\/p>\n<p>Mart\u00ednez Alvarado subray\u00f3 la importancia de la cohesi\u00f3n interna de la Comunidad, la concertaci\u00f3n pol\u00edtica y la construcci\u00f3n de consensos, adem\u00e1s de reafirmar su compromiso con la\u00a0cooperaci\u00f3n en \u00e1reas como la innovaci\u00f3n tecnol\u00f3gica.<\/p>\n<p>La reuni\u00f3n tambi\u00e9n sirvi\u00f3 para abordar otros asuntos de coyuntura, como la situaci\u00f3n en Hait\u00ed. Los cancilleres\u00a0reafirmaron el compromiso de sus naciones con el bienestar de los pueblos latinoamericanos y caribe\u00f1os.<\/p>\n<p><a href=\"https:\/\/ultimasnoticias.com.ve\/politica\/canciller-gil-expone-verdad-de-venezuela-en-reunion-de-la-celac\/\">El ministro para Relaciones Exteriores de Venezuela, Yv\u00e1n Gil<\/a>, acot\u00f3 en la reuni\u00f3n, que actualmente se viven momentos dif\u00edciles en la geopol\u00edtica mundial, y pareciera que la legalidad internacional es \u00abviolada de manera sistem\u00e1tica por los poderosos\u00bb. Abord\u00f3 la amenaza que existe a la zona de paz proclamada por esa comunidad en 2014, y agradeci\u00f3 el pronunciamiento un\u00e1nime de las delegaciones en defensa de tal proclama.<\/p>\n<p>\u00abEn semanas recientes hemos visto c\u00f3mo el despliegue militar, promovido desde ciertos sectores de Estados Unidos, se ha convertido en la mayor amenaza contra la zona de paz de Am\u00e9rica Latina y el Caribe, que dir\u00edamos desde la reconocida crisis de los misiles de los a\u00f1os 60, incluso con el despliegue en este momento de un submarino nuclear en esta \u00e1rea\u00bb, explic\u00f3.<\/p>\n<p>Recalc\u00f3 que esta acci\u00f3n no solo amenaza la paz y la estabilidad de Venezuela, sino que tambi\u00e9n lo representa para la de toda la regi\u00f3n.<\/p>\n<div class=\"pvc_clear\"><\/div>\n<p id=\"pvc_stats_30409\" class=\"pvc_stats all  \" data-element-id=\"30409\" style=\"\"><i class=\"pvc-stats-icon large\" aria-hidden=\"true\"><svg xmlns=\"http:\/\/www.w3.org\/2000\/svg\" version=\"1.0\" viewBox=\"0 0 502 315\" preserveAspectRatio=\"xMidYMid meet\"><g transform=\"translate(0,332) scale(0.1,-0.1)\" fill=\"\" stroke=\"none\"><path d=\"M2394 3279 l-29 -30 -3 -207 c-2 -182 0 -211 15 -242 39 -76 157 -76 196 0 15 31 17 60 15 243 l-3 209 -33 29 c-26 23 -41 29 -80 29 -41 0 -53 -5 -78 -31z\"\/><path d=\"M3085 3251 c-45 -19 -58 -50 -96 -229 -47 -217 -49 -260 -13 -295 52 -53 146 -42 177 20 16 31 87 366 87 410 0 70 -86 122 -155 94z\"\/><path d=\"M1751 3234 c-13 -9 -29 -31 -37 -50 -12 -29 -10 -49 21 -204 19 -94 39 -189 45 -210 14 -50 54 -80 110 -80 34 0 48 6 76 34 21 21 34 44 34 59 0 14 -18 113 -40 219 -37 178 -43 195 -70 221 -36 32 -101 37 -139 11z\"\/><path d=\"M1163 3073 c-36 -7 -73 -59 -73 -102 0 -56 133 -378 171 -413 34 -32 83 -37 129 -13 70 36 67 87 -16 290 -86 209 -89 214 -129 231 -35 14 -42 15 -82 7z\"\/><path d=\"M3689 3066 c-15 -9 -33 -30 -42 -48 -48 -103 -147 -355 -147 -375 0 -98 131 -148 192 -74 13 15 57 108 97 206 80 196 84 226 37 273 -30 30 -99 39 -137 18z\"\/><path d=\"M583 2784 c-38 -19 -67 -74 -58 -113 9 -42 211 -354 242 -373 16 -10 45 -18 66 -18 51 0 107 52 107 100 0 39 -1 41 -124 234 -80 126 -108 162 -133 173 -41 17 -61 16 -100 -3z\"\/><path d=\"M4250 2784 c-14 -9 -74 -91 -133 -183 -95 -150 -107 -173 -107 -213 0 -55 33 -94 87 -104 67 -13 90 8 211 198 130 202 137 225 78 284 -27 27 -42 34 -72 34 -22 0 -50 -8 -64 -16z\"\/><path d=\"M2275 2693 c-553 -48 -1095 -270 -1585 -649 -135 -104 -459 -423 -483 -476 -23 -49 -22 -139 2 -186 73 -142 361 -457 571 -626 285 -228 642 -407 990 -497 242 -63 336 -73 660 -74 310 0 370 5 595 52 535 111 1045 392 1455 803 122 121 250 273 275 326 19 41 19 137 0 174 -41 79 -309 363 -465 492 -447 370 -946 591 -1479 653 -113 14 -422 18 -536 8z m395 -428 c171 -34 330 -124 456 -258 112 -119 167 -219 211 -378 27 -96 24 -300 -5 -401 -72 -255 -236 -447 -474 -557 -132 -62 -201 -76 -368 -76 -167 0 -236 14 -368 76 -213 98 -373 271 -451 485 -162 444 86 934 547 1084 153 49 292 57 452 25z m909 -232 c222 -123 408 -262 593 -441 76 -74 138 -139 138 -144 0 -16 -233 -242 -330 -319 -155 -123 -309 -223 -461 -299 l-81 -41 32 46 c18 26 49 83 70 128 143 306 141 649 -6 957 -25 52 -61 116 -79 142 l-34 47 45 -20 c26 -10 76 -36 113 -56z m-2057 25 c-40 -58 -105 -190 -130 -263 -110 -324 -59 -707 132 -981 25 -35 42 -64 37 -64 -19 0 -241 119 -326 174 -188 122 -406 314 -532 468 l-58 71 108 103 c185 178 428 349 672 473 66 33 121 60 123 61 2 0 -10 -19 -26 -42z\"\/><path d=\"M2375 1950 c-198 -44 -350 -190 -395 -379 -18 -76 -8 -221 19 -290 114 -284 457 -406 731 -260 98 52 188 154 231 260 27 69 37 214 19 290 -38 163 -166 304 -326 360 -67 23 -215 33 -279 19z\"\/><\/g><\/svg><\/i> <img decoding=\"async\" width=\"16\" height=\"16\" alt=\"Loading\" src=\"https:\/\/esviafm.com\/wp-content\/plugins\/page-views-count\/ajax-loader-2x.gif\" border=0 \/><\/p>\n<div class=\"pvc_clear\"><\/div>\n","protected":false},"excerpt":{"rendered":"<p>Este lunes 22 de septiembre, se llev\u00f3 a cabo una reuni\u00f3n con los ministros de Relaciones Exteriores de la\u00a0Comunidad de Estados Latinoamericanos y Caribe\u00f1os\u00a0(Celac) en Nueva York, en el que condenaron las amenazas de EEUU contra Venezuela y el despliegue militar en el mar Caribe. En el marco del\u00a080 per\u00edodo de sesiones\u00a0de la Asamblea General [&hellip;]<\/p>\n<div class=\"pvc_clear\"><\/div>\n<p id=\"pvc_stats_30409\" class=\"pvc_stats all  \" data-element-id=\"30409\" style=\"\"><i class=\"pvc-stats-icon large\" aria-hidden=\"true\"><svg xmlns=\"http:\/\/www.w3.org\/2000\/svg\" version=\"1.0\" viewBox=\"0 0 502 315\" preserveAspectRatio=\"xMidYMid meet\"><g transform=\"translate(0,332) scale(0.1,-0.1)\" fill=\"\" stroke=\"none\"><path d=\"M2394 3279 l-29 -30 -3 -207 c-2 -182 0 -211 15 -242 39 -76 157 -76 196 0 15 31 17 60 15 243 l-3 209 -33 29 c-26 23 -41 29 -80 29 -41 0 -53 -5 -78 -31z\"\/><path d=\"M3085 3251 c-45 -19 -58 -50 -96 -229 -47 -217 -49 -260 -13 -295 52 -53 146 -42 177 20 16 31 87 366 87 410 0 70 -86 122 -155 94z\"\/><path d=\"M1751 3234 c-13 -9 -29 -31 -37 -50 -12 -29 -10 -49 21 -204 19 -94 39 -189 45 -210 14 -50 54 -80 110 -80 34 0 48 6 76 34 21 21 34 44 34 59 0 14 -18 113 -40 219 -37 178 -43 195 -70 221 -36 32 -101 37 -139 11z\"\/><path d=\"M1163 3073 c-36 -7 -73 -59 -73 -102 0 -56 133 -378 171 -413 34 -32 83 -37 129 -13 70 36 67 87 -16 290 -86 209 -89 214 -129 231 -35 14 -42 15 -82 7z\"\/><path d=\"M3689 3066 c-15 -9 -33 -30 -42 -48 -48 -103 -147 -355 -147 -375 0 -98 131 -148 192 -74 13 15 57 108 97 206 80 196 84 226 37 273 -30 30 -99 39 -137 18z\"\/><path d=\"M583 2784 c-38 -19 -67 -74 -58 -113 9 -42 211 -354 242 -373 16 -10 45 -18 66 -18 51 0 107 52 107 100 0 39 -1 41 -124 234 -80 126 -108 162 -133 173 -41 17 -61 16 -100 -3z\"\/><path d=\"M4250 2784 c-14 -9 -74 -91 -133 -183 -95 -150 -107 -173 -107 -213 0 -55 33 -94 87 -104 67 -13 90 8 211 198 130 202 137 225 78 284 -27 27 -42 34 -72 34 -22 0 -50 -8 -64 -16z\"\/><path d=\"M2275 2693 c-553 -48 -1095 -270 -1585 -649 -135 -104 -459 -423 -483 -476 -23 -49 -22 -139 2 -186 73 -142 361 -457 571 -626 285 -228 642 -407 990 -497 242 -63 336 -73 660 -74 310 0 370 5 595 52 535 111 1045 392 1455 803 122 121 250 273 275 326 19 41 19 137 0 174 -41 79 -309 363 -465 492 -447 370 -946 591 -1479 653 -113 14 -422 18 -536 8z m395 -428 c171 -34 330 -124 456 -258 112 -119 167 -219 211 -378 27 -96 24 -300 -5 -401 -72 -255 -236 -447 -474 -557 -132 -62 -201 -76 -368 -76 -167 0 -236 14 -368 76 -213 98 -373 271 -451 485 -162 444 86 934 547 1084 153 49 292 57 452 25z m909 -232 c222 -123 408 -262 593 -441 76 -74 138 -139 138 -144 0 -16 -233 -242 -330 -319 -155 -123 -309 -223 -461 -299 l-81 -41 32 46 c18 26 49 83 70 128 143 306 141 649 -6 957 -25 52 -61 116 -79 142 l-34 47 45 -20 c26 -10 76 -36 113 -56z m-2057 25 c-40 -58 -105 -190 -130 -263 -110 -324 -59 -707 132 -981 25 -35 42 -64 37 -64 -19 0 -241 119 -326 174 -188 122 -406 314 -532 468 l-58 71 108 103 c185 178 428 349 672 473 66 33 121 60 123 61 2 0 -10 -19 -26 -42z\"\/><path d=\"M2375 1950 c-198 -44 -350 -190 -395 -379 -18 -76 -8 -221 19 -290 114 -284 457 -406 731 -260 98 52 188 154 231 260 27 69 37 214 19 290 -38 163 -166 304 -326 360 -67 23 -215 33 -279 19z\"\/><\/g><\/svg><\/i> <img decoding=\"async\" width=\"16\" height=\"16\" alt=\"Loading\" src=\"https:\/\/esviafm.com\/wp-content\/plugins\/page-views-count\/ajax-loader-2x.gif\" border=0 \/><\/p>\n<div class=\"pvc_clear\"><\/div>\n","protected":false},"author":5,"featured_media":0,"comment_status":"open","ping_status":"open","sticky":false,"template":"","format":"standard","meta":{"_et_pb_use_builder":"","_et_pb_old_content":"","_et_gb_content_width":"","footnotes":""},"categories":[17],"tags":[],"class_list":["post-30409","post","type-post","status-publish","format-standard","hentry","category-internacionales"],"_links":{"self":[{"href":"https:\/\/esviafm.com\/index.php\/wp-json\/wp\/v2\/posts\/30409","targetHints":{"allow":["GET"]}}],"collection":[{"href":"https:\/\/esviafm.com\/index.php\/wp-json\/wp\/v2\/posts"}],"about":[{"href":"https:\/\/esviafm.com\/index.php\/wp-json\/wp\/v2\/types\/post"}],"author":[{"embeddable":true,"href":"https:\/\/esviafm.com\/index.php\/wp-json\/wp\/v2\/users\/5"}],"replies":[{"embeddable":true,"href":"https:\/\/esviafm.com\/index.php\/wp-json\/wp\/v2\/comments?post=30409"}],"version-history":[{"count":1,"href":"https:\/\/esviafm.com\/index.php\/wp-json\/wp\/v2\/posts\/30409\/revisions"}],"predecessor-version":[{"id":30411,"href":"https:\/\/esviafm.com\/index.php\/wp-json\/wp\/v2\/posts\/30409\/revisions\/30411"}],"wp:attachment":[{"href":"https:\/\/esviafm.com\/index.php\/wp-json\/wp\/v2\/media?parent=30409"}],"wp:term":[{"taxonomy":"category","embeddable":true,"href":"https:\/\/esviafm.com\/index.php\/wp-json\/wp\/v2\/categories?post=30409"},{"taxonomy":"post_tag","embeddable":true,"href":"https:\/\/esviafm.com\/index.php\/wp-json\/wp\/v2\/tags?post=30409"}],"curies":[{"name":"wp","href":"https:\/\/api.w.org\/{rel}","templated":true}]}}