{"id":30291,"date":"2025-09-22T06:43:38","date_gmt":"2025-09-22T11:13:38","guid":{"rendered":"https:\/\/esviafm.com\/?p=30291"},"modified":"2025-09-22T06:43:38","modified_gmt":"2025-09-22T11:13:38","slug":"la-corte-constitucional-de-ecuador-evaluara-el-referendo-impulsado-por-noboa-para-convocar-una-asamblea-constituyente","status":"publish","type":"post","link":"https:\/\/esviafm.com\/index.php\/la-corte-constitucional-de-ecuador-evaluara-el-referendo-impulsado-por-noboa-para-convocar-una-asamblea-constituyente\/","title":{"rendered":"La Corte Constitucional de Ecuador evaluar\u00e1 el referendo impulsado por Noboa para convocar una Asamblea Constituyente"},"content":{"rendered":"<p class=\"paragraph\">La<b>\u00a0Corte Constitucional de Ecuador<\/b>\u00a0admiti\u00f3 a tr\u00e1mite la evaluaci\u00f3n sobre la legalidad del\u00a0<b>referendo\u00a0<\/b>impulsado por el presidente\u00a0<b>Daniel Noboa<\/b>\u00a0para convocar a una<b>\u00a0Asamblea Constituyente<\/b>. Con esta decisi\u00f3n, el m\u00e1ximo tribunal del pa\u00eds abri\u00f3 el proceso de control constitucional de la propuesta, en un contexto de marcada confrontaci\u00f3n entre el Ejecutivo y la propia Corte.<\/p>\n<p class=\"paragraph\">El tribunal determin\u00f3 que la v\u00eda escogida por Noboa es la correcta para redactar una\u00a0<b>nueva Constituci\u00f3n<\/b>. Con ello, se dio paso al an\u00e1lisis formal de los considerandos, de la pregunta planteada y del estatuto que regir\u00eda la elecci\u00f3n, instalaci\u00f3n y funcionamiento de la eventual\u00a0<b>Asamblea Constituyente<\/b>. Este procedimiento se fundamenta en un decreto presidencial, el segundo emitido en pocos meses sobre el mismo tema, conforme a lo establecido en la normativa vigente.<\/p>\n<div>\n<div class=\"amp_visual_image\"><img decoding=\"async\" class=\"i-amphtml-fill-content i-amphtml-replaced-content\" src=\"https:\/\/www.infobae.com\/resizer\/v2\/L7NJNF5HAFBFLPXQLHJPO6QOMA.jpg?auth=67575f33f0df0ea1376afd3bebc3a9e71514ff22e089097e4b615de8957d3828&amp;smart=true&amp;width=350&amp;height=233&amp;quality=85\" sizes=\"(max-width: 1366px) 1366px, 100vw\" srcset=\"https:\/\/www.infobae.com\/resizer\/v2\/L7NJNF5HAFBFLPXQLHJPO6QOMA.jpg?auth=67575f33f0df0ea1376afd3bebc3a9e71514ff22e089097e4b615de8957d3828&amp;smart=true&amp;width=350&amp;height=233&amp;quality=85 350w, https:\/\/www.infobae.com\/resizer\/v2\/L7NJNF5HAFBFLPXQLHJPO6QOMA.jpg?auth=67575f33f0df0ea1376afd3bebc3a9e71514ff22e089097e4b615de8957d3828&amp;smart=true&amp;width=420&amp;height=280&amp;quality=85 420w, https:\/\/www.infobae.com\/resizer\/v2\/L7NJNF5HAFBFLPXQLHJPO6QOMA.jpg?auth=67575f33f0df0ea1376afd3bebc3a9e71514ff22e089097e4b615de8957d3828&amp;smart=true&amp;width=577&amp;height=385&amp;quality=85 577w, https:\/\/www.infobae.com\/resizer\/v2\/L7NJNF5HAFBFLPXQLHJPO6QOMA.jpg?auth=67575f33f0df0ea1376afd3bebc3a9e71514ff22e089097e4b615de8957d3828&amp;smart=true&amp;width=768&amp;height=512&amp;quality=85 768w, https:\/\/www.infobae.com\/resizer\/v2\/L7NJNF5HAFBFLPXQLHJPO6QOMA.jpg?auth=67575f33f0df0ea1376afd3bebc3a9e71514ff22e089097e4b615de8957d3828&amp;smart=true&amp;width=992&amp;height=661&amp;quality=85 992w\" alt=\"La Corte Constitucional de Ecuador\" data-amp-auto-lightbox-disable=\"true\" data-hero=\"true\" \/>La Corte Constitucional de Ecuador evaluar\u00e1 el referendo impulsado por Noboa para convocar una Asamblea Constituyente (EFE\/Jos\u00e9 J\u00e1come)<\/div>\n<\/div>\n<div class=\"inline ad-wrapper amp ad-amp\">\n<div class=\"i-amphtml-svc i-amphtml-loading-container i-amphtml-fill-content amp-hidden\">\n<div class=\"\">\n<div class=\"i-amphtml-new-loader i-amphtml-new-loader-size-default\">\n<div class=\"i-amphtml-new-loader-logo\">\n<div class=\"i-amphtml-new-loader-ad-logo\"><\/div>\n<\/div>\n<div class=\"i-amphtml-new-loader-spinner-wrapper\"><\/div>\n<\/div>\n<\/div>\n<\/div>\n<\/div>\n<p class=\"paragraph\">El dictamen preliminar, remitido al<b>\u00a0Consejo Nacional Electoral\u00a0<\/b>(CNE), establece que la Asamblea Constituyente tendr\u00eda la potestad exclusiva de elaborar y aprobar un proyecto de\u00a0<b>nueva Constituci\u00f3n<\/b>, el cual deber\u00e1 someterse posteriormente a referendo. Al mismo tiempo, la Corte record\u00f3 que el trabajo de la Constituyente debe respetar los l\u00edmites materiales del poder constituyente, entre ellos el reconocimiento de la dignidad humana, la observancia de los instrumentos internacionales de derechos humanos y el cumplimiento de las normas imperativas del derecho internacional.<\/p>\n<p class=\"paragraph\">En su resoluci\u00f3n, la Corte tambi\u00e9n advirti\u00f3 al presidente que toda iniciativa para convocar a una Asamblea Constituyente requiere, de manera previa y obligatoria, la presentaci\u00f3n de una solicitud debidamente motivada ante el tribunal.<\/p>\n<div>\n<div class=\"amp_visual_image\"><img decoding=\"async\" class=\"i-amphtml-fill-content i-amphtml-replaced-content\" src=\"https:\/\/www.infobae.com\/resizer\/v2\/2H3TVWPDS5GLBIXOFLSNSGRDC4.jpg?auth=ab9054b6843696dd8aea64017c7b8f129f6481600b18ea8066d9c9078fb56cd3&amp;smart=true&amp;width=350&amp;height=233&amp;quality=85\" sizes=\"(max-width: 1366px) 1366px, 100vw\" srcset=\"https:\/\/www.infobae.com\/resizer\/v2\/2H3TVWPDS5GLBIXOFLSNSGRDC4.jpg?auth=ab9054b6843696dd8aea64017c7b8f129f6481600b18ea8066d9c9078fb56cd3&amp;smart=true&amp;width=350&amp;height=233&amp;quality=85 350w, https:\/\/www.infobae.com\/resizer\/v2\/2H3TVWPDS5GLBIXOFLSNSGRDC4.jpg?auth=ab9054b6843696dd8aea64017c7b8f129f6481600b18ea8066d9c9078fb56cd3&amp;smart=true&amp;width=420&amp;height=280&amp;quality=85 420w, https:\/\/www.infobae.com\/resizer\/v2\/2H3TVWPDS5GLBIXOFLSNSGRDC4.jpg?auth=ab9054b6843696dd8aea64017c7b8f129f6481600b18ea8066d9c9078fb56cd3&amp;smart=true&amp;width=577&amp;height=385&amp;quality=85 577w, https:\/\/www.infobae.com\/resizer\/v2\/2H3TVWPDS5GLBIXOFLSNSGRDC4.jpg?auth=ab9054b6843696dd8aea64017c7b8f129f6481600b18ea8066d9c9078fb56cd3&amp;smart=true&amp;width=768&amp;height=512&amp;quality=85 768w, https:\/\/www.infobae.com\/resizer\/v2\/2H3TVWPDS5GLBIXOFLSNSGRDC4.jpg?auth=ab9054b6843696dd8aea64017c7b8f129f6481600b18ea8066d9c9078fb56cd3&amp;smart=true&amp;width=992&amp;height=661&amp;quality=85 992w\" alt=\"El tribunal determin\u00f3 que la\" data-amp-auto-lightbox-disable=\"true\" data-hero=\"true\" \/>El tribunal determin\u00f3 que la v\u00eda escogida por Noboa es la correcta para redactar una nueva Constituci\u00f3n<\/div>\n<\/div>\n<div>\n<div class=\"hide-only-es\">\n<div class=\"inline_2 ad-wrapper ad-mobile amp ad-amp\">\n<div class=\"i-amphtml-svc i-amphtml-loading-container i-amphtml-fill-content amp-hidden\">\n<div class=\"\">\n<div class=\"i-amphtml-new-loader i-amphtml-new-loader-size-default\">\n<div class=\"i-amphtml-new-loader-logo\">\n<div class=\"i-amphtml-new-loader-ad-logo\"><\/div>\n<\/div>\n<div class=\"i-amphtml-new-loader-spinner-wrapper\"><\/div>\n<\/div>\n<\/div>\n<\/div>\n<\/div>\n<\/div>\n<\/div>\n<p class=\"paragraph\">Este recordatorio respondi\u00f3 a la controversia generada cuando Noboa convoc\u00f3 directamente, por decreto, a un referendo para consultar a la ciudadan\u00eda sobre la\u00a0<b>instauraci\u00f3n de la Constituyente<\/b>, con el prop\u00f3sito de reemplazar la Carta Magna vigente desde el mandato de Rafael Correa (2007-2017), sin contar previamente con el aval del alto tribunal.<\/p>\n<p class=\"paragraph\">La convocatoria presidencial desat\u00f3 una serie de acciones legales y administrativas. Los\u00a0<b>jueces constitucionales\u00a0<\/b>admitieron a tr\u00e1mite cinco demandas de inconstitucionalidad y suspendieron temporalmente los efectos del decreto. En paralelo, el pleno del\u00a0<b>CNE\u00a0<\/b>declar\u00f3 el inicio del periodo electoral del referendo, pero evit\u00f3 pronunciarse sobre la pregunta relacionada con la Constituyente. Posteriormente, Noboa derog\u00f3 el decreto suspendido y emiti\u00f3 uno nuevo con el mismo contenido, en un intento de que el CNE procesara la propuesta sin esperar el pronunciamiento de la Corte Constitucional.<\/p>\n<div>\n<div class=\"amp_visual_image\"><img decoding=\"async\" class=\"i-amphtml-fill-content i-amphtml-replaced-content\" src=\"https:\/\/www.infobae.com\/resizer\/v2\/63S637PFBQWINBZMHLBQAVI2E4.jpg?auth=80ad0468d1872375b95f8cd0530f267e7a0ac3803144b1276190edcfa601d094&amp;smart=true&amp;width=350&amp;height=236&amp;quality=85\" sizes=\"(max-width: 1366px) 1366px, 100vw\" srcset=\"https:\/\/www.infobae.com\/resizer\/v2\/63S637PFBQWINBZMHLBQAVI2E4.jpg?auth=80ad0468d1872375b95f8cd0530f267e7a0ac3803144b1276190edcfa601d094&amp;smart=true&amp;width=350&amp;height=236&amp;quality=85 350w, https:\/\/www.infobae.com\/resizer\/v2\/63S637PFBQWINBZMHLBQAVI2E4.jpg?auth=80ad0468d1872375b95f8cd0530f267e7a0ac3803144b1276190edcfa601d094&amp;smart=true&amp;width=420&amp;height=283&amp;quality=85 420w, https:\/\/www.infobae.com\/resizer\/v2\/63S637PFBQWINBZMHLBQAVI2E4.jpg?auth=80ad0468d1872375b95f8cd0530f267e7a0ac3803144b1276190edcfa601d094&amp;smart=true&amp;width=577&amp;height=389&amp;quality=85 577w, https:\/\/www.infobae.com\/resizer\/v2\/63S637PFBQWINBZMHLBQAVI2E4.jpg?auth=80ad0468d1872375b95f8cd0530f267e7a0ac3803144b1276190edcfa601d094&amp;smart=true&amp;width=768&amp;height=517&amp;quality=85 768w, https:\/\/www.infobae.com\/resizer\/v2\/63S637PFBQWINBZMHLBQAVI2E4.jpg?auth=80ad0468d1872375b95f8cd0530f267e7a0ac3803144b1276190edcfa601d094&amp;smart=true&amp;width=992&amp;height=668&amp;quality=85 992w\" alt=\"La Corte tambi\u00e9n advirti\u00f3 al\" data-amp-auto-lightbox-disable=\"true\" data-hero=\"true\" \/>La Corte tambi\u00e9n advirti\u00f3 al presidente que toda iniciativa para convocar a una Asamblea Constituyente requiere, de manera previa y obligatoria, la presentaci\u00f3n de una solicitud debidamente motivada ante el tribunal (REUTERS\/David D\u00edaz Duque)<\/div>\n<\/div>\n<p class=\"paragraph\">El CNE, tras reinstalar sus sesiones, resolvi\u00f3 enviar nuevamente la pregunta al alto tribunal y pidi\u00f3 a los magistrados que emitan un dictamen con la mayor celeridad posible. Actualmente, el organismo electoral permanece a la espera de la decisi\u00f3n de la Corte para poder incluir la consulta en el referendo previsto para el\u00a0<b>16 de noviembre.\u00a0<\/b>Hasta el momento, solo dos preguntas han recibido el visto bueno para esa jornada: una sobre la\u00a0<b>reinstalaci\u00f3n de bases militares extranjeras\u00a0<\/b>y otra sobre la\u00a0<b>eliminaci\u00f3n del financiamiento p\u00fablico a las organizaciones pol\u00edticas.<\/b><\/p>\n<p class=\"paragraph\">La instauraci\u00f3n de una Asamblea Constituyente fue una de las principales banderas de campa\u00f1a de Daniel Noboa, quien tras asumir la presidencia en 2023 logr\u00f3 su reelecci\u00f3n para el periodo 2025-2029. Sin embargo, la iniciativa se desarrolla en medio de una relaci\u00f3n cada vez m\u00e1s tensa entre el mandatario y la Corte Constitucional. Desde el inicio de su gobierno, Noboa ha acusado al tribunal de ser \u201c<b>enemigo de la ciudadan\u00eda<\/b>\u201d, luego de que limitara varias leyes y estados de excepci\u00f3n promovidos por el Ejecutivo en los \u00faltimos meses.<\/p>\n<p class=\"paragraph\">En este clima de confrontaci\u00f3n, el alto tribunal ha rechazado cuatro de las preguntas propuestas por Noboa para el referendo, lo que motiv\u00f3 al presidente a encabezar dos marchas masivas en Quito y Guayaquil en protesta contra los magistrados.<\/p>\n<div class=\"pvc_clear\"><\/div>\n<p id=\"pvc_stats_30291\" class=\"pvc_stats all  \" data-element-id=\"30291\" style=\"\"><i class=\"pvc-stats-icon large\" aria-hidden=\"true\"><svg xmlns=\"http:\/\/www.w3.org\/2000\/svg\" version=\"1.0\" viewBox=\"0 0 502 315\" preserveAspectRatio=\"xMidYMid meet\"><g transform=\"translate(0,332) scale(0.1,-0.1)\" fill=\"\" stroke=\"none\"><path d=\"M2394 3279 l-29 -30 -3 -207 c-2 -182 0 -211 15 -242 39 -76 157 -76 196 0 15 31 17 60 15 243 l-3 209 -33 29 c-26 23 -41 29 -80 29 -41 0 -53 -5 -78 -31z\"\/><path d=\"M3085 3251 c-45 -19 -58 -50 -96 -229 -47 -217 -49 -260 -13 -295 52 -53 146 -42 177 20 16 31 87 366 87 410 0 70 -86 122 -155 94z\"\/><path d=\"M1751 3234 c-13 -9 -29 -31 -37 -50 -12 -29 -10 -49 21 -204 19 -94 39 -189 45 -210 14 -50 54 -80 110 -80 34 0 48 6 76 34 21 21 34 44 34 59 0 14 -18 113 -40 219 -37 178 -43 195 -70 221 -36 32 -101 37 -139 11z\"\/><path d=\"M1163 3073 c-36 -7 -73 -59 -73 -102 0 -56 133 -378 171 -413 34 -32 83 -37 129 -13 70 36 67 87 -16 290 -86 209 -89 214 -129 231 -35 14 -42 15 -82 7z\"\/><path d=\"M3689 3066 c-15 -9 -33 -30 -42 -48 -48 -103 -147 -355 -147 -375 0 -98 131 -148 192 -74 13 15 57 108 97 206 80 196 84 226 37 273 -30 30 -99 39 -137 18z\"\/><path d=\"M583 2784 c-38 -19 -67 -74 -58 -113 9 -42 211 -354 242 -373 16 -10 45 -18 66 -18 51 0 107 52 107 100 0 39 -1 41 -124 234 -80 126 -108 162 -133 173 -41 17 -61 16 -100 -3z\"\/><path d=\"M4250 2784 c-14 -9 -74 -91 -133 -183 -95 -150 -107 -173 -107 -213 0 -55 33 -94 87 -104 67 -13 90 8 211 198 130 202 137 225 78 284 -27 27 -42 34 -72 34 -22 0 -50 -8 -64 -16z\"\/><path d=\"M2275 2693 c-553 -48 -1095 -270 -1585 -649 -135 -104 -459 -423 -483 -476 -23 -49 -22 -139 2 -186 73 -142 361 -457 571 -626 285 -228 642 -407 990 -497 242 -63 336 -73 660 -74 310 0 370 5 595 52 535 111 1045 392 1455 803 122 121 250 273 275 326 19 41 19 137 0 174 -41 79 -309 363 -465 492 -447 370 -946 591 -1479 653 -113 14 -422 18 -536 8z m395 -428 c171 -34 330 -124 456 -258 112 -119 167 -219 211 -378 27 -96 24 -300 -5 -401 -72 -255 -236 -447 -474 -557 -132 -62 -201 -76 -368 -76 -167 0 -236 14 -368 76 -213 98 -373 271 -451 485 -162 444 86 934 547 1084 153 49 292 57 452 25z m909 -232 c222 -123 408 -262 593 -441 76 -74 138 -139 138 -144 0 -16 -233 -242 -330 -319 -155 -123 -309 -223 -461 -299 l-81 -41 32 46 c18 26 49 83 70 128 143 306 141 649 -6 957 -25 52 -61 116 -79 142 l-34 47 45 -20 c26 -10 76 -36 113 -56z m-2057 25 c-40 -58 -105 -190 -130 -263 -110 -324 -59 -707 132 -981 25 -35 42 -64 37 -64 -19 0 -241 119 -326 174 -188 122 -406 314 -532 468 l-58 71 108 103 c185 178 428 349 672 473 66 33 121 60 123 61 2 0 -10 -19 -26 -42z\"\/><path d=\"M2375 1950 c-198 -44 -350 -190 -395 -379 -18 -76 -8 -221 19 -290 114 -284 457 -406 731 -260 98 52 188 154 231 260 27 69 37 214 19 290 -38 163 -166 304 -326 360 -67 23 -215 33 -279 19z\"\/><\/g><\/svg><\/i> <img decoding=\"async\" width=\"16\" height=\"16\" alt=\"Loading\" src=\"https:\/\/esviafm.com\/wp-content\/plugins\/page-views-count\/ajax-loader-2x.gif\" border=0 \/><\/p>\n<div class=\"pvc_clear\"><\/div>\n","protected":false},"excerpt":{"rendered":"<p>La\u00a0Corte Constitucional de Ecuador\u00a0admiti\u00f3 a tr\u00e1mite la evaluaci\u00f3n sobre la legalidad del\u00a0referendo\u00a0impulsado por el presidente\u00a0Daniel Noboa\u00a0para convocar a una\u00a0Asamblea Constituyente. Con esta decisi\u00f3n, el m\u00e1ximo tribunal del pa\u00eds abri\u00f3 el proceso de control constitucional de la propuesta, en un contexto de marcada confrontaci\u00f3n entre el Ejecutivo y la propia Corte. El tribunal determin\u00f3 que la [&hellip;]<\/p>\n<div class=\"pvc_clear\"><\/div>\n<p id=\"pvc_stats_30291\" class=\"pvc_stats all  \" data-element-id=\"30291\" style=\"\"><i class=\"pvc-stats-icon large\" aria-hidden=\"true\"><svg xmlns=\"http:\/\/www.w3.org\/2000\/svg\" version=\"1.0\" viewBox=\"0 0 502 315\" preserveAspectRatio=\"xMidYMid meet\"><g transform=\"translate(0,332) scale(0.1,-0.1)\" fill=\"\" stroke=\"none\"><path d=\"M2394 3279 l-29 -30 -3 -207 c-2 -182 0 -211 15 -242 39 -76 157 -76 196 0 15 31 17 60 15 243 l-3 209 -33 29 c-26 23 -41 29 -80 29 -41 0 -53 -5 -78 -31z\"\/><path d=\"M3085 3251 c-45 -19 -58 -50 -96 -229 -47 -217 -49 -260 -13 -295 52 -53 146 -42 177 20 16 31 87 366 87 410 0 70 -86 122 -155 94z\"\/><path d=\"M1751 3234 c-13 -9 -29 -31 -37 -50 -12 -29 -10 -49 21 -204 19 -94 39 -189 45 -210 14 -50 54 -80 110 -80 34 0 48 6 76 34 21 21 34 44 34 59 0 14 -18 113 -40 219 -37 178 -43 195 -70 221 -36 32 -101 37 -139 11z\"\/><path d=\"M1163 3073 c-36 -7 -73 -59 -73 -102 0 -56 133 -378 171 -413 34 -32 83 -37 129 -13 70 36 67 87 -16 290 -86 209 -89 214 -129 231 -35 14 -42 15 -82 7z\"\/><path d=\"M3689 3066 c-15 -9 -33 -30 -42 -48 -48 -103 -147 -355 -147 -375 0 -98 131 -148 192 -74 13 15 57 108 97 206 80 196 84 226 37 273 -30 30 -99 39 -137 18z\"\/><path d=\"M583 2784 c-38 -19 -67 -74 -58 -113 9 -42 211 -354 242 -373 16 -10 45 -18 66 -18 51 0 107 52 107 100 0 39 -1 41 -124 234 -80 126 -108 162 -133 173 -41 17 -61 16 -100 -3z\"\/><path d=\"M4250 2784 c-14 -9 -74 -91 -133 -183 -95 -150 -107 -173 -107 -213 0 -55 33 -94 87 -104 67 -13 90 8 211 198 130 202 137 225 78 284 -27 27 -42 34 -72 34 -22 0 -50 -8 -64 -16z\"\/><path d=\"M2275 2693 c-553 -48 -1095 -270 -1585 -649 -135 -104 -459 -423 -483 -476 -23 -49 -22 -139 2 -186 73 -142 361 -457 571 -626 285 -228 642 -407 990 -497 242 -63 336 -73 660 -74 310 0 370 5 595 52 535 111 1045 392 1455 803 122 121 250 273 275 326 19 41 19 137 0 174 -41 79 -309 363 -465 492 -447 370 -946 591 -1479 653 -113 14 -422 18 -536 8z m395 -428 c171 -34 330 -124 456 -258 112 -119 167 -219 211 -378 27 -96 24 -300 -5 -401 -72 -255 -236 -447 -474 -557 -132 -62 -201 -76 -368 -76 -167 0 -236 14 -368 76 -213 98 -373 271 -451 485 -162 444 86 934 547 1084 153 49 292 57 452 25z m909 -232 c222 -123 408 -262 593 -441 76 -74 138 -139 138 -144 0 -16 -233 -242 -330 -319 -155 -123 -309 -223 -461 -299 l-81 -41 32 46 c18 26 49 83 70 128 143 306 141 649 -6 957 -25 52 -61 116 -79 142 l-34 47 45 -20 c26 -10 76 -36 113 -56z m-2057 25 c-40 -58 -105 -190 -130 -263 -110 -324 -59 -707 132 -981 25 -35 42 -64 37 -64 -19 0 -241 119 -326 174 -188 122 -406 314 -532 468 l-58 71 108 103 c185 178 428 349 672 473 66 33 121 60 123 61 2 0 -10 -19 -26 -42z\"\/><path d=\"M2375 1950 c-198 -44 -350 -190 -395 -379 -18 -76 -8 -221 19 -290 114 -284 457 -406 731 -260 98 52 188 154 231 260 27 69 37 214 19 290 -38 163 -166 304 -326 360 -67 23 -215 33 -279 19z\"\/><\/g><\/svg><\/i> <img decoding=\"async\" width=\"16\" height=\"16\" alt=\"Loading\" src=\"https:\/\/esviafm.com\/wp-content\/plugins\/page-views-count\/ajax-loader-2x.gif\" border=0 \/><\/p>\n<div class=\"pvc_clear\"><\/div>\n","protected":false},"author":5,"featured_media":0,"comment_status":"open","ping_status":"open","sticky":false,"template":"","format":"standard","meta":{"_et_pb_use_builder":"","_et_pb_old_content":"","_et_gb_content_width":"","footnotes":""},"categories":[17],"tags":[],"class_list":["post-30291","post","type-post","status-publish","format-standard","hentry","category-internacionales"],"_links":{"self":[{"href":"https:\/\/esviafm.com\/index.php\/wp-json\/wp\/v2\/posts\/30291","targetHints":{"allow":["GET"]}}],"collection":[{"href":"https:\/\/esviafm.com\/index.php\/wp-json\/wp\/v2\/posts"}],"about":[{"href":"https:\/\/esviafm.com\/index.php\/wp-json\/wp\/v2\/types\/post"}],"author":[{"embeddable":true,"href":"https:\/\/esviafm.com\/index.php\/wp-json\/wp\/v2\/users\/5"}],"replies":[{"embeddable":true,"href":"https:\/\/esviafm.com\/index.php\/wp-json\/wp\/v2\/comments?post=30291"}],"version-history":[{"count":1,"href":"https:\/\/esviafm.com\/index.php\/wp-json\/wp\/v2\/posts\/30291\/revisions"}],"predecessor-version":[{"id":30293,"href":"https:\/\/esviafm.com\/index.php\/wp-json\/wp\/v2\/posts\/30291\/revisions\/30293"}],"wp:attachment":[{"href":"https:\/\/esviafm.com\/index.php\/wp-json\/wp\/v2\/media?parent=30291"}],"wp:term":[{"taxonomy":"category","embeddable":true,"href":"https:\/\/esviafm.com\/index.php\/wp-json\/wp\/v2\/categories?post=30291"},{"taxonomy":"post_tag","embeddable":true,"href":"https:\/\/esviafm.com\/index.php\/wp-json\/wp\/v2\/tags?post=30291"}],"curies":[{"name":"wp","href":"https:\/\/api.w.org\/{rel}","templated":true}]}}