{"id":30057,"date":"2025-09-17T07:16:33","date_gmt":"2025-09-17T11:46:33","guid":{"rendered":"https:\/\/esviafm.com\/?p=30057"},"modified":"2025-09-17T07:16:33","modified_gmt":"2025-09-17T11:46:33","slug":"senado-declara-al-cartel-de-los-soles-como-una-organizacion-terrorista-y-narcotraficante","status":"publish","type":"post","link":"https:\/\/esviafm.com\/index.php\/senado-declara-al-cartel-de-los-soles-como-una-organizacion-terrorista-y-narcotraficante\/","title":{"rendered":"Senado declara al \u2018Cartel de los Soles\u2019 como una organizaci\u00f3n terrorista y narcotraficante"},"content":{"rendered":"<p><strong>Con una votaci\u00f3n de 33 contra 20, la plenaria del Senado de la Rep\u00fablica aprob\u00f3 una proposici\u00f3n con la cual declara al \u2018Cartel de los Soles\u2019 como una \u201corganizaci\u00f3n criminal transnacional vinculada al narcotr\u00e1fico\u201d,<\/strong>\u00a0la cual constituye una grave amenaza para Colombia y la regi\u00f3n.<\/p>\n<p>La aprobaci\u00f3n de esta proposici\u00f3n es importante, ya que se constituye como\u00a0<strong>un mensaje contundente que se env\u00eda desde Colombia, luego de que Estados Unidos descertificara al pa\u00eds\u00a0<\/strong>en materia de lucha contra las drogas.<\/p>\n<p><strong>El senador Jota Pe Hern\u00e1ndez explic\u00f3 que se trata de una declaraci\u00f3n pol\u00edtica<\/strong>\u00a0en la que\u00a0<strong>se env\u00eda un \u201cmensaje desde el Senado de la Rep\u00fablica para apartarnos de esa posici\u00f3n del presidente Gustavo Petro, quien dice que el Cartel de los Soles no existe,<\/strong>\u00a0o de esa posici\u00f3n en la que defiende al r\u00e9gimen de Maduro\u201d.<\/p>\n<p><iframe class=\"i-amphtml-fill-content\" title=\"Twitter\" src=\"https:\/\/d-2399791008236572438.ampproject.net\/2509031727000\/frame.html\" name=\"{&quot;host&quot;:&quot;d-2399791008236572438.ampproject.net&quot;,&quot;bootstrap&quot;:&quot;https:\/\/3p.ampproject.net\/2509031727000\/vendor\/twitter.mjs&quot;,&quot;type&quot;:&quot;twitter&quot;,&quot;count&quot;:1,&quot;attributes&quot;:{&quot;tweetid&quot;:&quot;1968107878776258911&quot;,&quot;width&quot;:375,&quot;height&quot;:472,&quot;_context&quot;:{&quot;ampcontextVersion&quot;:&quot;2509031727000&quot;,&quot;ampcontextFilepath&quot;:&quot;https:\/\/3p.ampproject.net\/2509031727000\/ampcontext-v0.js&quot;,&quot;sourceUrl&quot;:&quot;https:\/\/www.rcnradio.com\/politica\/senado-declara-al-cartel-de-los-soles-como-una-organizacion-terrorista-y-narcotraficante?amp&quot;,&quot;referrer&quot;:&quot;&quot;,&quot;canonicalUrl&quot;:&quot;https:\/\/www.rcnradio.com\/politica\/senado-declara-al-cartel-de-los-soles-como-una-organizacion-terrorista-y-narcotraficante&quot;,&quot;pageViewId&quot;:&quot;1189&quot;,&quot;location&quot;:{&quot;href&quot;:&quot;https:\/\/www.rcnradio.com\/politica\/senado-declara-al-cartel-de-los-soles-como-una-organizacion-terrorista-y-narcotraficante?amp&quot;},&quot;startTime&quot;:1758109504318,&quot;tagName&quot;:&quot;AMP-TWITTER&quot;,&quot;mode&quot;:{&quot;localDev&quot;:false,&quot;development&quot;:false,&quot;esm&quot;:true,&quot;test&quot;:false,&quot;rtvVersion&quot;:&quot;012509031727000&quot;},&quot;canary&quot;:false,&quot;hidden&quot;:false,&quot;initialLayoutRect&quot;:{&quot;left&quot;:356,&quot;top&quot;:1819,&quot;width&quot;:640,&quot;height&quot;:806},&quot;domFingerprint&quot;:&quot;2466024176&quot;,&quot;experimentToggles&quot;:{&quot;canary&quot;:false,&quot;a4aProfilingRate&quot;:false,&quot;doubleclickSraExp&quot;:false,&quot;doubleclickSraReportExcludedBlock&quot;:false,&quot;flexAdSlots&quot;:false,&quot;flexible-bitrate&quot;:false,&quot;ios-fixed-no-transfer&quot;:false,&quot;story-ad-placements&quot;:false,&quot;story-disable-animations-first-page&quot;:true,&quot;story-load-inactive-outside-viewport&quot;:true,&quot;amp-sticky-ad-to-amp-ad-v4&quot;:false,&quot;story-video-cache-apply-audio&quot;:false,&quot;amp-story-subscriptions&quot;:true,&quot;interaction-to-next-paint&quot;:true,&quot;esm&quot;:true,&quot;amp-story-first-page-max-bitrate&quot;:true,&quot;story-load-first-page-only&quot;:true,&quot;story-ad-page-outlink&quot;:false,&quot;amp-geo-ssr&quot;:true,&quot;story-remote-localization&quot;:true,&quot;attribution-reporting&quot;:false},&quot;sentinel&quot;:&quot;0-22542134873982049009&quot;},&quot;type&quot;:&quot;twitter&quot;}}\" width=\"375\" height=\"472\" scrolling=\"no\" sandbox=\"allow-top-navigation-by-user-activation allow-popups-to-escape-sandbox allow-forms allow-modals allow-pointer-lock allow-popups allow-same-origin allow-scripts\" allowfullscreen=\"allowfullscreen\" data-amp-3p-sentinel=\"0-22542134873982049009\"><\/iframe><\/p>\n<p>Hern\u00e1ndez record\u00f3 que el Gobierno de Estados Unidos ha ofrecido una recompensa por Nicol\u00e1s Maduro y los integrantes de su r\u00e9gimen, por el supuesto patrocinio que le han dado a esa organizaci\u00f3n criminal.<\/p>\n<div class=\"ads-space-mgid\">\n<p><strong>\u201cCuando el Senado de la Rep\u00fablica hoy decide declararlo como organizaci\u00f3n terrorista y criminal, sencillamente le est\u00e1 enviando un mensaje no solamente al mundo, tambi\u00e9n a Venezuela y a su r\u00e9gimen y tambi\u00e9n a Estados Unidos:<\/strong>\u00a0nosotros no merecemos una descertificaci\u00f3n, aqu\u00ed hay pol\u00edticos que estamos luchando contra el narcotr\u00e1fico\u201d, dijo.<\/p>\n<p>Aunque en principio se hab\u00eda planteado incluir un par\u00e1grafo que exhortara al Gobierno a adoptar esta misma posici\u00f3n en contra del denominado Cartel de los Soles, el mismo decidi\u00f3 eliminarse para no comprometer al Ejecutivo con esta declaraci\u00f3n que hace el poder legislativo colombiano.<\/p>\n<p><strong>\u201cNos aislamos de la posici\u00f3n del presidente Gustavo Petro, que dice que ese cartel no existe.\u00a0<\/strong>Petro se ha reunido varias veces con Maduro, defiende a ese r\u00e9gimen y ahora el Senado se aparta de esa oposici\u00f3n, rechaza el Cartel de los Soles y lo declara como esa organizaci\u00f3n terrorista y criminal que Estados Unidos tambi\u00e9n reconoce\u201d, manifest\u00f3.<\/p>\n<p><strong>As\u00ed qued\u00f3 la votaci\u00f3n de la proposici\u00f3n en la plenaria del Senado:\u00a0<\/strong><\/p>\n<\/div>\n<div class=\"pvc_clear\"><\/div>\n<p id=\"pvc_stats_30057\" class=\"pvc_stats all  \" data-element-id=\"30057\" style=\"\"><i class=\"pvc-stats-icon large\" aria-hidden=\"true\"><svg xmlns=\"http:\/\/www.w3.org\/2000\/svg\" version=\"1.0\" viewBox=\"0 0 502 315\" preserveAspectRatio=\"xMidYMid meet\"><g transform=\"translate(0,332) scale(0.1,-0.1)\" fill=\"\" stroke=\"none\"><path d=\"M2394 3279 l-29 -30 -3 -207 c-2 -182 0 -211 15 -242 39 -76 157 -76 196 0 15 31 17 60 15 243 l-3 209 -33 29 c-26 23 -41 29 -80 29 -41 0 -53 -5 -78 -31z\"\/><path d=\"M3085 3251 c-45 -19 -58 -50 -96 -229 -47 -217 -49 -260 -13 -295 52 -53 146 -42 177 20 16 31 87 366 87 410 0 70 -86 122 -155 94z\"\/><path d=\"M1751 3234 c-13 -9 -29 -31 -37 -50 -12 -29 -10 -49 21 -204 19 -94 39 -189 45 -210 14 -50 54 -80 110 -80 34 0 48 6 76 34 21 21 34 44 34 59 0 14 -18 113 -40 219 -37 178 -43 195 -70 221 -36 32 -101 37 -139 11z\"\/><path d=\"M1163 3073 c-36 -7 -73 -59 -73 -102 0 -56 133 -378 171 -413 34 -32 83 -37 129 -13 70 36 67 87 -16 290 -86 209 -89 214 -129 231 -35 14 -42 15 -82 7z\"\/><path d=\"M3689 3066 c-15 -9 -33 -30 -42 -48 -48 -103 -147 -355 -147 -375 0 -98 131 -148 192 -74 13 15 57 108 97 206 80 196 84 226 37 273 -30 30 -99 39 -137 18z\"\/><path d=\"M583 2784 c-38 -19 -67 -74 -58 -113 9 -42 211 -354 242 -373 16 -10 45 -18 66 -18 51 0 107 52 107 100 0 39 -1 41 -124 234 -80 126 -108 162 -133 173 -41 17 -61 16 -100 -3z\"\/><path d=\"M4250 2784 c-14 -9 -74 -91 -133 -183 -95 -150 -107 -173 -107 -213 0 -55 33 -94 87 -104 67 -13 90 8 211 198 130 202 137 225 78 284 -27 27 -42 34 -72 34 -22 0 -50 -8 -64 -16z\"\/><path d=\"M2275 2693 c-553 -48 -1095 -270 -1585 -649 -135 -104 -459 -423 -483 -476 -23 -49 -22 -139 2 -186 73 -142 361 -457 571 -626 285 -228 642 -407 990 -497 242 -63 336 -73 660 -74 310 0 370 5 595 52 535 111 1045 392 1455 803 122 121 250 273 275 326 19 41 19 137 0 174 -41 79 -309 363 -465 492 -447 370 -946 591 -1479 653 -113 14 -422 18 -536 8z m395 -428 c171 -34 330 -124 456 -258 112 -119 167 -219 211 -378 27 -96 24 -300 -5 -401 -72 -255 -236 -447 -474 -557 -132 -62 -201 -76 -368 -76 -167 0 -236 14 -368 76 -213 98 -373 271 -451 485 -162 444 86 934 547 1084 153 49 292 57 452 25z m909 -232 c222 -123 408 -262 593 -441 76 -74 138 -139 138 -144 0 -16 -233 -242 -330 -319 -155 -123 -309 -223 -461 -299 l-81 -41 32 46 c18 26 49 83 70 128 143 306 141 649 -6 957 -25 52 -61 116 -79 142 l-34 47 45 -20 c26 -10 76 -36 113 -56z m-2057 25 c-40 -58 -105 -190 -130 -263 -110 -324 -59 -707 132 -981 25 -35 42 -64 37 -64 -19 0 -241 119 -326 174 -188 122 -406 314 -532 468 l-58 71 108 103 c185 178 428 349 672 473 66 33 121 60 123 61 2 0 -10 -19 -26 -42z\"\/><path d=\"M2375 1950 c-198 -44 -350 -190 -395 -379 -18 -76 -8 -221 19 -290 114 -284 457 -406 731 -260 98 52 188 154 231 260 27 69 37 214 19 290 -38 163 -166 304 -326 360 -67 23 -215 33 -279 19z\"\/><\/g><\/svg><\/i> <img decoding=\"async\" width=\"16\" height=\"16\" alt=\"Loading\" src=\"https:\/\/esviafm.com\/wp-content\/plugins\/page-views-count\/ajax-loader-2x.gif\" border=0 \/><\/p>\n<div class=\"pvc_clear\"><\/div>\n","protected":false},"excerpt":{"rendered":"<p>Con una votaci\u00f3n de 33 contra 20, la plenaria del Senado de la Rep\u00fablica aprob\u00f3 una proposici\u00f3n con la cual declara al \u2018Cartel de los Soles\u2019 como una \u201corganizaci\u00f3n criminal transnacional vinculada al narcotr\u00e1fico\u201d,\u00a0la cual constituye una grave amenaza para Colombia y la regi\u00f3n. La aprobaci\u00f3n de esta proposici\u00f3n es importante, ya que se constituye [&hellip;]<\/p>\n<div class=\"pvc_clear\"><\/div>\n<p id=\"pvc_stats_30057\" class=\"pvc_stats all  \" data-element-id=\"30057\" style=\"\"><i class=\"pvc-stats-icon large\" aria-hidden=\"true\"><svg xmlns=\"http:\/\/www.w3.org\/2000\/svg\" version=\"1.0\" viewBox=\"0 0 502 315\" preserveAspectRatio=\"xMidYMid meet\"><g transform=\"translate(0,332) scale(0.1,-0.1)\" fill=\"\" stroke=\"none\"><path d=\"M2394 3279 l-29 -30 -3 -207 c-2 -182 0 -211 15 -242 39 -76 157 -76 196 0 15 31 17 60 15 243 l-3 209 -33 29 c-26 23 -41 29 -80 29 -41 0 -53 -5 -78 -31z\"\/><path d=\"M3085 3251 c-45 -19 -58 -50 -96 -229 -47 -217 -49 -260 -13 -295 52 -53 146 -42 177 20 16 31 87 366 87 410 0 70 -86 122 -155 94z\"\/><path d=\"M1751 3234 c-13 -9 -29 -31 -37 -50 -12 -29 -10 -49 21 -204 19 -94 39 -189 45 -210 14 -50 54 -80 110 -80 34 0 48 6 76 34 21 21 34 44 34 59 0 14 -18 113 -40 219 -37 178 -43 195 -70 221 -36 32 -101 37 -139 11z\"\/><path d=\"M1163 3073 c-36 -7 -73 -59 -73 -102 0 -56 133 -378 171 -413 34 -32 83 -37 129 -13 70 36 67 87 -16 290 -86 209 -89 214 -129 231 -35 14 -42 15 -82 7z\"\/><path d=\"M3689 3066 c-15 -9 -33 -30 -42 -48 -48 -103 -147 -355 -147 -375 0 -98 131 -148 192 -74 13 15 57 108 97 206 80 196 84 226 37 273 -30 30 -99 39 -137 18z\"\/><path d=\"M583 2784 c-38 -19 -67 -74 -58 -113 9 -42 211 -354 242 -373 16 -10 45 -18 66 -18 51 0 107 52 107 100 0 39 -1 41 -124 234 -80 126 -108 162 -133 173 -41 17 -61 16 -100 -3z\"\/><path d=\"M4250 2784 c-14 -9 -74 -91 -133 -183 -95 -150 -107 -173 -107 -213 0 -55 33 -94 87 -104 67 -13 90 8 211 198 130 202 137 225 78 284 -27 27 -42 34 -72 34 -22 0 -50 -8 -64 -16z\"\/><path d=\"M2275 2693 c-553 -48 -1095 -270 -1585 -649 -135 -104 -459 -423 -483 -476 -23 -49 -22 -139 2 -186 73 -142 361 -457 571 -626 285 -228 642 -407 990 -497 242 -63 336 -73 660 -74 310 0 370 5 595 52 535 111 1045 392 1455 803 122 121 250 273 275 326 19 41 19 137 0 174 -41 79 -309 363 -465 492 -447 370 -946 591 -1479 653 -113 14 -422 18 -536 8z m395 -428 c171 -34 330 -124 456 -258 112 -119 167 -219 211 -378 27 -96 24 -300 -5 -401 -72 -255 -236 -447 -474 -557 -132 -62 -201 -76 -368 -76 -167 0 -236 14 -368 76 -213 98 -373 271 -451 485 -162 444 86 934 547 1084 153 49 292 57 452 25z m909 -232 c222 -123 408 -262 593 -441 76 -74 138 -139 138 -144 0 -16 -233 -242 -330 -319 -155 -123 -309 -223 -461 -299 l-81 -41 32 46 c18 26 49 83 70 128 143 306 141 649 -6 957 -25 52 -61 116 -79 142 l-34 47 45 -20 c26 -10 76 -36 113 -56z m-2057 25 c-40 -58 -105 -190 -130 -263 -110 -324 -59 -707 132 -981 25 -35 42 -64 37 -64 -19 0 -241 119 -326 174 -188 122 -406 314 -532 468 l-58 71 108 103 c185 178 428 349 672 473 66 33 121 60 123 61 2 0 -10 -19 -26 -42z\"\/><path d=\"M2375 1950 c-198 -44 -350 -190 -395 -379 -18 -76 -8 -221 19 -290 114 -284 457 -406 731 -260 98 52 188 154 231 260 27 69 37 214 19 290 -38 163 -166 304 -326 360 -67 23 -215 33 -279 19z\"\/><\/g><\/svg><\/i> <img decoding=\"async\" width=\"16\" height=\"16\" alt=\"Loading\" src=\"https:\/\/esviafm.com\/wp-content\/plugins\/page-views-count\/ajax-loader-2x.gif\" border=0 \/><\/p>\n<div class=\"pvc_clear\"><\/div>\n","protected":false},"author":5,"featured_media":0,"comment_status":"open","ping_status":"open","sticky":false,"template":"","format":"standard","meta":{"_et_pb_use_builder":"","_et_pb_old_content":"","_et_gb_content_width":"","footnotes":""},"categories":[17],"tags":[],"class_list":["post-30057","post","type-post","status-publish","format-standard","hentry","category-internacionales"],"_links":{"self":[{"href":"https:\/\/esviafm.com\/index.php\/wp-json\/wp\/v2\/posts\/30057","targetHints":{"allow":["GET"]}}],"collection":[{"href":"https:\/\/esviafm.com\/index.php\/wp-json\/wp\/v2\/posts"}],"about":[{"href":"https:\/\/esviafm.com\/index.php\/wp-json\/wp\/v2\/types\/post"}],"author":[{"embeddable":true,"href":"https:\/\/esviafm.com\/index.php\/wp-json\/wp\/v2\/users\/5"}],"replies":[{"embeddable":true,"href":"https:\/\/esviafm.com\/index.php\/wp-json\/wp\/v2\/comments?post=30057"}],"version-history":[{"count":1,"href":"https:\/\/esviafm.com\/index.php\/wp-json\/wp\/v2\/posts\/30057\/revisions"}],"predecessor-version":[{"id":30059,"href":"https:\/\/esviafm.com\/index.php\/wp-json\/wp\/v2\/posts\/30057\/revisions\/30059"}],"wp:attachment":[{"href":"https:\/\/esviafm.com\/index.php\/wp-json\/wp\/v2\/media?parent=30057"}],"wp:term":[{"taxonomy":"category","embeddable":true,"href":"https:\/\/esviafm.com\/index.php\/wp-json\/wp\/v2\/categories?post=30057"},{"taxonomy":"post_tag","embeddable":true,"href":"https:\/\/esviafm.com\/index.php\/wp-json\/wp\/v2\/tags?post=30057"}],"curies":[{"name":"wp","href":"https:\/\/api.w.org\/{rel}","templated":true}]}}