{"id":29905,"date":"2025-09-12T07:05:33","date_gmt":"2025-09-12T11:35:33","guid":{"rendered":"https:\/\/esviafm.com\/?p=29905"},"modified":"2025-09-12T07:05:33","modified_gmt":"2025-09-12T11:35:33","slug":"el-parlamento-europeo-aprobo-una-resolucion-que-pide-a-la-ue-incluir-al-cartel-de-los-soles-en-su-lista-de-organizaciones-terroristas","status":"publish","type":"post","link":"https:\/\/esviafm.com\/index.php\/el-parlamento-europeo-aprobo-una-resolucion-que-pide-a-la-ue-incluir-al-cartel-de-los-soles-en-su-lista-de-organizaciones-terroristas\/","title":{"rendered":"El Parlamento Europeo aprob\u00f3 una resoluci\u00f3n que pide a la UE incluir al Cartel de los Soles en su lista de organizaciones terroristas"},"content":{"rendered":"<p class=\"paragraph\">El\u00a0<a href=\"https:\/\/www.infobae.com\/tag\/parlamento-europeo\/\" target=\"_blank\" rel=\"noopener noreferrer\"><b>Parlamento Europeo<\/b><\/a>\u00a0aprob\u00f3 este mi\u00e9rcoles una\u00a0<b>resoluci\u00f3n<\/b>\u00a0que pide a la\u00a0<b>Uni\u00f3n Europea<\/b>\u00a0(UE) incluir al\u00a0<a href=\"https:\/\/www.infobae.com\/tag\/cartel-de-los-soles\/\" target=\"_blank\" rel=\"noopener noreferrer\"><b>Cartel de los Soles<\/b><\/a>\u00a0en su lista de\u00a0<b>organizaciones terroristas<\/b>.<\/p>\n<p class=\"paragraph\">Con 355 votos a favor y 173 en contra, la Euroc\u00e1mara expres\u00f3 su \u201c<b>grave preocupaci\u00f3n<\/b>\u201d por \u201c<b>la consolidaci\u00f3n de estructuras criminales transnacionales que operan en la frontera colombo-venezolana<\/b>\u201d.<\/p>\n<div class=\"inline ad-wrapper amp ad-amp\"><\/div>\n<p class=\"paragraph\">En su decisi\u00f3n, los parlamentarios consideraron que \u201c<b>los c\u00e1rteles de la droga y las estructuras del crimen transnacional, incluido el Cartel de los Soles en Venezuela<\/b>, apoyan el\u00a0<b>terrorismo<\/b>\u00a0al sostener a grupos armados dentro y fuera de Colombia; y suministrar\u00a0<b>armas<\/b>,\u00a0<b>flujos financieros<\/b>\u00a0y\u00a0<b>refugios seguros a trav\u00e9s de la frontera<\/b>, lo que empeora la inestabilidad regional y socava la soberan\u00eda y la democracia de Colombia\u00bb.<\/p>\n<p class=\"paragraph\">En sus argumentos, recordaron que \u201c<b>el Cartel de los Soles<\/b>, una presunta red criminal venezolana liderada por\u00a0<b>Nicol\u00e1s Maduro<\/b>\u00a0y otros altos funcionarios del r\u00e9gimen, entre ellos\u00a0<b>Diosdado Cabello<\/b>,\u00a0<b>Jorge Rodr\u00edguez<\/b>,\u00a0<b>Delcy Rodr\u00edguez<\/b>\u00a0y el general\u00a0<b>Padrino L\u00f3pez<\/b>, entre otros, ha sido designado por el\u00a0<b>Departamento del Tesoro de los Estados Unidos<\/b>\u00a0como\u00a0<b>grupo terrorista global<\/b>; especialmente designado por su papel en la\u00a0<b>facilitaci\u00f3n del narcoterrorismo<\/b>, incluido el tr\u00e1fico de coca\u00edna producida por disidentes de las\u00a0<b>FARC<\/b>, la prestaci\u00f3n de\u00a0<b>apoyo material<\/b>\u00a0y el\u00a0<b>uso de instituciones estatales<\/b>\u00a0para corromper funciones militares y judiciales\u00bb.<\/p>\n<div>\n<div class=\"amp_visual_image\"><img decoding=\"async\" class=\"i-amphtml-fill-content i-amphtml-replaced-content\" src=\"https:\/\/www.infobae.com\/resizer\/v2\/6BVQBPZBYVCTTGRNEYG57YGLX4.jpg?auth=b7f0593d476c97aaa8071a58536b8db32d4de456bf81497d0c65a5ca1ce1298d&amp;smart=true&amp;width=350&amp;height=216&amp;quality=85\" sizes=\"(max-width: 1366px) 1366px, 100vw\" srcset=\"https:\/\/www.infobae.com\/resizer\/v2\/6BVQBPZBYVCTTGRNEYG57YGLX4.jpg?auth=b7f0593d476c97aaa8071a58536b8db32d4de456bf81497d0c65a5ca1ce1298d&amp;smart=true&amp;width=350&amp;height=216&amp;quality=85 350w, https:\/\/www.infobae.com\/resizer\/v2\/6BVQBPZBYVCTTGRNEYG57YGLX4.jpg?auth=b7f0593d476c97aaa8071a58536b8db32d4de456bf81497d0c65a5ca1ce1298d&amp;smart=true&amp;width=420&amp;height=259&amp;quality=85 420w, https:\/\/www.infobae.com\/resizer\/v2\/6BVQBPZBYVCTTGRNEYG57YGLX4.jpg?auth=b7f0593d476c97aaa8071a58536b8db32d4de456bf81497d0c65a5ca1ce1298d&amp;smart=true&amp;width=577&amp;height=356&amp;quality=85 577w, https:\/\/www.infobae.com\/resizer\/v2\/6BVQBPZBYVCTTGRNEYG57YGLX4.jpg?auth=b7f0593d476c97aaa8071a58536b8db32d4de456bf81497d0c65a5ca1ce1298d&amp;smart=true&amp;width=768&amp;height=474&amp;quality=85 768w, https:\/\/www.infobae.com\/resizer\/v2\/6BVQBPZBYVCTTGRNEYG57YGLX4.jpg?auth=b7f0593d476c97aaa8071a58536b8db32d4de456bf81497d0c65a5ca1ce1298d&amp;smart=true&amp;width=992&amp;height=612&amp;quality=85 992w\" alt=\"Los parlamentarios europeos apuntaron a\" data-amp-auto-lightbox-disable=\"true\" data-hero=\"true\" \/>Los parlamentarios europeos apuntaron a Nicol\u00e1s Maduro como uno de los l\u00edderes del Cartel de los Soles (Europa Press)<\/div>\n<\/div>\n<div>\n<div class=\"hide-only-es\">\n<div class=\"inline_2 ad-wrapper ad-mobile amp ad-amp\"><\/div>\n<\/div>\n<\/div>\n<p class=\"paragraph\">La\u00a0<b>Euroc\u00e1mara<\/b>\u00a0indic\u00f3 que \u201c<b>toma nota con profunda preocupaci\u00f3n<\/b>\u201d de \u201c<b>la proliferaci\u00f3n y consolidaci\u00f3n de la delincuencia organizada<\/b>\u00a0y de las actividades indiscriminadas de grupos terroristas en las regiones de Colombia fronterizas con Venezuela; destaca que estos territorios se han convertido en\u00a0<b>corredores para el narcotr\u00e1fico<\/b>, el\u00a0<b>contrabando de armas<\/b>\u00a0y el\u00a0<b>lavado de dinero<\/b>, facilitados por estructuras transnacionales como el\u00a0<b>Cartel de los Soles<\/b>, con\u00a0<b>la complicidad activa de los m\u00e1s altos funcionarios del r\u00e9gimen venezolano<\/b>\u201c.<\/p>\n<p class=\"paragraph\">Tambi\u00e9n subray\u00f3 que este nexo transfronterizo no solo alimenta el terrorismo y fortalece a los grupos insurgentes y disidentes colombianos, sino que tambi\u00e9n representa una\u00a0<b>amenaza directa a la estabilidad regional, la gobernanza democr\u00e1tica y la soberan\u00eda de Colombia<\/b>.<\/p>\n<div>\n<div class=\"amp_visual_image\"><img decoding=\"async\" class=\"i-amphtml-fill-content i-amphtml-replaced-content\" src=\"https:\/\/www.infobae.com\/resizer\/v2\/CEE6VDJL3FD2VFTVIBHHPPEQHU.jpg?auth=24fe9e1e970db5a875b73dd03a947222d6545362eefbed50df0cc0b481fd1710&amp;smart=true&amp;width=350&amp;height=233&amp;quality=85\" sizes=\"(max-width: 1366px) 1366px, 100vw\" srcset=\"https:\/\/www.infobae.com\/resizer\/v2\/CEE6VDJL3FD2VFTVIBHHPPEQHU.jpg?auth=24fe9e1e970db5a875b73dd03a947222d6545362eefbed50df0cc0b481fd1710&amp;smart=true&amp;width=350&amp;height=233&amp;quality=85 350w, https:\/\/www.infobae.com\/resizer\/v2\/CEE6VDJL3FD2VFTVIBHHPPEQHU.jpg?auth=24fe9e1e970db5a875b73dd03a947222d6545362eefbed50df0cc0b481fd1710&amp;smart=true&amp;width=420&amp;height=280&amp;quality=85 420w, https:\/\/www.infobae.com\/resizer\/v2\/CEE6VDJL3FD2VFTVIBHHPPEQHU.jpg?auth=24fe9e1e970db5a875b73dd03a947222d6545362eefbed50df0cc0b481fd1710&amp;smart=true&amp;width=577&amp;height=385&amp;quality=85 577w, https:\/\/www.infobae.com\/resizer\/v2\/CEE6VDJL3FD2VFTVIBHHPPEQHU.jpg?auth=24fe9e1e970db5a875b73dd03a947222d6545362eefbed50df0cc0b481fd1710&amp;smart=true&amp;width=768&amp;height=512&amp;quality=85 768w, https:\/\/www.infobae.com\/resizer\/v2\/CEE6VDJL3FD2VFTVIBHHPPEQHU.jpg?auth=24fe9e1e970db5a875b73dd03a947222d6545362eefbed50df0cc0b481fd1710&amp;smart=true&amp;width=992&amp;height=661&amp;quality=85 992w\" alt=\"La resoluci\u00f3n RC10-0366\/2025 est\u00e1 referida\" data-amp-auto-lightbox-disable=\"true\" data-hero=\"true\" \/>La resoluci\u00f3n RC10-0366\/2025 est\u00e1 referida a la violencia en Colombia tras el asesinato del senador Miguel Uribe Turbay<\/div>\n<\/div>\n<p class=\"paragraph\">La resoluci\u00f3n RC10-0366\/2025, referida a la\u00a0<b>violencia en Colombia<\/b>\u00a0tras el asesinato del senador\u00a0<a href=\"https:\/\/www.infobae.com\/tag\/miguel-uribe-turbay\/\" target=\"_blank\" rel=\"noopener noreferrer\"><b>Miguel Uribe Turbay<\/b><\/a>, fue aprobada por la gran mayor\u00eda de los parlamentarios europeos, quienes insistieron en que el\u00a0<b>Cartel de los Soles<\/b>\u00a0es \u201c<b>una organizaci\u00f3n que proporciona apoyo, refugio y log\u00edstica a los grupos armados terroristas colombianos<\/b>\u201d.<\/p>\n<p class=\"paragraph\">En este sentido, el \u00f3rgano legislativo de la Uni\u00f3n Europea urgi\u00f3 al Consejo y a la Alta Representante de Pol\u00edtica Exterior del bloque,\u00a0<b>Kaja Kallas<\/b>, a\u00a0<b>actualizar la lista europea de organizaciones terroristas<\/b>\u00a0para incluir no solo al\u00a0<b>Cartel de los Soles<\/b>, sino tambi\u00e9n al\u00a0<b>Clan del Golfo\u00a0<\/b>y las\u00a0<b>disidencias de las FARC<\/b>.<\/p>\n<div class=\"pvc_clear\"><\/div>\n<p id=\"pvc_stats_29905\" class=\"pvc_stats all  \" data-element-id=\"29905\" style=\"\"><i class=\"pvc-stats-icon large\" aria-hidden=\"true\"><svg xmlns=\"http:\/\/www.w3.org\/2000\/svg\" version=\"1.0\" viewBox=\"0 0 502 315\" preserveAspectRatio=\"xMidYMid meet\"><g transform=\"translate(0,332) scale(0.1,-0.1)\" fill=\"\" stroke=\"none\"><path d=\"M2394 3279 l-29 -30 -3 -207 c-2 -182 0 -211 15 -242 39 -76 157 -76 196 0 15 31 17 60 15 243 l-3 209 -33 29 c-26 23 -41 29 -80 29 -41 0 -53 -5 -78 -31z\"\/><path d=\"M3085 3251 c-45 -19 -58 -50 -96 -229 -47 -217 -49 -260 -13 -295 52 -53 146 -42 177 20 16 31 87 366 87 410 0 70 -86 122 -155 94z\"\/><path d=\"M1751 3234 c-13 -9 -29 -31 -37 -50 -12 -29 -10 -49 21 -204 19 -94 39 -189 45 -210 14 -50 54 -80 110 -80 34 0 48 6 76 34 21 21 34 44 34 59 0 14 -18 113 -40 219 -37 178 -43 195 -70 221 -36 32 -101 37 -139 11z\"\/><path d=\"M1163 3073 c-36 -7 -73 -59 -73 -102 0 -56 133 -378 171 -413 34 -32 83 -37 129 -13 70 36 67 87 -16 290 -86 209 -89 214 -129 231 -35 14 -42 15 -82 7z\"\/><path d=\"M3689 3066 c-15 -9 -33 -30 -42 -48 -48 -103 -147 -355 -147 -375 0 -98 131 -148 192 -74 13 15 57 108 97 206 80 196 84 226 37 273 -30 30 -99 39 -137 18z\"\/><path d=\"M583 2784 c-38 -19 -67 -74 -58 -113 9 -42 211 -354 242 -373 16 -10 45 -18 66 -18 51 0 107 52 107 100 0 39 -1 41 -124 234 -80 126 -108 162 -133 173 -41 17 -61 16 -100 -3z\"\/><path d=\"M4250 2784 c-14 -9 -74 -91 -133 -183 -95 -150 -107 -173 -107 -213 0 -55 33 -94 87 -104 67 -13 90 8 211 198 130 202 137 225 78 284 -27 27 -42 34 -72 34 -22 0 -50 -8 -64 -16z\"\/><path d=\"M2275 2693 c-553 -48 -1095 -270 -1585 -649 -135 -104 -459 -423 -483 -476 -23 -49 -22 -139 2 -186 73 -142 361 -457 571 -626 285 -228 642 -407 990 -497 242 -63 336 -73 660 -74 310 0 370 5 595 52 535 111 1045 392 1455 803 122 121 250 273 275 326 19 41 19 137 0 174 -41 79 -309 363 -465 492 -447 370 -946 591 -1479 653 -113 14 -422 18 -536 8z m395 -428 c171 -34 330 -124 456 -258 112 -119 167 -219 211 -378 27 -96 24 -300 -5 -401 -72 -255 -236 -447 -474 -557 -132 -62 -201 -76 -368 -76 -167 0 -236 14 -368 76 -213 98 -373 271 -451 485 -162 444 86 934 547 1084 153 49 292 57 452 25z m909 -232 c222 -123 408 -262 593 -441 76 -74 138 -139 138 -144 0 -16 -233 -242 -330 -319 -155 -123 -309 -223 -461 -299 l-81 -41 32 46 c18 26 49 83 70 128 143 306 141 649 -6 957 -25 52 -61 116 -79 142 l-34 47 45 -20 c26 -10 76 -36 113 -56z m-2057 25 c-40 -58 -105 -190 -130 -263 -110 -324 -59 -707 132 -981 25 -35 42 -64 37 -64 -19 0 -241 119 -326 174 -188 122 -406 314 -532 468 l-58 71 108 103 c185 178 428 349 672 473 66 33 121 60 123 61 2 0 -10 -19 -26 -42z\"\/><path d=\"M2375 1950 c-198 -44 -350 -190 -395 -379 -18 -76 -8 -221 19 -290 114 -284 457 -406 731 -260 98 52 188 154 231 260 27 69 37 214 19 290 -38 163 -166 304 -326 360 -67 23 -215 33 -279 19z\"\/><\/g><\/svg><\/i> <img decoding=\"async\" width=\"16\" height=\"16\" alt=\"Loading\" src=\"https:\/\/esviafm.com\/wp-content\/plugins\/page-views-count\/ajax-loader-2x.gif\" border=0 \/><\/p>\n<div class=\"pvc_clear\"><\/div>\n","protected":false},"excerpt":{"rendered":"<p>El\u00a0Parlamento Europeo\u00a0aprob\u00f3 este mi\u00e9rcoles una\u00a0resoluci\u00f3n\u00a0que pide a la\u00a0Uni\u00f3n Europea\u00a0(UE) incluir al\u00a0Cartel de los Soles\u00a0en su lista de\u00a0organizaciones terroristas. Con 355 votos a favor y 173 en contra, la Euroc\u00e1mara expres\u00f3 su \u201cgrave preocupaci\u00f3n\u201d por \u201cla consolidaci\u00f3n de estructuras criminales transnacionales que operan en la frontera colombo-venezolana\u201d. En su decisi\u00f3n, los parlamentarios consideraron que \u201clos c\u00e1rteles [&hellip;]<\/p>\n<div class=\"pvc_clear\"><\/div>\n<p id=\"pvc_stats_29905\" class=\"pvc_stats all  \" data-element-id=\"29905\" style=\"\"><i class=\"pvc-stats-icon large\" aria-hidden=\"true\"><svg xmlns=\"http:\/\/www.w3.org\/2000\/svg\" version=\"1.0\" viewBox=\"0 0 502 315\" preserveAspectRatio=\"xMidYMid meet\"><g transform=\"translate(0,332) scale(0.1,-0.1)\" fill=\"\" stroke=\"none\"><path d=\"M2394 3279 l-29 -30 -3 -207 c-2 -182 0 -211 15 -242 39 -76 157 -76 196 0 15 31 17 60 15 243 l-3 209 -33 29 c-26 23 -41 29 -80 29 -41 0 -53 -5 -78 -31z\"\/><path d=\"M3085 3251 c-45 -19 -58 -50 -96 -229 -47 -217 -49 -260 -13 -295 52 -53 146 -42 177 20 16 31 87 366 87 410 0 70 -86 122 -155 94z\"\/><path d=\"M1751 3234 c-13 -9 -29 -31 -37 -50 -12 -29 -10 -49 21 -204 19 -94 39 -189 45 -210 14 -50 54 -80 110 -80 34 0 48 6 76 34 21 21 34 44 34 59 0 14 -18 113 -40 219 -37 178 -43 195 -70 221 -36 32 -101 37 -139 11z\"\/><path d=\"M1163 3073 c-36 -7 -73 -59 -73 -102 0 -56 133 -378 171 -413 34 -32 83 -37 129 -13 70 36 67 87 -16 290 -86 209 -89 214 -129 231 -35 14 -42 15 -82 7z\"\/><path d=\"M3689 3066 c-15 -9 -33 -30 -42 -48 -48 -103 -147 -355 -147 -375 0 -98 131 -148 192 -74 13 15 57 108 97 206 80 196 84 226 37 273 -30 30 -99 39 -137 18z\"\/><path d=\"M583 2784 c-38 -19 -67 -74 -58 -113 9 -42 211 -354 242 -373 16 -10 45 -18 66 -18 51 0 107 52 107 100 0 39 -1 41 -124 234 -80 126 -108 162 -133 173 -41 17 -61 16 -100 -3z\"\/><path d=\"M4250 2784 c-14 -9 -74 -91 -133 -183 -95 -150 -107 -173 -107 -213 0 -55 33 -94 87 -104 67 -13 90 8 211 198 130 202 137 225 78 284 -27 27 -42 34 -72 34 -22 0 -50 -8 -64 -16z\"\/><path d=\"M2275 2693 c-553 -48 -1095 -270 -1585 -649 -135 -104 -459 -423 -483 -476 -23 -49 -22 -139 2 -186 73 -142 361 -457 571 -626 285 -228 642 -407 990 -497 242 -63 336 -73 660 -74 310 0 370 5 595 52 535 111 1045 392 1455 803 122 121 250 273 275 326 19 41 19 137 0 174 -41 79 -309 363 -465 492 -447 370 -946 591 -1479 653 -113 14 -422 18 -536 8z m395 -428 c171 -34 330 -124 456 -258 112 -119 167 -219 211 -378 27 -96 24 -300 -5 -401 -72 -255 -236 -447 -474 -557 -132 -62 -201 -76 -368 -76 -167 0 -236 14 -368 76 -213 98 -373 271 -451 485 -162 444 86 934 547 1084 153 49 292 57 452 25z m909 -232 c222 -123 408 -262 593 -441 76 -74 138 -139 138 -144 0 -16 -233 -242 -330 -319 -155 -123 -309 -223 -461 -299 l-81 -41 32 46 c18 26 49 83 70 128 143 306 141 649 -6 957 -25 52 -61 116 -79 142 l-34 47 45 -20 c26 -10 76 -36 113 -56z m-2057 25 c-40 -58 -105 -190 -130 -263 -110 -324 -59 -707 132 -981 25 -35 42 -64 37 -64 -19 0 -241 119 -326 174 -188 122 -406 314 -532 468 l-58 71 108 103 c185 178 428 349 672 473 66 33 121 60 123 61 2 0 -10 -19 -26 -42z\"\/><path d=\"M2375 1950 c-198 -44 -350 -190 -395 -379 -18 -76 -8 -221 19 -290 114 -284 457 -406 731 -260 98 52 188 154 231 260 27 69 37 214 19 290 -38 163 -166 304 -326 360 -67 23 -215 33 -279 19z\"\/><\/g><\/svg><\/i> <img decoding=\"async\" width=\"16\" height=\"16\" alt=\"Loading\" src=\"https:\/\/esviafm.com\/wp-content\/plugins\/page-views-count\/ajax-loader-2x.gif\" border=0 \/><\/p>\n<div class=\"pvc_clear\"><\/div>\n","protected":false},"author":5,"featured_media":0,"comment_status":"open","ping_status":"open","sticky":false,"template":"","format":"standard","meta":{"_et_pb_use_builder":"","_et_pb_old_content":"","_et_gb_content_width":"","footnotes":""},"categories":[17],"tags":[],"class_list":["post-29905","post","type-post","status-publish","format-standard","hentry","category-internacionales"],"_links":{"self":[{"href":"https:\/\/esviafm.com\/index.php\/wp-json\/wp\/v2\/posts\/29905","targetHints":{"allow":["GET"]}}],"collection":[{"href":"https:\/\/esviafm.com\/index.php\/wp-json\/wp\/v2\/posts"}],"about":[{"href":"https:\/\/esviafm.com\/index.php\/wp-json\/wp\/v2\/types\/post"}],"author":[{"embeddable":true,"href":"https:\/\/esviafm.com\/index.php\/wp-json\/wp\/v2\/users\/5"}],"replies":[{"embeddable":true,"href":"https:\/\/esviafm.com\/index.php\/wp-json\/wp\/v2\/comments?post=29905"}],"version-history":[{"count":1,"href":"https:\/\/esviafm.com\/index.php\/wp-json\/wp\/v2\/posts\/29905\/revisions"}],"predecessor-version":[{"id":29909,"href":"https:\/\/esviafm.com\/index.php\/wp-json\/wp\/v2\/posts\/29905\/revisions\/29909"}],"wp:attachment":[{"href":"https:\/\/esviafm.com\/index.php\/wp-json\/wp\/v2\/media?parent=29905"}],"wp:term":[{"taxonomy":"category","embeddable":true,"href":"https:\/\/esviafm.com\/index.php\/wp-json\/wp\/v2\/categories?post=29905"},{"taxonomy":"post_tag","embeddable":true,"href":"https:\/\/esviafm.com\/index.php\/wp-json\/wp\/v2\/tags?post=29905"}],"curies":[{"name":"wp","href":"https:\/\/api.w.org\/{rel}","templated":true}]}}