{"id":29770,"date":"2025-09-10T07:20:47","date_gmt":"2025-09-10T11:50:47","guid":{"rendered":"https:\/\/esviafm.com\/?p=29770"},"modified":"2025-09-10T07:20:47","modified_gmt":"2025-09-10T11:50:47","slug":"crisis-en-nepal-muere-quemada-la-esposa-de-un-ex-primer-ministro-y-los-manifestantes-incendian-el-parlamento","status":"publish","type":"post","link":"https:\/\/esviafm.com\/index.php\/crisis-en-nepal-muere-quemada-la-esposa-de-un-ex-primer-ministro-y-los-manifestantes-incendian-el-parlamento\/","title":{"rendered":"Crisis en Nepal: muere quemada la esposa de un ex primer ministro y los manifestantes incendian el Parlamento"},"content":{"rendered":"<p>Rajyalaxmi Chitrakar, esposa del ex primer ministro nepal\u00ed Jhalanath Khanal, muri\u00f3 este martes tras sufrir graves quemaduras cuando manifestantes incendiaron su vivienda en Katmand\u00fa con ella dentro, seg\u00fan confirmaron a EFE fuentes hospitalarias.<\/p>\n<p>Chitrakar fue trasladada en estado cr\u00edtico al Hospital de Quemados de Kirtipur, pero falleci\u00f3 a causa de sus heridas durante el tratamiento.<\/p>\n<p>Mientras tanto, tres manifestantes han muerto en el Hospital Civil, confirm\u00f3 a EFE el director del centro, Mohan Regmi, elevando a 25 el total de muertos tras las protestas.<\/p>\n<figure class=\"wp-block-image alignwide size-full\"><img fetchpriority=\"high\" fetchpriority=\"high\" decoding=\"async\" class=\"wp-image-2131865\" src=\"https:\/\/i0.wp.com\/efe.com\/wp-content\/uploads\/2025\/09\/protestas-nepal.webp?resize=900%2C608&amp;ssl=1\" sizes=\"(max-width: 900px) 100vw, 900px\" srcset=\"https:\/\/i0.wp.com\/efe.com\/wp-content\/uploads\/2025\/09\/protestas-nepal.webp?w=900&amp;ssl=1 900w, https:\/\/i0.wp.com\/efe.com\/wp-content\/uploads\/2025\/09\/protestas-nepal.webp?resize=300%2C203&amp;ssl=1 300w, https:\/\/i0.wp.com\/efe.com\/wp-content\/uploads\/2025\/09\/protestas-nepal.webp?resize=768%2C519&amp;ssl=1 768w, https:\/\/i0.wp.com\/efe.com\/wp-content\/uploads\/2025\/09\/protestas-nepal.webp?resize=423%2C286&amp;ssl=1 423w\" alt=\"Un manifestante se prepara para quemar una imagen del dimitido primer ministro K.P. Sharma Oli mientras asalta el palacio Singha Durbar,\" width=\"900\" height=\"608\" data-recalc-dims=\"1\" \/><figcaption class=\"wp-element-caption\">Un manifestante se prepara para quemar una imagen del dimitido primer ministro K.P. Sharma Oli mientras asalta el palacio Singha Durbar. EFE\/EPA\/Narendra Shrestha<\/figcaption><\/figure>\n<h2 id=\"h-los-manifestantes-queman-el-parlamento-de-nepal\" class=\"wp-block-heading\">Los manifestantes queman el Parlamento de Nepal<\/h2>\n<p>Adem\u00e1s, cientos de manifestantes irrumpieron e incendiaron el Parlamento de Nepal, en una escalada de la crisis que ha sumido al pa\u00eds en el caos a pesar de la dimisi\u00f3n previa del primer ministro, K.P. Sharma Oli.<\/p>\n<p>Im\u00e1genes de medios locales mostraron densas columnas de humo negro saliendo del complejo parlamentario, mientras el Ej\u00e9rcito, desplegado en la zona, permanec\u00eda pasivo sin intervenir para detener el asalto ni sofocar el fuego.<\/p>\n<h2 id=\"h-asalto-al-parlamento\" class=\"wp-block-heading\">Asalto al Parlamento<\/h2>\n<p>El asalto al Parlamento se ha convertido en el punto culminante de dos d\u00edas de masivas protestas juveniles contra la corrupci\u00f3n y la censura.<\/p>\n<p>La violencia de la jornada se extendi\u00f3 por toda la capital, convertida en escenario de ataques sistem\u00e1ticos contra dirigentes y sus familias.<\/p>\n<h2 id=\"h-otros-edificios-incendiados\" class=\"wp-block-heading\">Otros edificios incendiados<\/h2>\n<p>La residencia privada del reci\u00e9n dimitido Oli fue incendiada, mientras otros l\u00edderes de alto nivel, como el ex primer ministro Sher Bahadur Deuba, fueron agredidos en sus viviendas. Su esposa, Arzu Rana Deuba, ministra de Exteriores, tambi\u00e9n result\u00f3 atacada, en un episodio captado en im\u00e1genes que circulan ampliamente en redes sociales.<\/p>\n<p>Otros ex primeros ministros y figuras pol\u00edticas vieron igualmente sus casas asaltadas y destruidas por las llamas, en lo que analistas locales describen como una persecuci\u00f3n directa contra la \u00e9lite pol\u00edtica del pa\u00eds.<\/p>\n<figure class=\"wp-block-embed is-type-video is-provider-youtube wp-block-embed-youtube wp-embed-aspect-16-9 wp-has-aspect-ratio\">\n<div class=\"wp-block-embed__wrapper\"><iframe id=\"_ytid_40552\" class=\"__youtube_prefs__  epyt-is-override  no-lazyload\" title=\"Dimite el primer ministro de Nepal, K.P. Sharma Oli, por la oleada de protestas\" src=\"https:\/\/www.youtube.com\/embed\/30Ap1O0d7W0?enablejsapi=1&amp;autoplay=0&amp;cc_load_policy=0&amp;cc_lang_pref=&amp;iv_load_policy=1&amp;loop=0&amp;modestbranding=0&amp;rel=1&amp;fs=1&amp;playsinline=0&amp;autohide=2&amp;theme=dark&amp;color=red&amp;controls=1&amp;\" width=\"1200\" height=\"675\" allowfullscreen=\"allowfullscreen\" data-origwidth=\"1200\" data-origheight=\"675\" data-no-lazy=\"1\" data-skipgform_ajax_framebjll=\"\" data-gtm-yt-inspected-33=\"true\" data-gtm-yt-inspected-38=\"true\" data-mce-fragment=\"1\"><\/iframe><\/div>\n<\/figure>\n<h2 id=\"h-espiral-de-violencia\" class=\"wp-block-heading\">Espiral de violencia<\/h2>\n<p>Esta espiral de violencia se produjo pese a los intentos de encauzar la crisis por la v\u00eda pol\u00edtica. Horas antes, veinte diputados del Rastriya Swatantra Party (RSP) renunciaron en bloque, declarando que el Parlamento \u00abha perdido su legitimidad\u00bb y proponiendo la creaci\u00f3n de un \u00abgobierno civil interino\u00bb.<\/p>\n<p>En su comunicado, el RSP exigi\u00f3 una comisi\u00f3n judicial de alto nivel para investigar la represi\u00f3n, una petici\u00f3n en l\u00ednea con las condenas de Amnist\u00eda Internacional y Naciones Unidas.<\/p>\n<h2 id=\"h-dimision-del-primer-ministro\" class=\"wp-block-heading\">Dimisi\u00f3n del primer ministro<\/h2>\n<p>La renuncia de los diputados sigui\u00f3 a la\u00a0<a href=\"https:\/\/efe.com\/mundo\/2025-09-09\/nepal-protestas-violencia\/\" target=\"_blank\" rel=\"noreferrer noopener\" data-mrf-link=\"https:\/\/efe.com\/mundo\/2025-09-09\/nepal-protestas-violencia\/\">del propio primer ministro Oli, quien dimiti\u00f3 por la ma\u00f1ana<\/a>\u00a0en una carta dirigida al presidente, acorralado por la gesti\u00f3n de las protestas y la dimisi\u00f3n previa de cinco de sus ministros.<\/p>\n<div class=\"pvc_clear\"><\/div>\n<p id=\"pvc_stats_29770\" class=\"pvc_stats all  \" data-element-id=\"29770\" style=\"\"><i class=\"pvc-stats-icon large\" aria-hidden=\"true\"><svg xmlns=\"http:\/\/www.w3.org\/2000\/svg\" version=\"1.0\" viewBox=\"0 0 502 315\" preserveAspectRatio=\"xMidYMid meet\"><g transform=\"translate(0,332) scale(0.1,-0.1)\" fill=\"\" stroke=\"none\"><path d=\"M2394 3279 l-29 -30 -3 -207 c-2 -182 0 -211 15 -242 39 -76 157 -76 196 0 15 31 17 60 15 243 l-3 209 -33 29 c-26 23 -41 29 -80 29 -41 0 -53 -5 -78 -31z\"\/><path d=\"M3085 3251 c-45 -19 -58 -50 -96 -229 -47 -217 -49 -260 -13 -295 52 -53 146 -42 177 20 16 31 87 366 87 410 0 70 -86 122 -155 94z\"\/><path d=\"M1751 3234 c-13 -9 -29 -31 -37 -50 -12 -29 -10 -49 21 -204 19 -94 39 -189 45 -210 14 -50 54 -80 110 -80 34 0 48 6 76 34 21 21 34 44 34 59 0 14 -18 113 -40 219 -37 178 -43 195 -70 221 -36 32 -101 37 -139 11z\"\/><path d=\"M1163 3073 c-36 -7 -73 -59 -73 -102 0 -56 133 -378 171 -413 34 -32 83 -37 129 -13 70 36 67 87 -16 290 -86 209 -89 214 -129 231 -35 14 -42 15 -82 7z\"\/><path d=\"M3689 3066 c-15 -9 -33 -30 -42 -48 -48 -103 -147 -355 -147 -375 0 -98 131 -148 192 -74 13 15 57 108 97 206 80 196 84 226 37 273 -30 30 -99 39 -137 18z\"\/><path d=\"M583 2784 c-38 -19 -67 -74 -58 -113 9 -42 211 -354 242 -373 16 -10 45 -18 66 -18 51 0 107 52 107 100 0 39 -1 41 -124 234 -80 126 -108 162 -133 173 -41 17 -61 16 -100 -3z\"\/><path d=\"M4250 2784 c-14 -9 -74 -91 -133 -183 -95 -150 -107 -173 -107 -213 0 -55 33 -94 87 -104 67 -13 90 8 211 198 130 202 137 225 78 284 -27 27 -42 34 -72 34 -22 0 -50 -8 -64 -16z\"\/><path d=\"M2275 2693 c-553 -48 -1095 -270 -1585 -649 -135 -104 -459 -423 -483 -476 -23 -49 -22 -139 2 -186 73 -142 361 -457 571 -626 285 -228 642 -407 990 -497 242 -63 336 -73 660 -74 310 0 370 5 595 52 535 111 1045 392 1455 803 122 121 250 273 275 326 19 41 19 137 0 174 -41 79 -309 363 -465 492 -447 370 -946 591 -1479 653 -113 14 -422 18 -536 8z m395 -428 c171 -34 330 -124 456 -258 112 -119 167 -219 211 -378 27 -96 24 -300 -5 -401 -72 -255 -236 -447 -474 -557 -132 -62 -201 -76 -368 -76 -167 0 -236 14 -368 76 -213 98 -373 271 -451 485 -162 444 86 934 547 1084 153 49 292 57 452 25z m909 -232 c222 -123 408 -262 593 -441 76 -74 138 -139 138 -144 0 -16 -233 -242 -330 -319 -155 -123 -309 -223 -461 -299 l-81 -41 32 46 c18 26 49 83 70 128 143 306 141 649 -6 957 -25 52 -61 116 -79 142 l-34 47 45 -20 c26 -10 76 -36 113 -56z m-2057 25 c-40 -58 -105 -190 -130 -263 -110 -324 -59 -707 132 -981 25 -35 42 -64 37 -64 -19 0 -241 119 -326 174 -188 122 -406 314 -532 468 l-58 71 108 103 c185 178 428 349 672 473 66 33 121 60 123 61 2 0 -10 -19 -26 -42z\"\/><path d=\"M2375 1950 c-198 -44 -350 -190 -395 -379 -18 -76 -8 -221 19 -290 114 -284 457 -406 731 -260 98 52 188 154 231 260 27 69 37 214 19 290 -38 163 -166 304 -326 360 -67 23 -215 33 -279 19z\"\/><\/g><\/svg><\/i> <img decoding=\"async\" width=\"16\" height=\"16\" alt=\"Loading\" src=\"https:\/\/esviafm.com\/wp-content\/plugins\/page-views-count\/ajax-loader-2x.gif\" border=0 \/><\/p>\n<div class=\"pvc_clear\"><\/div>\n","protected":false},"excerpt":{"rendered":"<p>Rajyalaxmi Chitrakar, esposa del ex primer ministro nepal\u00ed Jhalanath Khanal, muri\u00f3 este martes tras sufrir graves quemaduras cuando manifestantes incendiaron su vivienda en Katmand\u00fa con ella dentro, seg\u00fan confirmaron a EFE fuentes hospitalarias. Chitrakar fue trasladada en estado cr\u00edtico al Hospital de Quemados de Kirtipur, pero falleci\u00f3 a causa de sus heridas durante el tratamiento. [&hellip;]<\/p>\n<div class=\"pvc_clear\"><\/div>\n<p id=\"pvc_stats_29770\" class=\"pvc_stats all  \" data-element-id=\"29770\" style=\"\"><i class=\"pvc-stats-icon large\" aria-hidden=\"true\"><svg xmlns=\"http:\/\/www.w3.org\/2000\/svg\" version=\"1.0\" viewBox=\"0 0 502 315\" preserveAspectRatio=\"xMidYMid meet\"><g transform=\"translate(0,332) scale(0.1,-0.1)\" fill=\"\" stroke=\"none\"><path d=\"M2394 3279 l-29 -30 -3 -207 c-2 -182 0 -211 15 -242 39 -76 157 -76 196 0 15 31 17 60 15 243 l-3 209 -33 29 c-26 23 -41 29 -80 29 -41 0 -53 -5 -78 -31z\"\/><path d=\"M3085 3251 c-45 -19 -58 -50 -96 -229 -47 -217 -49 -260 -13 -295 52 -53 146 -42 177 20 16 31 87 366 87 410 0 70 -86 122 -155 94z\"\/><path d=\"M1751 3234 c-13 -9 -29 -31 -37 -50 -12 -29 -10 -49 21 -204 19 -94 39 -189 45 -210 14 -50 54 -80 110 -80 34 0 48 6 76 34 21 21 34 44 34 59 0 14 -18 113 -40 219 -37 178 -43 195 -70 221 -36 32 -101 37 -139 11z\"\/><path d=\"M1163 3073 c-36 -7 -73 -59 -73 -102 0 -56 133 -378 171 -413 34 -32 83 -37 129 -13 70 36 67 87 -16 290 -86 209 -89 214 -129 231 -35 14 -42 15 -82 7z\"\/><path d=\"M3689 3066 c-15 -9 -33 -30 -42 -48 -48 -103 -147 -355 -147 -375 0 -98 131 -148 192 -74 13 15 57 108 97 206 80 196 84 226 37 273 -30 30 -99 39 -137 18z\"\/><path d=\"M583 2784 c-38 -19 -67 -74 -58 -113 9 -42 211 -354 242 -373 16 -10 45 -18 66 -18 51 0 107 52 107 100 0 39 -1 41 -124 234 -80 126 -108 162 -133 173 -41 17 -61 16 -100 -3z\"\/><path d=\"M4250 2784 c-14 -9 -74 -91 -133 -183 -95 -150 -107 -173 -107 -213 0 -55 33 -94 87 -104 67 -13 90 8 211 198 130 202 137 225 78 284 -27 27 -42 34 -72 34 -22 0 -50 -8 -64 -16z\"\/><path d=\"M2275 2693 c-553 -48 -1095 -270 -1585 -649 -135 -104 -459 -423 -483 -476 -23 -49 -22 -139 2 -186 73 -142 361 -457 571 -626 285 -228 642 -407 990 -497 242 -63 336 -73 660 -74 310 0 370 5 595 52 535 111 1045 392 1455 803 122 121 250 273 275 326 19 41 19 137 0 174 -41 79 -309 363 -465 492 -447 370 -946 591 -1479 653 -113 14 -422 18 -536 8z m395 -428 c171 -34 330 -124 456 -258 112 -119 167 -219 211 -378 27 -96 24 -300 -5 -401 -72 -255 -236 -447 -474 -557 -132 -62 -201 -76 -368 -76 -167 0 -236 14 -368 76 -213 98 -373 271 -451 485 -162 444 86 934 547 1084 153 49 292 57 452 25z m909 -232 c222 -123 408 -262 593 -441 76 -74 138 -139 138 -144 0 -16 -233 -242 -330 -319 -155 -123 -309 -223 -461 -299 l-81 -41 32 46 c18 26 49 83 70 128 143 306 141 649 -6 957 -25 52 -61 116 -79 142 l-34 47 45 -20 c26 -10 76 -36 113 -56z m-2057 25 c-40 -58 -105 -190 -130 -263 -110 -324 -59 -707 132 -981 25 -35 42 -64 37 -64 -19 0 -241 119 -326 174 -188 122 -406 314 -532 468 l-58 71 108 103 c185 178 428 349 672 473 66 33 121 60 123 61 2 0 -10 -19 -26 -42z\"\/><path d=\"M2375 1950 c-198 -44 -350 -190 -395 -379 -18 -76 -8 -221 19 -290 114 -284 457 -406 731 -260 98 52 188 154 231 260 27 69 37 214 19 290 -38 163 -166 304 -326 360 -67 23 -215 33 -279 19z\"\/><\/g><\/svg><\/i> <img decoding=\"async\" width=\"16\" height=\"16\" alt=\"Loading\" src=\"https:\/\/esviafm.com\/wp-content\/plugins\/page-views-count\/ajax-loader-2x.gif\" border=0 \/><\/p>\n<div class=\"pvc_clear\"><\/div>\n","protected":false},"author":5,"featured_media":0,"comment_status":"open","ping_status":"open","sticky":false,"template":"","format":"standard","meta":{"_et_pb_use_builder":"","_et_pb_old_content":"","_et_gb_content_width":"","footnotes":""},"categories":[17],"tags":[],"class_list":["post-29770","post","type-post","status-publish","format-standard","hentry","category-internacionales"],"_links":{"self":[{"href":"https:\/\/esviafm.com\/index.php\/wp-json\/wp\/v2\/posts\/29770","targetHints":{"allow":["GET"]}}],"collection":[{"href":"https:\/\/esviafm.com\/index.php\/wp-json\/wp\/v2\/posts"}],"about":[{"href":"https:\/\/esviafm.com\/index.php\/wp-json\/wp\/v2\/types\/post"}],"author":[{"embeddable":true,"href":"https:\/\/esviafm.com\/index.php\/wp-json\/wp\/v2\/users\/5"}],"replies":[{"embeddable":true,"href":"https:\/\/esviafm.com\/index.php\/wp-json\/wp\/v2\/comments?post=29770"}],"version-history":[{"count":1,"href":"https:\/\/esviafm.com\/index.php\/wp-json\/wp\/v2\/posts\/29770\/revisions"}],"predecessor-version":[{"id":29772,"href":"https:\/\/esviafm.com\/index.php\/wp-json\/wp\/v2\/posts\/29770\/revisions\/29772"}],"wp:attachment":[{"href":"https:\/\/esviafm.com\/index.php\/wp-json\/wp\/v2\/media?parent=29770"}],"wp:term":[{"taxonomy":"category","embeddable":true,"href":"https:\/\/esviafm.com\/index.php\/wp-json\/wp\/v2\/categories?post=29770"},{"taxonomy":"post_tag","embeddable":true,"href":"https:\/\/esviafm.com\/index.php\/wp-json\/wp\/v2\/tags?post=29770"}],"curies":[{"name":"wp","href":"https:\/\/api.w.org\/{rel}","templated":true}]}}