{"id":29699,"date":"2025-09-08T07:50:59","date_gmt":"2025-09-08T12:20:59","guid":{"rendered":"https:\/\/esviafm.com\/?p=29699"},"modified":"2025-09-08T07:50:59","modified_gmt":"2025-09-08T12:20:59","slug":"quien-fue-carlo-acutis-el-influencer-de-dios-al-que-el-vaticano-declaro-santo-tras-atribuirle-el-milagro-de-curar-a-una-joven-costarricense","status":"publish","type":"post","link":"https:\/\/esviafm.com\/index.php\/quien-fue-carlo-acutis-el-influencer-de-dios-al-que-el-vaticano-declaro-santo-tras-atribuirle-el-milagro-de-curar-a-una-joven-costarricense\/","title":{"rendered":"Qui\u00e9n fue Carlo Acutis, el \u00abinfluencer de Dios\u00bb al que el Vaticano declar\u00f3 santo tras atribuirle el milagro de curar a una joven costarricense"},"content":{"rendered":"<p><strong>Ni sotana ni h\u00e1bito, sino una polo de color rojo sobre la que se ven los tirantes de un morral.<\/strong><\/p>\n<p>La imagen, t\u00edpica de cualquier joven estudiante actual, es la que a partir de hoy se podr\u00e1 venerar en las iglesias cat\u00f3licas del mundo, luego de que el papa Le\u00f3n XIV elev\u00f3 a los altares a Carlo Acutis, conocido como el\u00a0<a href=\"https:\/\/www.elnacional.com\/2025\/09\/carlo-acutis-es-canonizado-el-primer-santo-milenial-y-patron-de-internet\/\">\u00abinfluencer de Dios\u00bb<\/a>.<\/p>\n<p>La canonizaci\u00f3n este domingo del joven \u00edtalo-brit\u00e1nico, quien falleci\u00f3 en 2006 por una leucemia fulminante cuando solo ten\u00eda 15 a\u00f1os, fue la primera del pont\u00edfice estadounidense.<\/p>\n<p>La ceremonia estaba pautada para el pasado 27 de abril, cuando se celebr\u00f3 el \u00abJubileo de los Adolescentes\u00bb.<\/p>\n<p>Sin embargo, el fallecimiento del papa Francisco, seis d\u00edas antes, oblig\u00f3 a aplazarla.<\/p>\n<p>Junto a Acutis, tambi\u00e9n fue canonizado en la Plaza de San Pedro del Vaticano Pier Giorgio Frassati, otro joven italiano reconocido por su dedicaci\u00f3n a ayudar a los necesitados.<\/p>\n<p>Hijo del fundador de<em>\u00a0La Stampa<\/em>, uno de los peri\u00f3dicos m\u00e1s importantes del pa\u00eds, Frassati falleci\u00f3 de polio en 1925.<\/p>\n<p>Pero, \u00bfqui\u00e9n fue Acutis? \u00bfPor qu\u00e9 se le conoce como el influencer de Dios?<\/p>\n<h2 id=\"Un-creyente-precoz\" class=\"wp-block-heading\">Un creyente precoz<\/h2>\n<p>Acutis naci\u00f3 en 1991 en Londres, en el seno de una familia acomodada, pero siendo muy peque\u00f1o se mud\u00f3 junto a sus padres a Mil\u00e1n (Italia). A los siete a\u00f1os, poco despu\u00e9s de realizar su primera comuni\u00f3n, dio muestras de su fuerte devoci\u00f3n religiosa.<\/p>\n<p>\u00abEstar unido a Jes\u00fas: ese es mi plan de vida\u00bb, escribi\u00f3, seg\u00fan se lee en el sitio web dedicado a su figura.<\/p>\n<p>Y sus palabras las materializ\u00f3 con hechos. A partir de entonces, intent\u00f3 asistir diariamente a la misa en la iglesia parroquial que quedaba frente a su escuela primaria, pues consideraba que esto era su \u00abautopista al cielo\u00bb.<\/p>\n<p>Su ejemplo inspir\u00f3 a sus padres a retomar la pr\u00e1ctica del catolicismo.<\/p>\n<p>Su madre, Antonia Salzano, admiti\u00f3 que antes de que su hijo mostrara este inter\u00e9s religioso ella recordaba haber ido a misa en ocasiones especiales, como su primera comuni\u00f3n, su confirmaci\u00f3n y su boda, rese\u00f1\u00f3 la Agencia Cat\u00f3lica de Noticias.<\/p>\n<p>La devoci\u00f3n del entonces ni\u00f1o llev\u00f3 a su ni\u00f1era hind\u00fa a convertirse al catolicismo.<\/p>\n<p>Acutis no tem\u00eda defender sus creencias en cualquier escenario, incluso entre sus compa\u00f1eros y tampoco dudaba en enfrentarse a aquellos que acosaban otros estudiantes m\u00e1s peque\u00f1os o desvalidos, seg\u00fan quienes lo conocieron.<\/p>\n<p>El nuevo santo compagin\u00f3 su afici\u00f3n al deporte, los videojuegos, las pel\u00edculas de superh\u00e9roes y la inform\u00e1tica con la fe.<\/p>\n<p>Precisamente, utiliz\u00f3 su conocimiento sobre tecnolog\u00eda para ayudar a difundir el trabajo de su parroquia y poner en marcha \u00abLa lista de los milagros\u00bb, un archivo con el cual busc\u00f3 documentar cada milagro ocurrido en el planeta.<\/p>\n<p>La iniciativa sigue activa en internet y ya ha sido traducida a 19 idiomas.<\/p>\n<p>De acuerdo con el testimonio de quienes tuvieron contacto \u00e9l, Acutis pensaba que la evidencia de los milagros eucar\u00edsticos pod\u00eda servir para convencer a la gente de que Jes\u00fas est\u00e1 presente hoy en d\u00eda.<\/p>\n<p>\u00abHay colas para los conciertos, para los partidos de f\u00fatbol, pero no veo esas colas para el Sant\u00edsimo Sacramento\u00bb, coment\u00f3 el joven en una ocasi\u00f3n, dice su madre.<\/p>\n<h2 id=\"El-evangelizandor-20\" class=\"wp-block-heading\">El evangelizandor 2.0<\/h2>\n<p>Cuando supo que perder\u00eda la batalla contra su enfermedad, Acutis no se molest\u00f3.<\/p>\n<p>\u00abEstoy contento de morir porque he vivido mi vida sin malgastar ni un solo minuto de ella en cosas que no le gustan a Dios\u00bb, dijo, seg\u00fan el pr\u00f3logo de un libro dedicado al ahora santo que escribi\u00f3 el cardenal Angelo Comastri, arcipreste em\u00e9rito de la Bas\u00edlica de San Pedro.<\/p>\n<p>El uso de las nuevas tecnolog\u00edas a favor de la difusi\u00f3n del Evangelio fue una de las razones por las cuales el fallecido papa Francisco inici\u00f3 su proceso para llevarlo a los altares en 2018, obviando reglas no escritas, como la existencia de familiares directos vivos.<\/p>\n<p>\u00abEl mundo digital puede ponerte ante el riesgo del ensimismamiento, del aislamiento o del placer vac\u00edo. Pero hay j\u00f3venes que en estos \u00e1mbitos son creativos y a veces geniales. Es lo que hac\u00eda el joven venerable Carlo Acutis\u00bb, escribi\u00f3 en 2019 el pont\u00edfice argentino.<\/p>\n<p>\u00ab\u00c9l fue capaz de usar las nuevas t\u00e9cnicas de comunicaci\u00f3n para transmitir el Evangelio, para comunicar valores y belleza\u00bb, agreg\u00f3.<\/p>\n<p>\u00abLa iglesia est\u00e1 muy preocupada por el impacto corrosivo de la tecnolog\u00eda y \u00e9l es un ejemplo de una persona que tom\u00f3 la tecnolog\u00eda y la utiliz\u00f3 como herramienta de evangelizaci\u00f3n. Y eso es muy atractivo\u00bb, apunt\u00f3 Kathleen Sprows Cummings, profesora de Historia de la Universidad de Notre Dame (Estados Unidos) en declaraciones al diario\u00a0<em>The New York Times<\/em>.<\/p>\n<p>Tras su muerte, fue sepultado en la localidad italiana de As\u00eds, donde hoy su cuerpo bien preservado est\u00e1 exhibido en la iglesia Santa Mar\u00eda la Mayor.<\/p>\n<h2 id=\"El-primer-santo-millennial\" class=\"wp-block-heading\">El primer santo millennial<\/h2>\n<p>En 2020, el joven fue beatificado -el primer paso hacia la santidad- despu\u00e9s de que se le atribuyera su primer milagro: curar en 2013 a un ni\u00f1o brasile\u00f1o de tres a\u00f1os de una enfermedad cong\u00e9nita que le afectaba el p\u00e1ncreas.<\/p>\n<p>Para el ascenso a los altares se requiere que al candidato se le relacione con dos milagros; es decir dos eventos que la ciencia no puede explicar.<\/p>\n<p>Generalmente se trata de curaciones repentinas de personas que estaban cerca de la muerte.<\/p>\n<p>La segunda de estas acciones atribuidas a Acutis fue la sanaci\u00f3n de Valeria Valverde, una costarricense que estudiaba en la ciudad italiana de Florencia y cuya vida pend\u00eda de un hilo debido a una hemorragia cerebral producto de un accidente en bicicleta en 2022.<\/p>\n<p>La madre de la joven acudi\u00f3 a la tumba del ahora santo el 8 de julio de ese a\u00f1o. All\u00ed, se arrodill\u00f3, rez\u00f3 y dej\u00f3 una carta.<\/p>\n<p>Poco despu\u00e9s, la mujer recibi\u00f3 la noticia del hospital de que Valeria hab\u00eda reanudado espont\u00e1neamente la respiraci\u00f3n, y al d\u00eda siguiente comenz\u00f3 a moverse nuevamente y a recuperar parcialmente el habla, rese\u00f1\u00f3 Vatican News.<\/p>\n<p>\u00abEl 18 de julio, la tomograf\u00eda computarizada muestra que la hemorragia ha desaparecido y el 11 de agosto la ni\u00f1a es trasladada a terapia de rehabilitaci\u00f3n, pero despu\u00e9s de s\u00f3lo una semana est\u00e1 claro que la recuperaci\u00f3n completa est\u00e1 a un paso\u00bb, indic\u00f3 el medio oficial del Vaticano.<\/p>\n<p>Acutis es el primer millennial -una persona nacida entre principios de los 1980 y finales de los 1990- en ser canonizado por la Iglesia cat\u00f3lica y muchos fieles lo consideran \u00abel patrono de la web\u00bb o \u00abel influencer de Dios\u00bb por haberse dedicado a hablar de su fe y ayudar a los dem\u00e1s a trav\u00e9s de la tecnolog\u00eda.<\/p>\n<p>Fray Roberto Luiz, de la Orden de los Sacerdotes Mercedarios de Roma, asegur\u00f3 que el nuevo santo representa \u00abel rostro joven\u00bb de la Iglesia.<\/p>\n<p>\u00abJuan Pablo II dijo que necesitamos santos para los tiempos actuales, que usen zapatos deportivos, jeans, camisetas y que est\u00e9n entre la gente\u00bb, le dijo Luiz a BBC News Brasil.<\/p>\n<p>Y aquellos que peregrinan a la iglesia Santa Mar\u00eda la Mayor de As\u00eds para rezar ante el cuerpo de Acutis se encuentran precisamente con eso: un chico que parece dormido, vestido con una chaqueta deportiva azul, jeans y zapatos Nike, dentro de una urna de cristal.<\/p>\n<div class=\"pvc_clear\"><\/div>\n<p id=\"pvc_stats_29699\" class=\"pvc_stats all  \" data-element-id=\"29699\" style=\"\"><i class=\"pvc-stats-icon large\" aria-hidden=\"true\"><svg xmlns=\"http:\/\/www.w3.org\/2000\/svg\" version=\"1.0\" viewBox=\"0 0 502 315\" preserveAspectRatio=\"xMidYMid meet\"><g transform=\"translate(0,332) scale(0.1,-0.1)\" fill=\"\" stroke=\"none\"><path d=\"M2394 3279 l-29 -30 -3 -207 c-2 -182 0 -211 15 -242 39 -76 157 -76 196 0 15 31 17 60 15 243 l-3 209 -33 29 c-26 23 -41 29 -80 29 -41 0 -53 -5 -78 -31z\"\/><path d=\"M3085 3251 c-45 -19 -58 -50 -96 -229 -47 -217 -49 -260 -13 -295 52 -53 146 -42 177 20 16 31 87 366 87 410 0 70 -86 122 -155 94z\"\/><path d=\"M1751 3234 c-13 -9 -29 -31 -37 -50 -12 -29 -10 -49 21 -204 19 -94 39 -189 45 -210 14 -50 54 -80 110 -80 34 0 48 6 76 34 21 21 34 44 34 59 0 14 -18 113 -40 219 -37 178 -43 195 -70 221 -36 32 -101 37 -139 11z\"\/><path d=\"M1163 3073 c-36 -7 -73 -59 -73 -102 0 -56 133 -378 171 -413 34 -32 83 -37 129 -13 70 36 67 87 -16 290 -86 209 -89 214 -129 231 -35 14 -42 15 -82 7z\"\/><path d=\"M3689 3066 c-15 -9 -33 -30 -42 -48 -48 -103 -147 -355 -147 -375 0 -98 131 -148 192 -74 13 15 57 108 97 206 80 196 84 226 37 273 -30 30 -99 39 -137 18z\"\/><path d=\"M583 2784 c-38 -19 -67 -74 -58 -113 9 -42 211 -354 242 -373 16 -10 45 -18 66 -18 51 0 107 52 107 100 0 39 -1 41 -124 234 -80 126 -108 162 -133 173 -41 17 -61 16 -100 -3z\"\/><path d=\"M4250 2784 c-14 -9 -74 -91 -133 -183 -95 -150 -107 -173 -107 -213 0 -55 33 -94 87 -104 67 -13 90 8 211 198 130 202 137 225 78 284 -27 27 -42 34 -72 34 -22 0 -50 -8 -64 -16z\"\/><path d=\"M2275 2693 c-553 -48 -1095 -270 -1585 -649 -135 -104 -459 -423 -483 -476 -23 -49 -22 -139 2 -186 73 -142 361 -457 571 -626 285 -228 642 -407 990 -497 242 -63 336 -73 660 -74 310 0 370 5 595 52 535 111 1045 392 1455 803 122 121 250 273 275 326 19 41 19 137 0 174 -41 79 -309 363 -465 492 -447 370 -946 591 -1479 653 -113 14 -422 18 -536 8z m395 -428 c171 -34 330 -124 456 -258 112 -119 167 -219 211 -378 27 -96 24 -300 -5 -401 -72 -255 -236 -447 -474 -557 -132 -62 -201 -76 -368 -76 -167 0 -236 14 -368 76 -213 98 -373 271 -451 485 -162 444 86 934 547 1084 153 49 292 57 452 25z m909 -232 c222 -123 408 -262 593 -441 76 -74 138 -139 138 -144 0 -16 -233 -242 -330 -319 -155 -123 -309 -223 -461 -299 l-81 -41 32 46 c18 26 49 83 70 128 143 306 141 649 -6 957 -25 52 -61 116 -79 142 l-34 47 45 -20 c26 -10 76 -36 113 -56z m-2057 25 c-40 -58 -105 -190 -130 -263 -110 -324 -59 -707 132 -981 25 -35 42 -64 37 -64 -19 0 -241 119 -326 174 -188 122 -406 314 -532 468 l-58 71 108 103 c185 178 428 349 672 473 66 33 121 60 123 61 2 0 -10 -19 -26 -42z\"\/><path d=\"M2375 1950 c-198 -44 -350 -190 -395 -379 -18 -76 -8 -221 19 -290 114 -284 457 -406 731 -260 98 52 188 154 231 260 27 69 37 214 19 290 -38 163 -166 304 -326 360 -67 23 -215 33 -279 19z\"\/><\/g><\/svg><\/i> <img decoding=\"async\" width=\"16\" height=\"16\" alt=\"Loading\" src=\"https:\/\/esviafm.com\/wp-content\/plugins\/page-views-count\/ajax-loader-2x.gif\" border=0 \/><\/p>\n<div class=\"pvc_clear\"><\/div>\n","protected":false},"excerpt":{"rendered":"<p>Ni sotana ni h\u00e1bito, sino una polo de color rojo sobre la que se ven los tirantes de un morral. La imagen, t\u00edpica de cualquier joven estudiante actual, es la que a partir de hoy se podr\u00e1 venerar en las iglesias cat\u00f3licas del mundo, luego de que el papa Le\u00f3n XIV elev\u00f3 a los altares [&hellip;]<\/p>\n<div class=\"pvc_clear\"><\/div>\n<p id=\"pvc_stats_29699\" class=\"pvc_stats all  \" data-element-id=\"29699\" style=\"\"><i class=\"pvc-stats-icon large\" aria-hidden=\"true\"><svg xmlns=\"http:\/\/www.w3.org\/2000\/svg\" version=\"1.0\" viewBox=\"0 0 502 315\" preserveAspectRatio=\"xMidYMid meet\"><g transform=\"translate(0,332) scale(0.1,-0.1)\" fill=\"\" stroke=\"none\"><path d=\"M2394 3279 l-29 -30 -3 -207 c-2 -182 0 -211 15 -242 39 -76 157 -76 196 0 15 31 17 60 15 243 l-3 209 -33 29 c-26 23 -41 29 -80 29 -41 0 -53 -5 -78 -31z\"\/><path d=\"M3085 3251 c-45 -19 -58 -50 -96 -229 -47 -217 -49 -260 -13 -295 52 -53 146 -42 177 20 16 31 87 366 87 410 0 70 -86 122 -155 94z\"\/><path d=\"M1751 3234 c-13 -9 -29 -31 -37 -50 -12 -29 -10 -49 21 -204 19 -94 39 -189 45 -210 14 -50 54 -80 110 -80 34 0 48 6 76 34 21 21 34 44 34 59 0 14 -18 113 -40 219 -37 178 -43 195 -70 221 -36 32 -101 37 -139 11z\"\/><path d=\"M1163 3073 c-36 -7 -73 -59 -73 -102 0 -56 133 -378 171 -413 34 -32 83 -37 129 -13 70 36 67 87 -16 290 -86 209 -89 214 -129 231 -35 14 -42 15 -82 7z\"\/><path d=\"M3689 3066 c-15 -9 -33 -30 -42 -48 -48 -103 -147 -355 -147 -375 0 -98 131 -148 192 -74 13 15 57 108 97 206 80 196 84 226 37 273 -30 30 -99 39 -137 18z\"\/><path d=\"M583 2784 c-38 -19 -67 -74 -58 -113 9 -42 211 -354 242 -373 16 -10 45 -18 66 -18 51 0 107 52 107 100 0 39 -1 41 -124 234 -80 126 -108 162 -133 173 -41 17 -61 16 -100 -3z\"\/><path d=\"M4250 2784 c-14 -9 -74 -91 -133 -183 -95 -150 -107 -173 -107 -213 0 -55 33 -94 87 -104 67 -13 90 8 211 198 130 202 137 225 78 284 -27 27 -42 34 -72 34 -22 0 -50 -8 -64 -16z\"\/><path d=\"M2275 2693 c-553 -48 -1095 -270 -1585 -649 -135 -104 -459 -423 -483 -476 -23 -49 -22 -139 2 -186 73 -142 361 -457 571 -626 285 -228 642 -407 990 -497 242 -63 336 -73 660 -74 310 0 370 5 595 52 535 111 1045 392 1455 803 122 121 250 273 275 326 19 41 19 137 0 174 -41 79 -309 363 -465 492 -447 370 -946 591 -1479 653 -113 14 -422 18 -536 8z m395 -428 c171 -34 330 -124 456 -258 112 -119 167 -219 211 -378 27 -96 24 -300 -5 -401 -72 -255 -236 -447 -474 -557 -132 -62 -201 -76 -368 -76 -167 0 -236 14 -368 76 -213 98 -373 271 -451 485 -162 444 86 934 547 1084 153 49 292 57 452 25z m909 -232 c222 -123 408 -262 593 -441 76 -74 138 -139 138 -144 0 -16 -233 -242 -330 -319 -155 -123 -309 -223 -461 -299 l-81 -41 32 46 c18 26 49 83 70 128 143 306 141 649 -6 957 -25 52 -61 116 -79 142 l-34 47 45 -20 c26 -10 76 -36 113 -56z m-2057 25 c-40 -58 -105 -190 -130 -263 -110 -324 -59 -707 132 -981 25 -35 42 -64 37 -64 -19 0 -241 119 -326 174 -188 122 -406 314 -532 468 l-58 71 108 103 c185 178 428 349 672 473 66 33 121 60 123 61 2 0 -10 -19 -26 -42z\"\/><path d=\"M2375 1950 c-198 -44 -350 -190 -395 -379 -18 -76 -8 -221 19 -290 114 -284 457 -406 731 -260 98 52 188 154 231 260 27 69 37 214 19 290 -38 163 -166 304 -326 360 -67 23 -215 33 -279 19z\"\/><\/g><\/svg><\/i> <img decoding=\"async\" width=\"16\" height=\"16\" alt=\"Loading\" src=\"https:\/\/esviafm.com\/wp-content\/plugins\/page-views-count\/ajax-loader-2x.gif\" border=0 \/><\/p>\n<div class=\"pvc_clear\"><\/div>\n","protected":false},"author":1,"featured_media":0,"comment_status":"open","ping_status":"open","sticky":false,"template":"","format":"standard","meta":{"_et_pb_use_builder":"","_et_pb_old_content":"","_et_gb_content_width":"","footnotes":""},"categories":[17],"tags":[],"class_list":["post-29699","post","type-post","status-publish","format-standard","hentry","category-internacionales"],"_links":{"self":[{"href":"https:\/\/esviafm.com\/index.php\/wp-json\/wp\/v2\/posts\/29699","targetHints":{"allow":["GET"]}}],"collection":[{"href":"https:\/\/esviafm.com\/index.php\/wp-json\/wp\/v2\/posts"}],"about":[{"href":"https:\/\/esviafm.com\/index.php\/wp-json\/wp\/v2\/types\/post"}],"author":[{"embeddable":true,"href":"https:\/\/esviafm.com\/index.php\/wp-json\/wp\/v2\/users\/1"}],"replies":[{"embeddable":true,"href":"https:\/\/esviafm.com\/index.php\/wp-json\/wp\/v2\/comments?post=29699"}],"version-history":[{"count":1,"href":"https:\/\/esviafm.com\/index.php\/wp-json\/wp\/v2\/posts\/29699\/revisions"}],"predecessor-version":[{"id":29701,"href":"https:\/\/esviafm.com\/index.php\/wp-json\/wp\/v2\/posts\/29699\/revisions\/29701"}],"wp:attachment":[{"href":"https:\/\/esviafm.com\/index.php\/wp-json\/wp\/v2\/media?parent=29699"}],"wp:term":[{"taxonomy":"category","embeddable":true,"href":"https:\/\/esviafm.com\/index.php\/wp-json\/wp\/v2\/categories?post=29699"},{"taxonomy":"post_tag","embeddable":true,"href":"https:\/\/esviafm.com\/index.php\/wp-json\/wp\/v2\/tags?post=29699"}],"curies":[{"name":"wp","href":"https:\/\/api.w.org\/{rel}","templated":true}]}}